{"id":19568,"date":"2023-03-08T03:00:11","date_gmt":"2023-03-08T03:00:11","guid":{"rendered":"https:\/\/domosistemas.com\/?p=19568"},"modified":"2023-03-08T03:00:11","modified_gmt":"2023-03-08T03:00:11","slug":"dinuy-colabora-con-el-centro-de-formacion-profesional-bidasoa-para-ofrecer-oportunidades-laborales","status":"publish","type":"post","link":"https:\/\/domosistemas.com\/?p=19568","title":{"rendered":"Dinuy colabora con el Centro de Formaci\u00f3n Profesional Bidasoa para ofrecer oportunidades laborales"},"content":{"rendered":"<div>\n<p>Con el objetivo de ofrecer nuevas oportunidades a los alumnos en los programas de formaci\u00f3n que satisfagan las necesidades tanto a nivel acad\u00e9mico como de empresa, el Centro de Formaci\u00f3n Profesional CIFP Bidasoa Ir\u00fan y la empresa <a href=\"https:\/\/dinuy.com\/es\/\" target=\"_blank\" rel=\"noopener sponsored\">Dinuy<\/a> han firmado un acuerdo de colaboraci\u00f3n.<\/p>\n<figure id=\"attachment_118594\" aria-describedby=\"caption-attachment-118594\" style=\"width: 800px\" class=\"wp-caption aligncenter\"><img decoding=\"async\" loading=\"lazy\" class=\"size-full wp-image-118594\" src=\"https:\/\/static.casadomo.com\/media\/2023\/03\/dinuy-firma-acuerdo-colaboracion-centro-formativo.png\" alt=\"Firma del acuerdo. \" width=\"800\" height=\"463\" srcset=\"https:\/\/static.casadomo.com\/media\/2023\/03\/dinuy-firma-acuerdo-colaboracion-centro-formativo.png 800w, https:\/\/static.casadomo.com\/media\/2023\/03\/dinuy-firma-acuerdo-colaboracion-centro-formativo-300x174.png 300w, https:\/\/static.casadomo.com\/media\/2023\/03\/dinuy-firma-acuerdo-colaboracion-centro-formativo-768x444.png 768w, https:\/\/static.casadomo.com\/media\/2023\/03\/dinuy-firma-acuerdo-colaboracion-centro-formativo-180x104.png 180w\" sizes=\"auto, (max-width: 800px) 100vw, 800px\"><figcaption id=\"caption-attachment-118594\" class=\"wp-caption-text\">Los representantes de Dinuy y del Centro de Formaci\u00f3n Profesional CIFP Bidasoa Ir\u00fan durante la firma del acuerdo de colaboraci\u00f3n.<\/figcaption><\/figure>\n<p>Para el fabricante vasco, acercar la empresa al mundo educativo es un principio de cooperaci\u00f3n y de responsabilidad, para mejorar la capacidad de dar respuesta a las necesidades del mercado laboral, mediante la implementaci\u00f3n de mecanismos permanentes de cooperaci\u00f3n y comunicaci\u00f3n entre el mundo empresarial y los centros educativos.<\/p>\n<p>Seg\u00fan los t\u00e9rminos del acuerdo, <a href=\"https:\/\/www.casadomo.com\/empresas\/dinuy\">Dinuy<\/a> se compromete a colaborar con proyectos de investigaci\u00f3n que puedan desarrollarse en el centro de formaci\u00f3n, en \u00e1reas relevantes para la empresa, adem\u00e1s de ofrecer sus instalaciones a los alumnos y futuros profesionales. La aportaci\u00f3n del fabricante al centro de formaci\u00f3n ser\u00e1 impartir formaciones en el centro que a\u00f1adan una visi\u00f3n empresarial y tecnol\u00f3gica.<\/p>\n<h2>Programa de pr\u00e1cticas en empresa<\/h2>\n<p>Por otro lado, se ha cerrado un acuerdo para el programa de pr\u00e1cticas. Dicho programa tiene como principal objetivo que los estudiantes obtengan una experiencia pr\u00e1ctica y habilidades valiosas mientras trabajan en la empresa y terminan su ciclo formativo.<\/p>\n<p>Seg\u00fan los representantes de ambas partes, esta colaboraci\u00f3n es una muestra clara del compromiso del Centro de Formaci\u00f3n Profesional Bidasoa y la empresa Dinuy con la educaci\u00f3n y el desarrollo profesional. Ambos esperan que esta iniciativa anime a otras empresas y centros de formaci\u00f3n a colaborar y trabajar juntos en el beneficio de la comunidad educativa y empresarial.<\/p>\n<p>La entrada <a rel=\"nofollow\" href=\"https:\/\/www.casadomo.com\/2023\/03\/08\/dinuy-colabora-centro-formacion-profesional-bidasoa-ofrecer-oportunidades-laborales\">Dinuy colabora con el Centro de Formaci\u00f3n Profesional Bidasoa para ofrecer oportunidades laborales<\/a> aparece primero en <a rel=\"nofollow\" href=\"https:\/\/www.casadomo.com\/\">CASADOMO<\/a>.<\/p>\n<\/div>\n","protected":false},"excerpt":{"rendered":"<p>Con el objetivo de ofrecer nuevas oportunidades a los alumnos en los programas de formaci\u00f3n que satisfagan las necesidades tanto a nivel acad\u00e9mico como de empresa, el Centro de Formaci\u00f3n Profesional CIFP Bidasoa Ir\u00fan y la empresa Dinuy han firmado un acuerdo de colaboraci\u00f3n. Los representantes de Dinuy y del Centro de Formaci\u00f3n Profesional CIFP &hellip; <a href=\"https:\/\/domosistemas.com\/?p=19568\" class=\"more-link\">Sigue leyendo <span class=\"screen-reader-text\">Dinuy colabora con el Centro de Formaci\u00f3n Profesional Bidasoa para ofrecer oportunidades laborales<\/span><\/a><\/p>\n","protected":false},"author":1,"featured_media":0,"comment_status":"closed","ping_status":"closed","sticky":false,"template":"","format":"standard","meta":{"footnotes":""},"categories":[3],"tags":[],"class_list":["post-19568","post","type-post","status-publish","format-standard","hentry","category-casadomo-com"],"_links":{"self":[{"href":"https:\/\/domosistemas.com\/index.php?rest_route=\/wp\/v2\/posts\/19568","targetHints":{"allow":["GET"]}}],"collection":[{"href":"https:\/\/domosistemas.com\/index.php?rest_route=\/wp\/v2\/posts"}],"about":[{"href":"https:\/\/domosistemas.com\/index.php?rest_route=\/wp\/v2\/types\/post"}],"author":[{"embeddable":true,"href":"https:\/\/domosistemas.com\/index.php?rest_route=\/wp\/v2\/users\/1"}],"replies":[{"embeddable":true,"href":"https:\/\/domosistemas.com\/index.php?rest_route=%2Fwp%2Fv2%2Fcomments&post=19568"}],"version-history":[{"count":0,"href":"https:\/\/domosistemas.com\/index.php?rest_route=\/wp\/v2\/posts\/19568\/revisions"}],"wp:attachment":[{"href":"https:\/\/domosistemas.com\/index.php?rest_route=%2Fwp%2Fv2%2Fmedia&parent=19568"}],"wp:term":[{"taxonomy":"category","embeddable":true,"href":"https:\/\/domosistemas.com\/index.php?rest_route=%2Fwp%2Fv2%2Fcategories&post=19568"},{"taxonomy":"post_tag","embeddable":true,"href":"https:\/\/domosistemas.com\/index.php?rest_route=%2Fwp%2Fv2%2Ftags&post=19568"}],"curies":[{"name":"wp","href":"https:\/\/api.w.org\/{rel}","templated":true}]}}