{"id":19580,"date":"2023-03-08T16:10:41","date_gmt":"2023-03-08T16:10:41","guid":{"rendered":"https:\/\/domosistemas.com\/?p=19580"},"modified":"2023-03-08T16:10:41","modified_gmt":"2023-03-08T16:10:41","slug":"endesa-responde-sobre-si-colocar-imanes-en-el-frigorifico-hace-que-el-consumo-se-dispare-y-explica-lo-que-mas-gasta","status":"publish","type":"post","link":"https:\/\/domosistemas.com\/?p=19580","title":{"rendered":"Endesa responde sobre si colocar imanes en el frigor\u00edfico hace que el consumo se dispare, y explica lo que m\u00e1s gasta"},"content":{"rendered":"<div>\n<p>\n      <img decoding=\"async\" src=\"https:\/\/i.blogs.es\/fda8d9\/cong-wang-rqeeq4uf6jo-unsplash\/1024_2000.jpeg\" alt=\"Endesa responde sobre si colocar imanes en el frigor\u00edfico hace que el consumo se dispare, y explica lo que m\u00e1s gasta \">\n    <\/p>\n<p>No hay duda de que el frigor\u00edfico es <a href=\"https:\/\/www.xatakahome.com\/a-fondo\/cuales-electrodomesticos-dispositivos-que-consumen-casa-guia-para-ahorrar-nueva-factura-luz\">uno de los electrodom\u00e9sticos que m\u00e1s gastos nos generan<\/a> en la factura de la luz cada mes. Y es que este electrodom\u00e9stico nos supone aproximadamente <strong>m\u00e1s del 30% del consumo energ\u00e9tico total de nuestra casa<\/strong>, gasto que debemos de afrontar debido a que se trata de un aparato imprescindible del hogar. Es por ello que tal y como est\u00e1n los precios de la energ\u00eda \u00faltimamente, es importante estar atentos a las recomendaciones m\u00e1s b\u00e1sicas si queremos <a href=\"https:\/\/www.xatakahome.com\/iluminacion-y-energia\/he-probado-muchos-trucos-consejos-para-ahorrar-factura-luz-estos-que-me-han-funcionado-que-no\">ahorrar en la factura de la luz<\/a> de nuestra casa.<\/p>\n<p><!-- BREAK 1 --><\/p>\n<p>Desde hace un tiempo lleva circulando un rumor relacionado con los imanes que colocamos en nuestro frigor\u00edfico. Y es que ya sea con motivo decorativo, o para rememorar alg\u00fan recuerdo, <strong>tener imanes en este electrodom\u00e9stico suele ser muy com\u00fan<\/strong>. Sin embargo, hay quienes dicen que colocar estos elementos en el frigor\u00edfico afectar\u00eda al rendimiento del mismo, haciendo que \u00e9ste consuma algo m\u00e1s.<\/p>\n<p><!-- BREAK 2 --><\/p>\n<h2>Los imanes no van a afectar en nada a tu frigor\u00edfico ni alimentos<\/h2>\n<p>No solo esto, sino que tambi\u00e9n hemos visto en Internet algunas opiniones que afirman que contar con imanes en el frigor\u00edfico tambi\u00e9n es perjudicial para los alimentos que tenemos en el interior de este electrodom\u00e9stico. Nada m\u00e1s lejos de la verdad. Para ello, <a href=\"https:\/\/www.endesa.com\/es\/blog\/blog-de-endesa\/consejos-de-ahorro\/imanes-nevera\">Endesa <\/a>ha dejado claro que <strong>esto solamente se trata de un mito<\/strong>.<\/p>\n<p><!-- BREAK 3 --><\/p>\n<blockquote><p>La mentira es la siguiente: los adornos magn\u00e9ticos que ponemos en la puerta del frigo (recuerdo de un viaje, bromas, logos\u2026), obligan a la nevera a consumir m\u00e1s electricidad al \u201caumentar la fuerza electromagn\u00e9tica del campo el\u00e9ctrico del aparato\u201d.<\/p><\/blockquote>\n<blockquote><p>Todo en este mito es falso, incluyendo los estudios cient\u00edficos que cita y la posibilidad de que estos mismos imanes sean perjudiciales para la comida que guardas en el frigo. La realidad es que los campos magn\u00e9ticos de estos imanes son tan insignificantes que ni siquiera atraviesan la puerta de la nevera.<\/p><\/blockquote>\n<div class=\"article-asset-video article-asset-large article-asset-center\">\n<div class=\"asset-content\">\n<div class=\"base-asset-video\">\n<div class=\"js-dailymotion\">\n    <script type=\"application\/json\">\n           {\"videoId\":\"x88tf3k\",\"autoplay\":true,\"title\":\"AHORRA EN TU FACTURA DE LA LUZ: Las MEJORES OPCIONES para conocer los PRECIOS EN TU M\u00d3VIL\", \"tag\":\"webedia-prod\"}\n         <\/script>\n   <\/div>\n<\/p><\/div>\n<\/p><\/div>\n<\/div>\n<p>De esta manera, queda claro que los imanes no afectan en absoluto ni al rendimiento del frigor\u00edfico, ni a los alimentos de su interior. El \u00fanico gesto que s\u00ed puede afectar al consumo energ\u00e9tico del frigor\u00edfico es el hecho de <strong>abrir y cerrar la puerta de este electrodom\u00e9stico<\/strong> de manera muy frecuente.<\/p>\n<p><!-- BREAK 4 --><\/p>\n<div class=\"article-asset article-asset-normal article-asset-center\">\n<div class=\"desvio-container\">\n<div class=\"desvio\">\n<div class=\"desvio-figure js-desvio-figure\">\n    <a href=\"https:\/\/www.xatakahome.com\/electrodomesticos-innovadores\/consumo-electrico-frigorificos-cuanto-gastan-como-podemos-ahorrar-uso-diario\"><br \/>\n     <img decoding=\"async\" alt=\"Consumo el\u00e9ctrico en frigor\u00edficos: cu\u00e1nto gastan y c\u00f3mo podemos ahorrar en el uso diario\" src=\"https:\/\/i.blogs.es\/b4b060\/1366_2000portada\/375_142.webp\" onerror='this.src=\"https:\/\/i.blogs.es\/b4b060\/1366_2000portada\/375_142.jpg\"'><br \/>\n    <\/a>\n   <\/div>\n<div class=\"desvio-summary\">\n<div class=\"desvio-taxonomy js-desvio-taxonomy\">\n     <a href=\"https:\/\/www.xatakahome.com\/electrodomesticos-innovadores\/consumo-electrico-frigorificos-cuanto-gastan-como-podemos-ahorrar-uso-diario\" class=\"desvio-taxonomy-anchor\">En Xataka Smart Home<\/a>\n    <\/div>\n<p>    <a href=\"https:\/\/www.xatakahome.com\/electrodomesticos-innovadores\/consumo-electrico-frigorificos-cuanto-gastan-como-podemos-ahorrar-uso-diario\" class=\"desvio-title js-desvio-title\">Consumo el\u00e9ctrico en frigor\u00edficos: cu\u00e1nto gastan y c\u00f3mo podemos ahorrar en el uso diario<\/a>\n   <\/div>\n<\/p><\/div>\n<\/p><\/div>\n<\/div>\n<p>Al abrir la puerta perdemos temperatura en su interior, <strong>consumiendo una mayor energ\u00eda para volver a recuperar la temperatura<\/strong>. Sin embargo, hoy d\u00eda los frigor\u00edficos m\u00e1s eficientes cuentan con numerosas tecnolog\u00edas para ahorrar energ\u00eda a la hora de abrir o cerrar la puerta de este electrodom\u00e9stico.<\/p>\n<p><!-- BREAK 5 --><\/p>\n<p>Utilizar electrodom\u00e9sticos m\u00e1s eficientes nos pueden suponer un gran ahorro en nuestra factura el\u00e9ctrica, amortizando en cuesti\u00f3n de unos pocos a\u00f1os ese gasto mayor invertido en adquirir un aparato m\u00e1s eficiente. En el caso de los frigor\u00edficos, la OCU <a href=\"https:\/\/www.xatakahome.com\/iluminacion-y-energia\/tener-frigorifico-eficiente-compensa-450-euros-ahorro-gasto-luz-modelos-combi-ocu\">avisa <\/a>de que podemos ahorrar una media de unos 450 euros durante toda la vida media de este aparato, situada en unos 12 a\u00f1os.<\/p>\n<p><!-- BREAK 6 --><\/p>\n<p>Imagen de portada | <a href=\"https:\/\/unsplash.com\/es\/@carbonscott\">Cong Wang<\/a><\/p>\n<p><script>\n (function() {\n  window._JS_MODULES = window._JS_MODULES || {};\n  var headElement = document.getElementsByTagName('head')[0];\n  if (_JS_MODULES.instagram) {\n   var instagramScript = document.createElement('script');\n   instagramScript.src = 'https:\/\/platform.instagram.com\/en_US\/embeds.js';\n   instagramScript.async = true;\n   instagramScript.defer = true;\n   headElement.appendChild(instagramScript);\n  }\n })();\n<\/script><\/p>\n<p> &#8211; <br \/> La noticia<br \/>\n      <a href=\"https:\/\/www.xatakahome.com\/electrodomesticos-innovadores\/endesa-responde-colocar-imanes-frigorifico-hace-que-consumo-se-dispare-explica-que-gasta?utm_source=feedburner&amp;utm_medium=feed&amp;utm_campaign=08_Mar_2023\"><br \/>\n       <em> Endesa responde sobre si colocar imanes en el frigor\u00edfico hace que el consumo se dispare, y explica lo que m\u00e1s gasta  <\/em><br \/>\n      <\/a><br \/>\n      fue publicada originalmente en<br \/>\n      <a href=\"https:\/\/www.xatakahome.com\/?utm_source=feedburner&amp;utm_medium=feed&amp;utm_campaign=08_Mar_2023\"><br \/>\n       <strong> Xataka Smart Home <\/strong><br \/>\n      <\/a><br \/>\n            por <a href=\"https:\/\/www.xatakahome.com\/autor\/antonio-vallejo?utm_source=feedburner&amp;utm_medium=feed&amp;utm_campaign=08_Mar_2023\"><br \/>\n       Antonio Vallejo<br \/>\n      <\/a><br \/>\n      . <\/p>\n<\/div>\n","protected":false},"excerpt":{"rendered":"<p>No hay duda de que el frigor\u00edfico es uno de los electrodom\u00e9sticos que m\u00e1s gastos nos generan en la factura de la luz cada mes. Y es que este electrodom\u00e9stico nos supone aproximadamente m\u00e1s del 30% del consumo energ\u00e9tico total de nuestra casa, gasto que debemos de afrontar debido a que se trata de un &hellip; <a href=\"https:\/\/domosistemas.com\/?p=19580\" class=\"more-link\">Sigue leyendo <span class=\"screen-reader-text\">Endesa responde sobre si colocar imanes en el frigor\u00edfico hace que el consumo se dispare, y explica lo que m\u00e1s gasta<\/span><\/a><\/p>\n","protected":false},"author":1,"featured_media":0,"comment_status":"closed","ping_status":"closed","sticky":false,"template":"","format":"standard","meta":{"footnotes":""},"categories":[8],"tags":[],"class_list":["post-19580","post","type-post","status-publish","format-standard","hentry","category-xataka"],"_links":{"self":[{"href":"https:\/\/domosistemas.com\/index.php?rest_route=\/wp\/v2\/posts\/19580","targetHints":{"allow":["GET"]}}],"collection":[{"href":"https:\/\/domosistemas.com\/index.php?rest_route=\/wp\/v2\/posts"}],"about":[{"href":"https:\/\/domosistemas.com\/index.php?rest_route=\/wp\/v2\/types\/post"}],"author":[{"embeddable":true,"href":"https:\/\/domosistemas.com\/index.php?rest_route=\/wp\/v2\/users\/1"}],"replies":[{"embeddable":true,"href":"https:\/\/domosistemas.com\/index.php?rest_route=%2Fwp%2Fv2%2Fcomments&post=19580"}],"version-history":[{"count":0,"href":"https:\/\/domosistemas.com\/index.php?rest_route=\/wp\/v2\/posts\/19580\/revisions"}],"wp:attachment":[{"href":"https:\/\/domosistemas.com\/index.php?rest_route=%2Fwp%2Fv2%2Fmedia&parent=19580"}],"wp:term":[{"taxonomy":"category","embeddable":true,"href":"https:\/\/domosistemas.com\/index.php?rest_route=%2Fwp%2Fv2%2Fcategories&post=19580"},{"taxonomy":"post_tag","embeddable":true,"href":"https:\/\/domosistemas.com\/index.php?rest_route=%2Fwp%2Fv2%2Ftags&post=19580"}],"curies":[{"name":"wp","href":"https:\/\/api.w.org\/{rel}","templated":true}]}}