{"id":19611,"date":"2023-03-12T18:01:37","date_gmt":"2023-03-12T18:01:37","guid":{"rendered":"https:\/\/domosistemas.com\/?p=19611"},"modified":"2023-03-12T18:01:37","modified_gmt":"2023-03-12T18:01:37","slug":"poner-imanes-en-la-puerta-de-mi-nevera-no-ha-hecho-que-consuma-mas-electricidad-pero-estos-malos-habitos-si","status":"publish","type":"post","link":"https:\/\/domosistemas.com\/?p=19611","title":{"rendered":"Poner imanes en la puerta de mi nevera no ha hecho que consuma m\u00e1s electricidad, pero estos malos h\u00e1bitos s\u00ed"},"content":{"rendered":"<div>\n<p>\n      <img decoding=\"async\" src=\"https:\/\/i.blogs.es\/57594b\/ello-aeu9uzstcfs-unsplash\/1024_2000.jpeg\" alt=\"Poner imanes en la puerta de mi nevera no ha hecho que consuma m\u00e1s electricidad, pero estos malos h\u00e1bitos s\u00ed\">\n    <\/p>\n<p>La nevera es uno de los electrodom\u00e9sticos marcados en rojo en nuestra factura de la luz porque <a href=\"https:\/\/www.xatakahome.com\/a-fondo\/estos-pequenos-electrodomesticos-que-luz-gastan-casa-que-te-cuestan-factura-luz\">es uno de los que m\u00e1s consumen<\/a>. No es porque sean los que m\u00e1s energ\u00eda demandan, si no porque han de estar siempre encendidos. Por eso es normal que cuando salte un rumor como que los imanes que pegamos en la puerta aumentan su gasto, ante la duda nos despidamos de ese recuerdo de Torrevieja. Nada m\u00e1s lejos de la realidad: <a href=\"https:\/\/www.xatakahome.com\/electrodomesticos-innovadores\/endesa-responde-colocar-imanes-frigorifico-hace-que-consumo-se-dispare-explica-que-gasta?activate-overlay=true\">los imanes de nevera no afectan<\/a> en absoluto ni al rendimiento del frigor\u00edfico, ni a los alimentos de su interior&#8230; pero hay otras costumbres que s\u00ed. <strong>Si quieres reducir el consumo energ\u00e9tico de tu nevera, es mejor que trates de evitar estas malas pr\u00e1cticas<\/strong>.<\/p>\n<p><!-- BREAK 1 --><\/p>\n<p>Antes de nada, una obviedad: vivo en un piso de alquiler que ya tra\u00eda la nevera, pero si comprase un frigor\u00edfico para m\u00ed, lo suyo ser\u00eda invertir en un modelo que tuviera la <a href=\"https:\/\/www.xatakahome.com\/iluminacion-y-energia\/nuevas-etiquetas-eficiencia-energetica-obligatorias-muchas-tiendas-todavia-no-utilizan\">mejor eficiencia energ\u00e9tica posible<\/a>, pero si no hay necesidad de comprar uno nuevo porque ya ten\u00e9is una nevera que funciona bien, mejor no poner el piloto autom\u00e1tico de meter y sacar cosas de la nevera sin pensar para evitar algunas de estas<strong> malos h\u00e1bitos desde el punto de vista energ\u00e9tico<\/strong>.<\/p>\n<p><!-- BREAK 2 --><\/p>\n<div class=\"article-asset-image article-asset-small article-asset-center\">\n<div class=\"asset-content\">\n<div class=\"base-wrapper-image\" style=\"padding-top:200.92592592593%;\">\n                      <a class=\"js-ecommerce\" href=\"https:\/\/www.xatakahome.com\/redirect?url=https%3A%2F%2Fwww.elcorteingles.es%2Felectrodomesticos%2FA34972615-frigorifico-combi-bosch-no-frost-kgn36viea%2F%3FparentCategoryId%3D999.54503013%26color%3DAcero%2520Inox&amp;category=iluminacion-y-energia\" data-vars-affiliate-url=\"https:\/\/www.xatakahome.com\/redirect?url=https%3A%2F%2Fwww.elcorteingles.es%2Felectrodomesticos%2FA34972615-frigorifico-combi-bosch-no-frost-kgn36viea%2F%3FparentCategoryId%3D999.54503013%26color%3DAcero%2520Inox&amp;category=iluminacion-y-energia\"><\/p>\n<p>   <img decoding=\"async\" alt=\"Captura De Pantalla 2023 03 12 A Las 9 26 44\" class=\"centro_sinmarco\" src=\"https:\/\/i.blogs.es\/cbabd3\/captura-de-pantalla-2023-03-12-a-las-9.26.44\/450_1000.webp\"><br \/>\n  <\/a><\/p><\/div>\n<\/p><\/div>\n<\/div>\n<p>Mant\u00e9n la temperatura a raya. Hay quien piensa que <strong>cuanto m\u00e1s fr\u00edo, mejor<\/strong>, pero no es lo mismo tener una nevera con mantequilla, unos refrescos, una caja de leche y algunos vegetales que tenerla repleta de productos perecederos y cr\u00edticos, como por ejemplo carnes y pescados. En este sentido lo ideal ser\u00e1 tenerla a 4 &#8211; 5 grados como norma general y, en situaciones excepcionales y puntuales (por ejemplo, antes de la cena de nochebuena y la comida de Navidad), bajarla si es necesario. Para el congelador, lo suyo es tenerla a entre -16 y -18 grados.<\/p>\n<p><!-- BREAK 3 --><\/p>\n<p>El mantenimiento es fundamental tanto por dentro como por fuera. <strong>Descongelar la nevera y limpiar las rejillas de la parte trasera no est\u00e1n entre los planes favoritos de nadie<\/strong> para un s\u00e1bado por la ma\u00f1ana, pero teniendo en cuenta que estas operaciones van a optimizar el funcionamiento de esta, mejor hacerlo de vez en cuando. Ten en cuenta que una nevera es un intercambiador de calor, por lo que interesa que la circuiter\u00eda responsable de la disipaci\u00f3n t\u00e9rmica han de estar en perfectas condiciones para rendir mejor. Por otro lado, unas paredes con escarcha se traduce en un consumo el\u00e9ctrico extra del 30% <a href=\"https:\/\/www.ocu.org\/electrodomesticos\/frigorificos\/consejos\/ahorrar-frigo\">seg\u00fan la OCU<\/a>.<\/p>\n<p><!-- BREAK 4 --><\/p>\n<p>Hay una mala costumbre de la que soy culpable: la de <strong>depositar los alimentos de cualquier manera dentro de la nevera<\/strong>. Esto es un error ya que existen compartimentos espec\u00edficos m\u00e1s all\u00e1 de las estanter\u00edas como las baldas de las puertas, las hueveras o los cajones para frutas y verduras que est\u00e1n para algo. Adem\u00e1s, no necesita tanto fr\u00edo una malla de naranjas como un kilo de langostinos. Cada alimento en su lugar y para optimizar su funcionamiento, lo ideal es tener la nevera llena pero sin comprimir alimentos.<\/p>\n<p><!-- BREAK 5 --><\/p>\n<div class=\"article-asset-video article-asset-normal\">\n<div class=\"asset-content\">\n<div class=\"base-asset-video\">\n<div class=\"js-dailymotion\">\n    <script type=\"application\/json\">\n           {\"videoId\":\"x81qnhf\",\"autoplay\":true,\"title\":\"\u00bfEs posible generar energ\u00eda a coste cero?\", \"tag\":\"Energ\u00eda\"}\n         <\/script>\n   <\/div>\n<\/p><\/div>\n<\/p><\/div>\n<\/div>\n<p>La vida con prisas no es buena, y aplicada a la cocina menos si cabe. Si eres de esas personas que hacen batch cooking o simplemente practican la buena costumbre de cocinar de m\u00e1s para tirar de tuppers, <strong>mucho cuidado con meter comida caliente dentro<\/strong>. La nevera funciona como una intercambiador de calor y con los alimentos hace lo mismo: si los metes calientes, estos aumentar\u00e1n la temperatura del interior y el aparato tendr\u00e1 que trabajar m\u00e1s para alcanzar nuevamente la temperatura consigna. As\u00ed que lo ideal es tenerlo en cuenta para introducirlos cuando ya est\u00e9n a temperatura ambiente o incluso, en estos meses fr\u00edos, aligerarle el trabajo a la nevera dej\u00e1ndolos en la ventana o la terraza para que bajen de temperatura gracias al ambiente.<\/p>\n<p><!-- BREAK 6 --><\/p>\n<p>Si tienes una segunda residencia, un huerto o similar, soy consciente de que <strong>cuando llegas quieres meter todo en la nevera y <\/strong><em><strong>a funcionar<\/strong><\/em>, lo que puede llevarte a tener tu nevera siempre encendida incluso aunque solo tengas dos botellas de agua. La realidad es que estar\u00e1s despilfarrando energ\u00eda: si no vas a usar la nevera en semanas, lo suyo es tenerla limpia, vac\u00eda y desenchufada.<\/p>\n<p><!-- BREAK 7 --><\/p>\n<p>Que levante la mano <strong>quien nunca haya abierto la nevera por puro aburrimiento<\/strong>. Quiz\u00e1s para picar algo, para saber qu\u00e9 tienes para cenar, para la compra&#8230;aunque salvo que tengamos un frigor\u00edfico de dise\u00f1o de esos con puerta transparente, a veces ser\u00e1 inevitable tener que abrir la puerta y tenerla un ratito abierta, pero que esto suceda cuanto menos mejor: cada vez que lo hacemos entra aire caliente del exterior, lo que se traduce en que luego tendr\u00e1 que trabajar para volver al nivel de fr\u00edo establecido.<\/p>\n<p><!-- BREAK 8 --><\/p>\n<p>Portada | Foto de <a href=\"https:\/\/unsplash.com\/ja\/@elloproducts?utm_source=unsplash&amp;utm_medium=referral&amp;utm_content=creditCopyText\">Ello<\/a> en <a href=\"https:\/\/unsplash.com\/es\/fotos\/AEU9UZstCfs?utm_source=unsplash&amp;utm_medium=referral&amp;utm_content=creditCopyText\">Unsplash<\/a><\/p>\n<p><!-- BREAK 9 --><\/p>\n<p>En XatakaHome | <a href=\"https:\/\/www.xatakahome.com\/electrodomesticos-innovadores\/consumo-electrico-frigorificos-cuanto-gastan-como-podemos-ahorrar-uso-diario\">Consumo el\u00e9ctrico en frigor\u00edficos: cu\u00e1nto gastan y c\u00f3mo podemos ahorrar en el uso diario<\/a><\/p>\n<p><!-- BREAK 10 --><script>\n (function() {\n  window._JS_MODULES = window._JS_MODULES || {};\n  var headElement = document.getElementsByTagName('head')[0];\n  if (_JS_MODULES.instagram) {\n   var instagramScript = document.createElement('script');\n   instagramScript.src = 'https:\/\/platform.instagram.com\/en_US\/embeds.js';\n   instagramScript.async = true;\n   instagramScript.defer = true;\n   headElement.appendChild(instagramScript);\n  }\n })();\n<\/script><\/p>\n<p> &#8211; <br \/> La noticia<br \/>\n      <a href=\"https:\/\/www.xatakahome.com\/iluminacion-y-energia\/poner-imanes-puerta-mi-nevera-no-ha-hecho-que-consuma-electricidad-estos-malos-habitos?utm_source=feedburner&amp;utm_medium=feed&amp;utm_campaign=12_Mar_2023\"><br \/>\n       <em> Poner imanes en la puerta de mi nevera no ha hecho que consuma m\u00e1s electricidad, pero estos malos h\u00e1bitos s\u00ed <\/em><br \/>\n      <\/a><br \/>\n      fue publicada originalmente en<br \/>\n      <a href=\"https:\/\/www.xatakahome.com\/?utm_source=feedburner&amp;utm_medium=feed&amp;utm_campaign=12_Mar_2023\"><br \/>\n       <strong> Xataka Smart Home <\/strong><br \/>\n      <\/a><br \/>\n            por <a href=\"https:\/\/www.xatakahome.com\/autor\/eva-rodriguez?utm_source=feedburner&amp;utm_medium=feed&amp;utm_campaign=12_Mar_2023\"><br \/>\n       Eva Rodriguez<br \/>\n      <\/a><br \/>\n      . <\/p>\n<\/div>\n","protected":false},"excerpt":{"rendered":"<p>La nevera es uno de los electrodom\u00e9sticos marcados en rojo en nuestra factura de la luz porque es uno de los que m\u00e1s consumen. No es porque sean los que m\u00e1s energ\u00eda demandan, si no porque han de estar siempre encendidos. Por eso es normal que cuando salte un rumor como que los imanes que &hellip; <a href=\"https:\/\/domosistemas.com\/?p=19611\" class=\"more-link\">Sigue leyendo <span class=\"screen-reader-text\">Poner imanes en la puerta de mi nevera no ha hecho que consuma m\u00e1s electricidad, pero estos malos h\u00e1bitos s\u00ed<\/span><\/a><\/p>\n","protected":false},"author":1,"featured_media":0,"comment_status":"closed","ping_status":"closed","sticky":false,"template":"","format":"standard","meta":{"footnotes":""},"categories":[8],"tags":[],"class_list":["post-19611","post","type-post","status-publish","format-standard","hentry","category-xataka"],"_links":{"self":[{"href":"https:\/\/domosistemas.com\/index.php?rest_route=\/wp\/v2\/posts\/19611","targetHints":{"allow":["GET"]}}],"collection":[{"href":"https:\/\/domosistemas.com\/index.php?rest_route=\/wp\/v2\/posts"}],"about":[{"href":"https:\/\/domosistemas.com\/index.php?rest_route=\/wp\/v2\/types\/post"}],"author":[{"embeddable":true,"href":"https:\/\/domosistemas.com\/index.php?rest_route=\/wp\/v2\/users\/1"}],"replies":[{"embeddable":true,"href":"https:\/\/domosistemas.com\/index.php?rest_route=%2Fwp%2Fv2%2Fcomments&post=19611"}],"version-history":[{"count":0,"href":"https:\/\/domosistemas.com\/index.php?rest_route=\/wp\/v2\/posts\/19611\/revisions"}],"wp:attachment":[{"href":"https:\/\/domosistemas.com\/index.php?rest_route=%2Fwp%2Fv2%2Fmedia&parent=19611"}],"wp:term":[{"taxonomy":"category","embeddable":true,"href":"https:\/\/domosistemas.com\/index.php?rest_route=%2Fwp%2Fv2%2Fcategories&post=19611"},{"taxonomy":"post_tag","embeddable":true,"href":"https:\/\/domosistemas.com\/index.php?rest_route=%2Fwp%2Fv2%2Ftags&post=19611"}],"curies":[{"name":"wp","href":"https:\/\/api.w.org\/{rel}","templated":true}]}}