{"id":19637,"date":"2023-03-14T10:29:50","date_gmt":"2023-03-14T10:29:50","guid":{"rendered":"https:\/\/domosistemas.com\/?p=19637"},"modified":"2023-03-14T10:29:50","modified_gmt":"2023-03-14T10:29:50","slug":"encender-tus-electrodomesticos-de-madrugada-vuelve-a-compensar-hay-dias-que-puedes-pagar-hasta-10-veces-menos-luz","status":"publish","type":"post","link":"https:\/\/domosistemas.com\/?p=19637","title":{"rendered":"Encender tus electrodom\u00e9sticos de madrugada vuelve a compensar: hay d\u00edas que puedes pagar hasta 10 veces menos luz"},"content":{"rendered":"<div>\n<p>\n      <img decoding=\"async\" src=\"https:\/\/i.blogs.es\/194c1f\/1366_2000\/1024_2000.jpeg\" alt=\"Encender tus electrodom\u00e9sticos de madrugada vuelve a compensar: hay d\u00edas que puedes pagar hasta 10 veces menos luz \">\n    <\/p>\n<p>El pasado oto\u00f1o <a href=\"https:\/\/www.xatakahome.com\/a-fondo\/he-calculado-ahorro-usar-siempre-tus-electrodomesticos-hora-barata-dia-resultado-me-ha-sorprendido\">vimos cu\u00e1nto podemos llegar a ahorrar<\/a> si escogemos <strong>encender nuestros electrodom\u00e9sticos<\/strong>, y especialmente los que m\u00e1s consumen, siempre en la hora del d\u00eda en la que <strong>el precio de la luz es el m\u00e1s barato<\/strong>.<\/p>\n<p><!-- BREAK 1 --><\/p>\n<p>El ahorro puede llegar a ser considerable sobre todo si hacemos un <strong>uso diario intensivo de la electricidad<\/strong> porque utilizamos placas de cocina de tipo <a href=\"https:\/\/www.xatakahome.com\/electrodomesticos-innovadores\/induccion-vitro-gas-que-elegir-para-cambiar-cocina\">vitrocer\u00e1mica o de inducci\u00f3n<\/a>, un horno, tenemos radiadores el\u00e9ctricos, climatizadores, ponemos lavadoras y lavavajillas todos los d\u00edas, etc.<\/p>\n<p><!-- BREAK 2 --><\/p>\n<p>Y para poder planificar este encendido en la hora m\u00e1s barata de cada d\u00eda hay que conocer precisamente eso, <strong>cu\u00e1l ser\u00e1 la hora m\u00e1s econ\u00f3mica<\/strong> de ese d\u00eda o a ser posible del d\u00eda siguiente, algo que como ya <a href=\"https:\/\/www.xatakahome.com\/a-fondo\/como-saber-que-precio-tendra-luz-manana-tienes-tarifa-mercado-libre-como-regulado\">vimos a fondo en su momento<\/a> es posible saber consultando diferentes p\u00e1ginas y servicios online.<\/p>\n<p><!-- BREAK 3 --><\/p>\n<div class=\"article-asset-video article-asset-normal\">\n<div class=\"asset-content\">\n<div class=\"base-asset-video\">\n<div class=\"js-dailymotion\">\n    <script type=\"application\/json\">\n           {\"videoId\":\"x88tf3k\",\"autoplay\":true,\"title\":\"AHORRA EN TU FACTURA DE LA LUZ: Las MEJORES OPCIONES para conocer los PRECIOS EN TU M\u00d3VIL\", \"tag\":\"webedia-prod\"}\n         <\/script>\n   <\/div>\n<\/p><\/div>\n<\/p><\/div>\n<\/div>\n<h2>Las horas m\u00e1s baratas vuelven a ser de madrugada<\/h2>\n<p>No obstante siempre conviene tener una idea general de cu\u00e1les son los <strong>horarios m\u00e1s baratos del d\u00eda<\/strong> sin tener que andar consultando nada, un dato que ha ido variando con las estaciones y que ahora, con la llegada inminente de la primavera est\u00e1 volviendo a cambiar de tendencia.<\/p>\n<p><!-- BREAK 4 --><\/p>\n<p>Y es que, en las \u00faltimas semanas, atendiendo a los datos proporcionados por <a href=\"https:\/\/www.esios.ree.es\/es\/pvpc?date=14-03-2023\">Red El\u00e9ctrica Espa\u00f1ola<\/a>, la curva de precios ha vuelto a modificarse de nuevo haciendo que <strong>poner nuestros electrodom\u00e9sticos de madrugada<\/strong> vuelva a ser rentable.<\/p>\n<p><!-- BREAK 5 --><\/p>\n<div class=\"article-asset article-asset-normal article-asset-center\">\n<div class=\"desvio-container\">\n<div class=\"desvio\">\n<div class=\"desvio-figure js-desvio-figure\">\n    <a href=\"https:\/\/www.xatakahome.com\/a-fondo\/como-saber-que-precio-tendra-luz-manana-tienes-tarifa-mercado-libre-como-regulado\"><br \/>\n     <img decoding=\"async\" alt=\"C\u00f3mo saber qu\u00e9 precio tendr\u00e1 la luz ma\u00f1ana tanto si tienes una tarifa en el mercado libre como en el regulado\" src=\"https:\/\/i.blogs.es\/bad682\/jason-leung-6kb5c7_3cu0-unsplash\/375_142.webp\" onerror='this.src=\"https:\/\/i.blogs.es\/bad682\/jason-leung-6kb5c7_3cu0-unsplash\/375_142.jpg\"'><br \/>\n    <\/a>\n   <\/div>\n<div class=\"desvio-summary\">\n<div class=\"desvio-taxonomy js-desvio-taxonomy\">\n     <a href=\"https:\/\/www.xatakahome.com\/a-fondo\/como-saber-que-precio-tendra-luz-manana-tienes-tarifa-mercado-libre-como-regulado\" class=\"desvio-taxonomy-anchor\">En Xataka Smart Home<\/a>\n    <\/div>\n<p>    <a href=\"https:\/\/www.xatakahome.com\/a-fondo\/como-saber-que-precio-tendra-luz-manana-tienes-tarifa-mercado-libre-como-regulado\" class=\"desvio-title js-desvio-title\">C\u00f3mo saber qu\u00e9 precio tendr\u00e1 la luz ma\u00f1ana tanto si tienes una tarifa en el mercado libre como en el regulado<\/a>\n   <\/div>\n<\/p><\/div>\n<\/p><\/div>\n<\/div>\n<p>El motivo es variado y puede explicarse como una conjunci\u00f3n de elementos, como el hecho de que haya vuelto el viento disparando la <strong>generaci\u00f3n de energ\u00eda e\u00f3lica<\/strong> por las noches coincidiendo con un fuerte descenso de la demanda esas horas y con la llegada del buen tiempo que ha reducido el uso de calefacci\u00f3n.<\/p>\n<p><!-- BREAK 6 --><\/p>\n<div class=\"article-asset-image article-asset-normal article-asset-center\">\n<div class=\"asset-content\">\n<div class=\"caption-img \">\n<div class=\"base-wrapper-image\" style=\"padding-top:40.253920836445%;\">\n<p>  <img decoding=\"async\" alt=\"Barata\" class=\"centro_sinmarco\" src=\"https:\/\/i.blogs.es\/d2cfc2\/barata\/450_1000.webp\"><\/p><\/div>\n<p>         <span>Precio luz 14-03-2023 Red El\u00e9ctrica Espa\u00f1ola<\/span>\n   <\/div>\n<\/p><\/div>\n<\/div>\n<p>Con todo ello, aunque <a href=\"https:\/\/www.xatakahome.com\/iluminacion-y-energia\/poner-lavadora-a-doce-para-ahorrar-luz-no-mejor-opcion-tramos-horarios-ahora-confusos-que-nunca\">dej\u00f3 de ser rentable<\/a> poner la lavadora por la noche el pasado invierno, la realidad es que en lo que llevamos de marzo si optamos por <strong>encender nuestros equipos a partir de las 00:00 horas<\/strong> de la madrugada hay d\u00edas en los que el importe a pagar puede ser <strong>hasta 10 veces inferior<\/strong> que en el horario m\u00e1s caro, que sigue estando entre las 20:00 y 22:00 horas de la tarde-noche.<\/p>\n<p><!-- BREAK 7 --><\/p>\n<p>Es un ejemplo que podemos comprobar con d\u00edas como este 14 de marzo de 2023, donde a la 01:00 de la madrugada hemos tenido un precio de <strong>0,03123 \u20ac<\/strong> el kilovatio hora mientras que a las 20:00 horas ser\u00e1 de \u00a0<strong>0,30430 \u20ac<\/strong> el kilovatio, es decir, casi 10 veces m\u00e1s.<\/p>\n<p><!-- BREAK 8 --><\/p>\n<p>En Xataka Smart Home | <a href=\"https:\/\/www.xatakahome.com\/iluminacion-y-energia\/como-ver-internet-tiempo-real-cual-consumo-electricidad-que-tienes-casa\">C\u00f3mo ver por Internet en tiempo real cu\u00e1l es el consumo de electricidad que est\u00e1s haciendo en casa<\/a><\/p>\n<p><!-- BREAK 9 --><script>\n (function() {\n  window._JS_MODULES = window._JS_MODULES || {};\n  var headElement = document.getElementsByTagName('head')[0];\n  if (_JS_MODULES.instagram) {\n   var instagramScript = document.createElement('script');\n   instagramScript.src = 'https:\/\/platform.instagram.com\/en_US\/embeds.js';\n   instagramScript.async = true;\n   instagramScript.defer = true;\n   headElement.appendChild(instagramScript);\n  }\n })();\n<\/script><\/p>\n<p> &#8211; <br \/> La noticia<br \/>\n      <a href=\"https:\/\/www.xatakahome.com\/iluminacion-y-energia\/encender-tus-electrodomesticos-madrugada-vuelve-a-compensar-hay-dias-que-puedes-pagar-10-veces-luz?utm_source=feedburner&amp;utm_medium=feed&amp;utm_campaign=14_Mar_2023\"><br \/>\n       <em> Encender tus electrodom\u00e9sticos de madrugada vuelve a compensar: hay d\u00edas que puedes pagar hasta 10 veces menos luz  <\/em><br \/>\n      <\/a><br \/>\n      fue publicada originalmente en<br \/>\n      <a href=\"https:\/\/www.xatakahome.com\/?utm_source=feedburner&amp;utm_medium=feed&amp;utm_campaign=14_Mar_2023\"><br \/>\n       <strong> Xataka Smart Home <\/strong><br \/>\n      <\/a><br \/>\n            por <a href=\"https:\/\/www.xatakahome.com\/autor\/paco-rodriguez?utm_source=feedburner&amp;utm_medium=feed&amp;utm_campaign=14_Mar_2023\"><br \/>\n       Paco Rodriguez<br \/>\n      <\/a><br \/>\n      . <\/p>\n<\/div>\n","protected":false},"excerpt":{"rendered":"<p>El pasado oto\u00f1o vimos cu\u00e1nto podemos llegar a ahorrar si escogemos encender nuestros electrodom\u00e9sticos, y especialmente los que m\u00e1s consumen, siempre en la hora del d\u00eda en la que el precio de la luz es el m\u00e1s barato. El ahorro puede llegar a ser considerable sobre todo si hacemos un uso diario intensivo de la &hellip; <a href=\"https:\/\/domosistemas.com\/?p=19637\" class=\"more-link\">Sigue leyendo <span class=\"screen-reader-text\">Encender tus electrodom\u00e9sticos de madrugada vuelve a compensar: hay d\u00edas que puedes pagar hasta 10 veces menos luz<\/span><\/a><\/p>\n","protected":false},"author":1,"featured_media":0,"comment_status":"closed","ping_status":"closed","sticky":false,"template":"","format":"standard","meta":{"footnotes":""},"categories":[8],"tags":[],"class_list":["post-19637","post","type-post","status-publish","format-standard","hentry","category-xataka"],"_links":{"self":[{"href":"https:\/\/domosistemas.com\/index.php?rest_route=\/wp\/v2\/posts\/19637","targetHints":{"allow":["GET"]}}],"collection":[{"href":"https:\/\/domosistemas.com\/index.php?rest_route=\/wp\/v2\/posts"}],"about":[{"href":"https:\/\/domosistemas.com\/index.php?rest_route=\/wp\/v2\/types\/post"}],"author":[{"embeddable":true,"href":"https:\/\/domosistemas.com\/index.php?rest_route=\/wp\/v2\/users\/1"}],"replies":[{"embeddable":true,"href":"https:\/\/domosistemas.com\/index.php?rest_route=%2Fwp%2Fv2%2Fcomments&post=19637"}],"version-history":[{"count":0,"href":"https:\/\/domosistemas.com\/index.php?rest_route=\/wp\/v2\/posts\/19637\/revisions"}],"wp:attachment":[{"href":"https:\/\/domosistemas.com\/index.php?rest_route=%2Fwp%2Fv2%2Fmedia&parent=19637"}],"wp:term":[{"taxonomy":"category","embeddable":true,"href":"https:\/\/domosistemas.com\/index.php?rest_route=%2Fwp%2Fv2%2Fcategories&post=19637"},{"taxonomy":"post_tag","embeddable":true,"href":"https:\/\/domosistemas.com\/index.php?rest_route=%2Fwp%2Fv2%2Ftags&post=19637"}],"curies":[{"name":"wp","href":"https:\/\/api.w.org\/{rel}","templated":true}]}}