{"id":19645,"date":"2023-03-15T03:00:21","date_gmt":"2023-03-15T03:00:21","guid":{"rendered":"https:\/\/domosistemas.com\/?p=19645"},"modified":"2023-03-15T03:00:21","modified_gmt":"2023-03-15T03:00:21","slug":"el-parlamento-europeo-apoya-que-los-edificios-nuevos-deberan-ser-de-cero-emisiones-a-partir-de-2028","status":"publish","type":"post","link":"https:\/\/domosistemas.com\/?p=19645","title":{"rendered":"El Parlamento Europeo apoya que los edificios nuevos deber\u00e1n ser de cero emisiones a partir de 2028"},"content":{"rendered":"<div>\n<p>La <a href=\"https:\/\/www.casadomo.com\/2022\/10\/27\/consejo-europeo-acuerda-revision-directiva-eficiencia-energetica-edificios\">revisi\u00f3n<\/a> de la Directiva relativa a la eficiencia energ\u00e9tica de los edificios busca reducir sustancialmente las emisiones de gases de efecto invernadero (GEI) y el consumo de energ\u00eda en el sector europeo de la construcci\u00f3n de aqu\u00ed a 2030, para conseguir que sea clim\u00e1ticamente neutro en 2050. Tambi\u00e9n pretende aumentar la tasa de rehabilitaci\u00f3n de los edificios poco eficientes a nivel energ\u00e9tico y mejorar el intercambio de informaci\u00f3n sobre la eficiencia energ\u00e9tica. En base a esto, el <a href=\"https:\/\/www.europarl.europa.eu\/portal\/es\" target=\"_blank\" rel=\"noopener\">Parlamento Europeo<\/a> ha apoyado un proyecto de medidas para aumentar la tasa de rehabilitaci\u00f3n de edificios y reducir su consumo de energ\u00eda y las emisiones contaminantes.<\/p>\n<figure id=\"attachment_118923\" aria-describedby=\"caption-attachment-118923\" style=\"width: 800px\" class=\"wp-caption aligncenter\"><img decoding=\"async\" loading=\"lazy\" class=\"size-full wp-image-118923\" src=\"https:\/\/static.casadomo.com\/media\/2023\/03\/parlamento-europeo-aprobacion-proyecto-medidas-aumentar-renovaciones-edificios.png\" alt=\"Edificios.\" width=\"800\" height=\"396\" srcset=\"https:\/\/static.casadomo.com\/media\/2023\/03\/parlamento-europeo-aprobacion-proyecto-medidas-aumentar-renovaciones-edificios.png 800w, https:\/\/static.casadomo.com\/media\/2023\/03\/parlamento-europeo-aprobacion-proyecto-medidas-aumentar-renovaciones-edificios-300x149.png 300w, https:\/\/static.casadomo.com\/media\/2023\/03\/parlamento-europeo-aprobacion-proyecto-medidas-aumentar-renovaciones-edificios-768x380.png 768w, https:\/\/static.casadomo.com\/media\/2023\/03\/parlamento-europeo-aprobacion-proyecto-medidas-aumentar-renovaciones-edificios-180x89.png 180w, https:\/\/static.casadomo.com\/media\/2023\/03\/parlamento-europeo-aprobacion-proyecto-medidas-aumentar-renovaciones-edificios-260x130.png 260w\" sizes=\"auto, (max-width: 800px) 100vw, 800px\"><figcaption id=\"caption-attachment-118923\" class=\"wp-caption-text\">Los edificios residenciales deber\u00e1n obtener la clase energ\u00e9tica E en 2030 y la D en 2033, seg\u00fan el proyecto de medidas.<\/figcaption><\/figure>\n<p>Seg\u00fan el <a href=\"https:\/\/www.europarl.europa.eu\/plenary\/es\/texts-adopted.html\" target=\"_blank\" rel=\"nofollow noopener\">proyecto de medidas<\/a>, todos los edificios nuevos deber\u00e1n ser de cero emisiones a partir de 2028. En el caso de los ocupados o explotados por la Administraci\u00f3n p\u00fablica, o de su propiedad, el plazo ser\u00e1 2026. A m\u00e1s tardar en 2028, todos los edificios nuevos deber\u00e1n estar equipados con tecnolog\u00eda solar cuando sea factible desde el punto de vista t\u00e9cnico y econ\u00f3mico (en el caso de los edificios residenciales en los que se hagan reformas de consideraci\u00f3n el plazo se alargar\u00e1 hasta 2032).<\/p>\n<p>Los edificios residenciales tendr\u00edan que conseguir, como m\u00ednimo, la clase energ\u00e9tica E en 2030, y la D en 2033 (en una escala que va de A a G, esta \u00faltima corresponde al 15% de edificios menos eficientes del parque inmobiliario nacional de un Estado miembro). Por su parte, los edificios no residenciales y p\u00fablicos tendr\u00edan que conseguirla en 2027 y 2030 respectivamente.<\/p>\n<p>La mejora de la eficiencia energ\u00e9tica (obras de aislamiento o mejoras en el sistema de calefacci\u00f3n) se realizar\u00eda al vender un edificio o acometer importantes obras de rehabilitaci\u00f3n, o, en caso de estar alquilado, a la firma de un nuevo contrato.<\/p>\n<h2>Planes nacionales<\/h2>\n<p>Los Estados miembros deber\u00e1n prever en sus planes nacionales de rehabilitaci\u00f3n las medidas necesarias para alcanzar estos objetivos. Los planes nacionales de rehabilitaci\u00f3n deber\u00e1n incluir sistemas de apoyo para facilitar el acceso a las subvenciones y la financiaci\u00f3n.<\/p>\n<p>Los Estados miembros deber\u00e1n instaurar puntos de informaci\u00f3n gratuita y programas de rehabilitaci\u00f3n que no conlleven costes. Las medidas financieras deber\u00e1n prever una prima importante para las rehabilitaciones de gran calado \u2014especialmente para los edificios con peor rendimiento energ\u00e9tico\u2014 y deber\u00e1n incluir tambi\u00e9n subvenciones y financiaci\u00f3n espec\u00edficas para los hogares vulnerables.<\/p>\n<p>Las nuevas normas no se aplicar\u00e1n a los monumentos. Los pa\u00edses de la Uni\u00f3n Europea podr\u00e1n excluir tambi\u00e9n, si lo desean, los edificios protegidos por su valor arquitect\u00f3nico o hist\u00f3rico, los edificios t\u00e9cnicos, los de uso temporal y las iglesias y lugares de culto. Tambi\u00e9n podr\u00e1n hacer una excepci\u00f3n con la vivienda p\u00fablica social, en aquellos casos en que una rehabilitaci\u00f3n llevar\u00eda aparejado un aumento del alquiler que no podr\u00eda compensarse con el ahorro en la factura energ\u00e9tica.<\/p>\n<p>Los eurodiputados tambi\u00e9n quieren que los Estados miembros puedan ajustar los nuevos objetivos a una proporci\u00f3n limitada de edificios en funci\u00f3n de la viabilidad econ\u00f3mica y t\u00e9cnica de las rehabilitaciones y de la existencia de mano de obra cualificada.<\/p>\n<p>Tras la aprobaci\u00f3n del proyecto de medidas, el Parlamento Europeo entablar\u00e1n ahora negociaciones con el Consejo Europeo para acordar la forma definitiva del proyecto de ley.<\/p>\n<p>La entrada <a rel=\"nofollow\" href=\"https:\/\/www.casadomo.com\/2023\/03\/15\/parlamento-europeo-apoya-edificios-nuevos-deberan-ser-cero-emisiones-partir-2028\">El Parlamento Europeo apoya que los edificios nuevos deber\u00e1n ser de cero emisiones a partir de 2028<\/a> aparece primero en <a rel=\"nofollow\" href=\"https:\/\/www.casadomo.com\/\">CASADOMO<\/a>.<\/p>\n<\/div>\n","protected":false},"excerpt":{"rendered":"<p>La revisi\u00f3n de la Directiva relativa a la eficiencia energ\u00e9tica de los edificios busca reducir sustancialmente las emisiones de gases de efecto invernadero (GEI) y el consumo de energ\u00eda en el sector europeo de la construcci\u00f3n de aqu\u00ed a 2030, para conseguir que sea clim\u00e1ticamente neutro en 2050. Tambi\u00e9n pretende aumentar la tasa de rehabilitaci\u00f3n &hellip; <a href=\"https:\/\/domosistemas.com\/?p=19645\" class=\"more-link\">Sigue leyendo <span class=\"screen-reader-text\">El Parlamento Europeo apoya que los edificios nuevos deber\u00e1n ser de cero emisiones a partir de 2028<\/span><\/a><\/p>\n","protected":false},"author":1,"featured_media":0,"comment_status":"closed","ping_status":"closed","sticky":false,"template":"","format":"standard","meta":{"footnotes":""},"categories":[3],"tags":[],"class_list":["post-19645","post","type-post","status-publish","format-standard","hentry","category-casadomo-com"],"_links":{"self":[{"href":"https:\/\/domosistemas.com\/index.php?rest_route=\/wp\/v2\/posts\/19645","targetHints":{"allow":["GET"]}}],"collection":[{"href":"https:\/\/domosistemas.com\/index.php?rest_route=\/wp\/v2\/posts"}],"about":[{"href":"https:\/\/domosistemas.com\/index.php?rest_route=\/wp\/v2\/types\/post"}],"author":[{"embeddable":true,"href":"https:\/\/domosistemas.com\/index.php?rest_route=\/wp\/v2\/users\/1"}],"replies":[{"embeddable":true,"href":"https:\/\/domosistemas.com\/index.php?rest_route=%2Fwp%2Fv2%2Fcomments&post=19645"}],"version-history":[{"count":0,"href":"https:\/\/domosistemas.com\/index.php?rest_route=\/wp\/v2\/posts\/19645\/revisions"}],"wp:attachment":[{"href":"https:\/\/domosistemas.com\/index.php?rest_route=%2Fwp%2Fv2%2Fmedia&parent=19645"}],"wp:term":[{"taxonomy":"category","embeddable":true,"href":"https:\/\/domosistemas.com\/index.php?rest_route=%2Fwp%2Fv2%2Fcategories&post=19645"},{"taxonomy":"post_tag","embeddable":true,"href":"https:\/\/domosistemas.com\/index.php?rest_route=%2Fwp%2Fv2%2Ftags&post=19645"}],"curies":[{"name":"wp","href":"https:\/\/api.w.org\/{rel}","templated":true}]}}