{"id":19679,"date":"2023-03-17T09:08:04","date_gmt":"2023-03-17T09:08:04","guid":{"rendered":"https:\/\/domosistemas.com\/?p=19679"},"modified":"2023-03-17T09:08:04","modified_gmt":"2023-03-17T09:08:04","slug":"que-es-el-bono-social-termico-quien-tiene-derecho-a-pedirlo-y-como-funciona-para-ahorrar-en-la-factura-de-la-luz","status":"publish","type":"post","link":"https:\/\/domosistemas.com\/?p=19679","title":{"rendered":"Qu\u00e9 es el Bono Social T\u00e9rmico, qui\u00e9n tiene derecho a pedirlo y c\u00f3mo funciona para ahorrar en la factura de la luz"},"content":{"rendered":"<div>\n<p>\n      <img decoding=\"async\" src=\"https:\/\/i.blogs.es\/453241\/radiador\/1024_2000.jpeg\" alt=\"Qu\u00e9 es el Bono Social T\u00e9rmico, qui\u00e9n tiene derecho a pedirlo y c\u00f3mo funciona para ahorrar en la factura de la luz\">\n    <\/p>\n<p>Estamos viviendo unos meses en los que el protagonismo lo tiene una subida de precios generalizada que afecta a pr\u00e1cticamente todos los \u00e1mbitos de la vida y los suministros energ\u00e9ticos, no son ajenos a estos cambios. Hemos visto como <a href=\"https:\/\/www.xatakahome.com\/a-fondo\/que-sube-precio-gas-pagamos-cara-luz-estas-causas\">se ha disparado el precio<\/a> de los combustibles f\u00f3siles, del gas o de la electricidad y en relaci\u00f3n a esta, en las \u00faltimas horas <strong>ha cobrado protagonismo el<\/strong> <a href=\"https:\/\/www.bonotermico.gob.es\/\">bono social t\u00e9rmico<\/a>.<\/p>\n<p><!-- BREAK 1 --><\/p>\n<p>Se trata, c\u00f3mo podemos ver en la <a href=\"https:\/\/www.bonotermico.gob.es\/\">web espec\u00edfica<\/a> del <a href=\"https:\/\/www.miteco.gob.es\/es\/\">Ministerio para la Transici\u00f3n Ecol\u00f3gica y el Reto Demogr\u00e1fico<\/a>, de <strong>una ayuda directa para beneficiarios del <\/strong><a href=\"https:\/\/www.xatakahome.com\/iluminacion-y-energia\/bono-social-factura-luz-que-que-descuento-ofrece-requisitos-para-solicitarlo\">Bono Social El\u00e9ctrico<\/a> de forma que pueden conseguir un ahorro en la factura de la luz que por ejemplo se puede aplicar para reducir los gastos de calefacci\u00f3n o de agua caliente sanitaria.<\/p>\n<p><!-- BREAK 2 --><\/p>\n<h2>Qu\u00e9 es el Bono Social T\u00e9rmico<\/h2>\n<div class=\"article-asset-image article-asset-normal article-asset-center\">\n<div class=\"asset-content\">\n<div class=\"base-wrapper-image\" style=\"padding-top:75.036603221083%;\">\n<p>  <img decoding=\"async\" alt=\"Electricidad\" class=\"centro_sinmarco\" src=\"https:\/\/i.blogs.es\/4e4c13\/electricidad\/450_1000.webp\"><\/p><\/div>\n<\/p><\/div>\n<\/div>\n<p>El mismo Ministerio para la Transici\u00f3n Ecol\u00f3gica y el Reto Demogr\u00e1fico se\u00f1ala que <strong>es una ayuda directa para beneficiarios del<\/strong> <strong>Bono Social<\/strong> <strong>El\u00e9ctrico<\/strong> por el uso de la calefacci\u00f3n y el agua caliente o cocina. Es por lo tanto, una ayuda directa para beneficiarios del <a href=\"https:\/\/www.xatakahome.com\/iluminacion-y-energia\/bono-social-factura-luz-que-que-descuento-ofrece-requisitos-para-solicitarlo\">Bono Social El\u00e9ctrico<\/a> que son usuarios que presentan una especial situaci\u00f3n de vulnerabilidad.<\/p>\n<p><!-- BREAK 3 --><\/p>\n<p>La diferencia, es que el <a href=\"https:\/\/www.xatakahome.com\/iluminacion-y-energia\/bono-social-factura-luz-que-que-descuento-ofrece-requisitos-para-solicitarlo\">Bono Social El\u00e9ctrico<\/a> no es una ayuda directa. C\u00f3mo ya explicamos en su d\u00eda, es b\u00e1sicamente un <strong>descuento en la factura el\u00e9ctrica<\/strong> que se aplica sobre el PVPC (Precio Voluntario para el Peque\u00f1o Consumidor) que ofrece un <strong>25% de descuento<\/strong> en el precio del PVPC para <strong>consumidores \u00abvulnerables\u00bb <\/strong>y aqu\u00ed explicamos <a href=\"https:\/\/www.xatakahome.com\/iluminacion-y-energia\/bono-social-factura-luz-que-que-descuento-ofrece-requisitos-para-solicitarlo\">c\u00f3mo solicitarlo<\/a>.<\/p>\n<p><!-- BREAK 4 --><\/p>\n<div class=\"article-asset-video article-asset-normal\">\n<div class=\"asset-content\">\n<div class=\"base-asset-video\">\n<div class=\"js-dailymotion\">\n    <script type=\"application\/json\">\n           {\"videoId\":\"x88tf3k\",\"autoplay\":true,\"title\":\"AHORRA EN TU FACTURA DE LA LUZ: Las MEJORES OPCIONES para conocer los PRECIOS EN TU M\u00d3VIL\", \"tag\":\"webedia-prod\"}\n         <\/script>\n   <\/div>\n<\/p><\/div>\n<\/p><\/div>\n<\/div>\n<p>Frente al anterior, el <a href=\"https:\/\/www.xatakahome.com\/iluminacion-y-energia\/bono-social-factura-luz-que-que-descuento-ofrece-requisitos-para-solicitarlo\" rel=\"noopener noreferrer\" data-id=\"noopener noreferrer\">Bono Social El\u00e9ctrico<\/a> se trata de una medida para reducir el precio en la factura de la luz creada en el <a href=\"https:\/\/www.boe.es\/buscar\/act.php?id=BOE-A-2018-13593\">art. 5 del Real Decreto-ley 15\/2018, de 5 de octubre<\/a>, de medidas urgentes para la transici\u00f3n energ\u00e9tica y la protecci\u00f3n de los consumidores, que afecta a los usuarios conocidos c\u00f3mo vulnerables por medio de un <strong>sistema de ayudas directas para mitigar los gastos de calefacci\u00f3n y agua caliente sanitaria<\/strong>.<\/p>\n<p><!-- BREAK 5 --><\/p>\n<blockquote><p>\u00abEl Bono Social T\u00e9rmico tiene por objetivo es complementar la ayuda percibida en concepto de Bono Social El\u00e9ctrico por los consumidores vulnerables, para la energ\u00eda destinada a calefacci\u00f3n, agua caliente sanitaria o cocina, independientemente de cual sea la fuente utilizada\u00bb.<\/p><\/blockquote>\n<p>Y dicho todo esto, hay que establecer una diferencia b\u00e1sica entre el bono social t\u00e9rmico y el bono el\u00e9ctrico. Y es que mientras \u00e9ste \u00faltimo se paga a trav\u00e9s de las comercializadoras, <strong>el Bono Social T\u00e9rmico se abona directamente a los usuarios con cargo a los Presupuestos Generales del Estado<\/strong> y son las Comunidades Aut\u00f3nomas las encargadas de gestionarlo.<\/p>\n<p><!-- BREAK 6 --><\/p>\n<div class=\"article-asset-image article-asset-normal article-asset-center\">\n<div class=\"asset-content\">\n<div class=\"base-wrapper-image\" style=\"padding-top:75%;\">\n<p>  <img decoding=\"async\" alt=\"Calefaccion\" class=\"centro_sinmarco\" src=\"https:\/\/i.blogs.es\/c5323c\/calefaccion\/450_1000.webp\"><\/p><\/div>\n<\/p><\/div>\n<\/div>\n<p>Esta es la teor\u00eda, pero ahora queda ver <strong>qui\u00e9nes son los posibles beneficiarios del Bono Social T\u00e9rmico.<\/strong> Y es Como tantos otros casos, para poder acceder a este bono, se han de cumplir unos requisitos fundamentales, siendo b\u00e1sica la renta para determinar si es un consumidor vulnerable.<\/p>\n<p><!-- BREAK 7 --><\/p>\n<p>Hemos hablado adem\u00e1s de la renta como uno de los valores que se estudian para determinar la vulnerabilidad de un solicitante, <strong>un par\u00e1metro que no se aplica en el caso de las familias numerosas<\/strong>, en las que no existe ning\u00fan criterio de renta.<\/p>\n<p><!-- BREAK 8 --><\/p>\n<div class=\"article-asset article-asset-normal article-asset-center\">\n<div class=\"desvio-container\">\n<div class=\"desvio\">\n<div class=\"desvio-figure js-desvio-figure\">\n    <a href=\"https:\/\/www.xatakahome.com\/a-fondo\/cargo-inesperado-ha-aparecido-mi-factura-luz-este-otono-que-nuevo-termino-bono-social-cuanto-cuesta\"><br \/>\n     <img decoding=\"async\" alt=\"Un cargo inesperado ha aparecido en mi factura de la luz este oto\u00f1o: qu\u00e9 es el nuevo t\u00e9rmino del Bono Social y cu\u00e1nto cuesta\" src=\"https:\/\/i.blogs.es\/af9a81\/1366_2000boso\/375_142.webp\" onerror='this.src=\"https:\/\/i.blogs.es\/af9a81\/1366_2000boso\/375_142.jpg\"'><br \/>\n    <\/a>\n   <\/div>\n<div class=\"desvio-summary\">\n<div class=\"desvio-taxonomy js-desvio-taxonomy\">\n     <a href=\"https:\/\/www.xatakahome.com\/a-fondo\/cargo-inesperado-ha-aparecido-mi-factura-luz-este-otono-que-nuevo-termino-bono-social-cuanto-cuesta\" class=\"desvio-taxonomy-anchor\">En Xataka Smart Home<\/a>\n    <\/div>\n<p>    <a href=\"https:\/\/www.xatakahome.com\/a-fondo\/cargo-inesperado-ha-aparecido-mi-factura-luz-este-otono-que-nuevo-termino-bono-social-cuanto-cuesta\" class=\"desvio-title js-desvio-title\">Un cargo inesperado ha aparecido en mi factura de la luz este oto\u00f1o: qu\u00e9 es el nuevo t\u00e9rmino del Bono Social y cu\u00e1nto cuesta<\/a>\n   <\/div>\n<\/p><\/div>\n<\/p><\/div>\n<\/div>\n<p>En este sentido, la cantidad de la que se podr\u00e1n beneficiar los usuarios est\u00e1 determinada por un lado por la <strong>ayuda que reciben con el Bono Social El\u00e9ctrico, por la zona geogr\u00e1fica de la residencia y por lo presupuestado<\/strong> en los Presupuestos Generales del Estado.\u00a0<\/p>\n<p><!-- BREAK 9 --><\/p>\n<p>Dicho esto, y seg\u00fan recoge la web del Ministerio para la Transici\u00f3n Ecol\u00f3gica y el Reto Demogr\u00e1fico,en el a\u00f1o 2019 <strong>la ayuda est\u00e1 comprendida entre los 25 y 123,94 euros<\/strong>, siendo compatible con cualquier otro tipo de ayudas que otorguen para la misma finalidad. El presupuesto asignado en el a\u00f1o 2019 para esta ayuda es de 75 millones de euros.<\/p>\n<p><!-- BREAK 10 --><\/p>\n<h2>Qui\u00e9n puede y c\u00f3mo solicitar el Bono Social T\u00e9rmico<\/h2>\n<div class=\"article-asset-image article-asset-normal article-asset-center\">\n<div class=\"asset-content\">\n<div class=\"caption-img \">\n<div class=\"base-wrapper-image\" style=\"padding-top:49.87922705314%;\">\n                          <a href=\"https:\/\/www.bonotermico.gob.es\/#bst2020\"><\/p>\n<p>   <img decoding=\"async\" alt=\"Bono 1\" class=\"centro_sinmarco\" src=\"https:\/\/i.blogs.es\/9e8f08\/bono-1\/450_1000.webp\"><br \/>\n  <\/a><\/p><\/div>\n<p>         <span>Imagen |\u00a0Ministerio para la Transici\u00f3n Ecol\u00f3gica y el Reto Demogr\u00e1fico<\/span>\n   <\/div>\n<\/p><\/div>\n<\/div>\n<p>A diferencia del Bono Social de luz, <strong>no es necesario solicitar el Bono Social T\u00e9rmico. Y es que en este caso, esta ayuda es concedida de manera autom\u00e1tica a los beneficiarios del Bono Social El\u00e9ctrico<\/strong>.<\/p>\n<p><!-- BREAK 11 --><\/p>\n<p>Dicho todo esto, en la <a href=\"https:\/\/www.bonotermico.gob.es\/#beneficios\">web del Ministerio<\/a> hay un apartado para <strong>consultar la zona clim\u00e1tica en la que est\u00e1 ubicada la vivienda habitual <\/strong>a efectos de la determinaci\u00f3n de la cuant\u00eda de ayuda del Bono Social T\u00e9rmico que corresponde al posible interesado. Sobre este p\u00e1rrafo tienes el ejemplo.<\/p>\n<p><!-- BREAK 12 --><\/p>\n<div class=\"article-asset-image article-asset-normal article-asset-center\">\n<div class=\"asset-content\">\n<div class=\"caption-img \">\n<div class=\"base-wrapper-image\" style=\"padding-top:51.184834123223%;\">\n                          <a href=\"https:\/\/www.bonotermico.gob.es\/#bst2020\"><\/p>\n<p>   <img decoding=\"async\" alt=\"Bono 2\" class=\"centro_sinmarco\" src=\"https:\/\/i.blogs.es\/4904b9\/bono-2\/450_1000.webp\"><br \/>\n  <\/a><\/p><\/div>\n<p>         <span>Imagen |\u00a0Ministerio para la Transici\u00f3n Ecol\u00f3gica y el Reto Demogr\u00e1fico<\/span>\n   <\/div>\n<\/p><\/div>\n<\/div>\n<p>Este valor es, c\u00f3mo ya hemos comentado, una de las bases que se toman para <strong>calcular la cuant\u00eda de la ayuda a percibir<\/strong>, en funci\u00f3n de la zona clim\u00e1tica en la que reside, y de la consideraci\u00f3n de vulnerabilidad. Esta es la tabla que me sale por mi zona.<\/p>\n<p><!-- BREAK 13 --><\/p>\n<p>Antes del 15 de enero de cada a\u00f1o, los Comercializadores de Referencia (COR) deben remitir a la Direcci\u00f3n General de Pol\u00edtica Energ\u00e9tica y Minas (DGPEM) un listado de aquellos de sus clientes que sean beneficiarios del Bono Social El\u00e9ctrico a 31 de diciembre del a\u00f1o anterior. Esta medida lo que hace es <strong>ayudar a determinar el importe de la ayuda del Bono Social T\u00e9rmico<\/strong> (BST) y proceder a su pago. Entre los datos que se han de remitir est\u00e1n:<\/p>\n<p><!-- BREAK 14 --><\/p>\n<ul>\n<li><strong>Nombre y DNI<\/strong> del beneficiario.<\/li>\n<li><strong>Domicilio completo<\/strong>, indicando v\u00eda, n\u00famero, c\u00f3digo postal y municipio.<\/li>\n<li><strong>Si tiene la consideraci\u00f3n de consumidor vulnerable<\/strong> severo o en riesgo de exclusi\u00f3n social.<\/li>\n<li>Datos de la <strong>cuenta bancaria<\/strong>.<\/li>\n<\/ul>\n<p>Con todos estos datos, <strong>ser\u00e1 el Ministerio para la Transici\u00f3n Ecol\u00f3gica el encargado de calcular la distribuci\u00f3n territorial<\/strong> del presupuesto disponible y transferir las cantidades a las Administraciones competentes para su pago, que ser\u00e1n las encargadas de hacer llegar los bonos con los importes que les corresponden a los beneficiarios.<\/p>\n<p><!-- BREAK 15 --><\/p>\n<div class=\"article-asset article-asset-normal article-asset-center\">\n<div class=\"desvio-container\">\n<div class=\"desvio\">\n<div class=\"desvio-figure js-desvio-figure\">\n    <a href=\"https:\/\/www.xatakahome.com\/tutoriales\/he-probado-a-usar-temporizador-10-euros-termo-electrico-he-descubierto-que-hora-al-dia-me-basta\"><br \/>\n     <img decoding=\"async\" alt=\"He probado a usar un temporizador barato con el termo el\u00e9ctrico y he descubierto que con una hora al d\u00eda que funcione me basta\" src=\"https:\/\/i.blogs.es\/6babb7\/portada\/375_142.webp\" onerror='this.src=\"https:\/\/i.blogs.es\/6babb7\/portada\/375_142.jpeg\"'><br \/>\n    <\/a>\n   <\/div>\n<div class=\"desvio-summary\">\n<div class=\"desvio-taxonomy js-desvio-taxonomy\">\n     <a href=\"https:\/\/www.xatakahome.com\/tutoriales\/he-probado-a-usar-temporizador-10-euros-termo-electrico-he-descubierto-que-hora-al-dia-me-basta\" class=\"desvio-taxonomy-anchor\">En Xataka Smart Home<\/a>\n    <\/div>\n<p>    <a href=\"https:\/\/www.xatakahome.com\/tutoriales\/he-probado-a-usar-temporizador-10-euros-termo-electrico-he-descubierto-que-hora-al-dia-me-basta\" class=\"desvio-title js-desvio-title\">He probado a usar un temporizador barato con el termo el\u00e9ctrico y he descubierto que con una hora al d\u00eda que funcione me basta<\/a>\n   <\/div>\n<\/p><\/div>\n<\/p><\/div>\n<\/div>\n<p>Ser\u00e1n las Comunidades Aut\u00f3nomas y tambi\u00e9n las Ciudades con Estatuto de Autonom\u00eda, las<strong> encargadas de comunicar a los usuarios la informaci\u00f3n sobre la ayuda<\/strong>, siguiendo el m\u00e9todo que estimen conveniente, pero siempre garantizando la posibilidad de renuncia a la ayuda por parte de los beneficiarios que as\u00ed lo soliciten.<\/p>\n<p><!-- BREAK 16 --><\/p>\n<p>Una vez aceptado, <strong>ser\u00e1n estos entes p\u00fablicos los encargados de realizar el pago<\/strong> de la ayuda a los beneficiarios de su \u00e1mbito territorial.<\/p>\n<p><!-- BREAK 17 --><\/p>\n<p>Imagen portada | <a href=\"https:\/\/universe.jumpstory.com\/#search=radiator&amp;type=photos\">Jumpstory<\/a><\/p>\n<p>Im\u00e1genes interiores | <a href=\"https:\/\/www.xatakahome.com\/autor\/jose-antonio-carmona\">Jose Antonio Carmona<\/a><\/p>\n<p><!-- BREAK 18 --><\/p>\n<p>En Xataka SmartHome | <a href=\"https:\/\/www.xatakahome.com\/tutoriales\/asi-puedes-comprobar-te-interesa-pasarte-a-tarifa-tur-tu-factura-mirando-a-cuanto-pagas-gas\">As\u00ed puedes comprobar si te interesa pasarte a la tarifa TUR con tu factura mirando a cu\u00e1nto pagas el gas<\/a><\/p>\n<p><!-- BREAK 19 --><script>\n (function() {\n  window._JS_MODULES = window._JS_MODULES || {};\n  var headElement = document.getElementsByTagName('head')[0];\n  if (_JS_MODULES.instagram) {\n   var instagramScript = document.createElement('script');\n   instagramScript.src = 'https:\/\/platform.instagram.com\/en_US\/embeds.js';\n   instagramScript.async = true;\n   instagramScript.defer = true;\n   headElement.appendChild(instagramScript);\n  }\n })();\n<\/script><\/p>\n<p> &#8211; <br \/> La noticia<br \/>\n      <a href=\"https:\/\/www.xatakahome.com\/a-fondo\/que-bono-social-termico-quien-tiene-derecho-a-pedirlo-como-funciona-para-ahorrar-factura-luz?utm_source=feedburner&amp;utm_medium=feed&amp;utm_campaign=17_Mar_2023\"><br \/>\n       <em> Qu\u00e9 es el Bono Social T\u00e9rmico, qui\u00e9n tiene derecho a pedirlo y c\u00f3mo funciona para ahorrar en la factura de la luz <\/em><br \/>\n      <\/a><br \/>\n      fue publicada originalmente en<br \/>\n      <a href=\"https:\/\/www.xatakahome.com\/?utm_source=feedburner&amp;utm_medium=feed&amp;utm_campaign=17_Mar_2023\"><br \/>\n       <strong> Xataka Smart Home <\/strong><br \/>\n      <\/a><br \/>\n            por <a href=\"https:\/\/www.xatakahome.com\/autor\/jose-antonio-carmona?utm_source=feedburner&amp;utm_medium=feed&amp;utm_campaign=17_Mar_2023\"><br \/>\n       Jose Antonio Carmona<br \/>\n      <\/a><br \/>\n      . <\/p>\n<\/div>\n","protected":false},"excerpt":{"rendered":"<p>Estamos viviendo unos meses en los que el protagonismo lo tiene una subida de precios generalizada que afecta a pr\u00e1cticamente todos los \u00e1mbitos de la vida y los suministros energ\u00e9ticos, no son ajenos a estos cambios. Hemos visto como se ha disparado el precio de los combustibles f\u00f3siles, del gas o de la electricidad y &hellip; <a href=\"https:\/\/domosistemas.com\/?p=19679\" class=\"more-link\">Sigue leyendo <span class=\"screen-reader-text\">Qu\u00e9 es el Bono Social T\u00e9rmico, qui\u00e9n tiene derecho a pedirlo y c\u00f3mo funciona para ahorrar en la factura de la luz<\/span><\/a><\/p>\n","protected":false},"author":1,"featured_media":0,"comment_status":"closed","ping_status":"closed","sticky":false,"template":"","format":"standard","meta":{"footnotes":""},"categories":[8],"tags":[],"class_list":["post-19679","post","type-post","status-publish","format-standard","hentry","category-xataka"],"_links":{"self":[{"href":"https:\/\/domosistemas.com\/index.php?rest_route=\/wp\/v2\/posts\/19679","targetHints":{"allow":["GET"]}}],"collection":[{"href":"https:\/\/domosistemas.com\/index.php?rest_route=\/wp\/v2\/posts"}],"about":[{"href":"https:\/\/domosistemas.com\/index.php?rest_route=\/wp\/v2\/types\/post"}],"author":[{"embeddable":true,"href":"https:\/\/domosistemas.com\/index.php?rest_route=\/wp\/v2\/users\/1"}],"replies":[{"embeddable":true,"href":"https:\/\/domosistemas.com\/index.php?rest_route=%2Fwp%2Fv2%2Fcomments&post=19679"}],"version-history":[{"count":0,"href":"https:\/\/domosistemas.com\/index.php?rest_route=\/wp\/v2\/posts\/19679\/revisions"}],"wp:attachment":[{"href":"https:\/\/domosistemas.com\/index.php?rest_route=%2Fwp%2Fv2%2Fmedia&parent=19679"}],"wp:term":[{"taxonomy":"category","embeddable":true,"href":"https:\/\/domosistemas.com\/index.php?rest_route=%2Fwp%2Fv2%2Fcategories&post=19679"},{"taxonomy":"post_tag","embeddable":true,"href":"https:\/\/domosistemas.com\/index.php?rest_route=%2Fwp%2Fv2%2Ftags&post=19679"}],"curies":[{"name":"wp","href":"https:\/\/api.w.org\/{rel}","templated":true}]}}