{"id":19727,"date":"2023-03-22T08:30:42","date_gmt":"2023-03-22T08:30:42","guid":{"rendered":"https:\/\/domosistemas.com\/?p=19727"},"modified":"2023-03-22T08:30:42","modified_gmt":"2023-03-22T08:30:42","slug":"a-las-0200-seguiran-siendo-las-0300-el-proximo-sabado-toca-regresar-al-horario-de-verano-mientras-europa-no-diga-lo-contrario","status":"publish","type":"post","link":"https:\/\/domosistemas.com\/?p=19727","title":{"rendered":"A las 02:00 seguir\u00e1n siendo las 03:00. El pr\u00f3ximo s\u00e1bado toca regresar al horario de verano mientras Europa no diga lo contrario"},"content":{"rendered":"<div>\n<p>\n      <img decoding=\"async\" src=\"https:\/\/i.blogs.es\/13fdb9\/relojes\/1024_2000.png\" alt=\"A las 02:00 seguir\u00e1n siendo las 03:00. El pr\u00f3ximo s\u00e1bado toca regresar al horario de verano mientras Europa no diga lo contrario \">\n    <\/p>\n<p>Aunque parece que llevamos ya alguna semana instalados en la primavera, lo cierto es que hace muy pocas horas que acabamos de inaugurar la nueva estaci\u00f3n. Un cambio que adem\u00e1s va asociado tambi\u00e9n a una modificaci\u00f3n de nuestros horarios y es que <strong>ver\u00e1 c\u00f3mo este pr\u00f3ximo domingo toca de nuevo cambio de hora.<\/strong><\/p>\n<p><!-- BREAK 1 --><\/p>\n<p>Mientras se debate sobre la idoneidad o no de esta pr\u00e1ctica, lo cierto es que seguimos siendo obedientes y <strong>seguimos con nuestra costumbre de mover las manecillas del reloj<\/strong>. Y en la madrugada de este domingo 26 de marzo volveremos a hacerlo de nuevo, puesto que <a href=\"https:\/\/www.xataka.com\/ecologia-y-naturaleza\/europa-sigue-siendo-incapaz-matar-cambio-hora-no-parezca-buena-noticia\">en Europa seguimos atascados en el proceso de darle finiquito<\/a> a esta pr\u00e1ctica.<\/p>\n<p><!-- BREAK 2 --><\/p>\n<h2>Lo haremos al menos hasta 2026<\/h2>\n<div class=\"article-asset-image article-asset-normal article-asset-center\">\n<div class=\"asset-content\">\n<div class=\"caption-img \">\n<div class=\"base-wrapper-image\" style=\"padding-top:66.691068814056%;\">\n                          <a href=\"https:\/\/unsplash.com\/es\/@mpho_mojapelo\"><\/p>\n<p>   <img decoding=\"async\" alt=\"Reloj\" class=\"centro_sinmarco\" src=\"https:\/\/i.blogs.es\/7409da\/reloj\/450_1000.webp\"><br \/>\n  <\/a><\/p><\/div>\n<p>         <span>Imagen |\u00a0mpho_mojapelo<\/span>\n   <\/div>\n<\/p><\/div>\n<\/div>\n<p>En Espa\u00f1a como en el resto de estados miembros de la Uni\u00f3n Europa, seguimos cumpliendo la <a href=\"https:\/\/op.europa.eu\/es\/publication-detail\/-\/publication\/eb170453-93f3-4edb-a1ef-a4c46b64efc7\">directiva europea 2000\/84\/CE<\/a>. Es de aplicaci\u00f3n a todos los pa\u00edses miembros de la Uni\u00f3n Europea, sin excepci\u00f3n y supone que dos veces al a\u00f1o tenemos que cambiar la hora. <strong>Y ahora, nos toca adelantarla.<\/strong><\/p>\n<p><!-- BREAK 3 --><\/p>\n<div class=\"article-asset-video article-asset-normal\">\n<div class=\"asset-content\">\n<div class=\"base-asset-video\">\n<div class=\"js-dailymotion\">\n    <script type=\"application\/json\">\n           {\"videoId\":\"x8006fc\",\"autoplay\":true,\"title\":\"C\u00f3mo dormir cuando hace mucho calor y no tienes aire acondicionado\", \"tag\":\"\"}\n         <\/script>\n   <\/div>\n<\/p><\/div>\n<\/p><\/div>\n<\/div>\n<p>Es el \u00faltimo domingo del mes de marzo, que en esta ocasi\u00f3n cae en d\u00eda 26, cuando tocar\u00e1 de nuevo cambiar la hora en relojes y en todos los dispositivos en los que se integre un reloj. Se trata de <strong>dejar atr\u00e1s el horario de invierno y dar la bienvenida al de verano.<\/strong><\/p>\n<p><!-- BREAK 4 --><\/p>\n<div class=\"article-asset-summary article-asset-normal article-asset-center\">\n<div class=\"asset-content\">\n<div class=\"sumario\">El paso al horario de verano de 2022 tendr\u00e1 lugar en la madrugada del s\u00e1bado 25 al domingo 26 de marzo: a las 2 de la ma\u00f1ana pasar\u00e1n a ser las 3 de la ma\u00f1ana<\/div>\n<\/p><\/div>\n<\/div>\n<p>Ser\u00e1 este pr\u00f3ximo domingo 26 de marzo cuando tendremos que adelantar una hora los relojes. De esta forma <strong>cuando sean las 02:00 horas de la madrugada del s\u00e1bado al domingo pasar\u00e1n a ser las 03:00 horas<\/strong>. Tendremos que esperar de nuevo a octubre para regresar al horario de invierno.<\/p>\n<p><!-- BREAK 5 --><\/p>\n<p>Un nuevo cambio en las manecillas de relojes que al menos tendremos que repetir hasta 2026, y eso pese que hemos visto como se han hecho amagos para acabar con esta pr\u00e1ctica, con <a href=\"https:\/\/www.xataka.com\/investigacion\/parlamento-europeo-aprueba-fin-cambio-horario-2021-asi-se-decidira-futuro-definitivo-polemico-cambio-hora\">propuestas para hacerlo en 2019<\/a> y en 2021. <strong>Un cambio horario que tiene por objetivo ayudar a ahorrar energ\u00eda<\/strong>, puesto que seg\u00fan la teor\u00eda pasa a consumirse menos electricidad si se aprovechan mejor las horas de luz solar. Pero eso es en teor\u00eda.<\/p>\n<p><!-- BREAK 6 --><\/p>\n<div class=\"article-asset article-asset-normal article-asset-center\">\n<div class=\"desvio-container\">\n<div class=\"desvio\">\n<div class=\"desvio-figure js-desvio-figure\">\n    <a href=\"https:\/\/www.xataka.com\/medicina-y-salud\/forma-sencilla-entender-que-cambiamos-hora-esta-madrugada-este-mapa\" target='\"_blank\"' rel=\"noopener\"><br \/>\n     <img decoding=\"async\" alt=\"La forma m\u00e1s sencilla de entender por qu\u00e9 cambiamos de hora esta madrugada es este mapa\" src=\"https:\/\/i.blogs.es\/7a6cd8\/portada-cambio-de-hora\/375_142.webp\" onerror='this.src=\"https:\/\/i.blogs.es\/7a6cd8\/portada-cambio-de-hora\/375_142.jpg\"'><br \/>\n    <\/a>\n   <\/div>\n<div class=\"desvio-summary\">\n<div class=\"desvio-taxonomy js-desvio-taxonomy\">\n     <a href=\"https:\/\/www.xataka.com\/medicina-y-salud\/forma-sencilla-entender-que-cambiamos-hora-esta-madrugada-este-mapa\" class=\"desvio-taxonomy-anchor m-crosspost\" target='\"_blank\"' rel=\"noopener\">En Xataka<\/a>\n    <\/div>\n<p>    <a href=\"https:\/\/www.xataka.com\/medicina-y-salud\/forma-sencilla-entender-que-cambiamos-hora-esta-madrugada-este-mapa\" class=\"desvio-title js-desvio-title\" target='\"_blank\"' rel=\"noopener\">La forma m\u00e1s sencilla de entender por qu\u00e9 cambiamos de hora esta madrugada es este mapa<\/a>\n   <\/div>\n<\/p><\/div>\n<\/p><\/div>\n<\/div>\n<p>Adem\u00e1s debes tener en cuenta que todos <strong>los dispositivos que en casa tengas conectados a Internet, no van a requerir que hagas nada,<\/strong> puesto que cambiar\u00e1n de hora autom\u00e1ticamente. S\u00f3lo tendr\u00e1s que modificar la hora en aquellos que sigan funcionando de forma tradicional.<\/p>\n<p><!-- BREAK 7 --><\/p>\n<p>En Xataka | <a href=\"https:\/\/www.xataka.com\/ecologia-y-naturaleza\/europa-sigue-siendo-incapaz-matar-cambio-hora-no-parezca-buena-noticia\">A las 02:00 seguir\u00e1n siendo las 03:00: cinco a\u00f1os despu\u00e9s, Europa es incapaz de matar el cambio de hora<\/a><\/p>\n<p><!-- BREAK 8 --><\/p>\n<p>Imagen portada | Jose Antonio con <a href=\"https:\/\/www.midjourney.com\/home\/?callbackUrl=%2Fapp%2Fjobs%2F309bc6c2-a6f9-46ec-bc6b-177153dec631%2F\">Midjourney<\/a><\/p>\n<p><!-- BREAK 9 --><\/p>\n<p>Imagen interior | <a href=\"https:\/\/unsplash.com\/es\/@mpho_mojapelo\">Mpho Mojapelo<\/a><\/p>\n<p><script>\n (function() {\n  window._JS_MODULES = window._JS_MODULES || {};\n  var headElement = document.getElementsByTagName('head')[0];\n  if (_JS_MODULES.instagram) {\n   var instagramScript = document.createElement('script');\n   instagramScript.src = 'https:\/\/platform.instagram.com\/en_US\/embeds.js';\n   instagramScript.async = true;\n   instagramScript.defer = true;\n   headElement.appendChild(instagramScript);\n  }\n })();\n<\/script><\/p>\n<p> &#8211; <br \/> La noticia<br \/>\n      <a href=\"https:\/\/www.xatakahome.com\/a-fondo\/a-02-00-seguiran-siendo-03-00-proximo-sabado-toca-regresar-al-horario-verano-europa-no-diga-contrario?utm_source=feedburner&amp;utm_medium=feed&amp;utm_campaign=22_Mar_2023\"><br \/>\n       <em> A las 02:00 seguir\u00e1n siendo las 03:00. El pr\u00f3ximo s\u00e1bado toca regresar al horario de verano mientras Europa no diga lo contrario  <\/em><br \/>\n      <\/a><br \/>\n      fue publicada originalmente en<br \/>\n      <a href=\"https:\/\/www.xatakahome.com\/?utm_source=feedburner&amp;utm_medium=feed&amp;utm_campaign=22_Mar_2023\"><br \/>\n       <strong> Xataka Smart Home <\/strong><br \/>\n      <\/a><br \/>\n            por <a href=\"https:\/\/www.xatakahome.com\/autor\/jose-antonio-carmona?utm_source=feedburner&amp;utm_medium=feed&amp;utm_campaign=22_Mar_2023\"><br \/>\n       Jose Antonio Carmona<br \/>\n      <\/a><br \/>\n      . <\/p>\n<\/div>\n","protected":false},"excerpt":{"rendered":"<p>Aunque parece que llevamos ya alguna semana instalados en la primavera, lo cierto es que hace muy pocas horas que acabamos de inaugurar la nueva estaci\u00f3n. Un cambio que adem\u00e1s va asociado tambi\u00e9n a una modificaci\u00f3n de nuestros horarios y es que ver\u00e1 c\u00f3mo este pr\u00f3ximo domingo toca de nuevo cambio de hora. Mientras se &hellip; <a href=\"https:\/\/domosistemas.com\/?p=19727\" class=\"more-link\">Sigue leyendo <span class=\"screen-reader-text\">A las 02:00 seguir\u00e1n siendo las 03:00. El pr\u00f3ximo s\u00e1bado toca regresar al horario de verano mientras Europa no diga lo contrario<\/span><\/a><\/p>\n","protected":false},"author":1,"featured_media":0,"comment_status":"closed","ping_status":"closed","sticky":false,"template":"","format":"standard","meta":{"footnotes":""},"categories":[8],"tags":[],"class_list":["post-19727","post","type-post","status-publish","format-standard","hentry","category-xataka"],"_links":{"self":[{"href":"https:\/\/domosistemas.com\/index.php?rest_route=\/wp\/v2\/posts\/19727","targetHints":{"allow":["GET"]}}],"collection":[{"href":"https:\/\/domosistemas.com\/index.php?rest_route=\/wp\/v2\/posts"}],"about":[{"href":"https:\/\/domosistemas.com\/index.php?rest_route=\/wp\/v2\/types\/post"}],"author":[{"embeddable":true,"href":"https:\/\/domosistemas.com\/index.php?rest_route=\/wp\/v2\/users\/1"}],"replies":[{"embeddable":true,"href":"https:\/\/domosistemas.com\/index.php?rest_route=%2Fwp%2Fv2%2Fcomments&post=19727"}],"version-history":[{"count":0,"href":"https:\/\/domosistemas.com\/index.php?rest_route=\/wp\/v2\/posts\/19727\/revisions"}],"wp:attachment":[{"href":"https:\/\/domosistemas.com\/index.php?rest_route=%2Fwp%2Fv2%2Fmedia&parent=19727"}],"wp:term":[{"taxonomy":"category","embeddable":true,"href":"https:\/\/domosistemas.com\/index.php?rest_route=%2Fwp%2Fv2%2Fcategories&post=19727"},{"taxonomy":"post_tag","embeddable":true,"href":"https:\/\/domosistemas.com\/index.php?rest_route=%2Fwp%2Fv2%2Ftags&post=19727"}],"curies":[{"name":"wp","href":"https:\/\/api.w.org\/{rel}","templated":true}]}}