{"id":19773,"date":"2023-03-25T11:07:23","date_gmt":"2023-03-25T11:07:23","guid":{"rendered":"https:\/\/domosistemas.com\/?p=19773"},"modified":"2023-03-25T11:07:23","modified_gmt":"2023-03-25T11:07:23","slug":"cambiar-al-horario-de-verano-este-2023-afectara-a-tu-factura-de-la-luz-cual-es-el-motivo-y-en-que-cantidad-lo-hara","status":"publish","type":"post","link":"https:\/\/domosistemas.com\/?p=19773","title":{"rendered":"Cambiar al horario de verano este 2023 afectar\u00e1 a tu factura de la luz: cu\u00e1l es el motivo y en qu\u00e9 cantidad lo har\u00e1"},"content":{"rendered":"<div>\n<p>\n      <img decoding=\"async\" src=\"https:\/\/i.blogs.es\/47de76\/1366_2000\/1024_2000.jpeg\" alt=\"Cambiar al horario de verano este 2023 afectar\u00e1 a tu factura de la luz: cu\u00e1l es el motivo y en qu\u00e9 cantidad lo har\u00e1\">\n    <\/p>\n<p>Llega de nuevo ese raro d\u00eda que se repite a\u00f1o tras a\u00f1o, el del cambio al horario de verano, una acci\u00f3n que todos tendremos que <a href=\"https:\/\/www.xatakahome.com\/curiosidades\/pronto-habra-que-atrasar-hora-estos-dispositivos-que-no-tendras-que-tocar-casa-inteligente-ha-cambiado-todo\">realizar de forma manual o autom\u00e1tica<\/a> en nuestros relojes y dispositivos, \u00a0y que este 2023 tendr\u00e1 lugar en la <strong>madrugada del 25 al 26 de marzo<\/strong> coincidiendo como suele ser habitual con la transici\u00f3n entre la noche del s\u00e1bado al domingo.<\/p>\n<p><!-- BREAK 1 --><\/p>\n<p><strong>A las dos de la madrugada el reloj se adelantar\u00e1 una hora y ser\u00e1n las tres<\/strong>, justo lo contrario que sucede en el cambio de horario de invierno. Parece poca cosa, pero adem\u00e1s de los <a href=\"https:\/\/www.xataka.com\/medicina-y-salud\/este-fin-de-semana-pasaremos-al-horario-de-invierno-y-asi-es-como-nos-afectara-el-cambio\">desarreglos fisiol\u00f3gicos<\/a> el cambio horario tambi\u00e9n puede llegar a repercutir en nuestro gasto a final de mes, ya que est\u00e1 muy relacionado con el consumo energ\u00e9tico.<\/p>\n<p><!-- BREAK 2 --><\/p>\n<p>Se trata de una medida que fue <a href=\"https:\/\/www.xataka.com\/basics\/cambio-hora-invierno-2022-que-dia-que-se-hace-que-pasa-tus-dispositivos\">aplicada por primera vez<\/a> a principios del siglo XX y que posteriormente cerca de <a href=\"https:\/\/www.statista.com\/chart\/24473\/countries-changing-clock-daylight-savings\/\">un 40% de pa\u00edses<\/a> en todo el mundo han venido acogiendo con el argumento generalizado de que <a href=\"https:\/\/www.xataka.com\/investigacion\/muchos-paises-que-decidieron-acabar-cambio-hora-pocos-que-han-regresado-a\">se consigue un mayor ahorro energ\u00e9tico<\/a> y que los ciudadanos podemos <strong>aprovechar mejor la luz natural del sol<\/strong>.<\/p>\n<p><!-- BREAK 3 --><\/p>\n<div class=\"article-asset-image article-asset-normal article-asset-center\">\n<div class=\"asset-content\">\n<div class=\"base-wrapper-image\" style=\"padding-top:58.9%;\">\n<p>  <img decoding=\"async\" alt=\"horario\" class=\"centro_sinmarco\" src=\"https:\/\/i.blogs.es\/c93615\/1366_20004489\/450_1000.webp\"><\/p><\/div>\n<\/p><\/div>\n<\/div>\n<p>Sin embargo, si bien es cierto que en espacios con grandes sistemas de iluminaci\u00f3n artificial (empresas, comercios, oficinas, f\u00e1bricas, etc.) es posible lograr un ahorro econ\u00f3mico importante, <strong>en los hogares la medida en algunos casos puede incluso ser contraproducente<\/strong>, ya que este desplazamiento del horario de luz natural <strong>no coincide siempre con los precios bajos de la electricidad para uso dom\u00e9stico<\/strong>.<\/p>\n<p><!-- BREAK 4 --><\/p>\n<div class=\"article-asset article-asset-normal article-asset-center\">\n<div class=\"desvio-container\">\n<div class=\"desvio\">\n<div class=\"desvio-figure js-desvio-figure\">\n    <a href=\"https:\/\/www.xatakahome.com\/a-fondo\/he-comprobado-cuales-realmente-horarios-baratos-caros-precio-luz-este-ha-sido-resultado\"><br \/>\n     <img decoding=\"async\" alt=\"He comprobado cu\u00e1les son realmente los horarios m\u00e1s baratos y caros en el precio de la luz: este ha sido el resultado\" src=\"https:\/\/i.blogs.es\/357583\/1366_2000hras-mas-baratas\/375_142.webp\" onerror='this.src=\"https:\/\/i.blogs.es\/357583\/1366_2000hras-mas-baratas\/375_142.jpg\"'><br \/>\n    <\/a>\n   <\/div>\n<div class=\"desvio-summary\">\n<div class=\"desvio-taxonomy js-desvio-taxonomy\">\n     <a href=\"https:\/\/www.xatakahome.com\/a-fondo\/he-comprobado-cuales-realmente-horarios-baratos-caros-precio-luz-este-ha-sido-resultado\" class=\"desvio-taxonomy-anchor\">En Xataka Smart Home<\/a>\n    <\/div>\n<p>    <a href=\"https:\/\/www.xatakahome.com\/a-fondo\/he-comprobado-cuales-realmente-horarios-baratos-caros-precio-luz-este-ha-sido-resultado\" class=\"desvio-title js-desvio-title\">He comprobado cu\u00e1les son realmente los horarios m\u00e1s baratos y caros en el precio de la luz: este ha sido el resultado<\/a>\n   <\/div>\n<\/p><\/div>\n<\/p><\/div>\n<\/div>\n<h2>Cambiamos a horario de verano y los precios de la luz siguen con horario de invierno<\/h2>\n<p>Y es que el principal motivo para que a los consumidores dom\u00e9sticos no nos beneficie siempre el cambio de horario lo encontramos en c\u00f3mo se comporta el precio de la electricidad: cambiamos los relojes pero <strong>la facturaci\u00f3n de la electricidad se mantiene con el mismo horario<\/strong>.<\/p>\n<p><!-- BREAK 5 --><\/p>\n<p>Como <a href=\"https:\/\/www.xatakahome.com\/a-fondo\/he-comprobado-cuales-realmente-horarios-baratos-caros-precio-luz-este-ha-sido-resultado\">vimos a fondo<\/a> \u00a0cuando calculamos cu\u00e1les son realmente los horarios m\u00e1s baratos y caros en el precio de la luz, en media la mayor\u00eda de los d\u00edas las horas con el precio de la electricidad m\u00e1s barato se han situado en la franja que va <strong>de las 14:00 a las 17:00<\/strong> de la tarde. Por su parte, el horario m\u00e1s caro suele estar en la franja que comprende <strong>de las 20:00 a las 22:00<\/strong>.<\/p>\n<p><!-- BREAK 6 --><\/p>\n<div class=\"article-asset-image article-asset-normal article-asset-center\">\n<div class=\"asset-content\">\n<div class=\"caption-img \">\n<div class=\"base-wrapper-image\" style=\"padding-top:55.281690140845%;\">\n<p>  <img decoding=\"async\" alt=\"horaior\" class=\"centro_sinmarco\" src=\"https:\/\/i.blogs.es\/423bd7\/1366_2000\/450_1000.webp\"><\/p><\/div>\n<p>         <span>Franjas horarias m\u00e1s caras y baratas<\/span>\n   <\/div>\n<\/p><\/div>\n<\/div>\n<p>Con el paso al horario de verano lo que estamos haciendo es b\u00e1sicamente <strong>ganar una hora de luz natural al atardecer<\/strong>, que como podemos ver en el gr\u00e1fico de precios medios tiene un <strong>coste elevado<\/strong> de la electricidad para consumidores dom\u00e9sticos, mientras que <strong>perdemos una hora de luz natural por la ma\u00f1ana<\/strong>, que como podemos observar es donde se sit\u00faa la franja con precios m\u00e1s econ\u00f3micos.<\/p>\n<p><!-- BREAK 7 --><\/p>\n<p>Esto nos obliga a tener que <strong>encender las luces de casa una hora antes por las ma\u00f1anas<\/strong>, justo en el horario donde la electricidad est\u00e1 en media m\u00e1s barata, lo contrario que sucede por las tardes, cuando tendremos una hora m\u00e1s de luz natural en el horario donde la electricidad est\u00e1 m\u00e1s cara.<\/p>\n<p><!-- BREAK 8 --><\/p>\n<div class=\"article-asset-video article-asset-normal\">\n<div class=\"asset-content\">\n<div class=\"base-asset-video\">\n<div class=\"js-dailymotion\">\n    <script type=\"application\/json\">\n           {\"videoId\":\"x84et70\",\"autoplay\":true,\"title\":\"7 Razones para NO hacer el cambio de hora\", \"tag\":\"Cambio horario\"}\n         <\/script>\n   <\/div>\n<\/p><\/div>\n<\/p><\/div>\n<\/div>\n<h2>Un impacto peque\u00f1o si usamos iluminaci\u00f3n LED<\/h2>\n<p>Por todo ello, \u00a0el cambio horario de verano puede ocasionarnos una cierta rebaja <strong>\u00a0en la factura el\u00e9ctrica<\/strong> a final de mes, aunque tambi\u00e9n hay que considerar c\u00f3mo de importante puede llegar a ser este coste.<\/p>\n<p><!-- BREAK 9 --><\/p>\n<p>En la pr\u00e1ctica, la realidad es que la mayor\u00eda de familias siguen manteniendo sus h\u00e1bitos de uso de electrodom\u00e9sticos con independencia del horario de la luz natural, causando el cambio de hora solo <strong>variaciones en el uso de la electricidad para generar luz<\/strong>.<\/p>\n<p><!-- BREAK 10 --><\/p>\n<p>Dado que la mayor\u00eda de viviendas contamos ya con <strong>bombillas de tipo LED de muy bajo consumo<\/strong>, tener encendida una hora m\u00e1s cada d\u00eda la iluminaci\u00f3n de casa en general no supone una diferencia notable.<\/p>\n<p><!-- BREAK 11 --><\/p>\n<p>Por ejemplo, suponiendo un caso t\u00edpico en el que tengamos <strong>cuatro o cinco bombillas LED<\/strong> encendidas de m\u00e1s cada d\u00eda una hora, cada una gastando 5 o 6 vatios, el consumo diario extra ser\u00e1 de entre 20-30 vatios. Extrapolando a todo un mes tenemos entre 600 y 900 vatios, que si tomamos un precio medio de la electricidad de 0,30 euros por kilovatio nos da un gasto extra de <strong>entre 0,18 y 0,27 euros al mes<\/strong>.<\/p>\n<p><!-- BREAK 12 --><\/p>\n<p>Por supuesto, si todav\u00eda tenemos bombillas incandescentes cl\u00e1sicas el importe puede multiplicarse por cinco f\u00e1cilmente, al igual que si somos muchos convivientes en casa, cada uno en su habitaci\u00f3n con <strong>varias luces encendidas<\/strong>, tenemos jard\u00edn, patio o terraza con iluminaci\u00f3n exterior m\u00faltiple o l\u00e1mparas con varias bombillas cada una, estos precios se pueden incrementar notablemente.<\/p>\n<p><!-- BREAK 13 --><\/p>\n<p>Imagen portada | <a href=\"https:\/\/unsplash.com\/es\/@mpho_mojapelo\">Mpho Mojapelo<\/a><\/p>\n<p>En Xataka Smart Home | <a href=\"https:\/\/www.xatakahome.com\/a-fondo\/he-comprobado-cuales-realmente-horarios-baratos-caros-precio-luz-este-ha-sido-resultado\">He comprobado cu\u00e1les son realmente los horarios m\u00e1s baratos y caros en el precio de la luz: este ha sido el resultado<\/a><\/p>\n<p><!-- BREAK 14 --><script>\n (function() {\n  window._JS_MODULES = window._JS_MODULES || {};\n  var headElement = document.getElementsByTagName('head')[0];\n  if (_JS_MODULES.instagram) {\n   var instagramScript = document.createElement('script');\n   instagramScript.src = 'https:\/\/platform.instagram.com\/en_US\/embeds.js';\n   instagramScript.async = true;\n   instagramScript.defer = true;\n   headElement.appendChild(instagramScript);\n  }\n })();\n<\/script><\/p>\n<p> &#8211; <br \/> La noticia<br \/>\n      <a href=\"https:\/\/www.xatakahome.com\/a-fondo\/cambiar-al-horario-verano-este-2023-afectara-a-tu-factura-luz-cual-motivo-que-cantidad-hara?utm_source=feedburner&amp;utm_medium=feed&amp;utm_campaign=25_Mar_2023\"><br \/>\n       <em> Cambiar al horario de verano este 2023 afectar\u00e1 a tu factura de la luz: cu\u00e1l es el motivo y en qu\u00e9 cantidad lo har\u00e1 <\/em><br \/>\n      <\/a><br \/>\n      fue publicada originalmente en<br \/>\n      <a href=\"https:\/\/www.xatakahome.com\/?utm_source=feedburner&amp;utm_medium=feed&amp;utm_campaign=25_Mar_2023\"><br \/>\n       <strong> Xataka Smart Home <\/strong><br \/>\n      <\/a><br \/>\n            por <a href=\"https:\/\/www.xatakahome.com\/autor\/paco-rodriguez?utm_source=feedburner&amp;utm_medium=feed&amp;utm_campaign=25_Mar_2023\"><br \/>\n       Paco Rodriguez<br \/>\n      <\/a><br \/>\n      . <\/p>\n<\/div>\n","protected":false},"excerpt":{"rendered":"<p>Llega de nuevo ese raro d\u00eda que se repite a\u00f1o tras a\u00f1o, el del cambio al horario de verano, una acci\u00f3n que todos tendremos que realizar de forma manual o autom\u00e1tica en nuestros relojes y dispositivos, \u00a0y que este 2023 tendr\u00e1 lugar en la madrugada del 25 al 26 de marzo coincidiendo como suele ser &hellip; <a href=\"https:\/\/domosistemas.com\/?p=19773\" class=\"more-link\">Sigue leyendo <span class=\"screen-reader-text\">Cambiar al horario de verano este 2023 afectar\u00e1 a tu factura de la luz: cu\u00e1l es el motivo y en qu\u00e9 cantidad lo har\u00e1<\/span><\/a><\/p>\n","protected":false},"author":1,"featured_media":0,"comment_status":"closed","ping_status":"closed","sticky":false,"template":"","format":"standard","meta":{"footnotes":""},"categories":[8],"tags":[],"class_list":["post-19773","post","type-post","status-publish","format-standard","hentry","category-xataka"],"_links":{"self":[{"href":"https:\/\/domosistemas.com\/index.php?rest_route=\/wp\/v2\/posts\/19773","targetHints":{"allow":["GET"]}}],"collection":[{"href":"https:\/\/domosistemas.com\/index.php?rest_route=\/wp\/v2\/posts"}],"about":[{"href":"https:\/\/domosistemas.com\/index.php?rest_route=\/wp\/v2\/types\/post"}],"author":[{"embeddable":true,"href":"https:\/\/domosistemas.com\/index.php?rest_route=\/wp\/v2\/users\/1"}],"replies":[{"embeddable":true,"href":"https:\/\/domosistemas.com\/index.php?rest_route=%2Fwp%2Fv2%2Fcomments&post=19773"}],"version-history":[{"count":0,"href":"https:\/\/domosistemas.com\/index.php?rest_route=\/wp\/v2\/posts\/19773\/revisions"}],"wp:attachment":[{"href":"https:\/\/domosistemas.com\/index.php?rest_route=%2Fwp%2Fv2%2Fmedia&parent=19773"}],"wp:term":[{"taxonomy":"category","embeddable":true,"href":"https:\/\/domosistemas.com\/index.php?rest_route=%2Fwp%2Fv2%2Fcategories&post=19773"},{"taxonomy":"post_tag","embeddable":true,"href":"https:\/\/domosistemas.com\/index.php?rest_route=%2Fwp%2Fv2%2Ftags&post=19773"}],"curies":[{"name":"wp","href":"https:\/\/api.w.org\/{rel}","templated":true}]}}