{"id":19995,"date":"2023-04-13T08:29:17","date_gmt":"2023-04-13T08:29:17","guid":{"rendered":"https:\/\/domosistemas.com\/?p=19995"},"modified":"2023-04-13T08:29:17","modified_gmt":"2023-04-13T08:29:17","slug":"usar-tus-electrodomesticos-en-estas-horas-hara-que-se-dispare-tu-factura-de-la-luz-de-abril-este-es-el-horario-mas-barato-si-tienes-tarifa-pvpc","status":"publish","type":"post","link":"https:\/\/domosistemas.com\/?p=19995","title":{"rendered":"Usar tus electrodom\u00e9sticos en estas horas har\u00e1 que se dispare tu factura de la luz de abril: este es el horario m\u00e1s barato si tienes tarifa PVPC"},"content":{"rendered":"<div>\n<p>\n      <img decoding=\"async\" src=\"https:\/\/i.blogs.es\/07cb9c\/emily-chung-vx1k-q7f6im-unsplash\/1024_2000.jpeg\" alt=\"Usar tus electrodom\u00e9sticos en estas horas har\u00e1 que se dispare tu factura de la luz de abril: este es el horario m\u00e1s barato si tienes tarifa PVPC\">\n    <\/p>\n<p>El pasado oto\u00f1o <a href=\"https:\/\/www.xatakahome.com\/a-fondo\/he-calculado-ahorro-usar-siempre-tus-electrodomesticos-hora-barata-dia-resultado-me-ha-sorprendido\">analizamos cu\u00e1nto podemos llegar a ahorrar<\/a> si escogemos <strong>encender nuestros electrodom\u00e9sticos<\/strong> siempre en las horas del d\u00eda en las que el precio de la luz de nuestra <strong>tarifa PVPC<\/strong> con discriminaci\u00f3n horaria es el m\u00e1s barato.<\/p>\n<p><!-- BREAK 1 --><\/p>\n<p>El ahorro puede llegar a ser considerable sobre todo en el caso de utilizar placas de cocina de tipo <a href=\"https:\/\/www.xatakahome.com\/electrodomesticos-innovadores\/induccion-vitro-gas-que-elegir-para-cambiar-cocina\">vitrocer\u00e1mica o de inducci\u00f3n<\/a>, \u00a0hornos, tenemos radiadores el\u00e9ctricos, climatizadores, <strong>ponemos lavadoras y lavavajillas<\/strong> todos los d\u00edas, etc.<\/p>\n<p><!-- BREAK 2 --><\/p>\n<p>Sin embargo, estas horas m\u00e1s caras y m\u00e1s baratas no son siempre las mismas, sino que han ido variando poco a poco. Por ello, para poder planificar este encendido de nuestros electrodom\u00e9sticos y equipos hay que conocer precisamente eso, <strong>cu\u00e1l ser\u00e1 la hora m\u00e1s econ\u00f3mica<\/strong> de ese d\u00eda o a ser posible del d\u00eda siguiente, algo que como ya <a href=\"https:\/\/www.xatakahome.com\/a-fondo\/como-saber-que-precio-tendra-luz-manana-tienes-tarifa-mercado-libre-como-regulado\">vimos a fondo en su momento<\/a> es posible saber consultando diferentes p\u00e1ginas y servicios online.<\/p>\n<p><!-- BREAK 3 --><\/p>\n<div class=\"article-asset-video article-asset-normal\">\n<div class=\"asset-content\">\n<div class=\"base-asset-video\">\n<div class=\"js-dailymotion\">\n    <script type=\"application\/json\">\n           {\"videoId\":\"x88tf3k\",\"autoplay\":true,\"title\":\"AHORRA EN TU FACTURA DE LA LUZ: Las MEJORES OPCIONES para conocer los PRECIOS EN TU M\u00d3VIL\", \"tag\":\"webedia-prod\"}\n         <\/script>\n   <\/div>\n<\/p><\/div>\n<\/p><\/div>\n<\/div>\n<h2>Las horas m\u00e1s baratas y caras este mes de abril de 2023<\/h2>\n<p>No obstante, siempre conviene tener una idea general de cu\u00e1les son los <strong>horarios m\u00e1s baratos del d\u00eda<\/strong> sin tener que andar consultando nada, un dato que ha ido variando con las estaciones y que ahora, ya metidos de pleno en la primavera est\u00e1 volviendo a cambiar de tendencia.<\/p>\n<p><!-- BREAK 4 --><\/p>\n<p>Y es que, <strong>en las \u00faltimas dos semanas<\/strong>, atendiendo a los datos proporcionados por <a href=\"https:\/\/www.esios.ree.es\/es\/pvpc?date=14-03-2023\">Red El\u00e9ctrica Espa\u00f1ola<\/a>, la curva de precios <strong>ha vuelto a modificarse<\/strong> de nuevo haciendo que se muestren dos grandes periodos muy bien diferenciados.<\/p>\n<p><!-- BREAK 5 --><\/p>\n<p>El primero es el correspondiente al <strong>horario m\u00e1s barato del d\u00eda<\/strong>, que este mes de abril se ha venido situando la mayor\u00eda de los d\u00edas <strong>entre las 14:00 y 18:00 horas<\/strong> con una diferencia muy significativa con respecto a las horas m\u00e1s caras de cada jornada.<\/p>\n<p><!-- BREAK 6 --><\/p>\n<div class=\"article-asset-image article-asset-normal article-asset-center\">\n<div class=\"asset-content\">\n<div class=\"caption-img \">\n<div class=\"base-wrapper-image\" style=\"padding-top:50.724637681159%;\">\n<p>  <img decoding=\"async\" alt=\"precio\" class=\"centro_sinmarco\" src=\"https:\/\/i.blogs.es\/84accb\/1366_2000precio\/450_1000.webp\"><\/p><\/div>\n<p>         <span>Precio luz 13-04-2023. Fuente ESIOS<\/span>\n   <\/div>\n<\/p><\/div>\n<\/div>\n<p>As\u00ed, el tramo horario m\u00e1s caro para nuestros bolsillos se ha venido situando estas \u00faltimas semanas <strong>entre las 20:00 y las 22:00<\/strong>, pero con una novedad interesante con respecto a otros meses: la diferencia entre la hora m\u00e1s cara y las m\u00e1s barata se ha estabilizado e incrementado la mayor\u00eda de los d\u00edas, y <strong>hay jornadas en las que los precios se multiplican por cinco<\/strong>.<\/p>\n<p><!-- BREAK 7 --><\/p>\n<div class=\"article-asset article-asset-normal article-asset-center\">\n<div class=\"desvio-container\">\n<div class=\"desvio\">\n<div class=\"desvio-figure js-desvio-figure\">\n    <a href=\"https:\/\/www.xatakahome.com\/a-fondo\/como-saber-que-precio-tendra-luz-manana-tienes-tarifa-mercado-libre-como-regulado\"><br \/>\n     <img decoding=\"async\" alt=\"C\u00f3mo saber qu\u00e9 precio tendr\u00e1 la luz ma\u00f1ana tanto si tienes una tarifa en el mercado libre como en el regulado\" src=\"https:\/\/i.blogs.es\/bad682\/jason-leung-6kb5c7_3cu0-unsplash\/375_142.webp\" onerror='this.src=\"https:\/\/i.blogs.es\/bad682\/jason-leung-6kb5c7_3cu0-unsplash\/375_142.jpg\"'><br \/>\n    <\/a>\n   <\/div>\n<div class=\"desvio-summary\">\n<div class=\"desvio-taxonomy js-desvio-taxonomy\">\n     <a href=\"https:\/\/www.xatakahome.com\/a-fondo\/como-saber-que-precio-tendra-luz-manana-tienes-tarifa-mercado-libre-como-regulado\" class=\"desvio-taxonomy-anchor\">En Xataka Smart Home<\/a>\n    <\/div>\n<p>    <a href=\"https:\/\/www.xatakahome.com\/a-fondo\/como-saber-que-precio-tendra-luz-manana-tienes-tarifa-mercado-libre-como-regulado\" class=\"desvio-title js-desvio-title\">C\u00f3mo saber qu\u00e9 precio tendr\u00e1 la luz ma\u00f1ana tanto si tienes una tarifa en el mercado libre como en el regulado<\/a>\n   <\/div>\n<\/p><\/div>\n<\/p><\/div>\n<\/div>\n<p>Como ejemplo podemos poner hoy mismo, d\u00eda 13 de abril, donde la hora m\u00e1s barata se sit\u00faa a las 14:00 horas con un importe de <strong>0,049 \u20ac\/kWh<\/strong> frente a los <strong>0,233 \u20ac\/kWh<\/strong>, lo que nos da un factor de multiplicaci\u00f3n de 4,75x.<\/p>\n<p><!-- BREAK 8 --><\/p>\n<p>Por ello, si lo que queremos es ahorrar lo m\u00e1ximo posible en la factura de la luz, este mes de abril y hasta que vuelvan a cambiar los tramos m\u00e1s caros y baratos, <strong>conviene huir del horario de tarde<\/strong> y encender o usar los electrodom\u00e9sticos que m\u00e1s gastan en esta franja <strong>alrededor de las 14:00 horas<\/strong>.<\/p>\n<p><!-- BREAK 9 --><\/p>\n<div class=\"article-asset-image article-asset-normal article-asset-center\">\n<div class=\"asset-content\">\n<div class=\"caption-img \">\n<div class=\"base-wrapper-image\" style=\"padding-top:60.764144011756%;\">\n<p>  <img decoding=\"async\" alt=\"precio\" class=\"centro_sinmarco\" src=\"https:\/\/i.blogs.es\/0a2bc8\/1366_2000precio9abril\/450_1000.webp\"><\/p><\/div>\n<p>         <span>Precio luz 09-04-2023. Fuente ESIOS<\/span>\n   <\/div>\n<\/p><\/div>\n<\/div>\n<p>\u00bfY las madrugadas, ya no son el horario m\u00e1s barato como ve\u00edamos hace unos meses? Pues estas \u00faltimas semanas no. En general el precio en esta franja nocturna se ha situado en un valor intermedio entre el horario m\u00e1s caro y el m\u00e1s barato. Por ejemplo, hoy 13 de abril es coste ha sido de <strong>0,114 \u20ac\/kWh, m\u00e1s o menos el doble que en el horario m\u00e1s barato.<\/strong><\/p>\n<p><!-- BREAK 10 --><\/p>\n<p>Adem\u00e1s, hay d\u00edas, sobre todo en fin de semana, que <strong>el importe en las horas de madrugada es de los m\u00e1s altos del d\u00eda<\/strong>, como por ejemplo sucedi\u00f3 el 9 de abril, por lo que no conviene fiarse y dejar para este horario las tareas habituales de encender la lavadora o el lavavajillas.<\/p>\n<p><!-- BREAK 11 --><\/p>\n<p>Imagen portada | <a href=\"https:\/\/unsplash.com\/es\/@emily_foto\">Emily Chung<\/a><\/p>\n<p>En Xataka Smart Home | <a href=\"https:\/\/www.xatakahome.com\/iluminacion-y-energia\/como-ver-internet-tiempo-real-cual-consumo-electricidad-que-tienes-casa\">C\u00f3mo ver por Internet en tiempo real cu\u00e1l es el consumo de electricidad que est\u00e1s haciendo en casa<\/a><\/p>\n<p><!-- BREAK 12 --><script>\n (function() {\n  window._JS_MODULES = window._JS_MODULES || {};\n  var headElement = document.getElementsByTagName('head')[0];\n  if (_JS_MODULES.instagram) {\n   var instagramScript = document.createElement('script');\n   instagramScript.src = 'https:\/\/platform.instagram.com\/en_US\/embeds.js';\n   instagramScript.async = true;\n   instagramScript.defer = true;\n   headElement.appendChild(instagramScript);\n  }\n })();\n<\/script><\/p>\n<p> &#8211; <br \/> La noticia<br \/>\n      <a href=\"https:\/\/www.xatakahome.com\/iluminacion-y-energia\/usar-tus-electrodomesticos-estas-horas-cada-dia-hara-que-se-dispare-tu-factura-luz-abril-este-horario-barato-para-ahorrar?utm_source=feedburner&amp;utm_medium=feed&amp;utm_campaign=13_Apr_2023\"><br \/>\n       <em> Usar tus electrodom\u00e9sticos en estas horas har\u00e1 que se dispare tu factura de la luz de abril: este es el horario m\u00e1s barato si tienes tarifa PVPC <\/em><br \/>\n      <\/a><br \/>\n      fue publicada originalmente en<br \/>\n      <a href=\"https:\/\/www.xatakahome.com\/?utm_source=feedburner&amp;utm_medium=feed&amp;utm_campaign=13_Apr_2023\"><br \/>\n       <strong> Xataka Smart Home <\/strong><br \/>\n      <\/a><br \/>\n            por <a href=\"https:\/\/www.xatakahome.com\/autor\/paco-rodriguez?utm_source=feedburner&amp;utm_medium=feed&amp;utm_campaign=13_Apr_2023\"><br \/>\n       Paco Rodriguez<br \/>\n      <\/a><br \/>\n      . <\/p>\n<\/div>\n","protected":false},"excerpt":{"rendered":"<p>El pasado oto\u00f1o analizamos cu\u00e1nto podemos llegar a ahorrar si escogemos encender nuestros electrodom\u00e9sticos siempre en las horas del d\u00eda en las que el precio de la luz de nuestra tarifa PVPC con discriminaci\u00f3n horaria es el m\u00e1s barato. El ahorro puede llegar a ser considerable sobre todo en el caso de utilizar placas de &hellip; <a href=\"https:\/\/domosistemas.com\/?p=19995\" class=\"more-link\">Sigue leyendo <span class=\"screen-reader-text\">Usar tus electrodom\u00e9sticos en estas horas har\u00e1 que se dispare tu factura de la luz de abril: este es el horario m\u00e1s barato si tienes tarifa PVPC<\/span><\/a><\/p>\n","protected":false},"author":1,"featured_media":0,"comment_status":"closed","ping_status":"closed","sticky":false,"template":"","format":"standard","meta":{"footnotes":""},"categories":[8],"tags":[],"class_list":["post-19995","post","type-post","status-publish","format-standard","hentry","category-xataka"],"_links":{"self":[{"href":"https:\/\/domosistemas.com\/index.php?rest_route=\/wp\/v2\/posts\/19995","targetHints":{"allow":["GET"]}}],"collection":[{"href":"https:\/\/domosistemas.com\/index.php?rest_route=\/wp\/v2\/posts"}],"about":[{"href":"https:\/\/domosistemas.com\/index.php?rest_route=\/wp\/v2\/types\/post"}],"author":[{"embeddable":true,"href":"https:\/\/domosistemas.com\/index.php?rest_route=\/wp\/v2\/users\/1"}],"replies":[{"embeddable":true,"href":"https:\/\/domosistemas.com\/index.php?rest_route=%2Fwp%2Fv2%2Fcomments&post=19995"}],"version-history":[{"count":0,"href":"https:\/\/domosistemas.com\/index.php?rest_route=\/wp\/v2\/posts\/19995\/revisions"}],"wp:attachment":[{"href":"https:\/\/domosistemas.com\/index.php?rest_route=%2Fwp%2Fv2%2Fmedia&parent=19995"}],"wp:term":[{"taxonomy":"category","embeddable":true,"href":"https:\/\/domosistemas.com\/index.php?rest_route=%2Fwp%2Fv2%2Fcategories&post=19995"},{"taxonomy":"post_tag","embeddable":true,"href":"https:\/\/domosistemas.com\/index.php?rest_route=%2Fwp%2Fv2%2Ftags&post=19995"}],"curies":[{"name":"wp","href":"https:\/\/api.w.org\/{rel}","templated":true}]}}