{"id":20923,"date":"2023-07-04T09:09:29","date_gmt":"2023-07-04T09:09:29","guid":{"rendered":"https:\/\/domosistemas.com\/?p=20923"},"modified":"2023-07-04T09:09:29","modified_gmt":"2023-07-04T09:09:29","slug":"poner-el-aire-acondicionado-demasiado-frio-tiene-sus-problemas-estos-son-los-principales-si-nos-pasamos-bajando-el-termostato","status":"publish","type":"post","link":"https:\/\/domosistemas.com\/?p=20923","title":{"rendered":"Poner el aire acondicionado demasiado fr\u00edo tiene sus problemas: estos son los principales si nos pasamos bajando el termostato"},"content":{"rendered":"<div>\n<p>\n      <img decoding=\"async\" src=\"https:\/\/i.blogs.es\/a35975\/1366_2000\/1024_2000.jpeg\" alt=\"Poner el aire acondicionado demasiado fr\u00edo tiene sus problemas: estos son los principales si nos pasamos bajando el termostato \">\n    <\/p>\n<p>Llega la \u00e9poca de calor toca <strong>encender el aire acondicionado en casa, momento en el que <\/strong>surge la pol\u00e9mica de cada temporada: \u00bf<strong>qu\u00e9 temperatura es la m\u00e1s recomendable<\/strong> poner en el termostato para lograr un ambiente confortable en casa?<\/p>\n<p><!-- BREAK 1 --><\/p>\n<p>Como ya <a href=\"https:\/\/www.xatakahome.com\/a-fondo\/esta-temperatura-ideal-aire-acondicionado-para-ahorrar-factura-luz-pasar-calor-verano-1\">vimos en su d\u00eda<\/a> con m\u00e1s profundidad, la temperatura ideal dentro de casa depender\u00e1 de m\u00faltiples factores, como por ejemplo de qui\u00e9n vive en ella, de si somos muy frioleros o calurosos, de la edad de los habitantes, de la <strong>humedad ambiental<\/strong>, el tiempo que vamos a pasar en su interior, etc.<\/p>\n<p><!-- BREAK 2 --><\/p>\n<p>Pero aunque no hay una temperatura ideal \u00abm\u00e1gica\u00bb, \u00a0s\u00ed hay una <strong>serie de rangos recomendados<\/strong> que podemos tomar como referencia para lograr un uso m\u00e1s eficiente del aire acondicionado en casa, situ\u00e1ndose esta temperatura ideal alrededor de los <strong>25\u00b0C.<\/strong><\/p>\n<p><!-- BREAK 3 --><\/p>\n<p>Muy bien, pero puede que no nos parezca suficiente y queramos estar todav\u00eda m\u00e1s frescos en casa<strong> bajando el termostato del aire acondicionado<\/strong> a todo lo que pueda ofrecernos el aparato. \u00bfQu\u00e9 sucede si lo hacemos, tiene repercusiones negativas en nuestra salud, o da lo mismo? Vamos a verlo.<\/p>\n<p><!-- BREAK 4 --><\/p>\n<h3>Primer problema: resecamos el ambiente m\u00e1s r\u00e1pido<\/h3>\n<div class=\"article-asset-image article-asset-normal article-asset-center\">\n<div class=\"asset-content\">\n<div class=\"base-wrapper-image\" style=\"padding-top:55.765595463138%;\">\n<p>  <img decoding=\"async\" alt=\"Portada\" class=\"centro_sinmarco\" src=\"https:\/\/i.blogs.es\/ddacea\/portada\/450_1000.webp\"><\/p><\/div>\n<\/p><\/div>\n<\/div>\n<p>Uno de los principales inconvenientes de usar un aire acondicionado es que <strong>reseca el ambiente<\/strong> donde lo estemos utilizando. Esto es debido a que, al generarse fr\u00edo distribuido en su radiador interno, se va a <strong>condensar la humedad ambiental<\/strong> en gotitas de agua que luego salen fuera mediante un tubo de expulsi\u00f3n.<\/p>\n<p><!-- BREAK 5 --><\/p>\n<p>Es el cl\u00e1sico tubito que vemos fuera junto al compresor exterior, que est\u00e1 goteando poco a poco mientras funciona el aire y que <strong>expulsar\u00e1 m\u00e1s cantidad de agua a medida que seleccionemos una temperatura m\u00e1s baja<\/strong>.<\/p>\n<p><!-- BREAK 6 --><\/p>\n<p>Esto es debido a varios factores, como por ejemplo que el compresor va a estar <strong>funcionando m\u00e1s horas cada d\u00eda<\/strong> y adem\u00e1s lo har\u00e1 a una mayor potencia<strong> en los equipos inverter<\/strong>, con una temperatura del radiador m\u00e1s baja que permitir\u00e1 una <strong>mayor condensaci\u00f3n<\/strong>. \u00bfEl resultado? <strong>El ambiente en la habitaci\u00f3n ser\u00e1 mucho m\u00e1s seco <\/strong>a medida que bajemos la temperatura objetivo.<\/p>\n<p><!-- BREAK 7 --><\/p>\n<div class=\"article-asset article-asset-normal article-asset-center\">\n<div class=\"desvio-container\">\n<div class=\"desvio\">\n<div class=\"desvio-figure js-desvio-figure\">\n    <a href=\"https:\/\/www.xatakahome.com\/electrodomesticos-innovadores\/como-preparar-aire-acondicionado-para-verano-cambiando-limpiando-filtros\"><br \/>\n     <img decoding=\"async\" alt=\"Como preparar el aire acondicionado para el verano, cambiando o limpiando los filtros\" src=\"https:\/\/i.blogs.es\/551898\/aire\/375_142.webp\" onerror='this.src=\"https:\/\/i.blogs.es\/551898\/aire\/375_142.jpeg\"'><br \/>\n    <\/a>\n   <\/div>\n<div class=\"desvio-summary\">\n<div class=\"desvio-taxonomy js-desvio-taxonomy\">\n     <a href=\"https:\/\/www.xatakahome.com\/electrodomesticos-innovadores\/como-preparar-aire-acondicionado-para-verano-cambiando-limpiando-filtros\" class=\"desvio-taxonomy-anchor\">En Xataka Smart Home<\/a>\n    <\/div>\n<p>    <a href=\"https:\/\/www.xatakahome.com\/electrodomesticos-innovadores\/como-preparar-aire-acondicionado-para-verano-cambiando-limpiando-filtros\" class=\"desvio-title js-desvio-title\">Como preparar el aire acondicionado para el verano, cambiando o limpiando los filtros<\/a>\n   <\/div>\n<\/p><\/div>\n<\/p><\/div>\n<\/div>\n<h3>Problemas de salud asociados<\/h3>\n<p>Relacionados directamente con este punto anterior vamos a tener una serie de problemas de salud asociados tanto con la <strong>menor temperatura<\/strong> como con el <strong>menor grado de humedad relativa<\/strong> del aire.<\/p>\n<p><!-- BREAK 8 --><\/p>\n<p>Por ejemplo, la menor humedad ambiental puede hacer que <a href=\"https:\/\/amerisleep.com\/blog\/is-sleeping-with-a-fan-on-bad-for-health\/\">nuestras v\u00edas respiratorias se resequen<\/a>. Esto puede causar irritaci\u00f3n en las<strong> fosas nasales pero tambi\u00e9n en la piel<\/strong>, as\u00ed como congesti\u00f3n, dolor de cabeza, irritaci\u00f3n en los ojos o sequedad de garganta.<\/p>\n<p><!-- BREAK 9 --><\/p>\n<p>Tambi\u00e9n podemos sufrir de <strong>rigidez muscular<\/strong> y en casos extremos hasta contracturas musculares. Est\u00e1n ocasionadas por el flujo constante de aire fr\u00edo que hace que los m\u00fasculos se tensen produciendo dolores musculares e incluso en casos extremos si dormimos con el aire puesto en alguna postura extra\u00f1a directamente una contractura.<\/p>\n<p><!-- BREAK 10 --><\/p>\n<div class=\"article-asset-video article-asset-normal\">\n<div class=\"asset-content\">\n<div class=\"base-asset-video\">\n<div class=\"js-dailymotion\">\n    <script type=\"application\/json\">\n           {\"videoId\":\"x8006fc\",\"autoplay\":true,\"title\":\"C\u00f3mo dormir cuando hace mucho calor y no tienes aire acondicionado\", \"tag\":\"\"}\n         <\/script>\n   <\/div>\n<\/p><\/div>\n<\/p><\/div>\n<\/div>\n<h3>Mayor gasto energ\u00e9tico<\/h3>\n<p>Otro de los inconvenientes de hacer funcionar el aire acondicionado a una temperatura muy inferior a la recomendada la encontramos en el <strong>consumo el\u00e9ctrico<\/strong> del mismo, que puede llegar a dispararse.<\/p>\n<p><!-- BREAK 11 --><\/p>\n<p>No importa si nuestro modelo es muy eficiente, ya que cada grado que bajamos la temperatura con respecto al valor \u00f3ptimo puede suponer <strong>entre un 7% y 10%<\/strong> de incremento en el consumo de electricidad en nuestros equipos, lo que se traducir\u00e1 directamente en una factura de la luz m\u00e1s elevada.<\/p>\n<p><!-- BREAK 12 --><\/p>\n<div class=\"article-asset article-asset-normal article-asset-center\">\n<div class=\"desvio-container\">\n<div class=\"desvio\">\n<div class=\"desvio-figure js-desvio-figure\">\n    <a href=\"https:\/\/www.xatakahome.com\/domotica\/como-convertir-aire-acondicionado-tonto-uno-inteligente-para-controlarlo-movil-asistentes-voz\"><br \/>\n     <img decoding=\"async\" alt='C\u00f3mo convertir un aire acondicionado \"tonto\" en uno inteligente para controlarlo con el m\u00f3vil o con asistentes de voz' src=\"https:\/\/i.blogs.es\/05452a\/tadoo\/375_142.webp\" onerror='this.src=\"https:\/\/i.blogs.es\/05452a\/tadoo\/375_142.jpeg\"'><br \/>\n    <\/a>\n   <\/div>\n<div class=\"desvio-summary\">\n<div class=\"desvio-taxonomy js-desvio-taxonomy\">\n     <a href=\"https:\/\/www.xatakahome.com\/domotica\/como-convertir-aire-acondicionado-tonto-uno-inteligente-para-controlarlo-movil-asistentes-voz\" class=\"desvio-taxonomy-anchor\">En Xataka Smart Home<\/a>\n    <\/div>\n<p>    <a href=\"https:\/\/www.xatakahome.com\/domotica\/como-convertir-aire-acondicionado-tonto-uno-inteligente-para-controlarlo-movil-asistentes-voz\" class=\"desvio-title js-desvio-title\">C\u00f3mo convertir un aire acondicionado \u00abtonto\u00bb en uno inteligente para controlarlo con el m\u00f3vil o con asistentes de voz<\/a>\n   <\/div>\n<\/p><\/div>\n<\/p><\/div>\n<\/div>\n<h3>Mayor desgaste de los aparatos<\/h3>\n<div class=\"article-asset-image article-asset-normal article-asset-center\">\n<div class=\"asset-content\">\n<div class=\"base-wrapper-image\" style=\"padding-top:57.861234882241%;\">\n<p>  <img decoding=\"async\" alt=\"Clasificacion Aire Acondicionado\" class=\"centro_sinmarco\" src=\"https:\/\/i.blogs.es\/bcddfd\/clasificacion-aire-acondicionado\/450_1000.webp\"><\/p><\/div>\n<\/p><\/div>\n<\/div>\n<p>Adem\u00e1s, hacer funcionar a nuestros equipos para lograr temperaturas mucho m\u00e1s reducidas produce otro efecto indeseado en la forma de un <strong>mayor desgaste por el exceso de uso<\/strong>.<\/p>\n<p><!-- BREAK 13 --><\/p>\n<p>Esto es debido a que estaremos sometiendo a los aparatos a un esfuerzo para rebajar las temperaturas objetivo con tiempos de funcionamiento a m\u00e1xima potencia y con altas temperaturas exteriores que ser\u00e1 mucho m\u00e1s elevado.<\/p>\n<p><!-- BREAK 14 --><\/p>\n<p>\u00bfQu\u00e9 supone esto? Pues a la larga que deberemos <strong>hacer un mayor mantenimiento<\/strong> y que <strong>los equipos durar\u00e1n menos a\u00f1os<\/strong> sin aver\u00edas.<\/p>\n<p><!-- BREAK 15 --><\/p>\n<p>Imagen portada | <a href=\"https:\/\/www.xatakahome.com\/autor\/jose-antonio-carmona\">Jose Antonio Carmona<\/a><\/p>\n<p><!-- BREAK 16 --><\/p>\n<p>En Xataka Smart Home | <a href=\"https:\/\/www.xatakahome.com\/a-fondo\/esta-temperatura-ideal-aire-acondicionado-para-ahorrar-factura-luz-pasar-calor-verano-1\">Esta es la temperatura ideal del aire acondicionado para ahorrar en la factura de la luz sin pasar calor en verano<\/a><\/p>\n<p><!-- BREAK 17 --><script>\n (function() {\n  window._JS_MODULES = window._JS_MODULES || {};\n  var headElement = document.getElementsByTagName('head')[0];\n  if (_JS_MODULES.instagram) {\n   var instagramScript = document.createElement('script');\n   instagramScript.src = 'https:\/\/platform.instagram.com\/en_US\/embeds.js';\n   instagramScript.async = true;\n   instagramScript.defer = true;\n   headElement.appendChild(instagramScript);\n  }\n })();\n<\/script><\/p>\n<p> &#8211; <br \/> La noticia<br \/>\n      <a href=\"https:\/\/www.xatakahome.com\/a-fondo\/poner-aire-acondicionado-demasiado-frio-tiene-sus-problemas-estos-principales-nos-pasamos-bajando-termostato?utm_source=feedburner&amp;utm_medium=feed&amp;utm_campaign=04_Jul_2023\"><br \/>\n       <em> Poner el aire acondicionado demasiado fr\u00edo tiene sus problemas: estos son los principales si nos pasamos bajando el termostato  <\/em><br \/>\n      <\/a><br \/>\n      fue publicada originalmente en<br \/>\n      <a href=\"https:\/\/www.xatakahome.com\/?utm_source=feedburner&amp;utm_medium=feed&amp;utm_campaign=04_Jul_2023\"><br \/>\n       <strong> Xataka Smart Home <\/strong><br \/>\n      <\/a><br \/>\n            por <a href=\"https:\/\/www.xatakahome.com\/autor\/paco-rodriguez?utm_source=feedburner&amp;utm_medium=feed&amp;utm_campaign=04_Jul_2023\"><br \/>\n       Paco Rodriguez<br \/>\n      <\/a><br \/>\n      . <\/p>\n<\/div>\n","protected":false},"excerpt":{"rendered":"<p>Llega la \u00e9poca de calor toca encender el aire acondicionado en casa, momento en el que surge la pol\u00e9mica de cada temporada: \u00bfqu\u00e9 temperatura es la m\u00e1s recomendable poner en el termostato para lograr un ambiente confortable en casa? Como ya vimos en su d\u00eda con m\u00e1s profundidad, la temperatura ideal dentro de casa depender\u00e1 &hellip; <a href=\"https:\/\/domosistemas.com\/?p=20923\" class=\"more-link\">Sigue leyendo <span class=\"screen-reader-text\">Poner el aire acondicionado demasiado fr\u00edo tiene sus problemas: estos son los principales si nos pasamos bajando el termostato<\/span><\/a><\/p>\n","protected":false},"author":1,"featured_media":0,"comment_status":"closed","ping_status":"closed","sticky":false,"template":"","format":"standard","meta":{"footnotes":""},"categories":[8],"tags":[],"class_list":["post-20923","post","type-post","status-publish","format-standard","hentry","category-xataka"],"_links":{"self":[{"href":"https:\/\/domosistemas.com\/index.php?rest_route=\/wp\/v2\/posts\/20923","targetHints":{"allow":["GET"]}}],"collection":[{"href":"https:\/\/domosistemas.com\/index.php?rest_route=\/wp\/v2\/posts"}],"about":[{"href":"https:\/\/domosistemas.com\/index.php?rest_route=\/wp\/v2\/types\/post"}],"author":[{"embeddable":true,"href":"https:\/\/domosistemas.com\/index.php?rest_route=\/wp\/v2\/users\/1"}],"replies":[{"embeddable":true,"href":"https:\/\/domosistemas.com\/index.php?rest_route=%2Fwp%2Fv2%2Fcomments&post=20923"}],"version-history":[{"count":0,"href":"https:\/\/domosistemas.com\/index.php?rest_route=\/wp\/v2\/posts\/20923\/revisions"}],"wp:attachment":[{"href":"https:\/\/domosistemas.com\/index.php?rest_route=%2Fwp%2Fv2%2Fmedia&parent=20923"}],"wp:term":[{"taxonomy":"category","embeddable":true,"href":"https:\/\/domosistemas.com\/index.php?rest_route=%2Fwp%2Fv2%2Fcategories&post=20923"},{"taxonomy":"post_tag","embeddable":true,"href":"https:\/\/domosistemas.com\/index.php?rest_route=%2Fwp%2Fv2%2Ftags&post=20923"}],"curies":[{"name":"wp","href":"https:\/\/api.w.org\/{rel}","templated":true}]}}