{"id":20928,"date":"2023-07-04T15:31:28","date_gmt":"2023-07-04T15:31:28","guid":{"rendered":"https:\/\/domosistemas.com\/?p=20928"},"modified":"2023-07-04T15:31:28","modified_gmt":"2023-07-04T15:31:28","slug":"me-he-comprado-un-ventilador-de-techo-y-me-arrepiento-te-cuento-los-errores-que-puedes-evitar-para-que-no-te-pase-como-a-mi","status":"publish","type":"post","link":"https:\/\/domosistemas.com\/?p=20928","title":{"rendered":"Me he comprado un ventilador de techo y me arrepiento. Te cuento los errores que puedes evitar para que no te pase como a m\u00ed"},"content":{"rendered":"<div>\n<p>\n      <img decoding=\"async\" src=\"https:\/\/i.blogs.es\/2cc8c0\/1366_2000-1\/1024_2000.jpeg\" alt=\"Me he comprado un ventilador de techo y me arrepiento. Te cuento los errores que puedes evitar para que no te pase como a m\u00ed \">\n    <\/p>\n<p>Con esta ola de calor que est\u00e1 atizando en todo el pa\u00eds, es l\u00f3gico que muchos est\u00e9n poniendo en marcha todo tipo de medidas en casa para <a href=\"https:\/\/www.xatakahome.com\/a-fondo\/como-blindar-tu-casa-frente-al-calor-soluciones-baratas-tener-que-hacer-obra-instalar-sistema-climatizacion\">alejarse de las altas temperaturas<\/a> como buenamente se pueda. Aunque el aire acondicionado suela ser la opci\u00f3n que m\u00e1s convence en momentos en los que ya no se pueda soportar m\u00e1s el calor, hay quienes se decantan por el <a href=\"https:\/\/www.xataka.com\/seleccion\/que-ventilador-techo-comprar-mejores-recomendaciones-para-acertar-siete-modelos-100-euros\">ventilador de techo<\/a> en habitaciones, siendo una alternativa m\u00e1s que recomendable cuando <strong>no quieres dormir con el aire puesto<\/strong> o no quieres encontrarte con una sorpresa en la factura de la luz.<\/p>\n<p><!-- BREAK 1 --><\/p>\n<p>Los tenemos de varios tipos, y cuando procedemos a la compra de uno de estos aparatos, siempre debemos de tener en cuenta la potencia, los modos de ventilaci\u00f3n, el tama\u00f1o, la velocidad de sus aspas, el flujo de aire que mueve o el ruido que haga en funcionamiento, ya que <strong>conciliar el sue\u00f1o con un estruendoso ventilador de techo puede ser complicado<\/strong>.<\/p>\n<p><!-- BREAK 2 --><\/p>\n<h2>Conviene saber lo potente que es el modo menos potente de tu ventilador<\/h2>\n<p>Sin embargo, nuestra compa\u00f1era Esther Miguel, del departamento de calidad y procesos de Webedia, quiso aventurarse en la compra de uno de estos ventiladores tras ver que el suyo de torre hac\u00eda un excesivo ruido. Para ello escogi\u00f3 una t\u00e9cnica que generalmente tambi\u00e9n suele ser efectiva: <strong>ir a una tienda y ponerse debajo de cada uno de los ventiladores de techo<\/strong> para probar de primera mano el rendimiento de estos.<\/p>\n<p><!-- BREAK 3 --><\/p>\n<div class=\"article-asset-image article-asset-normal article-asset-center\">\n<div class=\"asset-content\">\n<div class=\"caption-img \">\n<div class=\"base-wrapper-image\" style=\"padding-top:63.485477178423%;\">\n<p>  <img decoding=\"async\" alt=\"ventilador\" class=\"centro_sinmarco\" src=\"https:\/\/i.blogs.es\/f9c3b8\/captura-de-pantalla-2023-07-04-a-las-15.54.05\/450_1000.webp\"><\/p><\/div>\n<p>         <span>Imagen: Fabrilamp<\/span>\n   <\/div>\n<\/p><\/div>\n<\/div>\n<p>Tras un rato probando, finalmente se decant\u00f3 por un ventilador de techo de la serie Cala de Fabrilamp, siendo el ventilador con el que m\u00e1s fr\u00edo sinti\u00f3 en la toma de contacto. Y de hecho, <strong>ahora ese es uno de los problemas que est\u00e1 afrontando<\/strong>. Y es que la potencia m\u00ednima del ventilador de techo es incluso superior a las necesidades de nuestra compa\u00f1era, algo que lamentablemente ha notado m\u00e1s de la cuenta.<\/p>\n<p><!-- BREAK 4 --><\/p>\n<blockquote><p>\u201cFr\u00edo se puede decir que estoy pasando. De hecho ahora ese es mi problema. El Fabrilamp Cala tiene 6 modos de velocidad y el m\u00e1s bajo tiene un consumo de 5,2W, un flujo de aire de 1200 metros c\u00fabicos, una velocidad de 170 RPM y un nivel de sonido de 34 decibelios. De sonido est\u00e1 perfecto, no molesta nada, pero para una habitaci\u00f3n de matrimonio de 9 metros cuadrados en Madrid en pleno calorazo es demasiada potencia como para disfrutar de \u00e9l en las situaciones donde necesitas un consumo bajito pero constante, como puede ser por las noches. Esto quiere decir que ahora mismo me sirve para los picos de calor diurnos, pero por la noche es excesivamente potente. Dicen que no hay que ir a hacer la compra al supermercado con hambre, y por esa regla de tres no hay que buscar un ventilador fij\u00e1ndose s\u00f3lo en la potencia de uso m\u00e1xima, sino tambi\u00e9n en la m\u00ednima. Ahora tengo un trasto potent\u00edsimo del que no puedo disfrutar cuando m\u00e1s lo necesito\u2026 Y encima he pagado un trabajo de instalaci\u00f3n que no me van a devolver\u201d.<\/p><\/blockquote>\n<div class=\"article-asset article-asset-normal article-asset-center\">\n<div class=\"desvio-container\">\n<div class=\"desvio\">\n<div class=\"desvio-figure js-desvio-figure\">\n    <a href=\"https:\/\/www.xatakahome.com\/seleccion\/mejor-ventilador-techo-wifi-cual-comprar-consejos-recomendaciones\"><br \/>\n     <img decoding=\"async\" alt=\"El mejor ventilador de techo con WiFi: \u00bfCu\u00e1l comprar? Consejos y recomendaciones \" src=\"https:\/\/i.blogs.es\/eb2b9e\/bedroom-5664223_1280\/375_142.webp\" onerror='this.src=\"https:\/\/i.blogs.es\/eb2b9e\/bedroom-5664223_1280\/375_142.jpeg\"'><br \/>\n    <\/a>\n   <\/div>\n<div class=\"desvio-summary\">\n<div class=\"desvio-taxonomy js-desvio-taxonomy\">\n     <a href=\"https:\/\/www.xatakahome.com\/seleccion\/mejor-ventilador-techo-wifi-cual-comprar-consejos-recomendaciones\" class=\"desvio-taxonomy-anchor\">En Xataka Smart Home<\/a>\n    <\/div>\n<p>    <a href=\"https:\/\/www.xatakahome.com\/seleccion\/mejor-ventilador-techo-wifi-cual-comprar-consejos-recomendaciones\" class=\"desvio-title js-desvio-title\">El mejor ventilador de techo con WiFi: \u00bfCu\u00e1l comprar? Consejos y recomendaciones <\/a>\n   <\/div>\n<\/p><\/div>\n<\/p><\/div>\n<\/div>\n<p>Vivir en Madrid y pasar fr\u00edo en pleno verano sin aire acondicionado son dos factores que parecen no ser compatibles entre s\u00ed, aunque dependiendo de la zona y el sol que d\u00e9 en la vivienda, junto a los materiales de construcci\u00f3n de la misma y la elecci\u00f3n de seg\u00fan qu\u00e9 ventilador de techo, pueden ser motivos de sobra como para <strong>acabar pasando fr\u00edo en la capital en pleno julio<\/strong>. En el caso de Esther, el hecho de decantarse por un ventilador con m\u00e1s potencia de la que necesita ha acabado mermando su experiencia, ya que incluso con el modo menos potente termina pasando fr\u00edo por las noches.<\/p>\n<p><!-- BREAK 5 --><\/p>\n<div class=\"article-asset-video article-asset-large article-asset-center\">\n<div class=\"asset-content\">\n<div class=\"base-asset-video\">\n<div class=\"js-dailymotion\">\n    <script type=\"application\/json\">\n           {\"videoId\":\"x8006fc\",\"autoplay\":true,\"title\":\"C\u00f3mo dormir cuando hace mucho calor y no tienes aire acondicionado\", \"tag\":\"\"}\n         <\/script>\n   <\/div>\n<\/p><\/div>\n<\/p><\/div>\n<\/div>\n<p>A la hora de comprar un ventilador de techo, adem\u00e1s de ser recomendable echarle un ojo a todas sus especificaciones t\u00e9cnicas, tambi\u00e9n debemos de tener en cuenta <strong>el uso que le vayamos a dar y nuestras necesidades<\/strong>. Es cierto que es complicado saber en el momento de compra si la potencia del mismo acabar\u00e1 haciendo que pasemos m\u00e1s fr\u00edo de la cuenta, aunque lo mejor que podemos hacer en estos casos es acabar prob\u00e1ndolo en casa y juzgar por nosotros mismos.<\/p>\n<p><!-- BREAK 6 --><\/p>\n<p>Adem\u00e1s, conviene tambi\u00e9n echarle un vistazo a <strong>las caracter\u00edsticas t\u00e9cnicas de la l\u00e1mpara<\/strong> (si es que la tiene), sobre todo para contar con la iluminaci\u00f3n adecuada en la habitaci\u00f3n. La potencia lum\u00ednica, as\u00ed como la temperatura de color, modos y opciones de encendido desde el mando a distancia son factores recomendables a tratar.<\/p>\n<p><!-- BREAK 7 --><\/p>\n<p>Y ya puestos, si podemos <strong>eliminar el pitido<\/strong> a la hora de encender la l\u00e1mpara o el ventilador cada vez que vayamos a utilizarlo ser\u00eda un gran punto a favor, ya que de esta manera no molestaremos si hay alguien durmiendo.\u00a0<\/p>\n<p><!-- BREAK 8 --><\/p>\n<p>Imagen | Amazon<\/p>\n<p>En Xataka Smart Home | <a href=\"https:\/\/www.xatakahome.com\/a-fondo\/quiero-instalar-ventilador-techo-tengo-pladur-esto-todo-que-debo-tener-cuenta\">Quiero instalar un ventilador de techo y tengo pladur. Esto es todo lo que debo tener en cuenta<\/a><\/p>\n<p><!-- BREAK 9 --><script>\n (function() {\n  window._JS_MODULES = window._JS_MODULES || {};\n  var headElement = document.getElementsByTagName('head')[0];\n  if (_JS_MODULES.instagram) {\n   var instagramScript = document.createElement('script');\n   instagramScript.src = 'https:\/\/platform.instagram.com\/en_US\/embeds.js';\n   instagramScript.async = true;\n   instagramScript.defer = true;\n   headElement.appendChild(instagramScript);\n  }\n })();\n<\/script><\/p>\n<p> &#8211; <br \/> La noticia<br \/>\n      <a href=\"https:\/\/www.xatakahome.com\/a-fondo\/me-he-comprado-ventilador-techo-me-arrepiento-te-cuento-errores-que-puedes-evitar-no-te-pase-como-a-mi?utm_source=feedburner&amp;utm_medium=feed&amp;utm_campaign=04_Jul_2023\"><br \/>\n       <em> Me he comprado un ventilador de techo y me arrepiento. Te cuento los errores que puedes evitar para que no te pase como a m\u00ed  <\/em><br \/>\n      <\/a><br \/>\n      fue publicada originalmente en<br \/>\n      <a href=\"https:\/\/www.xatakahome.com\/?utm_source=feedburner&amp;utm_medium=feed&amp;utm_campaign=04_Jul_2023\"><br \/>\n       <strong> Xataka Smart Home <\/strong><br \/>\n      <\/a><br \/>\n            por <a href=\"https:\/\/www.xatakahome.com\/autor\/antonio-vallejo?utm_source=feedburner&amp;utm_medium=feed&amp;utm_campaign=04_Jul_2023\"><br \/>\n       Antonio Vallejo<br \/>\n      <\/a><br \/>\n      . <\/p>\n<\/div>\n","protected":false},"excerpt":{"rendered":"<p>Con esta ola de calor que est\u00e1 atizando en todo el pa\u00eds, es l\u00f3gico que muchos est\u00e9n poniendo en marcha todo tipo de medidas en casa para alejarse de las altas temperaturas como buenamente se pueda. Aunque el aire acondicionado suela ser la opci\u00f3n que m\u00e1s convence en momentos en los que ya no se &hellip; <a href=\"https:\/\/domosistemas.com\/?p=20928\" class=\"more-link\">Sigue leyendo <span class=\"screen-reader-text\">Me he comprado un ventilador de techo y me arrepiento. Te cuento los errores que puedes evitar para que no te pase como a m\u00ed<\/span><\/a><\/p>\n","protected":false},"author":1,"featured_media":0,"comment_status":"closed","ping_status":"closed","sticky":false,"template":"","format":"standard","meta":{"footnotes":""},"categories":[8],"tags":[],"class_list":["post-20928","post","type-post","status-publish","format-standard","hentry","category-xataka"],"_links":{"self":[{"href":"https:\/\/domosistemas.com\/index.php?rest_route=\/wp\/v2\/posts\/20928","targetHints":{"allow":["GET"]}}],"collection":[{"href":"https:\/\/domosistemas.com\/index.php?rest_route=\/wp\/v2\/posts"}],"about":[{"href":"https:\/\/domosistemas.com\/index.php?rest_route=\/wp\/v2\/types\/post"}],"author":[{"embeddable":true,"href":"https:\/\/domosistemas.com\/index.php?rest_route=\/wp\/v2\/users\/1"}],"replies":[{"embeddable":true,"href":"https:\/\/domosistemas.com\/index.php?rest_route=%2Fwp%2Fv2%2Fcomments&post=20928"}],"version-history":[{"count":0,"href":"https:\/\/domosistemas.com\/index.php?rest_route=\/wp\/v2\/posts\/20928\/revisions"}],"wp:attachment":[{"href":"https:\/\/domosistemas.com\/index.php?rest_route=%2Fwp%2Fv2%2Fmedia&parent=20928"}],"wp:term":[{"taxonomy":"category","embeddable":true,"href":"https:\/\/domosistemas.com\/index.php?rest_route=%2Fwp%2Fv2%2Fcategories&post=20928"},{"taxonomy":"post_tag","embeddable":true,"href":"https:\/\/domosistemas.com\/index.php?rest_route=%2Fwp%2Fv2%2Ftags&post=20928"}],"curies":[{"name":"wp","href":"https:\/\/api.w.org\/{rel}","templated":true}]}}