{"id":20939,"date":"2023-07-05T13:16:34","date_gmt":"2023-07-05T13:16:34","guid":{"rendered":"https:\/\/domosistemas.com\/?p=20939"},"modified":"2023-07-05T13:16:34","modified_gmt":"2023-07-05T13:16:34","slug":"use-un-aire-acondicionado-portatil-de-36-euros-para-intentar-refrescarme-en-la-ola-de-calor-este-fue-el-resultado","status":"publish","type":"post","link":"https:\/\/domosistemas.com\/?p=20939","title":{"rendered":"Us\u00e9 un \u00abaire acondicionado port\u00e1til\u00bb de 36 euros para intentar refrescarme en la ola de calor. Este fue el resultado"},"content":{"rendered":"<div>\n<p>\n      <img decoding=\"async\" src=\"https:\/\/i.blogs.es\/ae7194\/aire-1\/1024_2000.jpeg\" alt=\"Us\u00e9 un \" aire acondicionado port de euros para intentar refrescarme en la ola calor. este fue el resultado>\n    <\/p>\n<p>Ha pasado la primera ola de calor y para <a href=\"https:\/\/www.xatakahome.com\/curiosidades\/como-dormir-verano-morir-calor-cuando-no-tenemos-ventilador-aire-acondicionado\" rel=\"noopener noreferrer\" data-id=\"noopener noreferrer\">combatir el calor<\/a>, <strong>he estado probando un aire acondicionado de los llamados <\/strong><a href=\"https:\/\/www.xatakahome.com\/guia-de-compra\/aires-acondicionados-portatiles-silenciosos-estos-mejores-mercado-para-superar-ola-calor\">port\u00e1tiles<\/a>. Modelos que podemos encontrar por menos de 40 euros y que enchufado a un USB (da igual si es desde un dispositivo o un cargador) ofrece varias funciones en un mismo dispositivo.<\/p>\n<p><!-- BREAK 1 --><\/p>\n<p>La marca lo vende como un dispositivo que es capaz de <strong>enfriar, humidificar, ventilar y servir como luz nocturna<\/strong> gracias a un LED con capacidad para ofrecer siete colores. Y tras unos d\u00edas de uso, para acompa\u00f1arme en el trabajo o <a href=\"https:\/\/www.xatakahome.com\/a-fondo\/mejor-forma-frenar-calor-aire-acondicionado-mantener-casa-fresca-como-utilizar-persianas-estores-toldos-1\">para intentar dormir<\/a>, este ha sido el resultado.<\/p>\n<p><!-- BREAK 2 --><\/p>\n<h2>\u00abAire acondicionado\u00bb y humidificador, todo en uno<\/h2>\n<div class=\"article-asset-image article-asset-normal article-asset-center\">\n<div class=\"asset-content\">\n<div class=\"base-wrapper-image\" style=\"padding-top:133.38213762811%;\">\n<p>  <img decoding=\"async\" alt=\"Aire 2\" class=\"centro_sinmarco\" src=\"https:\/\/i.blogs.es\/62bef8\/aire-2\/450_1000.webp\"><\/p><\/div>\n<\/p><\/div>\n<\/div>\n<p>De entrada y en referencia a las primeras sensaciones, hay que decir que no rezuma calidad. Acabado en pl\u00e1stico blanco, <strong>se nota que son terminaciones baratas<\/strong>. No enga\u00f1a, eso es cierto y no podemos esperar m\u00e1s por el precio que tiene, pero la primera impresi\u00f3n es que estamos ante un producto de los que venden en los popularmente conocidos como \u00abchinos\u00bb.<\/p>\n<p><!-- BREAK 3 --><\/p>\n<div class=\"article-asset article-asset-normal article-asset-center\">\n<div class=\"desvio-container\">\n<div class=\"desvio\">\n<div class=\"desvio-figure js-desvio-figure\">\n    <a href=\"https:\/\/www.xatakahome.com\/tutoriales\/probe-a-usar-campana-cocina-como-aire-acondicionado-low-cost-resultado-me-sorprendio-positivamente-1\"><br \/>\n     <img decoding=\"async\" alt='Prob\u00e9 a usar la campana de la cocina como aire acondicionado \"low cost\" y el resultado me sorprendi\u00f3 positivamente' src=\"https:\/\/i.blogs.es\/43921a\/campana-1366_2000\/375_142.webp\" onerror='this.src=\"https:\/\/i.blogs.es\/43921a\/campana-1366_2000\/375_142.jpeg\"'><br \/>\n    <\/a>\n   <\/div>\n<div class=\"desvio-summary\">\n<div class=\"desvio-taxonomy js-desvio-taxonomy\">\n     <a href=\"https:\/\/www.xatakahome.com\/tutoriales\/probe-a-usar-campana-cocina-como-aire-acondicionado-low-cost-resultado-me-sorprendio-positivamente-1\" class=\"desvio-taxonomy-anchor\">En Xataka Smart Home<\/a>\n    <\/div>\n<p>    <a href=\"https:\/\/www.xatakahome.com\/tutoriales\/probe-a-usar-campana-cocina-como-aire-acondicionado-low-cost-resultado-me-sorprendio-positivamente-1\" class=\"desvio-title js-desvio-title\">Prob\u00e9 a usar la campana de la cocina como aire acondicionado \u00ablow cost\u00bb y el resultado me sorprendi\u00f3 positivamente<\/a>\n   <\/div>\n<\/p><\/div>\n<\/p><\/div>\n<\/div>\n<p>Dicho esto del aspecto, hay que entrar a valorar su funcionamiento y si cumple con lo que promete. Y es que <strong>m\u00e1s que llamarlo aire acondicionado<\/strong> (as\u00ed lo venden), <strong>lo correcto ser\u00eda llamarlo ventilador<\/strong>. Este modelo permite tanto enfriar como crear un ambiente algo m\u00e1s h\u00famedo cuando se usa el dep\u00f3sito de agua. Es una especie de humidificaci\u00f3n, y de hecho, cuando est\u00e1 activada, se nota como de las rejillas sale una especie de nube de agua muy pulverizada.<\/p>\n<p><!-- BREAK 4 --><\/p>\n<h2>Funci\u00f3n de humidificaci\u00f3n<\/h2>\n<div class=\"article-asset-image article-asset-normal article-asset-center\">\n<div class=\"asset-content\">\n<div class=\"base-wrapper-image\" style=\"padding-top:75.036603221083%;\">\n<p>  <img decoding=\"async\" alt=\"Aire 3\" class=\"centro_sinmarco\" src=\"https:\/\/i.blogs.es\/efb3f0\/aire-3\/450_1000.webp\"><\/p><\/div>\n<\/p><\/div>\n<\/div>\n<p>Este \u00abaire acondicionado\u00bb integra un dep\u00f3sito de agua y su uso es accesorio. Para refrescar no es de uso obligatorio, aunque sirve si queremos que el aire que salga sea m\u00e1s fresco y h\u00famedo. <strong>Es verdad que se nota la diferencia<\/strong>. Cuando activamos la funci\u00f3n de <a href=\"https:\/\/www.xatakahome.com\/electrodomesticos-innovadores\/refrigeradores-evaporacion-ventajas-inconvenientes-que-fijarse-al-comprar-uno-modelos-recomendados\" rel=\"noopener noreferrer\" data-id=\"noopener noreferrer\">refrigeraci\u00f3n por evaporaci\u00f3n<\/a> o humidificaci\u00f3n, el aire es m\u00e1s fresco, sobre todo si usamos agua previamente enfriada en el frigor\u00edfico.<\/p>\n<p><!-- BREAK 5 --><\/p>\n<p>Como alternativa, <strong>se puede a\u00f1adir agua fr\u00eda acompa\u00f1ada de algunos cubitos de hielo<\/strong>, para mantener el agua fr\u00eda m\u00e1s tiempo y lograr que el aire sea a\u00fan m\u00e1s fresco. Cuando se activa la funci\u00f3n para humidificar, se escucha un ligero susurro, s\u00edntoma que el agua va filtr\u00e1ndose para liberarse con el aire. Frente a un aire acondicionado, este dispositivo no necesita desag\u00fces, tuber\u00edas ni instalaci\u00f3n dedicada para funcionar.<\/p>\n<p><!-- BREAK 6 --><\/p>\n<div class=\"article-asset-image article-asset-normal article-asset-center\">\n<div class=\"asset-content\">\n<div class=\"caption-img \">\n<div class=\"base-wrapper-image\" style=\"padding-top:75.036603221083%;\">\n<p>  <img decoding=\"async\" alt=\"Aire 4\" class=\"centro_sinmarco\" src=\"https:\/\/i.blogs.es\/b30746\/aire-4\/450_1000.webp\"><\/p><\/div>\n<p>         <span>Indicador del nivel del agua<\/span>\n   <\/div>\n<\/p><\/div>\n<\/div>\n<p>Con una capacidad de 700 ml, <strong>en la izquierda hay un indicador de nivel de agua<\/strong> y tras varias horas funcionando, a\u00fan quedaba l\u00edquido elemento en el interior. La parte mala es que tambi\u00e9n hace incluso m\u00e1s ruido al funcionar.<\/p>\n<p><!-- BREAK 7 --><\/p>\n<p>Lo que s\u00ed que tengo que decir es que <strong>habr\u00eda esperado un mejor ajuste en la tapa<\/strong>, con una especie de goma por ejemplo, para mejorar el sellado y que no se salga el agua en caso de transporte, si bien es aconsejable moverlo vac\u00edo, al menos para todo lo que no sea cambiarlo de habitaci\u00f3n.<\/p>\n<p><!-- BREAK 8 --><\/p>\n<h2>\u00bfRealmente enfr\u00eda?<\/h2>\n<div class=\"article-asset-image article-asset-normal article-asset-center\">\n<div class=\"asset-content\">\n<div class=\"base-wrapper-image\" style=\"padding-top:75.036603221083%;\">\n<p>  <img decoding=\"async\" alt=\"Aire 5\" class=\"centro_sinmarco\" src=\"https:\/\/i.blogs.es\/44d371\/aire-5\/450_1000.webp\"><\/p><\/div>\n<\/p><\/div>\n<\/div>\n<p>Toca comprobar si realmente enfr\u00eda el aire y rebaja la temperatura. Lo he usado tanto en modo \u00abseco\u00bb como con la funci\u00f3n humidificaci\u00f3n, he cerrado la puerta y lo he tenido m\u00e1s de dos horas funcionando mientras trabajaba.<\/p>\n<p><!-- BREAK 9 --><\/p>\n<div class=\"article-asset-image article-asset-normal article-asset-center\">\n<div class=\"asset-content\">\n<div class=\"base-wrapper-image\" style=\"padding-top:75.036603221083%;\">\n<p>  <img decoding=\"async\" alt=\"Aire 6\" class=\"centro_sinmarco\" src=\"https:\/\/i.blogs.es\/f26726\/aire-6\/450_1000.webp\"><\/p><\/div>\n<\/p><\/div>\n<\/div>\n<p>La temperatura al <strong>comienzo de la prueba era de 28,3 grados<\/strong> y una humedad del 33%. <strong>Pasadas dos horas, la temperatura era la misma, de 28,3 grados y la humedad eso s\u00ed, hab\u00eda subido al 49%<\/strong>, con aire acondicionado puesto y el calor del ordenador y mi calor corporal.<\/p>\n<p><!-- BREAK 10 --><\/p>\n<p>En lo que respecta a la difusi\u00f3n del aire, cuenta con unas rejillas que adem\u00e1s <strong>se pueden mover hacia arriba o hacia abajo<\/strong> de forma manual gracias a la palanca que tienen, pero no de forma lateral, por lo que para cambiar la orientaci\u00f3n a izquierda y derecha no queda m\u00e1s que girar el ventilador.<\/p>\n<p><!-- BREAK 11 --><\/p>\n<div class=\"article-asset article-asset-normal article-asset-center\">\n<div class=\"desvio-container\">\n<div class=\"desvio\">\n<div class=\"desvio-figure js-desvio-figure\">\n    <a href=\"https:\/\/www.xataka.com\/medicina-y-salud\/vuelve-ola-calor-vuelve-dormir-mal-como-mejorar-nuestro-sueno-verano-ciencia-1\" target='\"_blank\"' rel=\"noopener\"><br \/>\n     <img decoding=\"async\" alt=\"Vuelve el calor, vuelve dormir mal: c\u00f3mo mejorar nuestro sue\u00f1o en verano seg\u00fan la ciencia\" src=\"https:\/\/i.blogs.es\/934f2e\/calor-dormir-mal\/375_142.webp\" onerror='this.src=\"https:\/\/i.blogs.es\/934f2e\/calor-dormir-mal\/375_142.jpg\"'><br \/>\n    <\/a>\n   <\/div>\n<div class=\"desvio-summary\">\n<div class=\"desvio-taxonomy js-desvio-taxonomy\">\n     <a href=\"https:\/\/www.xataka.com\/medicina-y-salud\/vuelve-ola-calor-vuelve-dormir-mal-como-mejorar-nuestro-sueno-verano-ciencia-1\" class=\"desvio-taxonomy-anchor m-crosspost\" target='\"_blank\"' rel=\"noopener\">En Xataka<\/a>\n    <\/div>\n<p>    <a href=\"https:\/\/www.xataka.com\/medicina-y-salud\/vuelve-ola-calor-vuelve-dormir-mal-como-mejorar-nuestro-sueno-verano-ciencia-1\" class=\"desvio-title js-desvio-title\" target='\"_blank\"' rel=\"noopener\">Vuelve el calor, vuelve dormir mal: c\u00f3mo mejorar nuestro sue\u00f1o en verano seg\u00fan la ciencia<\/a>\n   <\/div>\n<\/p><\/div>\n<\/p><\/div>\n<\/div>\n<p>He probado a usar este \u00abaire acondicionado\u00bb junto al ordenador y en la mesita de noche y s\u00f3lo en junto al ordenador lo he visto \u00fatil, ya que la m\u00fasica de los altavoces disimulaba el ruido que hace. En la mesita de noche, <strong>ni para la siesta<\/strong> <a href=\"https:\/\/www.xatakahome.com\/curiosidades\/dormir-calor-verano-posible-establecer-corrientes-aire-casa-puede-ser-clave-para-lograrlo\" rel=\"noopener noreferrer\" data-id=\"noopener noreferrer\">ni para dormir me ha servido<\/a>, al menos en mi caso, que me gusta estar en silencio.<\/p>\n<p><!-- BREAK 12 --><\/p>\n<div class=\"article-asset-image article-asset-normal article-asset-center\">\n<div class=\"asset-content\">\n<div class=\"base-wrapper-image\" style=\"padding-top:75.036603221083%;\">\n<p>  <img decoding=\"async\" alt=\"Aire 7\" class=\"centro_sinmarco\" src=\"https:\/\/i.blogs.es\/356f70\/aire-7\/450_1000.webp\"><\/p><\/div>\n<\/p><\/div>\n<\/div>\n<p>Para las pruebas y usado el micr\u00f3fono de un iPhone, y lo he hecho sobre una base junto al aparato. Los resultados de esas mediciones los ten\u00e9is bajo esta l\u00edneas, si bien ofrece un problema y es que el micr\u00f3fono no capta todo lo bien que deber\u00eda el sonido que sale del aire acondicionado. De hecho, pese a que los decibelios son casi calcados, <strong>en persona el ruido del humidificador se nota<\/strong> m\u00e1s.<\/p>\n<p><!-- BREAK 13 --><\/p>\n<div class=\"article-asset-image article-asset-normal article-asset-center\">\n<div class=\"asset-content\">\n<div class=\"caption-img \">\n<div class=\"base-wrapper-image\" style=\"padding-top:75.036603221083%;\">\n<p>  <img decoding=\"async\" alt=\"Aire 8\" class=\"centro_sinmarco\" src=\"https:\/\/i.blogs.es\/73bc41\/aire-8\/450_1000.webp\"><\/p><\/div>\n<p>         <span>Aire seco y 31 dB<\/span>\n   <\/div>\n<\/p><\/div>\n<\/div>\n<div class=\"article-asset-image article-asset-normal article-asset-center\">\n<div class=\"asset-content\">\n<div class=\"caption-img \">\n<div class=\"base-wrapper-image\" style=\"padding-top:75.036603221083%;\">\n<p>  <img decoding=\"async\" alt=\"Aire 9\" class=\"centro_sinmarco\" src=\"https:\/\/i.blogs.es\/cfe674\/aire-9\/450_1000.webp\"><\/p><\/div>\n<p>         <span>Humidificaci\u00f3n y 31 dB<\/span>\n   <\/div>\n<\/p><\/div>\n<\/div>\n<p>Para apreciar el ruido y de forma conjunta, he realizado otras pruebas en las que coloco el tel\u00e9fono justo delante del ventilador y ah\u00ed s\u00ed se aprecia mejor el ruido que hace con un nivel sonoro que <strong>var\u00eda si se usa la funci\u00f3n humidificaci\u00f3n o solo la del \u00abaire seco\u00bb<\/strong>.<\/p>\n<p><!-- BREAK 14 --><\/p>\n<div class=\"article-asset-video article-asset-normal\">\n<div class=\"asset-content\">\n<div class=\"base-asset-video\">\n<div class=\"js-dailymotion\">\n    <script type=\"application\/json\">\n           {\"videoId\":\"x8ca9lr\",\"autoplay\":true,\"title\":\"Ruido y decibelios\", \"tag\":\"Aire Acondicionado\"}\n         <\/script>\n   <\/div>\n<\/p><\/div>\n<\/p><\/div>\n<\/div>\n<p>No obstante he dicho todo esto, lo mejor es un v\u00eddeo en el que <strong>se aprecia el ruido que hace funcionando<\/strong>, tanto en la funci\u00f3n modificaci\u00f3n, la funci\u00f3n ventilaci\u00f3n y a las diferentes velocidades.<\/p>\n<p><!-- BREAK 15 --><\/p>\n<div class=\"article-asset-video article-asset-normal\">\n<div class=\"asset-content\">\n<div class=\"base-asset-video\">\n<div class=\"js-dailymotion\">\n    <script type=\"application\/json\">\n           {\"videoId\":\"x8ca9oi\",\"autoplay\":true,\"title\":\"Ruido\", \"tag\":\"Aire Acondicionado\"}\n         <\/script>\n   <\/div>\n<\/p><\/div>\n<\/p><\/div>\n<\/div>\n<p><strong>En mi caso, dormir con ese ruido es imposible<\/strong> y la opci\u00f3n de alejarlo no sirve porque entonces directamente no se aprecia el poco frescor que ofrece. De hecho, para dormir uso mi ventilador con modo noche que directamente no se oye y ofrece el mismo frescor.<\/p>\n<p><!-- BREAK 16 --><\/p>\n<div class=\"article-asset-summary article-asset-normal article-asset-center\">\n<div class=\"asset-content\">\n<div class=\"sumario\">Nada que ver con el nivel sonoro de un split y un aire acondicionado tradicional de los que podemos usar en casa. Este \u00abcacharro\u00bb se nota demasiado y no ayuda a conciliar el sue\u00f1o<\/div>\n<\/p><\/div>\n<\/div>\n<p><strong>Todo el control se lleva a cabo por medio de unos botones t\u00e1ctiles<\/strong> situados en la zona frontal superior del aparato. El tacto no es todo lo fino que cabr\u00eda esperar, aunque tampoco se puede decir que funcione mal.<\/p>\n<p><!-- BREAK 17 --><\/p>\n<p>Cuenta adem\u00e1s con un sistema de iluminaci\u00f3n LED gracias a eso, a <strong>un \u00fanico LED que es visible al quitar la tapadera del dep\u00f3sito de agua<\/strong>. Los colores van alternando, con siete posibilidades y aunque algo tosco, sirve para dar algo de luz en la oscuridad y poder orientarse&#8230; pero no para crear un sistema de iluminaci\u00f3n ambiental.<\/p>\n<p><!-- BREAK 18 --><\/p>\n<div class=\"article-asset-image article-asset-normal article-asset-center\">\n<div class=\"asset-content\">\n<div class=\"base-wrapper-image\" style=\"padding-top:75.036603221083%;\">\n<p>  <img decoding=\"async\" alt=\"Aire 10\" class=\"centro_sinmarco\" src=\"https:\/\/i.blogs.es\/b91590\/aire-10\/450_1000.webp\"><\/p><\/div>\n<\/p><\/div>\n<\/div>\n<p>Posee un <strong>sistema de programaci\u00f3n con periodos de 2, 4, 6 y 8 horas<\/strong>, de forma que podemos usar el aire acondicionado sin temor a que este se quede encendido m\u00e1s tiempo del deseado. El s\u00f3lo se apaga pasado este tiempo.<\/p>\n<p><!-- BREAK 19 --><\/p>\n<h2>La opini\u00f3n de Xataka SmartHome<\/h2>\n<p>Lo importante es tener claro lo que podemos esperar de este tipo de aparatos. Conectados por USB, de escasa potencia y escaso peso,<strong> no podemos exigir grandes prestaciones<\/strong>, sobre todo por el precio que tienen.<\/p>\n<p><!-- BREAK 20 --><\/p>\n<p>Dicho esto, <strong>creo que no es del todo correcto llamar a este tipo de dispositivo aire acondicionado<\/strong>, siendo lo m\u00e1s adecuado ventilador, puesto que como sistema de climatizaci\u00f3n no ofrece frescor m\u00e1s all\u00e1 del radio de cobertura de su rejilla frontal.<\/p>\n<p><!-- BREAK 21 --><\/p>\n<p><strong>El aire acondicionado que prob\u00e9 ya no est\u00e1 la venta<\/strong>, o no al menos ese modelo en concreto, puesto que si entramos en Amazon o en cualquier otro comercio online, podemos encontrar productos muy similares con caracter\u00edsticas casi calcadas y en el mismo rango de precios.<\/p>\n<p><!-- BREAK 22 --><\/p>\n<p><em>Una versi\u00f3n anterior de este art\u00edculo fue publicada en 2022<\/em>.<\/p>\n<p><strong>En Xataka SmartHome |<\/strong> <a href=\"https:\/\/www.xatakahome.com\/a-fondo\/dormir-calor-posible-estos-errores-que-casi-todos-cometemos-nos-ponen-poco-dificil\">Dormir con calor es posible, aunque estos errores que casi todos cometemos, nos lo ponen un poco m\u00e1s dif\u00edcil<\/a><\/p>\n<p><!-- BREAK 23 --><script>\n (function() {\n  window._JS_MODULES = window._JS_MODULES || {};\n  var headElement = document.getElementsByTagName('head')[0];\n  if (_JS_MODULES.instagram) {\n   var instagramScript = document.createElement('script');\n   instagramScript.src = 'https:\/\/platform.instagram.com\/en_US\/embeds.js';\n   instagramScript.async = true;\n   instagramScript.defer = true;\n   headElement.appendChild(instagramScript);\n  }\n })();\n<\/script><\/p>\n<p> &#8211; <br \/> La noticia<br \/>\n      <a href=\"https:\/\/www.xatakahome.com\/a-fondo\/use-aire-acondicionado-portatil-36-euros-para-intentar-refrescarme-ola-calor-este-fue-resultado?utm_source=feedburner&amp;utm_medium=feed&amp;utm_campaign=05_Jul_2023\"><br \/>\n       <em> Us\u00e9 un \u00abaire acondicionado port\u00e1til\u00bb de 36 euros para intentar refrescarme en la ola de calor. Este fue el resultado  <\/em><br \/>\n      <\/a><br \/>\n      fue publicada originalmente en<br \/>\n      <a href=\"https:\/\/www.xatakahome.com\/?utm_source=feedburner&amp;utm_medium=feed&amp;utm_campaign=05_Jul_2023\"><br \/>\n       <strong> Xataka Smart Home <\/strong><br \/>\n      <\/a><br \/>\n            por <a href=\"https:\/\/www.xatakahome.com\/autor\/jose-antonio-carmona?utm_source=feedburner&amp;utm_medium=feed&amp;utm_campaign=05_Jul_2023\"><br \/>\n       Jose Antonio Carmona<br \/>\n      <\/a><br \/>\n      . <\/p>\n<\/div>\n","protected":false},"excerpt":{"rendered":"<p>Ha pasado la primera ola de calor y para combatir el calor, he estado probando un aire acondicionado de los llamados port\u00e1tiles. Modelos que podemos encontrar por menos de 40 euros y que enchufado a un USB (da igual si es desde un dispositivo o un cargador) ofrece varias funciones en un mismo dispositivo. La &hellip; <a href=\"https:\/\/domosistemas.com\/?p=20939\" class=\"more-link\">Sigue leyendo <span class=\"screen-reader-text\">Us\u00e9 un \u00abaire acondicionado port\u00e1til\u00bb de 36 euros para intentar refrescarme en la ola de calor. Este fue el resultado<\/span><\/a><\/p>\n","protected":false},"author":1,"featured_media":0,"comment_status":"closed","ping_status":"closed","sticky":false,"template":"","format":"standard","meta":{"footnotes":""},"categories":[8],"tags":[],"class_list":["post-20939","post","type-post","status-publish","format-standard","hentry","category-xataka"],"_links":{"self":[{"href":"https:\/\/domosistemas.com\/index.php?rest_route=\/wp\/v2\/posts\/20939","targetHints":{"allow":["GET"]}}],"collection":[{"href":"https:\/\/domosistemas.com\/index.php?rest_route=\/wp\/v2\/posts"}],"about":[{"href":"https:\/\/domosistemas.com\/index.php?rest_route=\/wp\/v2\/types\/post"}],"author":[{"embeddable":true,"href":"https:\/\/domosistemas.com\/index.php?rest_route=\/wp\/v2\/users\/1"}],"replies":[{"embeddable":true,"href":"https:\/\/domosistemas.com\/index.php?rest_route=%2Fwp%2Fv2%2Fcomments&post=20939"}],"version-history":[{"count":0,"href":"https:\/\/domosistemas.com\/index.php?rest_route=\/wp\/v2\/posts\/20939\/revisions"}],"wp:attachment":[{"href":"https:\/\/domosistemas.com\/index.php?rest_route=%2Fwp%2Fv2%2Fmedia&parent=20939"}],"wp:term":[{"taxonomy":"category","embeddable":true,"href":"https:\/\/domosistemas.com\/index.php?rest_route=%2Fwp%2Fv2%2Fcategories&post=20939"},{"taxonomy":"post_tag","embeddable":true,"href":"https:\/\/domosistemas.com\/index.php?rest_route=%2Fwp%2Fv2%2Ftags&post=20939"}],"curies":[{"name":"wp","href":"https:\/\/api.w.org\/{rel}","templated":true}]}}