{"id":20985,"date":"2023-07-10T08:04:32","date_gmt":"2023-07-10T08:04:32","guid":{"rendered":"https:\/\/domosistemas.com\/?p=20985"},"modified":"2023-07-10T08:04:32","modified_gmt":"2023-07-10T08:04:32","slug":"los-peligros-ocultos-para-la-salud-al-dormir-con-el-aire-acondicionado-encendido-y-como-evitarlos-de-forma-sencilla","status":"publish","type":"post","link":"https:\/\/domosistemas.com\/?p=20985","title":{"rendered":"Los peligros ocultos para la salud al dormir con el aire acondicionado encendido y c\u00f3mo evitarlos de forma sencilla"},"content":{"rendered":"<div>\n<p>\n      <img decoding=\"async\" src=\"https:\/\/i.blogs.es\/bad044\/pexels-ivan-oboleninov-935777\/1024_2000.jpeg\" alt=\"Los peligros ocultos para la salud al dormir con el aire acondicionado encendido y c\u00f3mo evitarlos de forma sencilla \">\n    <\/p>\n<p>Estamos viviendo la <strong>segunda ola de calor en lo que va de verano<\/strong>. <a href=\"https:\/\/www.eltiempo.es\/noticias\/cuando-se-produce-una-ola-calor\">Se considera como tal<\/a>, el periodo de tiempo de m\u00e1s de cinco d\u00edas seguidos en los que la temperatura m\u00e1xima diaria supera en 5\u00baC la temperatura m\u00e1xima media.<\/p>\n<p><!-- BREAK 1 --><\/p>\n<p>En esas estamos y lo peor llega en el momento en el que <a href=\"https:\/\/www.xatakahome.com\/a-fondo\/como-dormir-verano-morir-calor-cuando-no-tenemos-ventilador-aire-acondicionado-1\">intentamos conciliar el sue\u00f1o por las noches<\/a> y nos tenemos que enfrentar a las de migas noches tropicales o incluso noches t\u00f3rridas. Para intentar superar estos complicados momentos (adem\u00e1s de <a href=\"https:\/\/www.xatakahome.com\/a-fondo\/mejor-forma-frenar-calor-aire-acondicionado-mantener-casa-fresca-como-utilizar-persianas-estores-toldos-1\">otros consejos<\/a>) ya <strong>es un habitual tirar de sistemas de climatizaci\u00f3n<\/strong>, pero <a href=\"https:\/\/www.xatakahome.com\/a-fondo\/cuatro-peligros-ocultos-para-salud-al-dormir-ventilador-encendido-como-evitarlos-forma-sencilla\">lo mismo que el ventilador tiene unos peligros<\/a> ocultos para la salud que ya comentamos, usar el aire acondicionado tambi\u00e9n tiene sus riesgos.<\/p>\n<p><!-- BREAK 2 --><\/p>\n<h2>Principales problemas causados por dormir con el aire acondicionado funcionando<\/h2>\n<div class=\"article-asset-image article-asset-normal article-asset-center\">\n<div class=\"asset-content\">\n<div class=\"caption-img \">\n<div class=\"base-wrapper-image\" style=\"padding-top:66.71875%;\">\n                          <a href=\"https:\/\/www.pexels.com\/es-es\/@heyho\/\"><\/p>\n<p>   <img decoding=\"async\" alt=\"Pexels Max Rahubovskiy 6956841\" class=\"centro_sinmarco\" src=\"https:\/\/i.blogs.es\/4168e4\/pexels-max-rahubovskiy-6956841\/450_1000.webp\"><br \/>\n  <\/a><\/p><\/div>\n<p>         <span>Imagen |\u00a0Max Rahubovskiy<\/span>\n   <\/div>\n<\/p><\/div>\n<\/div>\n<p><a href=\"https:\/\/www.xatakahome.com\/trucos-y-bricolaje-smart\/mis-trucos-para-combatir-calor-casa-vieja-mal-aislada-aire-acondicionado\">El uso del aire acondicionado<\/a> durante el tiempo que estamos en cama para dormir, o al menos intentar conciliar el sue\u00f1o, <strong>puede suponer riesgos potenciales para la salud<\/strong>. Y aunque no tienen porque afectar igual a todas las personas y hay individuos que quiz\u00e1s no sientan efecto alguno, no hay que descuidar esos posibles peligros al dormir con el aire acondicionado encendido.<\/p>\n<p><!-- BREAK 3 --><\/p>\n<p>El primero de ello est\u00e1 relacionado con <strong>posibles problemas respiratorios<\/strong>. Para algunas personas, usar el aire acondicionado mientras duermen (y adem\u00e1s en cualquier otro momento del d\u00eda) puede empeorar los s\u00edntomas de otros problemas respiratorios que ya tenga como por ejemplo asma, alergias o sinusitis. El aire fr\u00edo y seco puede irritar las v\u00edas respiratorias y desencadenar s\u00edntomas respiratorios en individuos sensibles.<\/p>\n<p><!-- BREAK 4 --><\/p>\n<div class=\"article-asset-video article-asset-normal\">\n<div class=\"asset-content\">\n<div class=\"base-asset-video\">\n<div class=\"js-dailymotion\">\n    <script type=\"application\/json\">\n           {\"videoId\":\"x8006fc\",\"autoplay\":true,\"title\":\"C\u00f3mo dormir cuando hace mucho calor y no tienes aire acondicionado\", \"tag\":\"\"}\n         <\/script>\n   <\/div>\n<\/p><\/div>\n<\/p><\/div>\n<\/div>\n<p>Adem\u00e1s y relacionado, puede aparecer <strong>sequedad en las v\u00edas respiratorias<\/strong>. El aire acondicionado puede <a href=\"https:\/\/www.xatakahome.com\/tutoriales\/como-evitar-que-aire-acondicionado-reseque-ambiente-casa-cinco-sencillos-trucos-soluciones-para-todos-bolsillos\">reducir la humedad en el ambiente<\/a>, lo que puede causar sequedad en las v\u00edas respiratorias, garganta y piel. Esto puede provocar irritaci\u00f3n, resequedad, tos y molestias nasales.<\/p>\n<p><!-- BREAK 5 --><\/p>\n<p>De paso, no podemos olvidar que esta pr\u00e1ctica, usar el aire acondicionado para dormir, puede <strong>dispersar bacterias, virus y otros pat\u00f3genos<\/strong> si no se mantiene adecuadamente limpio y filtrado. Esto podr\u00eda aumentar el riesgo de resfriados, gripes y otras infecciones respiratorias.<\/p>\n<p><!-- BREAK 6 --><\/p>\n<p>Pero no s\u00f3lo puede afectar a las v\u00edas respiratorias. Un uso excesivo del aire acondicionado puede provocar <strong>dolores musculares y articulares<\/strong>. Dormir directamente bajo el flujo de aire fr\u00edo del aire acondicionado puede causar rigidez muscular y articular en algunas personas, especialmente si est\u00e1n expuestas a temperaturas muy bajas durante largos per\u00edodos de tiempo.<\/p>\n<p><!-- BREAK 7 --><\/p>\n<div class=\"article-asset article-asset-normal article-asset-center\">\n<div class=\"desvio-container\">\n<div class=\"desvio\">\n<div class=\"desvio-figure js-desvio-figure\">\n    <a href=\"https:\/\/www.xatakahome.com\/a-fondo\/quiero-instalar-aire-acondicionado-casa-tengo-que-pedir-permiso-a-junta-propietarios\"><br \/>\n     <img decoding=\"async\" alt=\"Quiero instalar un aire acondicionado en casa \u00bfTengo que pedir permiso a la Junta de Propietarios? \" src=\"https:\/\/i.blogs.es\/4888ec\/pexels-athena-885944\/375_142.webp\" onerror='this.src=\"https:\/\/i.blogs.es\/4888ec\/pexels-athena-885944\/375_142.jpeg\"'><br \/>\n    <\/a>\n   <\/div>\n<div class=\"desvio-summary\">\n<div class=\"desvio-taxonomy js-desvio-taxonomy\">\n     <a href=\"https:\/\/www.xatakahome.com\/a-fondo\/quiero-instalar-aire-acondicionado-casa-tengo-que-pedir-permiso-a-junta-propietarios\" class=\"desvio-taxonomy-anchor\">En Xataka Smart Home<\/a>\n    <\/div>\n<p>    <a href=\"https:\/\/www.xatakahome.com\/a-fondo\/quiero-instalar-aire-acondicionado-casa-tengo-que-pedir-permiso-a-junta-propietarios\" class=\"desvio-title js-desvio-title\">Quiero instalar un aire acondicionado en casa \u00bfTengo que pedir permiso a la Junta de Propietarios? <\/a>\n   <\/div>\n<\/p><\/div>\n<\/p><\/div>\n<\/div>\n<p>Por \u00faltimo no podemos olvidar las <strong>posibles perturbaciones del sue\u00f1o<\/strong>. Y es que lo mismo que algunas personas necesitan dormir en silencio oscuras, tambi\u00e9n algunas personas pueden experimentar experimentar dificultades para conciliar el sue\u00f1o o mantener un sue\u00f1o de calidad debido al ruido generado por el aire acondicionado o a la sensaci\u00f3n de fr\u00edo. Adem\u00e1s, los cambios bruscos de temperatura durante la noche pueden interrumpir el ciclo de sue\u00f1o.<\/p>\n<p><!-- BREAK 8 --><\/p>\n<p>Es importante destacar que estos efectos pueden variar seg\u00fan la sensibilidad individual, el mantenimiento del sistema de aire acondicionado y la configuraci\u00f3n de temperatura. Para minimizar los posibles riesgos, es recomendable mantener una temperatura moderada, mantener una buena ventilaci\u00f3n en la habitaci\u00f3n y asegurarse de limpiar y mantener adecuadamente el sistema de aire acondicionado.<\/p>\n<p><!-- BREAK 9 --><\/p>\n<h2>C\u00f3mo usar el aire acondicionado de forma adecuada<\/h2>\n<div class=\"article-asset-image article-asset-normal article-asset-center\">\n<div class=\"asset-content\">\n<div class=\"caption-img \">\n<div class=\"base-wrapper-image\" style=\"padding-top:53.587115666179%;\">\n                          <a href=\"https:\/\/www.hisensecac.com\/do\/productos\/aire-acondicionado-split-do\/\"><\/p>\n<p>   <img decoding=\"async\" alt=\"Aire\" class=\"centro_sinmarco\" src=\"https:\/\/i.blogs.es\/0e1f2d\/aire\/450_1000.webp\"><br \/>\n  <\/a><\/p><\/div>\n<p>         <span>Imagen | Hisense<\/span>\n   <\/div>\n<\/p><\/div>\n<\/div>\n<p>Lo cierto, es que se puede usar el aire acondicionado para dormir, pero tomando ciertas precauciones y adoptando un uso adecuado. As\u00ed por ejemplo lo ideal es que funcione a una temperatura que ronda entre los 24 y los 26\u00b0. De esta forma evitamos pasar fr\u00edo o calor, y pasar fr\u00edo o despertar sudando, lo que adem\u00e1s puede perjudicar a la salud de nuestro sue\u00f1o.<\/p>\n<p><!-- BREAK 10 --><\/p>\n<p>Igualmente, es adecuado <strong>evitar la exposici\u00f3n directa a las corrientes<\/strong> generadas por el aire acondicionado. Si el aparato tiene por ejemplo la funci\u00f3n sleep, es aconsejable usarla. Tambi\u00e9n puedes redirigir la direcci\u00f3n del flujo de aire o utilizar deflectores para evitar el contacto directo con el cuerpo.<\/p>\n<p><!-- BREAK 11 --><\/p>\n<p>Adem\u00e1s, es aconsejable <strong>establecer programaciones y pausas<\/strong>, de forma que durante cierto tiempo, el aire acondicionado deje de funcionar y as\u00ed se pueda recuperar el ambiente, reduciendo la sequedad en el aire.<\/p>\n<p><!-- BREAK 12 --><\/p>\n<div class=\"article-asset-image article-asset-normal article-asset-center\">\n<div class=\"asset-content\">\n<div class=\"caption-img \">\n<div class=\"base-wrapper-image\" style=\"padding-top:66.640625%;\">\n                          <a href=\"https:\/\/www.pexels.com\/es-es\/@rachel-claire\/\"><\/p>\n<p>   <img decoding=\"async\" alt=\"Pexels Rachel Claire 4992487\" class=\"centro_sinmarco\" src=\"https:\/\/i.blogs.es\/e8db3a\/pexels-rachel-claire-4992487\/450_1000.webp\"><br \/>\n  <\/a><\/p><\/div>\n<p>         <span>Imagen portada |\u00a0Rachel Claire<\/span>\n   <\/div>\n<\/p><\/div>\n<\/div>\n<p><strong>Mant\u00e9n una buena ventilaci\u00f3n<\/strong>. Si es posible, abre ligeramente una ventana o puerta para permitir la entrada de aire fresco desde el exterior. Esto ayudar\u00e1 a equilibrar la humedad y la calidad del aire en la habitaci\u00f3n.<\/p>\n<p><!-- BREAK 13 --><\/p>\n<p>Antes de dormir, es aconsejable hidratarse. Lo puedes hacer <strong>bebiendo agua y otros l\u00edquidos<\/strong> (no alcohol), ya que, adem\u00e1s de refrescar e hidratar el cuepo, facilitar\u00e1 la hidrataci\u00f3n de las v\u00edas respiratorias.<\/p>\n<p><!-- BREAK 14 --><\/p>\n<p>Realiza un <strong>mantenimiento adecuado del aire acondicionado<\/strong>. Aseg\u00farate de limpiar y mantener regularmente el sistema de aire acondicionado para evitar la acumulaci\u00f3n de polvo, bacterias y otros al\u00e9rgenos. <a href=\"https:\/\/www.xatakahome.com\/tutoriales\/asi-preparo-aire-acondicionado-para-llegada-calor-funciona-mejor-eficiente-este-pequeno-gesto\">Limpia los filtros<\/a> con regularidad siguiendo las recomendaciones del fabricante.<\/p>\n<p><!-- BREAK 15 --><\/p>\n<div class=\"article-asset article-asset-normal article-asset-center\">\n<div class=\"desvio-container\">\n<div class=\"desvio\">\n<div class=\"desvio-figure js-desvio-figure\">\n    <a href=\"https:\/\/www.xatakahome.com\/a-fondo\/anuncian-como-aires-acondicionados-realidad-no-como-saber-truco-publicitario-que-prometen\"><br \/>\n     <img decoding=\"async\" alt='Los anuncian como \"aires acondicionados\" pero en realidad no lo son: c\u00f3mo saber si es un truco publicitario o son lo que prometen' src=\"https:\/\/i.blogs.es\/e3d348\/61doflnktos._ac_sl1200_\/375_142.webp\" onerror='this.src=\"https:\/\/i.blogs.es\/e3d348\/61doflnktos._ac_sl1200_\/375_142.jpeg\"'><br \/>\n    <\/a>\n   <\/div>\n<div class=\"desvio-summary\">\n<div class=\"desvio-taxonomy js-desvio-taxonomy\">\n     <a href=\"https:\/\/www.xatakahome.com\/a-fondo\/anuncian-como-aires-acondicionados-realidad-no-como-saber-truco-publicitario-que-prometen\" class=\"desvio-taxonomy-anchor\">En Xataka Smart Home<\/a>\n    <\/div>\n<p>    <a href=\"https:\/\/www.xatakahome.com\/a-fondo\/anuncian-como-aires-acondicionados-realidad-no-como-saber-truco-publicitario-que-prometen\" class=\"desvio-title js-desvio-title\">Los anuncian como \u00abaires acondicionados\u00bb pero en realidad no lo son: c\u00f3mo saber si es un truco publicitario o son lo que prometen<\/a>\n   <\/div>\n<\/p><\/div>\n<\/p><\/div>\n<\/div>\n<p>Si puedes, <strong>utiliza humidificadores<\/strong>. De esta forma puedes evitar la sequedad en el ambiente al usar humidificadores para aumentar la humedad en la habitaci\u00f3n. Esto puede ayudar a prevenir la sequedad en las v\u00edas respiratorias y la irritaci\u00f3n.<\/p>\n<p><!-- BREAK 16 --><\/p>\n<p>Por \u00faltimo, mant\u00e9n una rutina de sue\u00f1o adecuada y establece una rutina regular de sue\u00f1o y aseg\u00farate de tener un ambiente propicio para descansar, como una habitaci\u00f3n oscura, tranquila y libre de distracciones.<\/p>\n<p><!-- BREAK 17 --><\/p>\n<p><strong>Imagen portada |<\/strong> <a href=\"https:\/\/www.pexels.com\/es-es\/@vanyaoboleninov\/\">Iv\u00e1n Oboleninov<\/a><\/p>\n<p><!-- BREAK 18 --><\/p>\n<p><strong>En Xataka SmartHome |<\/strong> <a href=\"https:\/\/www.xatakahome.com\/analisis\/tengo-casa-modelo-aire-acondicionado-que-recomienda-ocu-esto-que-me-gusta-su-uso-diario\">Tengo en casa el modelo de aire acondicionado que recomienda la OCU: esto es lo que m\u00e1s y menos me gusta en su uso diario<\/a><\/p>\n<p><!-- BREAK 19 --><script>\n (function() {\n  window._JS_MODULES = window._JS_MODULES || {};\n  var headElement = document.getElementsByTagName('head')[0];\n  if (_JS_MODULES.instagram) {\n   var instagramScript = document.createElement('script');\n   instagramScript.src = 'https:\/\/platform.instagram.com\/en_US\/embeds.js';\n   instagramScript.async = true;\n   instagramScript.defer = true;\n   headElement.appendChild(instagramScript);\n  }\n })();\n<\/script><\/p>\n<p> &#8211; <br \/> La noticia<br \/>\n      <a href=\"https:\/\/www.xatakahome.com\/a-fondo\/peligros-ocultos-para-salud-al-dormir-aire-acondicionado-encendido-como-evitarlos-forma-sencilla?utm_source=feedburner&amp;utm_medium=feed&amp;utm_campaign=10_Jul_2023\"><br \/>\n       <em> Los peligros ocultos para la salud al dormir con el aire acondicionado encendido y c\u00f3mo evitarlos de forma sencilla  <\/em><br \/>\n      <\/a><br \/>\n      fue publicada originalmente en<br \/>\n      <a href=\"https:\/\/www.xatakahome.com\/?utm_source=feedburner&amp;utm_medium=feed&amp;utm_campaign=10_Jul_2023\"><br \/>\n       <strong> Xataka Smart Home <\/strong><br \/>\n      <\/a><br \/>\n            por <a href=\"https:\/\/www.xatakahome.com\/autor\/jose-antonio-carmona?utm_source=feedburner&amp;utm_medium=feed&amp;utm_campaign=10_Jul_2023\"><br \/>\n       Jose Antonio Carmona<br \/>\n      <\/a><br \/>\n      . <\/p>\n<\/div>\n","protected":false},"excerpt":{"rendered":"<p>Estamos viviendo la segunda ola de calor en lo que va de verano. Se considera como tal, el periodo de tiempo de m\u00e1s de cinco d\u00edas seguidos en los que la temperatura m\u00e1xima diaria supera en 5\u00baC la temperatura m\u00e1xima media. En esas estamos y lo peor llega en el momento en el que intentamos &hellip; <a href=\"https:\/\/domosistemas.com\/?p=20985\" class=\"more-link\">Sigue leyendo <span class=\"screen-reader-text\">Los peligros ocultos para la salud al dormir con el aire acondicionado encendido y c\u00f3mo evitarlos de forma sencilla<\/span><\/a><\/p>\n","protected":false},"author":1,"featured_media":0,"comment_status":"closed","ping_status":"closed","sticky":false,"template":"","format":"standard","meta":{"footnotes":""},"categories":[8],"tags":[],"class_list":["post-20985","post","type-post","status-publish","format-standard","hentry","category-xataka"],"_links":{"self":[{"href":"https:\/\/domosistemas.com\/index.php?rest_route=\/wp\/v2\/posts\/20985","targetHints":{"allow":["GET"]}}],"collection":[{"href":"https:\/\/domosistemas.com\/index.php?rest_route=\/wp\/v2\/posts"}],"about":[{"href":"https:\/\/domosistemas.com\/index.php?rest_route=\/wp\/v2\/types\/post"}],"author":[{"embeddable":true,"href":"https:\/\/domosistemas.com\/index.php?rest_route=\/wp\/v2\/users\/1"}],"replies":[{"embeddable":true,"href":"https:\/\/domosistemas.com\/index.php?rest_route=%2Fwp%2Fv2%2Fcomments&post=20985"}],"version-history":[{"count":0,"href":"https:\/\/domosistemas.com\/index.php?rest_route=\/wp\/v2\/posts\/20985\/revisions"}],"wp:attachment":[{"href":"https:\/\/domosistemas.com\/index.php?rest_route=%2Fwp%2Fv2%2Fmedia&parent=20985"}],"wp:term":[{"taxonomy":"category","embeddable":true,"href":"https:\/\/domosistemas.com\/index.php?rest_route=%2Fwp%2Fv2%2Fcategories&post=20985"},{"taxonomy":"post_tag","embeddable":true,"href":"https:\/\/domosistemas.com\/index.php?rest_route=%2Fwp%2Fv2%2Ftags&post=20985"}],"curies":[{"name":"wp","href":"https:\/\/api.w.org\/{rel}","templated":true}]}}