{"id":21031,"date":"2023-07-14T02:00:30","date_gmt":"2023-07-14T02:00:30","guid":{"rendered":"https:\/\/domosistemas.com\/?p=21031"},"modified":"2023-07-14T02:00:30","modified_gmt":"2023-07-14T02:00:30","slug":"el-nuevo-grupo-de-expertos-del-perte-chip-garantizara-el-avance-de-la-gobernanza-del-proyecto","status":"publish","type":"post","link":"https:\/\/domosistemas.com\/?p=21031","title":{"rendered":"El nuevo grupo de expertos del PERTE Chip garantizar\u00e1 el avance de la gobernanza del proyecto"},"content":{"rendered":"<div>\n<p>El pasado 11 de julio se celebr\u00f3 la reuni\u00f3n constitutiva del grupo de expertos del Proyecto Estrat\u00e9gico para la Recuperaci\u00f3n y Transformaci\u00f3n Econ\u00f3mica de Microelectr\u00f3nica y Semiconductores (PERTE Chip), presidida por el <a href=\"https:\/\/portal.mineco.gob.es\/\" target=\"_blank\" rel=\"noopener\">Ministerio de Asuntos Econ\u00f3micos y Transformaci\u00f3n Digital<\/a>, para avanzar en la gobernanza del proyecto.<\/p>\n<figure id=\"attachment_124026\" aria-describedby=\"caption-attachment-124026\" style=\"width: 800px\" class=\"wp-caption aligncenter\"><img decoding=\"async\" loading=\"lazy\" class=\"size-full wp-image-124026\" src=\"https:\/\/static.casadomo.com\/media\/2023\/07\/se-constituye-grupo-expertos-perte-microelectronica-semiconductores.png\" alt=\"Grupo Expertos PERTE.\" width=\"800\" height=\"421\" srcset=\"https:\/\/static.casadomo.com\/media\/2023\/07\/se-constituye-grupo-expertos-perte-microelectronica-semiconductores.png 800w, https:\/\/static.casadomo.com\/media\/2023\/07\/se-constituye-grupo-expertos-perte-microelectronica-semiconductores-300x158.png 300w, https:\/\/static.casadomo.com\/media\/2023\/07\/se-constituye-grupo-expertos-perte-microelectronica-semiconductores-768x404.png 768w, https:\/\/static.casadomo.com\/media\/2023\/07\/se-constituye-grupo-expertos-perte-microelectronica-semiconductores-180x95.png 180w\" sizes=\"auto, (max-width: 800px) 100vw, 800px\"><figcaption id=\"caption-attachment-124026\" class=\"wp-caption-text\">El \u00f3rgano asesor se compone de 11 personas del sector de la microelectr\u00f3nica y los semiconductores, que han sido designados por su perfil profesional.<\/figcaption><\/figure>\n<p>El <a href=\"https:\/\/www.casadomo.com\/2022\/05\/25\/aprobado-perte-chip-movilizara-inversion-publica-12250-millones-euros\">PERTE Chip<\/a> est\u00e1 liderado por el comisionado especial, Jaime Martorell, y la secretaria de Estado de Telecomunicaciones e Infraestructuras Digitales, Mar\u00eda Gonzalez Veracruz. A partir de ahora, un grupo de expertos reconocidos apoyar\u00e1 la coordinaci\u00f3n y efectividad de las inversiones y actuaciones que se desarrollar\u00e1n. Esta comisi\u00f3n proporcionar\u00e1 informaci\u00f3n y orientaci\u00f3n estrat\u00e9gica al comisionado para maximizar el impacto del proyecto en torno a la fabricaci\u00f3n y el dise\u00f1o de microchips.<\/p>\n<p>El \u00f3rgano asesor est\u00e1 formado por 11 personas del sector internacional de la microelectr\u00f3nica y los semiconductores que han sido designadas por su perfil profesional. As\u00ed, han quedado representados los tres \u00e1mbitos del ecosistema del PERTE Chip: empresarial, acad\u00e9mico y cient\u00edfico.<\/p>\n<p>Los miembros son Mayte Bacete, directora general de MaxLinear Hispania; Luis Fonseca, director IMP-CNM (CSIC); Ignacio Herrera, director de Proyectos, Avi\u00f3nica y Sistemas Avanzados en SENER Aeroespacial; Mar\u00eda Luisa L\u00f3pez Vallejo, catedr\u00e1tica de Tecnolog\u00eda Electr\u00f3nica (Universidad Polit\u00e9cnica de Madrid); Juan Carlos Lopez, catedr\u00e1tico de Tecnolog\u00edas y Sistemas de Informaci\u00f3n de la UCLM; Mar\u00eda Marced, presidenta de TSMC Europe; Antonio N\u00fa\u00f1ez, ex director del Instituto Universitario de Microelectr\u00f3nica Aplicada de Canarias; Llu\u00eds Torner, director del Instituto de Ciencias Fot\u00f3nicas; Teresa Riesgo, secretaria general de Innovaci\u00f3n (Ministerio de Ciencia e Innovaci\u00f3n); Mateo Valero, director del Barcelona Supercomputing Center. Centro Nacional de Supercomputaci\u00f3n; y Ezequiel Navaro, CEO de Grupo Premo.<\/p>\n<h2>An\u00e1lisis de los avances del primer a\u00f1o del PERTE Chip<\/h2>\n<p>En la primera reuni\u00f3n del grupo de expertos se analizaron los avances realizados en el primer a\u00f1o de puesta en marcha del PERTE Chip. Entre otras cosas, varias multinacionales han anunciado inversiones relevantes y se ha puesto en funcionamiento la p\u00e1gina web pertechip.com para visibilizar el ecosistema de empresas y asociaciones que operan en la industria en Espa\u00f1a.<\/p>\n<p>Tambi\u00e9n se ha lanzado la primera convocatoria de ayudas <a href=\"https:\/\/www.casadomo.com\/2023\/05\/29\/nuevas-ayudas-financiar-proyectos-id-potencien-microelectronica-semiconductores\">Misiones Chip<\/a> en colaboraci\u00f3n con el Centro para el Desarrollo Tecnol\u00f3gico y la Innovaci\u00f3n (CDTI). Dotada con 60 millones de euros, se dirige a proyectos de I+D que potencien las capacidades cient\u00edficas en el \u00e1mbito de la microelectr\u00f3nica y los semiconductores, estimulando la colaboraci\u00f3n p\u00fablico-privada.<\/p>\n<p>Por otra parte, se han compartido las l\u00edneas de actuaci\u00f3n para el segundo semestre del a\u00f1o. Incluyen la resoluci\u00f3n de las subvenciones y la publicaci\u00f3n de la convocatoria C\u00e1tedras Chip, con un presupuesto de 80 millones de euros, para la formaci\u00f3n de un m\u00ednimo de 1.000 profesionales cualificados y la investigaci\u00f3n en toda la cadena de valor de la industria.<\/p>\n<p>Adem\u00e1s, se ha acordado impulsar la cooperaci\u00f3n y el trabajo en los \u00e1mbitos de I+D, talento, industria de dise\u00f1o, infraestructuras y salas blancas, demanda de chips y transferencia tecnol\u00f3gica para la fabricaci\u00f3n \u2018from lab to fab\u2019.<\/p>\n<p>La entrada <a rel=\"nofollow\" href=\"https:\/\/www.casadomo.com\/2023\/07\/14\/nuevo-grupo-expertos-perte-chip-garantizara-avance-gobernanza-proyecto\">El nuevo grupo de expertos del PERTE Chip garantizar\u00e1 el avance de la gobernanza del proyecto<\/a> aparece primero en <a rel=\"nofollow\" href=\"https:\/\/www.casadomo.com\/\">CASADOMO<\/a>.<\/p>\n<\/div>\n","protected":false},"excerpt":{"rendered":"<p>El pasado 11 de julio se celebr\u00f3 la reuni\u00f3n constitutiva del grupo de expertos del Proyecto Estrat\u00e9gico para la Recuperaci\u00f3n y Transformaci\u00f3n Econ\u00f3mica de Microelectr\u00f3nica y Semiconductores (PERTE Chip), presidida por el Ministerio de Asuntos Econ\u00f3micos y Transformaci\u00f3n Digital, para avanzar en la gobernanza del proyecto. El \u00f3rgano asesor se compone de 11 personas del &hellip; <a href=\"https:\/\/domosistemas.com\/?p=21031\" class=\"more-link\">Sigue leyendo <span class=\"screen-reader-text\">El nuevo grupo de expertos del PERTE Chip garantizar\u00e1 el avance de la gobernanza del proyecto<\/span><\/a><\/p>\n","protected":false},"author":1,"featured_media":0,"comment_status":"closed","ping_status":"closed","sticky":false,"template":"","format":"standard","meta":{"footnotes":""},"categories":[3],"tags":[],"class_list":["post-21031","post","type-post","status-publish","format-standard","hentry","category-casadomo-com"],"_links":{"self":[{"href":"https:\/\/domosistemas.com\/index.php?rest_route=\/wp\/v2\/posts\/21031","targetHints":{"allow":["GET"]}}],"collection":[{"href":"https:\/\/domosistemas.com\/index.php?rest_route=\/wp\/v2\/posts"}],"about":[{"href":"https:\/\/domosistemas.com\/index.php?rest_route=\/wp\/v2\/types\/post"}],"author":[{"embeddable":true,"href":"https:\/\/domosistemas.com\/index.php?rest_route=\/wp\/v2\/users\/1"}],"replies":[{"embeddable":true,"href":"https:\/\/domosistemas.com\/index.php?rest_route=%2Fwp%2Fv2%2Fcomments&post=21031"}],"version-history":[{"count":0,"href":"https:\/\/domosistemas.com\/index.php?rest_route=\/wp\/v2\/posts\/21031\/revisions"}],"wp:attachment":[{"href":"https:\/\/domosistemas.com\/index.php?rest_route=%2Fwp%2Fv2%2Fmedia&parent=21031"}],"wp:term":[{"taxonomy":"category","embeddable":true,"href":"https:\/\/domosistemas.com\/index.php?rest_route=%2Fwp%2Fv2%2Fcategories&post=21031"},{"taxonomy":"post_tag","embeddable":true,"href":"https:\/\/domosistemas.com\/index.php?rest_route=%2Fwp%2Fv2%2Ftags&post=21031"}],"curies":[{"name":"wp","href":"https:\/\/api.w.org\/{rel}","templated":true}]}}