{"id":21058,"date":"2023-07-17T08:51:42","date_gmt":"2023-07-17T08:51:42","guid":{"rendered":"https:\/\/domosistemas.com\/?p=21058"},"modified":"2023-07-17T08:51:42","modified_gmt":"2023-07-17T08:51:42","slug":"ikea-tiene-una-sombrilla-regulable-barata-ideal-para-tu-terraza-o-jardin-protege-del-sol-y-es-resistente","status":"publish","type":"post","link":"https:\/\/domosistemas.com\/?p=21058","title":{"rendered":"IKEA tiene una sombrilla regulable barata ideal para tu terraza o jard\u00edn: protege del sol y es resistente"},"content":{"rendered":"<div>\n<p>\n      <img decoding=\"async\" src=\"https:\/\/i.blogs.es\/3758f2\/ikea-3-13-\/1024_2000.jpeg\" alt=\"IKEA tiene una sombrilla regulable barata ideal para tu terraza o jard\u00edn: protege del sol y es resistente \">\n    <\/p>\n<p>A pesar de las nuevas olas de calor tan t\u00edpicas del verano, si quieres disfrutar de tu terraza, balc\u00f3n o jard\u00edn sin derretirte, esta <strong>sombrilla regulable de IKEA<\/strong> es buena opci\u00f3n, ya que es f\u00e1cil de instalar y ofrece la sombra que necesitas. Ahora la puedes encontrar rebajada por solo <a class=\"js-ecommerce\" href=\"https:\/\/www.xatakahome.com\/redirect?url=https%3A%2F%2Fwww.ikea.com%2Fes%2Fes%2Fp%2Ftveto-sombrilla-inclinable-beige-grisaceo-blanco-80468857%2F&amp;category=seleccion&amp;ecomPostExpiration=perish\" data-vars-affiliate-url=\"https:\/\/www.xatakahome.com\/redirect?url=https%3A%2F%2Fwww.ikea.com%2Fes%2Fes%2Fp%2Ftveto-sombrilla-inclinable-beige-grisaceo-blanco-80468857%2F&amp;category=seleccion&amp;ecomPostExpiration=perish\">24,99 euros<\/a>.<\/p>\n<p><!-- BREAK 1 --><!-- PIVOT START --><\/p>\n<div class=\"pivot-ecommerce-container\">\n<div class=\"pivot-ecommerce\">\n<div class=\"pivot-ecommerce-figure\">\n  <a rel=\"nofollow noopener\" target=\"_blank\" href=\"https:\/\/www.xatakahome.com\/redirect?url=https%3A%2F%2Fwww.ikea.com%2Fes%2Fes%2Fp%2Ftveto-sombrilla-inclinable-beige-grisaceo-blanco-80468857%2F&amp;category=seleccion&amp;pivot=1&amp;ecomPostExpiration=perish\"><br \/>\n   <img decoding=\"async\" alt=\"Sombrilla, inclinable\/beige gris\u00e1ceo blanco, 180x145 cm\" src=\"https:\/\/i.blogs.es\/844c30\/ikea-sombrilla\/original.webp\" onerror='this.src=\"https:\/\/i.blogs.es\/844c30\/ikea-sombrilla\/original.jpeg\"'><br \/>\n  <\/a>\n  <\/div>\n<div class=\"pivot-ecommerce-summary\">\n<p class=\"pivot-ecommerce-desc\">Sombrilla, inclinable\/beige gris\u00e1ceo blanco, 180&#215;145 cm<\/p>\n<div class=\"pivot-actions js-pivot-actions\">\n<div class=\"pivot-actions-row\">\n <a rel=\"nofollow noopener\" target=\"_blank\" data-asin=\"\" data-store=\"\" href=\"https:\/\/www.xatakahome.com\/redirect?url=https%3A%2F%2Fwww.ikea.com%2Fes%2Fes%2Fp%2Ftveto-sombrilla-inclinable-beige-grisaceo-blanco-80468857%2F&amp;category=seleccion&amp;pivot=1&amp;ecomPostExpiration=perish\" title=\"Precio de venta al p\u00fablico a fecha de publicaci\u00f3n\" class=\"pivot-action-primary js-pivot-action\">PVP en IKEA 24,99\u20ac<\/a>\n<\/div>\n<div class=\"pivot-actions-row\">\n <\/div>\n<\/p><\/div>\n<\/p><\/div>\n<\/p><\/div>\n<\/div>\n<p><!-- PIVOT END --><\/p>\n<div class=\"article-asset-image article-asset-normal article-asset-center\">\n<div class=\"asset-content\">\n<div class=\"base-wrapper-image\" style=\"padding-top:100.99403578529%;\">\n<p>  <img decoding=\"async\" alt=\"Sombrilla Ikea\" class=\"centro_sinmarco\" src=\"https:\/\/i.blogs.es\/156c8c\/sombrilla-ikea\/450_1000.webp\"><\/p><\/div>\n<\/p><\/div>\n<\/div>\n<p>Esta sombrilla est\u00e1 fabricada en poli\u00e9ster, su <strong>tejido es resistente y protege contra los rayos ultravioletas<\/strong>, adem\u00e1s de las miradas indiscretas de los vecinos, siendo ideal para instalar en el <a href=\"https:\/\/www.xataka.com\/seleccion\/seis-accesorios-inteligentes-para-terraza-jardin-a-que-sacar-maximo-provecho-este-verano\">jard\u00edn o la terraza<\/a>.<\/p>\n<p><!-- BREAK 2 --><\/p>\n<p>Adem\u00e1s, <strong>se puede inclinar<\/strong>, para que tengas la sombra que necesitas en cualquier momento del d\u00eda, y puedes <strong>regular su altura<\/strong> de 150 cm a 220 cm. Tambi\u00e9n cuenta con un cierre de velcro para plegarla cuando lo necesites.<\/p>\n<p><!-- BREAK 3 --><\/p>\n<div class=\"article-asset-video article-asset-normal\">\n<div class=\"asset-content\">\n<div class=\"base-asset-video\">\n<div class=\"js-dailymotion\">\n    <script type=\"application\/json\">\n           {\"videoId\":\"x8714xz\",\"autoplay\":true,\"title\":\"Novedades Primavera 2022 - IKEA\", \"tag\":\"IKEA\"}\n         <\/script>\n   <\/div>\n<\/p><\/div>\n<\/p><\/div>\n<\/div>\n<p>Es f\u00e1cil de instalar, ya que se puede <strong>colocar de pie<\/strong> con una base (que no est\u00e1 incluida en la oferta) y la puedes transportar a cualquier parte. Sus medidas son: <strong>180 cm x 145 cm<\/strong> (longitud y ancho del toldo).<\/p>\n<p><!-- BREAK 4 --><\/p>\n<h2>M\u00e1s ofertas<\/h2>\n<p>Si te haces de <a href=\"https:\/\/www.xatakahome.com\/redirect?url=http%3A%2F%2Fwww.amazon.es%2Fpruebaprime%3Fasc_campaign%3Dcaduco%26asc_source%3Dxatakahome%26asc_refurl%3Dhttps%253A%252F%252Fwww.xatakahome.com%252Fseleccion%252Fmediamarkt-empieza-su-red-friday-descuentazos-smart-tv-paneles-oled-neo-qled-pantallas-75-mucho&amp;category=seleccion&amp;asc_campaign=caduco\" rel=\"noopener noreferrer\" data-id=\"noopener noreferrer\">Amazon Prime<\/a> dispones de<strong> 30 d\u00edas de prueba gratis<\/strong> (despu\u00e9s 49,90 euros al a\u00f1o) para disfrutar de env\u00edos r\u00e1pidos gratuitos, acceso prioritario a ofertas, servicios como <a href=\"https:\/\/www.xatakahome.com\/redirect?url=https%3A%2F%2Fwww.primevideo.com%2F&amp;category=seleccion\" rel=\"noopener noreferrer\" data-id=\"noopener noreferrer\">Prime Video<\/a>, <a href=\"https:\/\/www.xatakahome.com\/redirect?url=https%3A%2F%2Fwww.amazon.es%2Fmusic%2Fprime%3Fasc_campaign%3Dcaduco%26asc_source%3Dxatakahome%26asc_refurl%3Dhttps%253A%252F%252Fwww.xatakahome.com%252Fseleccion%252Fmediamarkt-empieza-su-red-friday-descuentazos-smart-tv-paneles-oled-neo-qled-pantallas-75-mucho&amp;category=seleccion&amp;asc_campaign=caduco\" rel=\"noopener noreferrer\" data-id=\"noopener noreferrer\">Prime Music<\/a> y almacenamiento de fotos ilimitado. Adem\u00e1s, si eres estudiante, hacerte de <a href=\"https:\/\/www.xatakahome.com\/redirect?url=https%3A%2F%2Fwww.amazon.es%2Fb%3Fie%3DUTF8%26node%3D16452873031%26asc_campaign%3Dcaduco%26asc_source%3Dxatakahome%26asc_refurl%3Dhttps%253A%252F%252Fwww.xatakahome.com%252Fseleccion%252Fmediamarkt-empieza-su-red-friday-descuentazos-smart-tv-paneles-oled-neo-qled-pantallas-75-mucho&amp;category=seleccion&amp;asc_campaign=caduco\" rel=\"noopener noreferrer\" data-id=\"noopener noreferrer\">Prime Student<\/a> cuesta la mitad y dispones de 90 d\u00edas de prueba.<\/p>\n<p><!-- BREAK 5 --><\/p>\n<p>Tambi\u00e9n puedes probar gratis, durante 30 d\u00edas, servicios como <a href=\"https:\/\/www.xatakahome.com\/redirect?url=https%3A%2F%2Fwww.amazon.es%2Fkindle-dbs%2Fhz%2Fsignup%3Fasc_campaign%3Dcaduco%26asc_source%3Dxatakahome%26asc_refurl%3Dhttps%253A%252F%252Fwww.xatakahome.com%252Fseleccion%252Fmediamarkt-empieza-su-red-friday-descuentazos-smart-tv-paneles-oled-neo-qled-pantallas-75-mucho&amp;category=seleccion&amp;asc_campaign=caduco\" rel=\"noopener noreferrer\" data-id=\"noopener noreferrer\">Kindle Unlimited<\/a> o <a href=\"https:\/\/www.xatakahome.com\/redirect?url=https%3A%2F%2Fwww.amazon.es%2Fhz%2Faudible%2Fmlp%2Fmdp%2Fdiscovery%3Fasc_campaign%3Dcaduco%26asc_source%3Dxatakahome%26asc_refurl%3Dhttps%253A%252F%252Fwww.xatakahome.com%252Fseleccion%252Fmediamarkt-empieza-su-red-friday-descuentazos-smart-tv-paneles-oled-neo-qled-pantallas-75-mucho&amp;category=seleccion&amp;asc_campaign=caduco\" rel=\"noopener noreferrer\" data-id=\"noopener noreferrer\">Audible<\/a>.<\/p>\n<p><!-- BREAK 6 --><\/p>\n<p><em>Nota: Algunos de los enlaces de este art\u00edculo son afiliados y pueden reportar un beneficio a Xataka Home<\/em><\/p>\n<p><!-- BREAK 7 --><\/p>\n<p><em>Los precios y disponibilidad pueden variar tras la publicaci\u00f3n<\/em><\/p>\n<p>Im\u00e1genes |IKEA<\/p>\n<p>En Xataka Smart Home Selecci\u00f3n| <a href=\"https:\/\/www.xatakahome.com\/seleccion\/esta-web-revienta-precio-mejores-smart-tv-4k-samsung-ano-pasado\">Esta web revienta el precio de una de las mejores smart TV 4K Samsung del a\u00f1o pasado<\/a><\/p>\n<p><!-- BREAK 8 --><\/p>\n<p>En Xataka Smart Home |<a href=\"https:\/\/www.xatakahome.com\/seleccion\/camaras-vigilancia-para-interior-cual-comprar-consejos-recomendaciones\" rel=\"noopener noreferrer\" data-id=\"noopener noreferrer\">C\u00e1maras de vigilancia para interior: \u00bfCu\u00e1l comprar? Consejos y recomendaciones<\/a><\/p>\n<p><!-- BREAK 9 --><script>\n (function() {\n  window._JS_MODULES = window._JS_MODULES || {};\n  var headElement = document.getElementsByTagName('head')[0];\n  if (_JS_MODULES.instagram) {\n   var instagramScript = document.createElement('script');\n   instagramScript.src = 'https:\/\/platform.instagram.com\/en_US\/embeds.js';\n   instagramScript.async = true;\n   instagramScript.defer = true;\n   headElement.appendChild(instagramScript);\n  }\n })();\n<\/script><\/p>\n<p> &#8211; <br \/> La noticia<br \/>\n      <a href=\"https:\/\/www.xatakahome.com\/seleccion\/ikea-tiene-sombrilla-regulable-barata-ideal-para-tu-terraza-jardin-protege-sol-resistente?utm_source=feedburner&amp;utm_medium=feed&amp;utm_campaign=17_Jul_2023\"><br \/>\n       <em> IKEA tiene una sombrilla regulable barata ideal para tu terraza o jard\u00edn: protege del sol y es resistente  <\/em><br \/>\n      <\/a><br \/>\n      fue publicada originalmente en<br \/>\n      <a href=\"https:\/\/www.xatakahome.com\/?utm_source=feedburner&amp;utm_medium=feed&amp;utm_campaign=17_Jul_2023\"><br \/>\n       <strong> Xataka Smart Home <\/strong><br \/>\n      <\/a><br \/>\n            por <a href=\"https:\/\/www.xatakahome.com\/autor\/silvia-cabrero?utm_source=feedburner&amp;utm_medium=feed&amp;utm_campaign=17_Jul_2023\"><br \/>\n       Silvia Cabrero<br \/>\n      <\/a><br \/>\n      . <\/p>\n<\/div>\n","protected":false},"excerpt":{"rendered":"<p>A pesar de las nuevas olas de calor tan t\u00edpicas del verano, si quieres disfrutar de tu terraza, balc\u00f3n o jard\u00edn sin derretirte, esta sombrilla regulable de IKEA es buena opci\u00f3n, ya que es f\u00e1cil de instalar y ofrece la sombra que necesitas. Ahora la puedes encontrar rebajada por solo 24,99 euros. Sombrilla, inclinable\/beige gris\u00e1ceo &hellip; <a href=\"https:\/\/domosistemas.com\/?p=21058\" class=\"more-link\">Sigue leyendo <span class=\"screen-reader-text\">IKEA tiene una sombrilla regulable barata ideal para tu terraza o jard\u00edn: protege del sol y es resistente<\/span><\/a><\/p>\n","protected":false},"author":1,"featured_media":0,"comment_status":"closed","ping_status":"closed","sticky":false,"template":"","format":"standard","meta":{"footnotes":""},"categories":[8],"tags":[],"class_list":["post-21058","post","type-post","status-publish","format-standard","hentry","category-xataka"],"_links":{"self":[{"href":"https:\/\/domosistemas.com\/index.php?rest_route=\/wp\/v2\/posts\/21058","targetHints":{"allow":["GET"]}}],"collection":[{"href":"https:\/\/domosistemas.com\/index.php?rest_route=\/wp\/v2\/posts"}],"about":[{"href":"https:\/\/domosistemas.com\/index.php?rest_route=\/wp\/v2\/types\/post"}],"author":[{"embeddable":true,"href":"https:\/\/domosistemas.com\/index.php?rest_route=\/wp\/v2\/users\/1"}],"replies":[{"embeddable":true,"href":"https:\/\/domosistemas.com\/index.php?rest_route=%2Fwp%2Fv2%2Fcomments&post=21058"}],"version-history":[{"count":0,"href":"https:\/\/domosistemas.com\/index.php?rest_route=\/wp\/v2\/posts\/21058\/revisions"}],"wp:attachment":[{"href":"https:\/\/domosistemas.com\/index.php?rest_route=%2Fwp%2Fv2%2Fmedia&parent=21058"}],"wp:term":[{"taxonomy":"category","embeddable":true,"href":"https:\/\/domosistemas.com\/index.php?rest_route=%2Fwp%2Fv2%2Fcategories&post=21058"},{"taxonomy":"post_tag","embeddable":true,"href":"https:\/\/domosistemas.com\/index.php?rest_route=%2Fwp%2Fv2%2Ftags&post=21058"}],"curies":[{"name":"wp","href":"https:\/\/api.w.org\/{rel}","templated":true}]}}