{"id":21061,"date":"2023-07-17T09:59:34","date_gmt":"2023-07-17T09:59:34","guid":{"rendered":"https:\/\/domosistemas.com\/?p=21061"},"modified":"2023-07-17T09:59:34","modified_gmt":"2023-07-17T09:59:34","slug":"ya-sabemos-lo-que-costara-la-bombona-de-butano-hasta-el-final-de-verano-este-es-el-precio-que-nos-cobraran-los-proximos-dos-meses","status":"publish","type":"post","link":"https:\/\/domosistemas.com\/?p=21061","title":{"rendered":"Ya sabemos lo que costar\u00e1 la bombona de butano hasta el final de verano: este es el precio que nos cobrar\u00e1n los pr\u00f3ximos dos meses"},"content":{"rendered":"<div>\n<p>\n      <img decoding=\"async\" src=\"https:\/\/i.blogs.es\/400baf\/1366_2000refrigeradorbutano\/1024_2000.jpeg\" alt=\"Ya sabemos lo que costar\u00e1 la bombona de butano hasta el final de verano: este es el precio que nos cobrar\u00e1n los pr\u00f3ximos dos meses  \">\n    <\/p>\n<p>El a\u00f1o pasado, con los precios de la <strong>energ\u00eda el\u00e9ctrica y combustibles<\/strong> disparados, el Gobierno tom\u00f3 una serie de medidas con la intenci\u00f3n de contener los importes finales de estos suministros b\u00e1sicos, como por ejemplo el famoso <a href=\"https:\/\/www.xatakahome.com\/iluminacion-y-energia\/que-tope-al-gas-medida-gobierno-que-entra-vigor-para-rebajar-factura-luz\">\u00abtope al gas\u00bb<\/a>, <a href=\"https:\/\/www.xatakahome.com\/iluminacion-y-energia\/gobierno-congela-precio-bombona-butano-limita-gas-natural-esto-que-costara-final-ano\">congelar el precio del butano<\/a> o <a href=\"https:\/\/www.xatakahome.com\/iluminacion-y-energia\/gobierno-bajara-iva-luz-a-mitad-pasara-10-al-5-a-partir-proximo-sabado\">bajar el IVA de la luz del 10 al 5%<\/a> para abaratar ligeramente nuestras facturas.<\/p>\n<p><!-- BREAK 1 --><\/p>\n<p>En el caso concreto del precio de la <strong>bombona de butano<\/strong> se efectu\u00f3 tambi\u00e9n una <a href=\"https:\/\/www.xatakahome.com\/iluminacion-y-energia\/precio-bombona-butano-iva-luz-para-2023-esto-que-costaran-30-junio\">limitaci\u00f3n en su precio m\u00e1ximo<\/a> que durar\u00eda inicialmente hasta el<strong> 30 de junio de 2023<\/strong> para la <strong>bombona regulada naranja de 12,5 kilos,<\/strong> estableciendo un tope que no podr\u00eda superarse.<\/p>\n<p><!-- BREAK 2 --><\/p>\n<p>A principios de este mes de julio el Gobierno <a href=\"https:\/\/www.xatakahome.com\/iluminacion-y-energia\/sabemos-que-costara-bombona-butano-aqui-a-final-ano-este-precio-maximo-que-tendra-31-diciembre\">prorrog\u00f3 esta medida<\/a> que se extiende ahora hasta el <strong>31 de diciembre de 2023 <\/strong>marcando as\u00ed el <strong>tope m\u00e1ximo<\/strong> que puede costar la bombona de butano tradicional, situado en <strong>19,55 euros hasta fin de a\u00f1o.<\/strong><\/p>\n<p><!-- BREAK 3 --><\/p>\n<div class=\"article-asset article-asset-normal article-asset-center\">\n<div class=\"desvio-container\">\n<div class=\"desvio\">\n<div class=\"desvio-figure js-desvio-figure\">\n    <a href=\"https:\/\/www.xatakahome.com\/iluminacion-y-energia\/bombona-butano-marca-su-record-historico-precio-ocho-utiles-consejos-para-ahorrar-consumo\"><br \/>\n     <img decoding=\"async\" alt=\"Las bombonas est\u00e1n m\u00e1s caras que nunca: ocho formas de ahorrar en el consumo de butano\" src=\"https:\/\/i.blogs.es\/3c49e6\/img_3455-620x350\/375_142.webp\" onerror='this.src=\"https:\/\/i.blogs.es\/3c49e6\/img_3455-620x350\/375_142.jpg\"'><br \/>\n    <\/a>\n   <\/div>\n<div class=\"desvio-summary\">\n<div class=\"desvio-taxonomy js-desvio-taxonomy\">\n     <a href=\"https:\/\/www.xatakahome.com\/iluminacion-y-energia\/bombona-butano-marca-su-record-historico-precio-ocho-utiles-consejos-para-ahorrar-consumo\" class=\"desvio-taxonomy-anchor\">En Xataka Smart Home<\/a>\n    <\/div>\n<p>    <a href=\"https:\/\/www.xatakahome.com\/iluminacion-y-energia\/bombona-butano-marca-su-record-historico-precio-ocho-utiles-consejos-para-ahorrar-consumo\" class=\"desvio-title js-desvio-title\">Las bombonas est\u00e1n m\u00e1s caras que nunca: ocho formas de ahorrar en el consumo de butano<\/a>\n   <\/div>\n<\/p><\/div>\n<\/p><\/div>\n<\/div>\n<h2><strong>Baja el precio de la bombona de butano<\/strong><\/h2>\n<p>Sin embargo, como dec\u00edamos antes, ese es el <strong>importe final m\u00e1ximo<\/strong> para el consumidor que est\u00e1 regulado y <strong>se revisa bimestralmente<\/strong>, no pudiendo superarse esa cifra en ning\u00fan distribuidor.<\/p>\n<p><!-- BREAK 4 --><\/p>\n<p>Pero en la actualidad, gracias a la relajaci\u00f3n de los mercados internacionales, la bombona cuesta menos que ese tope m\u00e1ximo, y tras la<strong> <\/strong>\u00faltima revisi\u00f3n publicada<strong> <\/strong>en el <a href=\"https:\/\/www.boe.es\/diario_boe\/txt.php?id=BOE-A-2023-16463\">BOE con fecha de 17 de julio de 2023<\/a> la bombona bajar\u00e1 un 4,89% m\u00e1s a partir de ma\u00f1ana 18 de julio alcanzando un <strong>precio final para el consumidor de 15,18 euros<\/strong>, cifra m\u00e1s baja registrada en lo que va de a\u00f1o.<\/p>\n<p><!-- BREAK 5 --><\/p>\n<div class=\"article-asset-video article-asset-normal\">\n<div class=\"asset-content\">\n<div class=\"base-asset-video\">\n<div class=\"js-dailymotion\">\n    <script type=\"application\/json\">\n           {\"videoId\":\"x88tf3k\",\"autoplay\":true,\"title\":\"AHORRA EN TU FACTURA DE LA LUZ: Las MEJORES OPCIONES para conocer los PRECIOS EN TU M\u00d3VIL\", \"tag\":\"webedia-prod\"}\n         <\/script>\n   <\/div>\n<\/p><\/div>\n<\/p><\/div>\n<\/div>\n<p>Esta revisi\u00f3n bimensual <strong>abarcar\u00e1 lo que queda del verano<\/strong> con un precio que se calcula en funci\u00f3n del coste de la materia prima (propano y butano) en los mercados internacionales, as\u00ed como del coste del transporte y de la evoluci\u00f3n del tipo de cambio euro-d\u00f3lar.<\/p>\n<p><!-- BREAK 6 --><\/p>\n<p>Y en esta ocasi\u00f3n la nueva reducci\u00f3n responde, seg\u00fan <a href=\"https:\/\/www.lavanguardia.com\/economia\/20230717\/9114234\/precio-bombona-butano-sigue-senda-descendente-situa-15-18-euros.html\">fuentes procedentes del \u00a0Ministerio para la Transici\u00f3n Ecol\u00f3gica<\/a>, a la \u201cfuerte\u201d ca\u00edda en la cotizaci\u00f3n de las <strong>materias primas<\/strong> (-25%) y a la <strong>apreciaci\u00f3n del euro frente al d\u00f3lar<\/strong> (+0,2%).<\/p>\n<p><!-- BREAK 7 --><\/p>\n<p>Imagen | <a href=\"https:\/\/www.flickr.com\/photos\/joseanprado\/2629997133\">Josean Prado<\/a><\/p>\n<p>En Xataka Smart Home | <a href=\"https:\/\/www.xatakahome.com\/iluminacion-y-energia\/bombona-butano-marca-su-record-historico-precio-ocho-utiles-consejos-para-ahorrar-consumo\">Las bombonas est\u00e1n m\u00e1s caras que nunca: ocho formas de ahorrar en el consumo de butano<\/a><\/p>\n<p><!-- BREAK 8 --><script>\n (function() {\n  window._JS_MODULES = window._JS_MODULES || {};\n  var headElement = document.getElementsByTagName('head')[0];\n  if (_JS_MODULES.instagram) {\n   var instagramScript = document.createElement('script');\n   instagramScript.src = 'https:\/\/platform.instagram.com\/en_US\/embeds.js';\n   instagramScript.async = true;\n   instagramScript.defer = true;\n   headElement.appendChild(instagramScript);\n  }\n })();\n<\/script><\/p>\n<p> &#8211; <br \/> La noticia<br \/>\n      <a href=\"https:\/\/www.xatakahome.com\/iluminacion-y-energia\/sabemos-que-costara-bombona-butano-final-verano-este-precio-que-nos-cobraran-proximos-dos-meses?utm_source=feedburner&amp;utm_medium=feed&amp;utm_campaign=17_Jul_2023\"><br \/>\n       <em> Ya sabemos lo que costar\u00e1 la bombona de butano hasta el final de verano: este es el precio que nos cobrar\u00e1n los pr\u00f3ximos dos meses   <\/em><br \/>\n      <\/a><br \/>\n      fue publicada originalmente en<br \/>\n      <a href=\"https:\/\/www.xatakahome.com\/?utm_source=feedburner&amp;utm_medium=feed&amp;utm_campaign=17_Jul_2023\"><br \/>\n       <strong> Xataka Smart Home <\/strong><br \/>\n      <\/a><br \/>\n            por <a href=\"https:\/\/www.xatakahome.com\/autor\/paco-rodriguez?utm_source=feedburner&amp;utm_medium=feed&amp;utm_campaign=17_Jul_2023\"><br \/>\n       Paco Rodriguez<br \/>\n      <\/a><br \/>\n      . <\/p>\n<\/div>\n","protected":false},"excerpt":{"rendered":"<p>El a\u00f1o pasado, con los precios de la energ\u00eda el\u00e9ctrica y combustibles disparados, el Gobierno tom\u00f3 una serie de medidas con la intenci\u00f3n de contener los importes finales de estos suministros b\u00e1sicos, como por ejemplo el famoso \u00abtope al gas\u00bb, congelar el precio del butano o bajar el IVA de la luz del 10 al &hellip; <a href=\"https:\/\/domosistemas.com\/?p=21061\" class=\"more-link\">Sigue leyendo <span class=\"screen-reader-text\">Ya sabemos lo que costar\u00e1 la bombona de butano hasta el final de verano: este es el precio que nos cobrar\u00e1n los pr\u00f3ximos dos meses<\/span><\/a><\/p>\n","protected":false},"author":1,"featured_media":0,"comment_status":"closed","ping_status":"closed","sticky":false,"template":"","format":"standard","meta":{"footnotes":""},"categories":[8],"tags":[],"class_list":["post-21061","post","type-post","status-publish","format-standard","hentry","category-xataka"],"_links":{"self":[{"href":"https:\/\/domosistemas.com\/index.php?rest_route=\/wp\/v2\/posts\/21061","targetHints":{"allow":["GET"]}}],"collection":[{"href":"https:\/\/domosistemas.com\/index.php?rest_route=\/wp\/v2\/posts"}],"about":[{"href":"https:\/\/domosistemas.com\/index.php?rest_route=\/wp\/v2\/types\/post"}],"author":[{"embeddable":true,"href":"https:\/\/domosistemas.com\/index.php?rest_route=\/wp\/v2\/users\/1"}],"replies":[{"embeddable":true,"href":"https:\/\/domosistemas.com\/index.php?rest_route=%2Fwp%2Fv2%2Fcomments&post=21061"}],"version-history":[{"count":0,"href":"https:\/\/domosistemas.com\/index.php?rest_route=\/wp\/v2\/posts\/21061\/revisions"}],"wp:attachment":[{"href":"https:\/\/domosistemas.com\/index.php?rest_route=%2Fwp%2Fv2%2Fmedia&parent=21061"}],"wp:term":[{"taxonomy":"category","embeddable":true,"href":"https:\/\/domosistemas.com\/index.php?rest_route=%2Fwp%2Fv2%2Fcategories&post=21061"},{"taxonomy":"post_tag","embeddable":true,"href":"https:\/\/domosistemas.com\/index.php?rest_route=%2Fwp%2Fv2%2Ftags&post=21061"}],"curies":[{"name":"wp","href":"https:\/\/api.w.org\/{rel}","templated":true}]}}