{"id":21092,"date":"2023-07-19T10:19:48","date_gmt":"2023-07-19T10:19:48","guid":{"rendered":"https:\/\/domosistemas.com\/?p=21092"},"modified":"2023-07-19T10:19:48","modified_gmt":"2023-07-19T10:19:48","slug":"cuanto-gasta-un-aire-acondicionado-un-ventilador-y-un-evaporador-este-es-el-consumo-electrico-de-cada-uno","status":"publish","type":"post","link":"https:\/\/domosistemas.com\/?p=21092","title":{"rendered":"Cu\u00e1nto gasta un aire acondicionado, un ventilador y un evaporador: este es el consumo el\u00e9ctrico de cada uno"},"content":{"rendered":"<div>\n<p>\n      <img decoding=\"async\" src=\"https:\/\/i.blogs.es\/a6d8d9\/1366_2000\/1024_2000.jpeg\" alt=\"Cu\u00e1nto gasta un aire acondicionado, un ventilador y un evaporador: este es el consumo el\u00e9ctrico de cada uno \">\n    <\/p>\n<p>Ya est\u00e1 aqu\u00ed el calor y para <strong>mantener la casa bien fresquita<\/strong> podemos optar por aplicar <a href=\"https:\/\/www.xatakahome.com\/iluminacion-y-energia\/llega-el-verano-y-sin-aire-acondicionado-en-casa-con-estas-medidas-puedes-sobrevivir-al-calor-estival\">diferentes trucos y consejos<\/a> con los que bajar unos grados la temperatura, pero tambi\u00e9n por utilizar nuestros aparatos de refrigeraci\u00f3n como<strong> aires acondicionados, <\/strong><a href=\"https:\/\/www.xatakahome.com\/electrodomesticos-innovadores\/refrigeradores-evaporacion-ventajas-inconvenientes-que-fijarse-al-comprar-uno-modelos-recomendados\">climatizadores evaporativos<\/a><strong> y ventiladores.<\/strong><\/p>\n<p><!-- BREAK 1 --><\/p>\n<p>Son tres dispositivos que representan diferentes tecnolog\u00edas de funcionamiento y que, por su naturaleza y capacidades van a tener tambi\u00e9n unas importantes variaciones en cuanto a <strong>consumo el\u00e9ctrico<\/strong> se refiere.<\/p>\n<p><!-- BREAK 2 --><\/p>\n<p>Por ello conviene conocer las cifras de <strong>gasto energ\u00e9tico<\/strong> m\u00e1s habituales para encenderlos sabiendo qu\u00e9 podemos esperar cuando nos llegue la pr\u00f3xima factura de la luz.<\/p>\n<p><!-- BREAK 3 --><\/p>\n<div class=\"article-asset article-asset-normal article-asset-center\">\n<div class=\"desvio-container\">\n<div class=\"desvio\">\n<div class=\"desvio-figure js-desvio-figure\">\n    <a href=\"https:\/\/www.xatakahome.com\/a-fondo\/quiero-aire-acondicionado-que-enfrie-mucho-gaste-poco-esto-que-hay-que-mirar-sus-especificaciones\"><br \/>\n     <img decoding=\"async\" alt=\"Quiero un aire acondicionado que enfr\u00ede mucho y gaste poco: esto es lo que hay que mirar en sus especificaciones \" src=\"https:\/\/i.blogs.es\/5e68bd\/clasificacion-aire-acondicionado\/375_142.webp\" onerror='this.src=\"https:\/\/i.blogs.es\/5e68bd\/clasificacion-aire-acondicionado\/375_142.jpeg\"'><br \/>\n    <\/a>\n   <\/div>\n<div class=\"desvio-summary\">\n<div class=\"desvio-taxonomy js-desvio-taxonomy\">\n     <a href=\"https:\/\/www.xatakahome.com\/a-fondo\/quiero-aire-acondicionado-que-enfrie-mucho-gaste-poco-esto-que-hay-que-mirar-sus-especificaciones\" class=\"desvio-taxonomy-anchor\">En Xataka Smart Home<\/a>\n    <\/div>\n<p>    <a href=\"https:\/\/www.xatakahome.com\/a-fondo\/quiero-aire-acondicionado-que-enfrie-mucho-gaste-poco-esto-que-hay-que-mirar-sus-especificaciones\" class=\"desvio-title js-desvio-title\">Quiero un aire acondicionado que enfr\u00ede mucho y gaste poco: esto es lo que hay que mirar en sus especificaciones <\/a>\n   <\/div>\n<\/p><\/div>\n<\/p><\/div>\n<\/div>\n<h2>Cu\u00e1nto gasta un aire acondicionado, un evaporador y un ventilador<\/h2>\n<div class=\"article-asset-image article-asset-normal article-asset-center\">\n<div class=\"asset-content\">\n<div class=\"base-wrapper-image\" style=\"padding-top:55.947136563877%;\">\n<p>  <img decoding=\"async\" alt=\"Aire Acondicionado Tcl Modo 448\" class=\"centro_sinmarco\" src=\"https:\/\/i.blogs.es\/378456\/aire-acondicionado-tcl-modo-448\/450_1000.webp\"><\/p><\/div>\n<\/p><\/div>\n<\/div>\n<p>Comenzando por los aires acondicionados, un modelo de gama media con un <a href=\"https:\/\/www.xatakahome.com\/a-fondo\/quiero-aire-acondicionado-que-enfrie-mucho-gaste-poco-esto-que-hay-que-mirar-sus-especificaciones\">buen rendimiento t\u00e9rmico<\/a> que ofrezca una capacidad de enfriamiento de entre 2.500 y 3.500 frigor\u00edas suele contar con un consumo el\u00e9ctrico que ronda los <strong>1.000 vatios (1 kWh) a pleno rendimiento<\/strong>.<\/p>\n<p><!-- BREAK 4 --><\/p>\n<p>Sin embargo, esta cifra suele ser en realidad muy inferior, ya que si se trata de un dispositivo con compresor con <a href=\"https:\/\/www.xatakahome.com\/a-fondo\/electrodomesticos-tecnologia-inverter-que-que-ventajas-tienen-que-conviene-comprarlos\">tecnolog\u00eda inverter<\/a> o <a href=\"https:\/\/www.xataka.com\/domotica-1\/guia-compras-para-hacernos-aire-acondicionado-inteligente-aspectos-tener-cuenta-opciones-mercado\">un modelo con funcionamiento inteligente<\/a> no estar\u00e1 todo el rato funcionando a la m\u00e1xima potencia, sino que tendr\u00e1 <strong>ciclos intermedios con un consumo mucho m\u00e1s reducido<\/strong> que bajar\u00e1 f\u00e1cilmente del 40-50%.<\/p>\n<p><!-- BREAK 5 --><\/p>\n<p>Por ello podemos considerar consumos medios que rondar\u00e1n los <strong>400-500 vatios cada hora<\/strong>, cifra que l\u00f3gicamente depender\u00e1 de la temperatura seleccionada, del lugar donde vivamos, el calor que haga, el aislamiento t\u00e9rmico, etc.<\/p>\n<p><!-- BREAK 6 --><\/p>\n<div class=\"article-asset-image article-asset-normal article-asset-center\">\n<div class=\"asset-content\">\n<div class=\"base-wrapper-image\" style=\"padding-top:100%;\">\n<p>  <img decoding=\"async\" alt=\"evaporativo\" class=\"centro_sinmarco\" src=\"https:\/\/i.blogs.es\/cd370d\/1evaporador366_2000\/450_1000.webp\"><\/p><\/div>\n<\/p><\/div>\n<\/div>\n<p>En cuanto al <strong>consumo el\u00e9ctrico de los climatizadores evaporativos<\/strong>, es <strong>mucho m\u00e1s reducido<\/strong> que en el caso de los aires acondicionados, ya que suele rondar <strong>entre 70-125 vatios<\/strong>, dependiendo de las opciones que tengamos activadas y la potencia de los ventiladores integrados.<\/p>\n<p><!-- BREAK 7 --><\/p>\n<p>En general el consumo es debido por una parte al <strong>ventilador que lleva en su interior<\/strong> para extraer el aire fresco, pero por otra a la <strong>bomba de agua<\/strong> que la hace circular el el circuito de evaporaci\u00f3n interno del aparato.<\/p>\n<p><!-- BREAK 8 --><\/p>\n<p>Por \u00faltimo tenemos a los <strong>ventiladores tradicionales<\/strong>, que dependiendo de las dimensiones y potencia tienen consumo el\u00e9ctricos que rondan los <strong>40-60 vatios, <\/strong>aunque es cierto que hay algunos modelos muy grandes que pueden llegar a los 100 vatios, pero son la excepci\u00f3n.<\/p>\n<p><!-- BREAK 9 --><\/p>\n<div class=\"article-asset-video article-asset-normal\">\n<div class=\"asset-content\">\n<div class=\"base-asset-video\">\n<div class=\"js-dailymotion\">\n    <script type=\"application\/json\">\n           {\"videoId\":\"x81h7p2\",\"autoplay\":true,\"title\":\"NUEVA FACTURA DE LA LUZ: TODO LO QUE DEBES SABER para AHORRAR AL M\u00c1XIMO\", \"tag\":\"\"}\n         <\/script>\n   <\/div>\n<\/p><\/div>\n<\/p><\/div>\n<\/div>\n<h2>Cu\u00e1nto nos cuesta usarlos a diario en la factura de la luz<\/h2>\n<div class=\"article-asset-image article-asset-normal article-asset-center\">\n<div class=\"asset-content\">\n<div class=\"base-wrapper-image\" style=\"padding-top:62.6195732156%;\">\n<p>  <img decoding=\"async\" alt=\"ventiladores\" class=\"centro_sinmarco\" src=\"https:\/\/i.blogs.es\/efcabe\/1366_2000ventilador\/450_1000.webp\"><\/p><\/div>\n<\/p><\/div>\n<\/div>\n<p>Para empezar a calcular cu\u00e1nto nos cuesta usar estos electrodom\u00e9sticos en la factura de la luz, lo primero que tenemos que hacer es averiguar el <strong>coste por cada kWh de la electricidad<\/strong> que vamos a consumir, cifra que varia cada hora del d\u00eda y que depender\u00e1 de cada compa\u00f1\u00eda el\u00e9ctrica, pero que podemos promediar con los datos de las \u00faltimas semanas para el horario de tarde (a partir de las 12:00) y \u00a0atendiendo a lo marcado en la <a href=\"https:\/\/www.esios.ree.es\/es\/pvpc\">p\u00e1gina web de la Red El\u00e9ctrica Espa\u00f1ola<\/a> con un <strong>valor medio de unos 0,17 \u20ac\/kWh si tenemos tarifa regulada o PVPC.<\/strong><\/p>\n<p><!-- BREAK 10 --><\/p>\n<p>Teniendo en cuenta todo esto y suponiendo un uso diario de unas <strong>10 horas<\/strong> para los equipos, nuestro aparato de aire acondicionado con un consumo medio de <strong>500 vatios hora<\/strong> o 0,5 kWh tendr\u00e1 un consumo diario de 5 kW y con un precio de 0,17 \u20ac\/kWh nos costar\u00e1<strong> 0,85 euros al d\u00eda o 25,5 euros al mes.<\/strong><\/p>\n<p><!-- BREAK 11 --><\/p>\n<p>El evaporador con un consumo medio de unos 70 vatios hora gastar\u00e1 al d\u00eda 0,7 kW, lo que supone un precio en la factura de <strong>0,119 euros cada d\u00eda o 3,57 euros al mes.<\/strong><\/p>\n<p><!-- BREAK 12 --><\/p>\n<p>Finalmente, un ventilador cl\u00e1sico con un consumo medio de 40 vatios cada hora supone un gasto el\u00e9ctrico diario de 0,4 kW, lo que traducido a euros nos da <strong>0,068 euros al d\u00eda o 2,04 euros al mes.<\/strong><\/p>\n<p><!-- BREAK 13 --><\/p>\n<p>Imagen portada | <a href=\"https:\/\/www.lidl.de\/p\/silvercrest-bodenventilator-3-geschwindigkeitsstufen\/p100325409\">Lidl<\/a><\/p>\n<p><!-- BREAK 14 --><\/p>\n<p>En Xataka Smart home | <a href=\"https:\/\/www.xatakahome.com\/electrodomesticos-innovadores\/como-combinar-ventilador-aire-acondicionado-para-mantener-casa-fresquita-gastando-electricidad\">C\u00f3mo combinar ventilador y aire acondicionado para mantener la casa fresquita gastando menos electricidad<\/a><\/p>\n<p><!-- BREAK 15 --><script>\n (function() {\n  window._JS_MODULES = window._JS_MODULES || {};\n  var headElement = document.getElementsByTagName('head')[0];\n  if (_JS_MODULES.instagram) {\n   var instagramScript = document.createElement('script');\n   instagramScript.src = 'https:\/\/platform.instagram.com\/en_US\/embeds.js';\n   instagramScript.async = true;\n   instagramScript.defer = true;\n   headElement.appendChild(instagramScript);\n  }\n })();\n<\/script><\/p>\n<p> &#8211; <br \/> La noticia<br \/>\n      <a href=\"https:\/\/www.xatakahome.com\/a-fondo\/cuanto-gasta-aire-acondicionado-ventilador-evaporador-este-consumo-electrico-cada-uno?utm_source=feedburner&amp;utm_medium=feed&amp;utm_campaign=19_Jul_2023\"><br \/>\n       <em> Cu\u00e1nto gasta un aire acondicionado, un ventilador y un evaporador: este es el consumo el\u00e9ctrico de cada uno  <\/em><br \/>\n      <\/a><br \/>\n      fue publicada originalmente en<br \/>\n      <a href=\"https:\/\/www.xatakahome.com\/?utm_source=feedburner&amp;utm_medium=feed&amp;utm_campaign=19_Jul_2023\"><br \/>\n       <strong> Xataka Smart Home <\/strong><br \/>\n      <\/a><br \/>\n            por <a href=\"https:\/\/www.xatakahome.com\/autor\/paco-rodriguez?utm_source=feedburner&amp;utm_medium=feed&amp;utm_campaign=19_Jul_2023\"><br \/>\n       Paco Rodriguez<br \/>\n      <\/a><br \/>\n      . <\/p>\n<\/div>\n","protected":false},"excerpt":{"rendered":"<p>Ya est\u00e1 aqu\u00ed el calor y para mantener la casa bien fresquita podemos optar por aplicar diferentes trucos y consejos con los que bajar unos grados la temperatura, pero tambi\u00e9n por utilizar nuestros aparatos de refrigeraci\u00f3n como aires acondicionados, climatizadores evaporativos y ventiladores. Son tres dispositivos que representan diferentes tecnolog\u00edas de funcionamiento y que, por &hellip; <a href=\"https:\/\/domosistemas.com\/?p=21092\" class=\"more-link\">Sigue leyendo <span class=\"screen-reader-text\">Cu\u00e1nto gasta un aire acondicionado, un ventilador y un evaporador: este es el consumo el\u00e9ctrico de cada uno<\/span><\/a><\/p>\n","protected":false},"author":1,"featured_media":0,"comment_status":"closed","ping_status":"closed","sticky":false,"template":"","format":"standard","meta":{"footnotes":""},"categories":[8],"tags":[],"class_list":["post-21092","post","type-post","status-publish","format-standard","hentry","category-xataka"],"_links":{"self":[{"href":"https:\/\/domosistemas.com\/index.php?rest_route=\/wp\/v2\/posts\/21092","targetHints":{"allow":["GET"]}}],"collection":[{"href":"https:\/\/domosistemas.com\/index.php?rest_route=\/wp\/v2\/posts"}],"about":[{"href":"https:\/\/domosistemas.com\/index.php?rest_route=\/wp\/v2\/types\/post"}],"author":[{"embeddable":true,"href":"https:\/\/domosistemas.com\/index.php?rest_route=\/wp\/v2\/users\/1"}],"replies":[{"embeddable":true,"href":"https:\/\/domosistemas.com\/index.php?rest_route=%2Fwp%2Fv2%2Fcomments&post=21092"}],"version-history":[{"count":0,"href":"https:\/\/domosistemas.com\/index.php?rest_route=\/wp\/v2\/posts\/21092\/revisions"}],"wp:attachment":[{"href":"https:\/\/domosistemas.com\/index.php?rest_route=%2Fwp%2Fv2%2Fmedia&parent=21092"}],"wp:term":[{"taxonomy":"category","embeddable":true,"href":"https:\/\/domosistemas.com\/index.php?rest_route=%2Fwp%2Fv2%2Fcategories&post=21092"},{"taxonomy":"post_tag","embeddable":true,"href":"https:\/\/domosistemas.com\/index.php?rest_route=%2Fwp%2Fv2%2Ftags&post=21092"}],"curies":[{"name":"wp","href":"https:\/\/api.w.org\/{rel}","templated":true}]}}