{"id":21097,"date":"2023-07-20T02:00:10","date_gmt":"2023-07-20T02:00:10","guid":{"rendered":"https:\/\/domosistemas.com\/?p=21097"},"modified":"2023-07-20T02:00:10","modified_gmt":"2023-07-20T02:00:10","slug":"el-programa-catedras-chip-financiara-la-formacion-en-microelectronica-en-universidades","status":"publish","type":"post","link":"https:\/\/domosistemas.com\/?p=21097","title":{"rendered":"El programa C\u00e1tedras Chip financiar\u00e1 la formaci\u00f3n en microelectr\u00f3nica en universidades"},"content":{"rendered":"<div>\n<p>El Ministerio de Asuntos Econ\u00f3micos y Transformaci\u00f3n Digital (<a href=\"https:\/\/portal.mineco.gob.es\/es-es\/Paginas\/index.aspx\" target=\"_blank\" rel=\"noopener\">Mineco<\/a>), a trav\u00e9s de la Secretar\u00eda de Estado de Telecomunicaciones e Infraestructuras Digitales, ha presentado el programa C\u00e1tedras Chip, orientado a la creaci\u00f3n de c\u00e1tedras universidad-empresa destinadas a la investigaci\u00f3n y desarrollo en el \u00e1rea de microelectr\u00f3nica para la difusi\u00f3n del conocimiento y la formaci\u00f3n.<\/p>\n<figure id=\"attachment_124147\" aria-describedby=\"caption-attachment-124147\" style=\"width: 800px\" class=\"wp-caption aligncenter\"><img decoding=\"async\" loading=\"lazy\" class=\"size-full wp-image-124147\" src=\"https:\/\/static.casadomo.com\/media\/2023\/07\/mineco-programa-catedras-chips-formacion-microelectronica-financiacion.png\" alt=\"Microelectr\u00f3nica.\" width=\"800\" height=\"477\" srcset=\"https:\/\/static.casadomo.com\/media\/2023\/07\/mineco-programa-catedras-chips-formacion-microelectronica-financiacion.png 800w, https:\/\/static.casadomo.com\/media\/2023\/07\/mineco-programa-catedras-chips-formacion-microelectronica-financiacion-300x179.png 300w, https:\/\/static.casadomo.com\/media\/2023\/07\/mineco-programa-catedras-chips-formacion-microelectronica-financiacion-768x458.png 768w, https:\/\/static.casadomo.com\/media\/2023\/07\/mineco-programa-catedras-chips-formacion-microelectronica-financiacion-180x107.png 180w\" sizes=\"auto, (max-width: 800px) 100vw, 800px\"><figcaption id=\"caption-attachment-124147\" class=\"wp-caption-text\">El programa financiar\u00e1 todos los gastos de la c\u00e1tedra de nueva creaci\u00f3n, as\u00ed como los gastos de formaci\u00f3n universitaria para los estudiantes de grados, doctorados y t\u00edtulos propios, entre otros.<\/figcaption><\/figure>\n<p>El programa, cuya convocatoria ver\u00e1 la luz pr\u00f3ximamente, est\u00e1 dotado con 80 millones de euros, que se dividen en dos subprogramas: uno para universidades p\u00fablicas y otro para las privadas. De esta manera, se pretende financiar el mayor n\u00famero posible de c\u00e1tedras universidad-empresa, as\u00ed como lograr que al menos 1.000 estudiantes tengan acceso a formaci\u00f3n espec\u00edfica de alta capacidad en el \u00e1rea de semiconductores y microelectr\u00f3nica.<\/p>\n<p>Seg\u00fan Mineco, si la c\u00e1tedra tiene un alto componente internacional, la dotaci\u00f3n al proyecto se ver\u00eda incrementada, buscando as\u00ed promover la colaboraci\u00f3n con investigadores de reconocido prestigio, instituciones internacionales o similares.<\/p>\n<h2>Eliminaci\u00f3n de barreras econ\u00f3micas<\/h2>\n<p>Con el objetivo de eliminar las barreras econ\u00f3micas de acceso al talento, este programa no s\u00f3lo incluye la financiaci\u00f3n de todos los gastos de la c\u00e1tedra de nueva creaci\u00f3n, sino que, en el caso de las universidades p\u00fablicas, cubrir\u00e1 tambi\u00e9n los gastos de formaci\u00f3n universitaria para los estudiantes de grados, doctorados y t\u00edtulos propios, entre otros.<\/p>\n<p>La publicaci\u00f3n de las bases que regulan el programa y la convocatoria de ayudas se publicar\u00e1n durante la segunda quincena de julio, lo que dar\u00e1 inicio al plazo de presentaci\u00f3n de solicitudes. De esta manera, se prev\u00e9 que la entrega de fondos a los beneficiarios pueda realizarse antes de que termine el a\u00f1o.<\/p>\n<p>La entrada <a rel=\"nofollow\" href=\"https:\/\/www.casadomo.com\/2023\/07\/20\/programa-catedras-chip-financiara-formacion-microelectronica-universidades\">El programa C\u00e1tedras Chip financiar\u00e1 la formaci\u00f3n en microelectr\u00f3nica en universidades<\/a> aparece primero en <a rel=\"nofollow\" href=\"https:\/\/www.casadomo.com\/\">CASADOMO<\/a>.<\/p>\n<\/div>\n","protected":false},"excerpt":{"rendered":"<p>El Ministerio de Asuntos Econ\u00f3micos y Transformaci\u00f3n Digital (Mineco), a trav\u00e9s de la Secretar\u00eda de Estado de Telecomunicaciones e Infraestructuras Digitales, ha presentado el programa C\u00e1tedras Chip, orientado a la creaci\u00f3n de c\u00e1tedras universidad-empresa destinadas a la investigaci\u00f3n y desarrollo en el \u00e1rea de microelectr\u00f3nica para la difusi\u00f3n del conocimiento y la formaci\u00f3n. El programa &hellip; <a href=\"https:\/\/domosistemas.com\/?p=21097\" class=\"more-link\">Sigue leyendo <span class=\"screen-reader-text\">El programa C\u00e1tedras Chip financiar\u00e1 la formaci\u00f3n en microelectr\u00f3nica en universidades<\/span><\/a><\/p>\n","protected":false},"author":1,"featured_media":0,"comment_status":"closed","ping_status":"closed","sticky":false,"template":"","format":"standard","meta":{"footnotes":""},"categories":[3],"tags":[],"class_list":["post-21097","post","type-post","status-publish","format-standard","hentry","category-casadomo-com"],"_links":{"self":[{"href":"https:\/\/domosistemas.com\/index.php?rest_route=\/wp\/v2\/posts\/21097","targetHints":{"allow":["GET"]}}],"collection":[{"href":"https:\/\/domosistemas.com\/index.php?rest_route=\/wp\/v2\/posts"}],"about":[{"href":"https:\/\/domosistemas.com\/index.php?rest_route=\/wp\/v2\/types\/post"}],"author":[{"embeddable":true,"href":"https:\/\/domosistemas.com\/index.php?rest_route=\/wp\/v2\/users\/1"}],"replies":[{"embeddable":true,"href":"https:\/\/domosistemas.com\/index.php?rest_route=%2Fwp%2Fv2%2Fcomments&post=21097"}],"version-history":[{"count":0,"href":"https:\/\/domosistemas.com\/index.php?rest_route=\/wp\/v2\/posts\/21097\/revisions"}],"wp:attachment":[{"href":"https:\/\/domosistemas.com\/index.php?rest_route=%2Fwp%2Fv2%2Fmedia&parent=21097"}],"wp:term":[{"taxonomy":"category","embeddable":true,"href":"https:\/\/domosistemas.com\/index.php?rest_route=%2Fwp%2Fv2%2Fcategories&post=21097"},{"taxonomy":"post_tag","embeddable":true,"href":"https:\/\/domosistemas.com\/index.php?rest_route=%2Fwp%2Fv2%2Ftags&post=21097"}],"curies":[{"name":"wp","href":"https:\/\/api.w.org\/{rel}","templated":true}]}}