{"id":21139,"date":"2023-07-24T02:00:53","date_gmt":"2023-07-24T02:00:53","guid":{"rendered":"https:\/\/domosistemas.com\/?p=21139"},"modified":"2023-07-24T02:00:53","modified_gmt":"2023-07-24T02:00:53","slug":"abierto-el-plazo-de-las-ayudas-del-programa-catedras-chip-para-impulsar-la-formacion-y-la-id","status":"publish","type":"post","link":"https:\/\/domosistemas.com\/?p=21139","title":{"rendered":"Abierto el plazo de las ayudas del programa C\u00e1tedras Chip para impulsar la formaci\u00f3n y la I+D"},"content":{"rendered":"<div>\n<p>El Ministerio de Asuntos Econ\u00f3micos y Transformaci\u00f3n Digital (<a href=\"https:\/\/portal.mineco.gob.es\/es-es\" target=\"_blank\" rel=\"noopener\">Mineco<\/a>) ha publicado, en el Bolet\u00edn Oficial del Estado (BOE), la <a href=\"https:\/\/boe.es\/boe\/dias\/2023\/07\/21\/pdfs\/BOE-B-2023-22179.pdf\" target=\"_blank\" rel=\"noopener\">convocatoria<\/a> del programa C\u00e1tedras Chip, que se enmarca en el proyecto Estrat\u00e9gico de Microelectr\u00f3nica y Semiconductores, conocido como <a href=\"https:\/\/www.casadomo.com\/2023\/07\/14\/nuevo-grupo-expertos-perte-chip-garantizara-avance-gobernanza-proyecto\">PERTE Chip<\/a>. El plazo de presentaci\u00f3n de solicitudes estar\u00e1 abierto hasta el 12 de septiembre.<\/p>\n<figure id=\"attachment_124390\" aria-describedby=\"caption-attachment-124390\" style=\"width: 800px\" class=\"wp-caption aligncenter\"><img decoding=\"async\" loading=\"lazy\" class=\"size-full wp-image-124390\" src=\"https:\/\/static.casadomo.com\/media\/2023\/07\/mineco-ayudas-catedras-chip-abierta-convocatoria.png\" alt=\"Ayudas C\u00e1tedras Chip.\" width=\"800\" height=\"450\" srcset=\"https:\/\/static.casadomo.com\/media\/2023\/07\/mineco-ayudas-catedras-chip-abierta-convocatoria.png 800w, https:\/\/static.casadomo.com\/media\/2023\/07\/mineco-ayudas-catedras-chip-abierta-convocatoria-300x169.png 300w, https:\/\/static.casadomo.com\/media\/2023\/07\/mineco-ayudas-catedras-chip-abierta-convocatoria-768x432.png 768w, https:\/\/static.casadomo.com\/media\/2023\/07\/mineco-ayudas-catedras-chip-abierta-convocatoria-180x101.png 180w\" sizes=\"auto, (max-width: 800px) 100vw, 800px\"><figcaption id=\"caption-attachment-124390\" class=\"wp-caption-text\">El plazo de presentaci\u00f3n de solicitudes para las ayudas C\u00e1tedras Chip estar\u00e1 abierto hasta el 12 de septiembre.<\/figcaption><\/figure>\n<p>Las ayudas <a href=\"https:\/\/www.casadomo.com\/2023\/07\/20\/programa-catedras-chip-financiara-formacion-microelectronica-universidades\">C\u00e1tedras Chip<\/a> tienen como objetivo la formaci\u00f3n de profesionales en el \u00e1mbito de la microelectr\u00f3nica y los semiconductores, y la I+D mediante la colaboraci\u00f3n p\u00fablico-privada en las universidades de Espa\u00f1a.<\/p>\n<p>Esta convocatoria cuenta con un presupuesto de 80 millones de euros en forma de subvenci\u00f3n. El importe m\u00e1ximo de la ayuda ser\u00e1 de 5.500.000 euros para el caso de las universidades p\u00fablicas, mientras que en el caso de las universidades privadas el importe m\u00e1ximo de la ayuda ser\u00e1 de 2 millones de euros.<\/p>\n<p>Las solicitudes se presentar\u00e1n a trav\u00e9s del formulario espec\u00edfico publicado en la <a href=\"https:\/\/sede.mineco.gob.es\/\" target=\"_blank\" rel=\"noopener\">sede electr\u00f3nica<\/a> de la Secretar\u00eda de Estado de Telecomunicaciones e Infraestructuras Digitales del Ministerio de Asuntos Econ\u00f3micos y Transformaci\u00f3n Digital.<\/p>\n<h2>Financiaci\u00f3n de creaci\u00f3n de c\u00e1tedras de microelectr\u00f3nica<\/h2>\n<p>Con este programa, que nace con vocaci\u00f3n de reforzar el ecosistema cient\u00edfico y de talento que existe en Espa\u00f1a, se financiar\u00e1 la creaci\u00f3n de c\u00e1tedras universidad-empresa cuya actividad est\u00e9 centrada en la investigaci\u00f3n, la difusi\u00f3n y la formaci\u00f3n en distintas \u00e1reas de aplicaci\u00f3n de la microelectr\u00f3nica para el periodo 2023-2027.<\/p>\n<p>Entre las \u00e1reas tem\u00e1ticas de las c\u00e1tedras figuran el dise\u00f1o de circuitos microelectr\u00f3nicos; test y encapsulado de componentes; nuevos materiales y dispositivos en el \u00e1mbito de microelectr\u00f3nica; y procesos tecnol\u00f3gicos. El objetivo es que al menos 1.000 estudiantes tengan acceso a formaci\u00f3n espec\u00edfica de alta capacidad en el \u00e1rea de semiconductores y microelectr\u00f3nica.<\/p>\n<p>La entrada <a rel=\"nofollow\" href=\"https:\/\/www.casadomo.com\/2023\/07\/24\/abierto-plazo-ayudas-programa-catedras-chip-impulsar-formacion-id\">Abierto el plazo de las ayudas del programa C\u00e1tedras Chip para impulsar la formaci\u00f3n y la I+D<\/a> aparece primero en <a rel=\"nofollow\" href=\"https:\/\/www.casadomo.com\/\">CASADOMO<\/a>.<\/p>\n<\/div>\n","protected":false},"excerpt":{"rendered":"<p>El Ministerio de Asuntos Econ\u00f3micos y Transformaci\u00f3n Digital (Mineco) ha publicado, en el Bolet\u00edn Oficial del Estado (BOE), la convocatoria del programa C\u00e1tedras Chip, que se enmarca en el proyecto Estrat\u00e9gico de Microelectr\u00f3nica y Semiconductores, conocido como PERTE Chip. El plazo de presentaci\u00f3n de solicitudes estar\u00e1 abierto hasta el 12 de septiembre. El plazo de &hellip; <a href=\"https:\/\/domosistemas.com\/?p=21139\" class=\"more-link\">Sigue leyendo <span class=\"screen-reader-text\">Abierto el plazo de las ayudas del programa C\u00e1tedras Chip para impulsar la formaci\u00f3n y la I+D<\/span><\/a><\/p>\n","protected":false},"author":1,"featured_media":0,"comment_status":"closed","ping_status":"closed","sticky":false,"template":"","format":"standard","meta":{"footnotes":""},"categories":[3],"tags":[],"class_list":["post-21139","post","type-post","status-publish","format-standard","hentry","category-casadomo-com"],"_links":{"self":[{"href":"https:\/\/domosistemas.com\/index.php?rest_route=\/wp\/v2\/posts\/21139","targetHints":{"allow":["GET"]}}],"collection":[{"href":"https:\/\/domosistemas.com\/index.php?rest_route=\/wp\/v2\/posts"}],"about":[{"href":"https:\/\/domosistemas.com\/index.php?rest_route=\/wp\/v2\/types\/post"}],"author":[{"embeddable":true,"href":"https:\/\/domosistemas.com\/index.php?rest_route=\/wp\/v2\/users\/1"}],"replies":[{"embeddable":true,"href":"https:\/\/domosistemas.com\/index.php?rest_route=%2Fwp%2Fv2%2Fcomments&post=21139"}],"version-history":[{"count":0,"href":"https:\/\/domosistemas.com\/index.php?rest_route=\/wp\/v2\/posts\/21139\/revisions"}],"wp:attachment":[{"href":"https:\/\/domosistemas.com\/index.php?rest_route=%2Fwp%2Fv2%2Fmedia&parent=21139"}],"wp:term":[{"taxonomy":"category","embeddable":true,"href":"https:\/\/domosistemas.com\/index.php?rest_route=%2Fwp%2Fv2%2Fcategories&post=21139"},{"taxonomy":"post_tag","embeddable":true,"href":"https:\/\/domosistemas.com\/index.php?rest_route=%2Fwp%2Fv2%2Ftags&post=21139"}],"curies":[{"name":"wp","href":"https:\/\/api.w.org\/{rel}","templated":true}]}}