{"id":21272,"date":"2023-08-05T09:09:52","date_gmt":"2023-08-05T09:09:52","guid":{"rendered":"https:\/\/domosistemas.com\/?p=21272"},"modified":"2023-08-05T09:09:52","modified_gmt":"2023-08-05T09:09:52","slug":"he-pasado-de-usar-un-aire-acondicionado-portatil-a-uno-de-pared-esto-es-lo-que-he-notado-con-el-cambio","status":"publish","type":"post","link":"https:\/\/domosistemas.com\/?p=21272","title":{"rendered":"He pasado de usar un aire acondicionado port\u00e1til a uno de pared: esto es lo que he notado con el cambio"},"content":{"rendered":"<div>\n<p>\n      <img decoding=\"async\" src=\"https:\/\/i.blogs.es\/85a0eb\/aire-acondicionado-tcl-modo-448\/1024_2000.jpeg\" alt=\"He pasado de usar un aire acondicionado port\u00e1til a uno de pared: esto es lo que he notado con el cambio \">\n    <\/p>\n<p>A la hora de refrescar las casas en verano, una de las opciones que tenemos a nuestra disposici\u00f3n son los equipos de <a href=\"https:\/\/www.xatakahome.com\/guia-de-compra\/aire-acondicionado-portatil-que-mirar-antes-comprar-uno-estos-dispositivos-para-combatir-calor\">aire acondicionado port\u00e1tiles<\/a> o <strong>ping\u00fcinos<\/strong>, m\u00e1s sencillos de instalar y relativamente econ\u00f3micos que los fijos pero que presentan sus propias <a href=\"https:\/\/www.xatakahome.com\/accesorios\/aire-acondicionado-portatil-merece-pena-cuales-sus-ventajas-e-inconvenientes\">ventajas e inconvenientes<\/a>.<\/p>\n<p><!-- BREAK 1 --><\/p>\n<p>Por estos motivos fue nuestra primera opci\u00f3n hace m\u00e1s de una d\u00e9cada como sistema con gran flexibilidad, <strong>menor coste<\/strong> y posibilidad de uso en diferentes habitaciones. Sin embargo, aunque todav\u00eda seguimos usando el modelo port\u00e1til en una habitaci\u00f3n, finalmente nos decidimos por instalar un <a href=\"https:\/\/www.xatakahome.com\/a-fondo\/que-tipo-aire-acondicionado-mejor-para-mi-casa-ventajas-e-inconvenientes-cada-modalidad\">sistema de aire acondicionado<\/a> <strong>de tipo split en el sal\u00f3n y la habitaci\u00f3n principal.<\/strong><\/p>\n<p><!-- BREAK 2 --><\/p>\n<div class=\"article-asset article-asset-normal article-asset-center\">\n<div class=\"desvio-container\">\n<div class=\"desvio\">\n<div class=\"desvio-figure js-desvio-figure\">\n    <a href=\"https:\/\/www.xatakahome.com\/analisis\/tengo-casa-modelo-aire-acondicionado-que-recomienda-ocu-esto-que-me-gusta-su-uso-diario\"><br \/>\n     <img decoding=\"async\" alt=\"Tengo en casa el modelo de aire acondicionado que recomienda la OCU: esto es lo que m\u00e1s y menos me gusta en su uso diario\" src=\"https:\/\/i.blogs.es\/4b17e2\/img_20230616_132742\/375_142.webp\" onerror='this.src=\"https:\/\/i.blogs.es\/4b17e2\/img_20230616_132742\/375_142.jpeg\"'><br \/>\n    <\/a>\n   <\/div>\n<div class=\"desvio-summary\">\n<div class=\"desvio-taxonomy js-desvio-taxonomy\">\n     <a href=\"https:\/\/www.xatakahome.com\/analisis\/tengo-casa-modelo-aire-acondicionado-que-recomienda-ocu-esto-que-me-gusta-su-uso-diario\" class=\"desvio-taxonomy-anchor\">En Xataka Smart Home<\/a>\n    <\/div>\n<p>    <a href=\"https:\/\/www.xatakahome.com\/analisis\/tengo-casa-modelo-aire-acondicionado-que-recomienda-ocu-esto-que-me-gusta-su-uso-diario\" class=\"desvio-title js-desvio-title\">Tengo en casa el modelo de aire acondicionado que recomienda la OCU: esto es lo que m\u00e1s y menos me gusta en su uso diario<\/a>\n   <\/div>\n<\/p><\/div>\n<\/p><\/div>\n<\/div>\n<p>El <strong>equipo port\u00e1til<\/strong> que ven\u00edamos utilizando los \u00faltimos veranos era el modelo <a href=\"https:\/\/www.xatakahome.com\/redirect?url=https%3A%2F%2Fwww.amazon.es%2FDAITSU-CLIMATIZADOR-PORT%25C3%2581TIL-REVERSIBLE-APD12-HR%2Fdp%2FB01CNLWENO&amp;category=a-fondo&amp;ecomPostExpiration=everlasting\" rel=\"noopener noreferrer\" data-id=\"noopener noreferrer\">Daitsu APD12-HR<\/a>, con una potencia de unas <strong>3.000 frigor\u00edas\/hora<\/strong> que tambi\u00e9n cuenta con bomba de calor para el invierno con una potencia equivalente a 2.930 vatios.<\/p>\n<p><!-- BREAK 3 --><\/p>\n<p>Por su parte, el aire <strong>acondicionado fijo<\/strong> que instalamos fue de la marca <strong>Mitsubishi Electric<\/strong>, y m\u00e1s concretamente los modelos <a href=\"https:\/\/www.mitsubishielectric.es\/aire-acondicionado\/series\/msz-ap\/\">MSZ-AP35VG y MSZ-AP25VG<\/a>, \u00a0ambos muy similares en cuanto a tecnolog\u00eda pero con especificaciones ligeramente diferentes, ya que el primero ofrece una potencia de fr\u00edo de <strong>3.010 frigor\u00edas hora<\/strong> frente a las <strong>2.150 frigor\u00edas hora<\/strong> de su hermano menor.<\/p>\n<p><!-- BREAK 4 --><\/p>\n<p>\u00bfQu\u00e9 diferencias hemos notado con ambos tipos de equipo, cu\u00e1les son las <strong>principales mejoras o inconvenientes<\/strong> que han surgido?<\/p>\n<p><!-- BREAK 5 --><\/p>\n<div class=\"article-asset-video article-asset-normal\">\n<div class=\"asset-content\">\n<div class=\"base-asset-video\">\n<div class=\"js-dailymotion\">\n    <script type=\"application\/json\">\n           {\"videoId\":\"x859iu8\",\"autoplay\":true,\"title\":\"\u00bfPara qu\u00e9 sirve un purificador Lo probamos con este Dyson en situaciones reales   RETO XATAKA\", \"tag\":\"\"}\n         <\/script>\n   <\/div>\n<\/p><\/div>\n<\/p><\/div>\n<\/div>\n<h2>Mejoras que he notado con el cambio<\/h2>\n<div class=\"article-asset-image article-asset-normal article-asset-center\">\n<div class=\"asset-content\">\n<div class=\"caption-img \">\n<div class=\"base-wrapper-image\" style=\"padding-top:60.801781737194%;\">\n<p>  <img decoding=\"async\" alt=\"modelo Daitsu APD12-HR\" class=\"centro_sinmarco\" src=\"https:\/\/i.blogs.es\/6f58a8\/1dairtsu\/450_1000.webp\"><\/p><\/div>\n<p>         <span>Modelo Daitsu APD12-HR<\/span>\n   <\/div>\n<\/p><\/div>\n<\/div>\n<ul>\n<li><strong>El ruido ya o es un problema: <\/strong>sin duda lo que menos nos gustaba de los aires acondicionados port\u00e1tiles era el ruido. Si produjeran un ruido parecido a los modelos de pared ser\u00edan casi ideales. Pero no. Los tres modelos que hemos podido probar en casa han sido <strong>muy ruidosos <\/strong>con cifras que sobrepasan con soltura los 50-60 dB, n\u00fameros muy superiores a los 20-23 dB que nos da los modelos de pared con el ventilador puesto en un modo intermedio (al m\u00e1ximo hace algo m\u00e1s de ruido).<\/li>\n<li><strong>El aire fr\u00edo de la sala ya no se desperdicia: <\/strong>otro punto negativo que me molestaba con el aire port\u00e1til es el relacionado con la <strong>baja<\/strong> <strong>eficiencia a la hora de enfriar la sala<\/strong>. En mi caso, con un modelo de un solo tubo, \u00e9ste expulsa el aire caliente al exterior pero lo recoge de dentro de la sala, por lo que primero lo enfriamos y luego lo expulsamos fuera haciendo que entre m\u00e1s aire caliente del exterior de la habitaci\u00f3n para cubrir ese descenso de presi\u00f3n. Adem\u00e1s, el tubo <strong>radia parte de ese calor <\/strong>dentro de la habitaci\u00f3n, al ser generalmente un conducto de pl\u00e1stico sin ning\u00fan tipo de aislamiento. Y el colmo es que, por muy bueno que es el kit para adaptar a la ventana, no terminaba de ajustar quedando huecos y rendijas por las que se escapaba el aire fr\u00edo. Todo esto ya es historia con el aire de pared, puesto que el elemento interior est\u00e1 mucho m\u00e1s aislado del exterior.<\/li>\n<\/ul>\n<div class=\"article-asset-image article-asset-normal article-asset-center\">\n<div class=\"asset-content\">\n<div class=\"caption-img \">\n<div class=\"base-wrapper-image\" style=\"padding-top:56.25%;\">\n<p>  <img decoding=\"async\" alt=\"aire\" class=\"centro_sinmarco\" src=\"https:\/\/i.blogs.es\/fe77cd\/448\/450_1000.webp\"><\/p><\/div>\n<p>         <span>Modelo Mitsibishi MSZ-AP25VG<\/span>\n   <\/div>\n<\/p><\/div>\n<\/div>\n<ul>\n<li><strong>Menor consumo el\u00e9ctrico con una potencia de enfriamiento similar: <\/strong>aunque por las especificaciones podemos comprobar que ambos modelos tienen una potencia de refrigeraci\u00f3n parecida que ronda las 3.000 frigor\u00edas, la realidad es que el aire port\u00e1til, dadas sus ineficiencias (como el problema del tubo antes mencionado), estaba funcionando <strong>todo el tiempo al 100%<\/strong> para bajar como mucho unos 4 grados la temperatura de la sala. Por el contrario, el modelo de pared gracias su mayor eficiencia y al compresor tipo inverter puede bajar la temperatura entre 5-6 grados estando funcionando a baja potencia (se nota en el ruido del compresor externo) e incluso <strong>apag\u00e1ndose por completo de vez en cuando<\/strong> (algo que podemos saber porque las aspas vuelven a su posici\u00f3n inicial y baja el flujo del ventilador). Esto implica que el modelo de pared va a consumir mucho menos electricidad, algo que se nota en la factura de la luz. De hecho, ahora el precio de la luz es superior al de hace dos a\u00f1os, pagamos <strong>pr\u00e1cticamente lo mismo usando dos aires acondicionados frente a uno solo port\u00e1til<\/strong>.<\/li>\n<li><strong>Sin corrientes de aire en la habitaci\u00f3n:<\/strong> adem\u00e1s del l\u00f3gico chorro de aire fr\u00edo que podemos dirigir hacia arriba o abajo, con el aire acondicionado port\u00e1til hay un flujo de aire que va hasta el sistema de extracci\u00f3n y que puede resultar \u00a0molesto. En mi caso tenemos <strong>una peque\u00f1a rendija de ventilaci\u00f3n en mitad de la sala.<\/strong> Normalmente pones la mano en la rendija con todo apagado y apenas se nota nada. En cuanto encend\u00edamos el aire acondicionado port\u00e1til empezaba a entrar <strong>un chorro de aire procedente del exterior <\/strong>que llega a la habitaci\u00f3n reduciendo considerablemente la eficiencia del equipo. Con el aire de pared esto ya no sucede y las corrientes de aire son m\u00ednimas.<\/li>\n<\/ul>\n<h2>No todo es positivo: principales inconvenientes<\/h2>\n<div class=\"article-asset-image article-asset-normal article-asset-center\">\n<div class=\"asset-content\">\n<div class=\"base-wrapper-image\" style=\"padding-top:75.036603221083%;\">\n<p>  <img decoding=\"async\" alt=\"filtros\" class=\"centro_sinmarco\" src=\"https:\/\/i.blogs.es\/a45965\/1366_2000mal-olor\/450_1000.webp\"><\/p><\/div>\n<\/p><\/div>\n<\/div>\n<ul>\n<li><strong>El precio de su adquisici\u00f3n: <\/strong>sin duda el mayor inconveniente al pasarnos a un modelo de pared fue el precio, ya que cada aparato tiene un coste que rond\u00f3 los 750-800 euros frente a los menos de 400 euros del modelo port\u00e1til que adem\u00e1s puedes usar en diferentes habitaciones seg\u00fan lo necesites.<\/li>\n<li><strong>Una instalaci\u00f3n m\u00e1s costosa y compleja: <\/strong>derivada del punto anterior tenemos el asunto de la instalaci\u00f3n, ya que mientras que el modelo port\u00e1til te lo llevas a casa y lo puedes instalar t\u00fa mismo, en el de pared en general necesitar\u00e1s que venga un t\u00e9cnico o incluso pedir permiso a la comunidad de propietarios.<strong> <\/strong>Esto supondr\u00e1 un coste que dependiendo de la zona y del instalador sale por entre <strong>150-200 euros adicionales por cada aparato<\/strong>, suponiendo que todo vaya bien y no haya costes a\u00f1adidos porque sea necesaria una tuber\u00eda m\u00e1s larga, hacer rozas, repintar, etc.<\/li>\n<li><strong>Mantenimiento m\u00e1s complicado:<\/strong> por estar a una altura elevada, si no est\u00e1s en perfecta forma f\u00edsica vas a necesitar que te echen una mano a la hora de poder <strong>limpiar o sustituir los filtros<\/strong>. Esto es algo que no sucede con los modelos port\u00e1tiles, mucho m\u00e1s accesibles para su mantenimiento.<\/li>\n<li><strong>Ambiente m\u00e1s reseco con el modelo de pared<\/strong>: al estar todo m\u00e1s herm\u00e9tico y expulsar el agua de la bandeja de condensaci\u00f3n directamente fuera de la habitaci\u00f3n, el aire acondicionado de pared tiende a ofrecer un <strong>ambiente m\u00e1s reseco que el port\u00e1til<\/strong>. Es algo que ya comentamos en <a href=\"https:\/\/www.xatakahome.com\/tutoriales\/como-evitar-que-aire-acondicionado-reseque-ambiente-casa-cinco-sencillos-trucos-soluciones-para-todos-bolsillos\">este art\u00edculo y que tiene f\u00e1cil soluci\u00f3n<\/a>, pero no deja de ser un cambio que he notado con respecto a los ping\u00fcinos que he probado. Y especialmente con respecto al primero que tuvimos hace muchos a\u00f1os, que era un <strong>equipo mixto mitad aire acondicionado mitad evaporador<\/strong>, contando en su interior con un dep\u00f3sito de agua generoso que humidificaba el ambiente.<\/li>\n<\/ul>\n<p>Imagen portada | TCL<\/p>\n<p>En Xataka Smart Home | <a href=\"https:\/\/www.xatakahome.com\/tutoriales\/como-evitar-que-aire-acondicionado-reseque-ambiente-casa-cinco-sencillos-trucos-soluciones-para-todos-bolsillos\">C\u00f3mo evitar que el aire acondicionado reseque el ambiente en casa: cinco sencillos trucos y soluciones para todos los bolsillos<\/a><\/p>\n<p><!-- BREAK 6 --><script>\n (function() {\n  window._JS_MODULES = window._JS_MODULES || {};\n  var headElement = document.getElementsByTagName('head')[0];\n  if (_JS_MODULES.instagram) {\n   var instagramScript = document.createElement('script');\n   instagramScript.src = 'https:\/\/platform.instagram.com\/en_US\/embeds.js';\n   instagramScript.async = true;\n   instagramScript.defer = true;\n   headElement.appendChild(instagramScript);\n  }\n })();\n<\/script><\/p>\n<p> &#8211; <br \/> La noticia<br \/>\n      <a href=\"https:\/\/www.xatakahome.com\/a-fondo\/he-pasado-usar-aire-acondicionado-portatil-a-uno-pared-esto-que-he-notado-cambio?utm_source=feedburner&amp;utm_medium=feed&amp;utm_campaign=05_Aug_2023\"><br \/>\n       <em> He pasado de usar un aire acondicionado port\u00e1til a uno de pared: esto es lo que he notado con el cambio  <\/em><br \/>\n      <\/a><br \/>\n      fue publicada originalmente en<br \/>\n      <a href=\"https:\/\/www.xatakahome.com\/?utm_source=feedburner&amp;utm_medium=feed&amp;utm_campaign=05_Aug_2023\"><br \/>\n       <strong> Xataka Smart Home <\/strong><br \/>\n      <\/a><br \/>\n            por <a href=\"https:\/\/www.xatakahome.com\/autor\/paco-rodriguez?utm_source=feedburner&amp;utm_medium=feed&amp;utm_campaign=05_Aug_2023\"><br \/>\n       Paco Rodriguez<br \/>\n      <\/a><br \/>\n      . <\/p>\n<\/div>\n","protected":false},"excerpt":{"rendered":"<p>A la hora de refrescar las casas en verano, una de las opciones que tenemos a nuestra disposici\u00f3n son los equipos de aire acondicionado port\u00e1tiles o ping\u00fcinos, m\u00e1s sencillos de instalar y relativamente econ\u00f3micos que los fijos pero que presentan sus propias ventajas e inconvenientes. Por estos motivos fue nuestra primera opci\u00f3n hace m\u00e1s de &hellip; <a href=\"https:\/\/domosistemas.com\/?p=21272\" class=\"more-link\">Sigue leyendo <span class=\"screen-reader-text\">He pasado de usar un aire acondicionado port\u00e1til a uno de pared: esto es lo que he notado con el cambio<\/span><\/a><\/p>\n","protected":false},"author":1,"featured_media":0,"comment_status":"closed","ping_status":"closed","sticky":false,"template":"","format":"standard","meta":{"footnotes":""},"categories":[8],"tags":[],"class_list":["post-21272","post","type-post","status-publish","format-standard","hentry","category-xataka"],"_links":{"self":[{"href":"https:\/\/domosistemas.com\/index.php?rest_route=\/wp\/v2\/posts\/21272","targetHints":{"allow":["GET"]}}],"collection":[{"href":"https:\/\/domosistemas.com\/index.php?rest_route=\/wp\/v2\/posts"}],"about":[{"href":"https:\/\/domosistemas.com\/index.php?rest_route=\/wp\/v2\/types\/post"}],"author":[{"embeddable":true,"href":"https:\/\/domosistemas.com\/index.php?rest_route=\/wp\/v2\/users\/1"}],"replies":[{"embeddable":true,"href":"https:\/\/domosistemas.com\/index.php?rest_route=%2Fwp%2Fv2%2Fcomments&post=21272"}],"version-history":[{"count":0,"href":"https:\/\/domosistemas.com\/index.php?rest_route=\/wp\/v2\/posts\/21272\/revisions"}],"wp:attachment":[{"href":"https:\/\/domosistemas.com\/index.php?rest_route=%2Fwp%2Fv2%2Fmedia&parent=21272"}],"wp:term":[{"taxonomy":"category","embeddable":true,"href":"https:\/\/domosistemas.com\/index.php?rest_route=%2Fwp%2Fv2%2Fcategories&post=21272"},{"taxonomy":"post_tag","embeddable":true,"href":"https:\/\/domosistemas.com\/index.php?rest_route=%2Fwp%2Fv2%2Ftags&post=21272"}],"curies":[{"name":"wp","href":"https:\/\/api.w.org\/{rel}","templated":true}]}}