{"id":21285,"date":"2023-08-07T10:38:36","date_gmt":"2023-08-07T10:38:36","guid":{"rendered":"https:\/\/domosistemas.com\/?p=21285"},"modified":"2023-08-07T10:38:36","modified_gmt":"2023-08-07T10:38:36","slug":"la-ocu-desvela-las-tarifas-de-la-luz-mas-baratas-para-agosto-de-2023-estas-son-las-mas-interesantes","status":"publish","type":"post","link":"https:\/\/domosistemas.com\/?p=21285","title":{"rendered":"La OCU desvela las tarifas de la luz m\u00e1s baratas para agosto de 2023: estas son las m\u00e1s interesantes"},"content":{"rendered":"<div>\n<p>\n      <img decoding=\"async\" src=\"https:\/\/i.blogs.es\/f56e48\/tarifas-luz889\/1024_2000.jpeg\" alt=\"La OCU desvela las tarifas de la luz m\u00e1s baratas para agosto de 2023: estas son las m\u00e1s interesantes \">\n    <\/p>\n<p>La <a href=\"https:\/\/www.xataka.com\/energia\/precio-electricidad-caro-historia-manana-tarde-se-pagara-a-700-eur-mwh\">incesante subida en la factura de la luz<\/a> en 2022 fue una de las grandes preocupaciones de muchas familias espa\u00f1olas que vieron como <strong>se multiplic\u00f3 su importe<\/strong> a pesar de las diferentes <a href=\"https:\/\/www.xatakahome.com\/iluminacion-y-energia\/siete-sencillas-medidas-que-estamos-tomando-casa-para-ahorrar-nueva-factura-luz\">medidas y trucos de ahorro<\/a> que era posible aplicar para tratar de rebajar el coste a final de mes.<\/p>\n<p><!-- BREAK 1 --><\/p>\n<p>Los precios han ido <a href=\"https:\/\/www.xatakahome.com\/iluminacion-y-energia\/factura-luz-parece-haberse-estabilizado-no-buenas-noticias-esto-que-estabamos-pagando-hace-3-anos\">estabiliz\u00e1ndose poco a poco<\/a>, aunque la recomendaci\u00f3n para gastar lo menos posible sigue siendo la misma: <strong>comparar, comparar y comparar los precios y ofertas<\/strong> entre las distintas compa\u00f1\u00edas de luz usando diferentes servicios, y especialmente la <strong>web oficial<\/strong> <a href=\"https:\/\/comparador.cnmc.gob.es\/\">Comparador de ofertas de la CNMC<\/a> o los de organizaciones de consumidores como <a href=\"https:\/\/www.ocu.org\/comparar-tarifas-gas-electricidad?landingpage\">el de la OCU<\/a>.<\/p>\n<p><!-- BREAK 2 --><\/p>\n<p>Y es precisamente esta entidad la que <a href=\"https:\/\/www.ocu.org\/vivienda-y-energia\/gas-luz\/informe\/tarifas-electricas-baratas\">acaba de publicar un estudio<\/a> donde analizan las <strong>tarifas el\u00e9ctricas m\u00e1s baratas<\/strong> que se pueden contratar ahora mismo en <strong>agosto de 2023<\/strong>, algunas de ellas muy interesantes aunque resulten dif\u00edciles de encontrar en las p\u00e1ginas de las comercializadoras o llamando por tel\u00e9fono.<\/p>\n<p><!-- BREAK 3 --><\/p>\n<p>Y es que, como comenta la OCU, <strong>\u00abalgunas de estas ofertas se publicitan poco o nada\u00bb<\/strong> por lo que cuesta encontrarlas y por supuesto suscribirse a ellas. No obstante, <strong>estas son las m\u00e1s econ\u00f3micas en el mercado libre<\/strong> ahora mismo, unas tarifas que ya no son tan rentables como antes si las comparamos con las del <a href=\"https:\/\/www.xatakahome.com\/iluminacion-y-energia\/tarifa-luz-pvpc-vuelve-a-ser-barata-momento-asi-han-cambiado-tornas-finales-2022\">mercado regulado o PVPC<\/a>, pero que siguen resultando atractivas.<\/p>\n<p><!-- BREAK 4 --><\/p>\n<div class=\"article-asset article-asset-normal article-asset-center\">\n<div class=\"desvio-container\">\n<div class=\"desvio\">\n<div class=\"desvio-figure js-desvio-figure\">\n    <a href=\"https:\/\/www.xatakahome.com\/iluminacion-y-energia\/pvpc-mercado-libre-que-mejor-para-factura-luz-a-partir-primavera\"><br \/>\n     <img decoding=\"async\" alt=\"PVPC o mercado libre: qu\u00e9 es mejor para la factura de la luz a partir de la primavera \" src=\"https:\/\/i.blogs.es\/72b929\/anais-murith-t_pedvsmmtc-unsplash\/375_142.webp\" onerror='this.src=\"https:\/\/i.blogs.es\/72b929\/anais-murith-t_pedvsmmtc-unsplash\/375_142.jpeg\"'><br \/>\n    <\/a>\n   <\/div>\n<div class=\"desvio-summary\">\n<div class=\"desvio-taxonomy js-desvio-taxonomy\">\n     <a href=\"https:\/\/www.xatakahome.com\/iluminacion-y-energia\/pvpc-mercado-libre-que-mejor-para-factura-luz-a-partir-primavera\" class=\"desvio-taxonomy-anchor\">En Xataka Smart Home<\/a>\n    <\/div>\n<p>    <a href=\"https:\/\/www.xatakahome.com\/iluminacion-y-energia\/pvpc-mercado-libre-que-mejor-para-factura-luz-a-partir-primavera\" class=\"desvio-title js-desvio-title\">PVPC o mercado libre: qu\u00e9 es mejor para la factura de la luz a partir de la primavera <\/a>\n   <\/div>\n<\/p><\/div>\n<\/p><\/div>\n<\/div>\n<h2>Clarity Energy <strong>TARIFA \u00d3PTIMA Fija<\/strong><\/h2>\n<div class=\"article-asset-image article-asset-normal article-asset-center\">\n<div class=\"asset-content\">\n<div class=\"base-wrapper-image\" style=\"padding-top:56.030323914542%;\">\n<p>  <img decoding=\"async\" alt=\"Tarifas Luz Clarityenergy\" class=\"centro_sinmarco\" src=\"https:\/\/i.blogs.es\/ae146a\/tarifas-luz-clarityenergy\/450_1000.webp\"><\/p><\/div>\n<\/p><\/div>\n<\/div>\n<p>Se trata de una oferta proporcionada por una nueva comercializadora que tiene una <a href=\"https:\/\/clarityenergy.es\/tarifas-luz\/\">tarifa con tres periodos<\/a>, sin permanencia, aunque el d\u00eda 1 de enero se actualiza con el IPC. Tambi\u00e9n ofrece una tarifa indexada al mercado. Los precios de su <strong>TARIFA \u00d3PTIMA Fija (1907)<\/strong> son los siguientes<strong>:<\/strong><\/p>\n<p><!-- BREAK 5 --><\/p>\n<ul>\n<li>Precio por c<strong>ada kWh consumido tramo Punta: \u00a00,15957 \u20ac<\/strong><\/li>\n<li>Precio por <strong>cada kWh consumido tramo Llano: \u00a00,12076 \u20ac<\/strong><\/li>\n<li>Precio por <strong>cada kWh consumido tramo Valle: \u00a00,106245 \u20ac<\/strong><\/li>\n<\/ul>\n<h3><strong>Precios fijos por potencia contratada:<\/strong><\/h3>\n<ul>\n<li>Precio por cada <strong>kW contratado en horario punta<\/strong> : <strong>29,1905 \u20ac \/a\u00f1o<\/strong><\/li>\n<li>Precio por cada <strong>kW contratado en horario valle:<\/strong> : \u00a0<strong>14,51 \u20ac \/a\u00f1o<\/strong><\/li>\n<\/ul>\n<p>M\u00e1s informaci\u00f3n | <a href=\"https:\/\/clarityenergy.es\/tarifas-luz\/\">Clarity Energy<\/a><\/p>\n<h2>Naturgy Digital Luz<\/h2>\n<div class=\"article-asset-image article-asset-normal article-asset-center\">\n<div class=\"asset-content\">\n<div class=\"base-wrapper-image\" style=\"padding-top:50.4%;\">\n<p>  <img decoding=\"async\" alt=\"Tarifas Naturgy\" class=\"centro_sinmarco\" src=\"https:\/\/i.blogs.es\/978e7e\/tarifas-naturgy\/450_1000.webp\"><\/p><\/div>\n<\/p><\/div>\n<\/div>\n<p><strong>Naturgy<\/strong> cuenta con una tarifa de lo m\u00e1s interesante en su cat\u00e1logo, es la <a href=\"https:\/\/www.naturgy.es\/hogar\/tarifa_digital_luz\">Tarifa Digital Luz<\/a>, que reemplaza a la Tarifa Por Uso de la compa\u00f1\u00eda como mejor opci\u00f3n. Ofrece un <strong>precio fijo las 24 horas<\/strong> sin permanencia y sin revisi\u00f3n seg\u00fan el IPC. Los precios actuales para potencias de menos de 10 kW son los siguientes:<\/p>\n<p><!-- BREAK 6 --><\/p>\n<ul>\n<li>Precio por <strong>cada kWh consumido: \u00a00,1299<\/strong> <strong>\u20ac<\/strong><\/li>\n<\/ul>\n<h3><strong>Precios fijos por potencia contratada<\/strong><\/h3>\n<ul>\n<li>Precio por cada <strong>kW contratado en horario punta: 34,34<\/strong> <strong>\u20ac\/a\u00f1o<\/strong><\/li>\n<li>Precio por cada <strong>kW contratado en horario valle: \u00a010,30<\/strong> <strong>\u20ac\/a\u00f1o<\/strong><\/li>\n<\/ul>\n<p>M\u00e1s informaci\u00f3n | <a href=\"https:\/\/www.naturgy.es\/hogar\/tarifa_digital_luz#precios-y-condiciones\">Naturgy<\/a><\/p>\n<p><!-- BREAK 7 --><\/p>\n<div class=\"article-asset-video article-asset-normal\">\n<div class=\"asset-content\">\n<div class=\"base-asset-video\">\n<div class=\"js-dailymotion\">\n    <script type=\"application\/json\">\n           {\"videoId\":\"x88tf3k\",\"autoplay\":true,\"title\":\"AHORRA EN TU FACTURA DE LA LUZ: Las MEJORES OPCIONES para conocer los PRECIOS EN TU M\u00d3VIL\", \"tag\":\"webedia-prod\"}\n         <\/script>\n   <\/div>\n<\/p><\/div>\n<\/p><\/div>\n<\/div>\n<h2>Iberdrola Plan Online<\/h2>\n<div class=\"article-asset-image article-asset-normal article-asset-center\">\n<div class=\"asset-content\">\n<div class=\"base-wrapper-image\" style=\"padding-top:52.996108949416%;\">\n<p>  <img decoding=\"async\" alt=\"Tarifas Luz\" class=\"centro_sinmarco\" src=\"https:\/\/i.blogs.es\/889da6\/tarifas-luz\/450_1000.webp\"><\/p><\/div>\n<\/p><\/div>\n<\/div>\n<p>Otra tarifa interesante es la del <a href=\"https:\/\/www.iberdrola.es\/luz\/plan-online\">Plan Online de Iberdrola<\/a>, v\u00e1lida solo para contrataciones online y sin compromiso de permanencia siempre que tengamos un \u00a0contrato de hasta 10 kW. Ofrece una modalidad con un precio fijo las 24 horas y otra con 3 tramos horarios que es menos interesante, aunque a cambio el precio se mantiene durante 60 meses en vez de 12 meses como ocurre en la modalidad con un \u00fanico precio fijo. <strong>En las dos modalidades, el precio se renueva cada 1 de enero con el IPC<\/strong>. Estos son sus precios actuales para la modalidad con precio fijo:<\/p>\n<p><!-- BREAK 8 --><\/p>\n<ul>\n<li>Precio por <strong>cada kWh consumido: \u00a00,126836<\/strong> <strong>\u20ac<\/strong><\/li>\n<\/ul>\n<h3><strong>Precios fijos por potencia contratada<\/strong><\/h3>\n<ul>\n<li>Precio del <strong>kW contratado en horario punta: 37,49 euros\/ a\u00f1o<\/strong><\/li>\n<li>Precio del <strong>kW contratado en horario valle: \u00a08,80 euros\/ a\u00f1o<\/strong><\/li>\n<\/ul>\n<p>A estos precios se le a\u00f1ade un <strong>descuento adicional de 30 euros<\/strong> en la factura que se aplica pasados 90 d\u00edas de tener activo el contrato.<\/p>\n<p><!-- BREAK 9 --><\/p>\n<p>M\u00e1s informaci\u00f3n | <a href=\"https:\/\/www.iberdrola.es\/luz\/plan-online\">Iberdrola<\/a><\/p>\n<p>Adem\u00e1s, en las tres tarifas <strong>los precios no incluyen la financiaci\u00f3n<\/strong> del <a href=\"https:\/\/www.xatakahome.com\/iluminacion-y-energia\/bono-social-factura-luz-que-que-descuento-ofrece-requisitos-para-solicitarlo\">bono social<\/a> as\u00ed como tampoco el coste del mecanismo de ajuste del <a href=\"https:\/\/www.xatakahome.com\/iluminacion-y-energia\/como-saber-cuales-horas-baratas-tope-al-gas-cada-dia-para-ahorrar-nuestra-factura-luz\">tope de gas<\/a> que lleva varios meses con un valor cero.<\/p>\n<p><!-- BREAK 10 --><\/p>\n<p>V\u00eda | <a href=\"https:\/\/www.ocu.org\/vivienda-y-energia\/gas-luz\/informe\/tarifas-electricas-baratas\">OCU<\/a><\/p>\n<p><!-- BREAK 11 --><\/p>\n<p>Imagen portada | <a href=\"https:\/\/unsplash.com\/es\/@nanarose\" rel=\"noopener noreferrer\" data-id=\"noopener noreferrer\">Ana\u00efs MURITH<\/a><\/p>\n<p><!-- BREAK 12 --><\/p>\n<p>En Xataka Smart Home | <a href=\"https:\/\/www.xatakahome.com\/iluminacion-y-energia\/como-saber-cuales-horas-baratas-tope-al-gas-cada-dia-para-ahorrar-nuestra-factura-luz\">C\u00f3mo saber cu\u00e1les son las horas m\u00e1s baratas del tope al gas cada d\u00eda para ahorrar en nuestra factura de la luz<\/a><\/p>\n<p><!-- BREAK 13 --><script>\n (function() {\n  window._JS_MODULES = window._JS_MODULES || {};\n  var headElement = document.getElementsByTagName('head')[0];\n  if (_JS_MODULES.instagram) {\n   var instagramScript = document.createElement('script');\n   instagramScript.src = 'https:\/\/platform.instagram.com\/en_US\/embeds.js';\n   instagramScript.async = true;\n   instagramScript.defer = true;\n   headElement.appendChild(instagramScript);\n  }\n })();\n<\/script><\/p>\n<p> &#8211; <br \/> La noticia<br \/>\n      <a href=\"https:\/\/www.xatakahome.com\/iluminacion-y-energia\/ocu-desvela-tarifas-luz-baratas-para-agosto-2023-estas-interesantes?utm_source=feedburner&amp;utm_medium=feed&amp;utm_campaign=07_Aug_2023\"><br \/>\n       <em> La OCU desvela las tarifas de la luz m\u00e1s baratas para agosto de 2023: estas son las m\u00e1s interesantes  <\/em><br \/>\n      <\/a><br \/>\n      fue publicada originalmente en<br \/>\n      <a href=\"https:\/\/www.xatakahome.com\/?utm_source=feedburner&amp;utm_medium=feed&amp;utm_campaign=07_Aug_2023\"><br \/>\n       <strong> Xataka Smart Home <\/strong><br \/>\n      <\/a><br \/>\n            por <a href=\"https:\/\/www.xatakahome.com\/autor\/paco-rodriguez?utm_source=feedburner&amp;utm_medium=feed&amp;utm_campaign=07_Aug_2023\"><br \/>\n       Paco Rodriguez<br \/>\n      <\/a><br \/>\n      . <\/p>\n<\/div>\n","protected":false},"excerpt":{"rendered":"<p>La incesante subida en la factura de la luz en 2022 fue una de las grandes preocupaciones de muchas familias espa\u00f1olas que vieron como se multiplic\u00f3 su importe a pesar de las diferentes medidas y trucos de ahorro que era posible aplicar para tratar de rebajar el coste a final de mes. Los precios han &hellip; <a href=\"https:\/\/domosistemas.com\/?p=21285\" class=\"more-link\">Sigue leyendo <span class=\"screen-reader-text\">La OCU desvela las tarifas de la luz m\u00e1s baratas para agosto de 2023: estas son las m\u00e1s interesantes<\/span><\/a><\/p>\n","protected":false},"author":1,"featured_media":0,"comment_status":"closed","ping_status":"closed","sticky":false,"template":"","format":"standard","meta":{"footnotes":""},"categories":[8],"tags":[],"class_list":["post-21285","post","type-post","status-publish","format-standard","hentry","category-xataka"],"_links":{"self":[{"href":"https:\/\/domosistemas.com\/index.php?rest_route=\/wp\/v2\/posts\/21285","targetHints":{"allow":["GET"]}}],"collection":[{"href":"https:\/\/domosistemas.com\/index.php?rest_route=\/wp\/v2\/posts"}],"about":[{"href":"https:\/\/domosistemas.com\/index.php?rest_route=\/wp\/v2\/types\/post"}],"author":[{"embeddable":true,"href":"https:\/\/domosistemas.com\/index.php?rest_route=\/wp\/v2\/users\/1"}],"replies":[{"embeddable":true,"href":"https:\/\/domosistemas.com\/index.php?rest_route=%2Fwp%2Fv2%2Fcomments&post=21285"}],"version-history":[{"count":0,"href":"https:\/\/domosistemas.com\/index.php?rest_route=\/wp\/v2\/posts\/21285\/revisions"}],"wp:attachment":[{"href":"https:\/\/domosistemas.com\/index.php?rest_route=%2Fwp%2Fv2%2Fmedia&parent=21285"}],"wp:term":[{"taxonomy":"category","embeddable":true,"href":"https:\/\/domosistemas.com\/index.php?rest_route=%2Fwp%2Fv2%2Fcategories&post=21285"},{"taxonomy":"post_tag","embeddable":true,"href":"https:\/\/domosistemas.com\/index.php?rest_route=%2Fwp%2Fv2%2Ftags&post=21285"}],"curies":[{"name":"wp","href":"https:\/\/api.w.org\/{rel}","templated":true}]}}