{"id":21300,"date":"2023-08-08T15:41:21","date_gmt":"2023-08-08T15:41:21","guid":{"rendered":"https:\/\/domosistemas.com\/?p=21300"},"modified":"2023-08-08T15:41:21","modified_gmt":"2023-08-08T15:41:21","slug":"este-aire-acondicionado-portatil-se-acopla-comodamente-a-la-ventana-y-tiene-una-gran-rebaja-se-controla-con-el-movil","status":"publish","type":"post","link":"https:\/\/domosistemas.com\/?p=21300","title":{"rendered":"Este aire acondicionado port\u00e1til se acopla c\u00f3modamente a la ventana y tiene una gran rebaja: se controla con el m\u00f3vil"},"content":{"rendered":"<div>\n<p>\n      <img decoding=\"async\" src=\"https:\/\/i.blogs.es\/4c2a52\/aire-portatil\/1024_2000.jpeg\" alt=\"Este aire acondicionado port\u00e1til se acopla c\u00f3modamente a la ventana y tiene una gran rebaja: se controla con el m\u00f3vil  \">\n    <\/p>\n<p>El aire acondicionado es uno de los aparatos m\u00e1s codiciados de casa cuando llega el verano. Entre sus varios tipos tambi\u00e9n podemos encontrar <a href=\"https:\/\/www.xatakahome.com\/guia-de-compra\/aires-acondicionados-portatiles-silenciosos-estos-mejores-mercado-para-superar-ola-calor\">aires acondicionados port\u00e1tiles<\/a>, una de las soluciones m\u00e1s extendidas cuando no se quiere hacer obra para la instalaci\u00f3n de un aire.<\/p>\n<p><!-- BREAK 1 --><\/p>\n<p>En este sentido nos encontramos uno muy especial, pues a pesar de ser port\u00e1til no se trata de tipo \u00ab<a href=\"https:\/\/www.xatakahome.com\/electrodomesticos-innovadores\/11-pinguinos-aire-acondicionado-portatiles-para-refrescar-tu-casa-durante-ola-calor\">ping\u00fcino<\/a>\u00ab, sino que <strong>va acoplado en la ventana<\/strong> para no ocupar demasiado espacio en la estancia. Hablamos del Colorado Adventur 5012w, del fabricante Universal Blue, el cual se encuentra en oferta en PcComponentes a un precio de <a class=\"js-ecommerce\" href=\"https:\/\/www.xatakahome.com\/redirect?url=https%3A%2F%2Fwww.pccomponentes.com%2Funiversal-blue-colorado-adventur-5012w-aire-acondicionado-portatil-de-ventana-1250-frigorias&amp;category=seleccion&amp;ecomPostExpiration=everlasting&amp;postId=108967\" data-vars-affiliate-url=\"https:\/\/www.xatakahome.com\/redirect?url=https%3A%2F%2Fwww.pccomponentes.com%2Funiversal-blue-colorado-adventur-5012w-aire-acondicionado-portatil-de-ventana-1250-frigorias&amp;category=seleccion&amp;ecomPostExpiration=everlasting&amp;postId=108967\">629 euros<\/a>.<\/p>\n<p><!-- BREAK 2 --><!-- PIVOT START --><\/p>\n<div class=\"pivot-ecommerce-container\">\n<div class=\"pivot-ecommerce\">\n<div class=\"pivot-ecommerce-figure\">\n  <a rel=\"nofollow noopener\" target=\"_blank\" href=\"https:\/\/www.xatakahome.com\/redirect?url=https%3A%2F%2Fwww.pccomponentes.com%2Funiversal-blue-colorado-adventur-5012w-aire-acondicionado-portatil-de-ventana-1250-frigorias&amp;category=seleccion&amp;pivot=1&amp;ecomPostExpiration=everlasting&amp;postId=108967\"><br \/>\n   <img decoding=\"async\" alt=\"Aire Acondicionado De Ventana Colorado Adventure 5012w Universal Blue 1250 Frigor\u00edas Wifi Blanco\" src=\"https:\/\/i.blogs.es\/6b6b1d\/blob\/original.webp\" onerror='this.src=\"https:\/\/i.blogs.es\/6b6b1d\/blob\/original.jpeg\"'><br \/>\n  <\/a>\n  <\/div>\n<div class=\"pivot-ecommerce-summary\">\n<p class=\"pivot-ecommerce-desc\">Aire Acondicionado De Ventana Colorado Adventure 5012w Universal Blue 1250 Frigor\u00edas Wifi Blanco<\/p>\n<div class=\"pivot-actions js-pivot-actions\">\n<div class=\"pivot-actions-row\">\n <a rel=\"nofollow noopener\" target=\"_blank\" data-asin=\"\" data-store=\"\" href=\"https:\/\/www.xatakahome.com\/redirect?url=https%3A%2F%2Fwww.pccomponentes.com%2Funiversal-blue-colorado-adventur-5012w-aire-acondicionado-portatil-de-ventana-1250-frigorias&amp;category=seleccion&amp;pivot=1&amp;ecomPostExpiration=everlasting&amp;postId=108967\" title=\"Precio de venta al p\u00fablico a fecha de publicaci\u00f3n\" class=\"pivot-action-primary js-pivot-action\">PVP en PcComponentes 629,00\u20ac<\/a>\n<\/div>\n<div class=\"pivot-actions-row\">\n   <a rel=\"nofollow noopener\" target=\"_blank\" data-asin=\"\" data-store=\"\" href=\"https:\/\/www.xatakahome.com\/redirect?url=https%3A%2F%2Fwww.carrefour.es%2Faire-acondicionado-de-ventana-colorado-adventure-5012w-universal-blue-1250-frigorias-wifi-blanco%2F8436589072633&amp;category=seleccion&amp;pivot=1&amp;ecomPostExpiration=everlasting&amp;postId=108967\" title=\"Precio de venta al p\u00fablico a fecha de publicaci\u00f3n\" class=\"pivot-action-secondary js-pivot-action\">PVP en Carrefour 659,99\u20ac<\/a><br \/>\n   <a rel=\"nofollow noopener\" target=\"_blank\" data-asin=\"\" data-store=\"\" href=\"https:\/\/www.xatakahome.com\/redirect?url=https%3A%2F%2Fwww.leroymerlin.es%2Fproductos%2Fcalefaccion-y-climatizacion%2Faire-acondicionado%2Faire-acondicionado-split-inverter%2Faire-acondicionado-portatil-caravanas-universalblue-de-1250-frigorias-84660153.html&amp;category=seleccion&amp;pivot=1&amp;ecomPostExpiration=everlasting&amp;postId=108967\" title=\"Precio de venta al p\u00fablico a fecha de publicaci\u00f3n\" class=\"pivot-action-secondary js-pivot-action\">PVP en Leroy Merlin 749,00\u20ac<\/a>\n <\/div>\n<\/p><\/div>\n<\/p><\/div>\n<\/p><\/div>\n<\/div>\n<p><!-- PIVOT END --><\/p>\n<h2>Aire acondicionado port\u00e1til que se acopla a la ventana<\/h2>\n<p>Esta propuesta es bastante interesante, ya que se puede acoplar f\u00e1cilmente a la ventana, desde donde pasan unos cables que conectan la unidad interna con la m\u00e1quina exterior. Se trata de <strong>un aire acondicionado port\u00e1til muy compacto y f\u00e1cil de instalar<\/strong>, por lo que no necesitaremos de ninguna obra por nuestra parte.<\/p>\n<p><!-- BREAK 3 --><\/p>\n<div class=\"article-asset-image article-asset-small article-asset-center\">\n<div class=\"asset-content\">\n<div class=\"base-wrapper-image\" style=\"padding-top:100%;\">\n<p>  <img decoding=\"async\" alt=\"aire\" class=\"centro_sinmarco\" src=\"https:\/\/i.blogs.es\/de82d0\/8436589072633_1\/450_1000.webp\"><\/p><\/div>\n<\/p><\/div>\n<\/div>\n<p>El dispositivo cuenta con un total de 1.250 frigor\u00edas, y adem\u00e1s <strong>tambi\u00e9n ofrece conexi\u00f3n WiFi<\/strong> para poder controlarlo desde cualquier dispositivo m\u00f3vil a trav\u00e9s de su aplicaci\u00f3n, e incluso por voz. El aire acondicionado es ideal para estancias de entre 15 y 25 metros cuadrados.<\/p>\n<p><!-- BREAK 4 --><\/p>\n<p>A pesar de sus cualidades para instalarlo en casa, gracias a su car\u00e1cter compacto y vers\u00e1til tambi\u00e9n nos lo podemos llevar para instalarlo en una autocaravana, por ejemplo, siempre y cuando podamos alimentarlo.<\/p>\n<p><!-- BREAK 5 --><\/p>\n<div class=\"article-asset article-asset-normal article-asset-center\">\n<div class=\"desvio-container\">\n<div class=\"desvio\">\n<div class=\"desvio-figure js-desvio-figure\">\n    <a href=\"https:\/\/www.xatakahome.com\/a-fondo\/problema-poco-conocido-que-afecta-a-tu-aire-acondicionado-cuando-necesitas-este-motivo-posibles-soluciones\"><br \/>\n     <img decoding=\"async\" alt=\"El problema poco conocido que afecta a tu aire acondicionado cuando m\u00e1s lo necesitas: este es el motivo y las posibles soluciones \" src=\"https:\/\/i.blogs.es\/9fa5dc\/carlos-lindner-53wcyh4ioig-unsplash\/375_142.webp\" onerror='this.src=\"https:\/\/i.blogs.es\/9fa5dc\/carlos-lindner-53wcyh4ioig-unsplash\/375_142.jpeg\"'><br \/>\n    <\/a>\n   <\/div>\n<div class=\"desvio-summary\">\n<div class=\"desvio-taxonomy js-desvio-taxonomy\">\n     <a href=\"https:\/\/www.xatakahome.com\/a-fondo\/problema-poco-conocido-que-afecta-a-tu-aire-acondicionado-cuando-necesitas-este-motivo-posibles-soluciones\" class=\"desvio-taxonomy-anchor\">En Xataka Smart Home<\/a>\n    <\/div>\n<p>    <a href=\"https:\/\/www.xatakahome.com\/a-fondo\/problema-poco-conocido-que-afecta-a-tu-aire-acondicionado-cuando-necesitas-este-motivo-posibles-soluciones\" class=\"desvio-title js-desvio-title\">El problema poco conocido que afecta a tu aire acondicionado cuando m\u00e1s lo necesitas: este es el motivo y las posibles soluciones <\/a>\n   <\/div>\n<\/p><\/div>\n<\/p><\/div>\n<\/div>\n<p>Entre sus caracter\u00edsticas tambi\u00e9n encontramos un total de tres modos de funcionamiento, <strong>funci\u00f3n de deshumidificador<\/strong>, modo noche, asa de transporte, kit de acople y una pantalla LCD para ver la informaci\u00f3n del modo y temperatura establecida.<\/p>\n<p><!-- BREAK 6 --><\/p>\n<div class=\"article-asset-video article-asset-normal\">\n<div class=\"asset-content\">\n<div class=\"base-asset-video\">\n<div class=\"js-dailymotion\">\n    <script type=\"application\/json\">\n           {\"videoId\":\"x8006fc\",\"autoplay\":true,\"title\":\"C\u00f3mo dormir cuando hace mucho calor y no tienes aire acondicionado\", \"tag\":\"\"}\n         <\/script>\n   <\/div>\n<\/p><\/div>\n<\/p><\/div>\n<\/div>\n<p>El aire acondicionado se encuentra en oferta en PcComponentes a un precio de 629 euros. Sin embargo, tambi\u00e9n podemos encontrarlo en otras tiendas como Carrefour o Leroy Merlin.<\/p>\n<p><!-- BREAK 7 --><!-- PIVOT START --><\/p>\n<div class=\"pivot-ecommerce-container\">\n<div class=\"pivot-ecommerce\">\n<div class=\"pivot-ecommerce-figure\">\n  <a rel=\"nofollow noopener\" target=\"_blank\" href=\"https:\/\/www.xatakahome.com\/redirect?url=https%3A%2F%2Fwww.pccomponentes.com%2Funiversal-blue-colorado-adventur-5012w-aire-acondicionado-portatil-de-ventana-1250-frigorias&amp;category=seleccion&amp;pivot=1&amp;ecomPostExpiration=everlasting&amp;postId=108967\"><br \/>\n   <img decoding=\"async\" alt=\"Aire Acondicionado De Ventana Colorado Adventure 5012w Universal Blue 1250 Frigor\u00edas Wifi Blanco\" src=\"https:\/\/i.blogs.es\/6b6b1d\/blob\/original.webp\" onerror='this.src=\"https:\/\/i.blogs.es\/6b6b1d\/blob\/original.jpeg\"'><br \/>\n  <\/a>\n  <\/div>\n<div class=\"pivot-ecommerce-summary\">\n<p class=\"pivot-ecommerce-desc\">Aire Acondicionado De Ventana Colorado Adventure 5012w Universal Blue 1250 Frigor\u00edas Wifi Blanco<\/p>\n<div class=\"pivot-actions js-pivot-actions\">\n<div class=\"pivot-actions-row\">\n <a rel=\"nofollow noopener\" target=\"_blank\" data-asin=\"\" data-store=\"\" href=\"https:\/\/www.xatakahome.com\/redirect?url=https%3A%2F%2Fwww.pccomponentes.com%2Funiversal-blue-colorado-adventur-5012w-aire-acondicionado-portatil-de-ventana-1250-frigorias&amp;category=seleccion&amp;pivot=1&amp;ecomPostExpiration=everlasting&amp;postId=108967\" title=\"Precio de venta al p\u00fablico a fecha de publicaci\u00f3n\" class=\"pivot-action-primary js-pivot-action\">PVP en PcComponentes 629,00\u20ac<\/a>\n<\/div>\n<div class=\"pivot-actions-row\">\n   <a rel=\"nofollow noopener\" target=\"_blank\" data-asin=\"\" data-store=\"\" href=\"https:\/\/www.xatakahome.com\/redirect?url=https%3A%2F%2Fwww.carrefour.es%2Faire-acondicionado-de-ventana-colorado-adventure-5012w-universal-blue-1250-frigorias-wifi-blanco%2F8436589072633&amp;category=seleccion&amp;pivot=1&amp;ecomPostExpiration=everlasting&amp;postId=108967\" title=\"Precio de venta al p\u00fablico a fecha de publicaci\u00f3n\" class=\"pivot-action-secondary js-pivot-action\">PVP en Carrefour 659,99\u20ac<\/a><br \/>\n   <a rel=\"nofollow noopener\" target=\"_blank\" data-asin=\"\" data-store=\"\" href=\"https:\/\/www.xatakahome.com\/redirect?url=https%3A%2F%2Fwww.leroymerlin.es%2Fproductos%2Fcalefaccion-y-climatizacion%2Faire-acondicionado%2Faire-acondicionado-split-inverter%2Faire-acondicionado-portatil-caravanas-universalblue-de-1250-frigorias-84660153.html&amp;category=seleccion&amp;pivot=1&amp;ecomPostExpiration=everlasting&amp;postId=108967\" title=\"Precio de venta al p\u00fablico a fecha de publicaci\u00f3n\" class=\"pivot-action-secondary js-pivot-action\">PVP en Leroy Merlin 749,00\u20ac<\/a>\n <\/div>\n<\/p><\/div>\n<\/p><\/div>\n<\/p><\/div>\n<\/div>\n<p><!-- PIVOT END --><\/p>\n<h2>M\u00e1s ofertas<\/h2>\n<p>Si te haces de <a href=\"https:\/\/www.xatakahome.com\/redirect?url=http%3A%2F%2Fwww.amazon.es%2Fpruebaprime%3Fasc_campaign%3Dcaduco%26asc_source%3Dxatakahome%26asc_refurl%3Dhttps%253A%252F%252Fwww.xatakahome.com%252Fseleccion%252Fmediamarkt-empieza-su-red-friday-descuentazos-smart-tv-paneles-oled-neo-qled-pantallas-75-mucho&amp;category=seleccion&amp;asc_campaign=caduco\" rel=\"noopener noreferrer\" data-id=\"noopener noreferrer\">Amazon Prime<\/a> dispones de<strong> 30 d\u00edas de prueba gratis<\/strong> (despu\u00e9s 49,90 euros al a\u00f1o) para disfrutar de env\u00edos r\u00e1pidos gratuitos, acceso prioritario a ofertas, servicios como <a href=\"https:\/\/www.xatakahome.com\/redirect?url=https%3A%2F%2Fwww.primevideo.com%2F&amp;category=seleccion\" rel=\"noopener noreferrer\" data-id=\"noopener noreferrer\">Prime Video<\/a>, <a href=\"https:\/\/www.xatakahome.com\/redirect?url=https%3A%2F%2Fwww.amazon.es%2Fmusic%2Fprime%3Fasc_campaign%3Dcaduco%26asc_source%3Dxatakahome%26asc_refurl%3Dhttps%253A%252F%252Fwww.xatakahome.com%252Fseleccion%252Fmediamarkt-empieza-su-red-friday-descuentazos-smart-tv-paneles-oled-neo-qled-pantallas-75-mucho&amp;category=seleccion&amp;asc_campaign=caduco\" rel=\"noopener noreferrer\" data-id=\"noopener noreferrer\">Prime Music<\/a> y almacenamiento de fotos ilimitado. Adem\u00e1s, si eres estudiante, hacerte de <a href=\"https:\/\/www.xatakahome.com\/redirect?url=https%3A%2F%2Fwww.amazon.es%2Fb%3Fie%3DUTF8%26node%3D16452873031%26asc_campaign%3Dcaduco%26asc_source%3Dxatakahome%26asc_refurl%3Dhttps%253A%252F%252Fwww.xatakahome.com%252Fseleccion%252Fmediamarkt-empieza-su-red-friday-descuentazos-smart-tv-paneles-oled-neo-qled-pantallas-75-mucho&amp;category=seleccion&amp;asc_campaign=caduco\" rel=\"noopener noreferrer\" data-id=\"noopener noreferrer\">Prime Student<\/a> cuesta la mitad y dispones de 90 d\u00edas de prueba.<\/p>\n<p><!-- BREAK 8 --><\/p>\n<p>Tambi\u00e9n puedes probar gratis, durante 30 d\u00edas, servicios como <a href=\"https:\/\/www.xatakahome.com\/redirect?url=https%3A%2F%2Fwww.amazon.es%2Fkindle-dbs%2Fhz%2Fsignup%3Fasc_campaign%3Dcaduco%26asc_source%3Dxatakahome%26asc_refurl%3Dhttps%253A%252F%252Fwww.xatakahome.com%252Fseleccion%252Fmediamarkt-empieza-su-red-friday-descuentazos-smart-tv-paneles-oled-neo-qled-pantallas-75-mucho&amp;category=seleccion&amp;asc_campaign=caduco\" rel=\"noopener noreferrer\" data-id=\"noopener noreferrer\">Kindle Unlimited<\/a> o <a href=\"https:\/\/www.xatakahome.com\/redirect?url=https%3A%2F%2Fwww.amazon.es%2Fhz%2Faudible%2Fmlp%2Fmdp%2Fdiscovery%3Fasc_campaign%3Dcaduco%26asc_source%3Dxatakahome%26asc_refurl%3Dhttps%253A%252F%252Fwww.xatakahome.com%252Fseleccion%252Fmediamarkt-empieza-su-red-friday-descuentazos-smart-tv-paneles-oled-neo-qled-pantallas-75-mucho&amp;category=seleccion&amp;asc_campaign=caduco\" rel=\"noopener noreferrer\" data-id=\"noopener noreferrer\">Audible<\/a>.<\/p>\n<p><!-- BREAK 9 --><\/p>\n<p><em>Nota: Algunos de los enlaces de este art\u00edculo son afiliados y pueden reportar un beneficio a Xataka Home.<\/em><\/p>\n<p><!-- BREAK 10 --><\/p>\n<p><em>Los precios y disponibilidad pueden variar tras la publicaci\u00f3n.<\/em><\/p>\n<p>Imagen | Universal Blue<\/p>\n<p>En Xataka Smart Home | <a href=\"https:\/\/www.xatakahome.com\/a-fondo\/he-pasado-usar-aire-acondicionado-portatil-a-uno-pared-esto-que-he-notado-cambio\">He pasado de usar un aire acondicionado port\u00e1til a uno de pared: esto es lo que he notado con el cambio<\/a><\/p>\n<p><!-- BREAK 11 --><script>\n (function() {\n  window._JS_MODULES = window._JS_MODULES || {};\n  var headElement = document.getElementsByTagName('head')[0];\n  if (_JS_MODULES.instagram) {\n   var instagramScript = document.createElement('script');\n   instagramScript.src = 'https:\/\/platform.instagram.com\/en_US\/embeds.js';\n   instagramScript.async = true;\n   instagramScript.defer = true;\n   headElement.appendChild(instagramScript);\n  }\n })();\n<\/script><\/p>\n<p> &#8211; <br \/> La noticia<br \/>\n      <a href=\"https:\/\/www.xatakahome.com\/seleccion\/este-aire-acondicionado-portatil-se-acopla-comodamente-a-ventana-tiene-gran-rebaja-se-controla-movil?utm_source=feedburner&amp;utm_medium=feed&amp;utm_campaign=08_Aug_2023\"><br \/>\n       <em> Este aire acondicionado port\u00e1til se acopla c\u00f3modamente a la ventana y tiene una gran rebaja: se controla con el m\u00f3vil   <\/em><br \/>\n      <\/a><br \/>\n      fue publicada originalmente en<br \/>\n      <a href=\"https:\/\/www.xatakahome.com\/?utm_source=feedburner&amp;utm_medium=feed&amp;utm_campaign=08_Aug_2023\"><br \/>\n       <strong> Xataka Smart Home <\/strong><br \/>\n      <\/a><br \/>\n            por <a href=\"https:\/\/www.xatakahome.com\/autor\/antonio-vallejo?utm_source=feedburner&amp;utm_medium=feed&amp;utm_campaign=08_Aug_2023\"><br \/>\n       Antonio Vallejo<br \/>\n      <\/a><br \/>\n      . <\/p>\n<\/div>\n","protected":false},"excerpt":{"rendered":"<p>El aire acondicionado es uno de los aparatos m\u00e1s codiciados de casa cuando llega el verano. Entre sus varios tipos tambi\u00e9n podemos encontrar aires acondicionados port\u00e1tiles, una de las soluciones m\u00e1s extendidas cuando no se quiere hacer obra para la instalaci\u00f3n de un aire. En este sentido nos encontramos uno muy especial, pues a pesar &hellip; <a href=\"https:\/\/domosistemas.com\/?p=21300\" class=\"more-link\">Sigue leyendo <span class=\"screen-reader-text\">Este aire acondicionado port\u00e1til se acopla c\u00f3modamente a la ventana y tiene una gran rebaja: se controla con el m\u00f3vil<\/span><\/a><\/p>\n","protected":false},"author":1,"featured_media":0,"comment_status":"closed","ping_status":"closed","sticky":false,"template":"","format":"standard","meta":{"footnotes":""},"categories":[8],"tags":[],"class_list":["post-21300","post","type-post","status-publish","format-standard","hentry","category-xataka"],"_links":{"self":[{"href":"https:\/\/domosistemas.com\/index.php?rest_route=\/wp\/v2\/posts\/21300","targetHints":{"allow":["GET"]}}],"collection":[{"href":"https:\/\/domosistemas.com\/index.php?rest_route=\/wp\/v2\/posts"}],"about":[{"href":"https:\/\/domosistemas.com\/index.php?rest_route=\/wp\/v2\/types\/post"}],"author":[{"embeddable":true,"href":"https:\/\/domosistemas.com\/index.php?rest_route=\/wp\/v2\/users\/1"}],"replies":[{"embeddable":true,"href":"https:\/\/domosistemas.com\/index.php?rest_route=%2Fwp%2Fv2%2Fcomments&post=21300"}],"version-history":[{"count":0,"href":"https:\/\/domosistemas.com\/index.php?rest_route=\/wp\/v2\/posts\/21300\/revisions"}],"wp:attachment":[{"href":"https:\/\/domosistemas.com\/index.php?rest_route=%2Fwp%2Fv2%2Fmedia&parent=21300"}],"wp:term":[{"taxonomy":"category","embeddable":true,"href":"https:\/\/domosistemas.com\/index.php?rest_route=%2Fwp%2Fv2%2Fcategories&post=21300"},{"taxonomy":"post_tag","embeddable":true,"href":"https:\/\/domosistemas.com\/index.php?rest_route=%2Fwp%2Fv2%2Ftags&post=21300"}],"curies":[{"name":"wp","href":"https:\/\/api.w.org\/{rel}","templated":true}]}}