{"id":21579,"date":"2023-09-13T12:29:41","date_gmt":"2023-09-13T12:29:41","guid":{"rendered":"https:\/\/domosistemas.com\/?p=21579"},"modified":"2023-09-13T12:29:41","modified_gmt":"2023-09-13T12:29:41","slug":"llega-un-nuevo-canal-de-tv-a-movistar-plus-centrado-en-el-cine-asi-es-festival-de-san-sebastian-por-m","status":"publish","type":"post","link":"https:\/\/domosistemas.com\/?p=21579","title":{"rendered":"Llega un nuevo canal de TV a Movistar Plus+ centrado en el cine: as\u00ed es &#8216;Festival de San Sebasti\u00e1n por M+&#8217;"},"content":{"rendered":"<div>\n<p>\n      <img decoding=\"async\" src=\"https:\/\/i.blogs.es\/46355b\/30db64e0-13d3-b47c-521b-32d1d79c66d8\/1024_2000.jpeg\" alt=\"Llega un nuevo canal de TV a Movistar Plus+ centrado en el cine: as\u00ed es 'Festival de San Sebasti\u00e1n por M+' \">\n    <\/p>\n<p><strong>Movistar<\/strong> contin\u00faa actualizando su servicio de televisi\u00f3n a la carta y si hace unos d\u00edas habl\u00e1bamos de la <a href=\"https:\/\/www.xatakahome.com\/servicios-de-smart-tv\/canales-cine-movistar-plus-cambian-este-mes-septiembre-estas-novedades\">renovaci\u00f3n de sus canales de cine temporales<\/a> en el paquete pr\u00e9mium hoy toca el turno al nuevo canal <em>pop up<\/em> que llega a la operadora este mes.<\/p>\n<p><!-- BREAK 1 --><\/p>\n<p>Se trata de &#8216;<strong>Festival de San Sebasti\u00e1n por M+&#8217;, <\/strong>un canal temporal que se ubicar\u00e1 en el <strong>dial 15<\/strong> del servicio y que como podemos adivinar por su nombre estar\u00e1 centrado en cubrir entre el viernes 22 y el s\u00e1bado 30 de septiembre el festival de cine celebrado en la capital donostiarra, aunque tambi\u00e9n ofrecer\u00e1 un repertorio de pel\u00edculas de temporadas anteriores.<\/p>\n<p><!-- BREAK 2 --><\/p>\n<div class=\"article-asset article-asset-normal article-asset-center\">\n<div class=\"desvio-container\">\n<div class=\"desvio\">\n<div class=\"desvio-figure js-desvio-figure\">\n    <a href=\"https:\/\/www.xatakahome.com\/servicios-de-smart-tv\/canales-cine-movistar-plus-cambian-este-mes-septiembre-estas-novedades\"><br \/>\n     <img decoding=\"async\" alt=\"Los canales de cine de Movistar Plus+ cambian este mes de septiembre: estas son las novedades \" src=\"https:\/\/i.blogs.es\/8f3c3f\/canales-multi_cine_sansebastian-1536x864\/375_142.webp\" onerror='this.src=\"https:\/\/i.blogs.es\/8f3c3f\/canales-multi_cine_sansebastian-1536x864\/375_142.jpeg\"'><br \/>\n    <\/a>\n   <\/div>\n<div class=\"desvio-summary\">\n<div class=\"desvio-taxonomy js-desvio-taxonomy\">\n     <a href=\"https:\/\/www.xatakahome.com\/servicios-de-smart-tv\/canales-cine-movistar-plus-cambian-este-mes-septiembre-estas-novedades\" class=\"desvio-taxonomy-anchor\">En Xataka Smart Home<\/a>\n    <\/div>\n<p>    <a href=\"https:\/\/www.xatakahome.com\/servicios-de-smart-tv\/canales-cine-movistar-plus-cambian-este-mes-septiembre-estas-novedades\" class=\"desvio-title js-desvio-title\">Los canales de cine de Movistar Plus+ cambian este mes de septiembre: estas son las novedades <\/a>\n   <\/div>\n<\/p><\/div>\n<\/p><\/div>\n<\/div>\n<h2><strong>Festival de San Sebasti\u00e1n por M+<\/strong><\/h2>\n<p><strong>Desde el 22 de septiembre y hasta el 8 de octubre<\/strong> el canal \u00a0&#8216;<strong>Festival de San Sebasti\u00e1n por M+&#8217; <\/strong>estar\u00e1 disponible adem\u00e1s con contenidos cinematogr\u00e1ficos con pel\u00edculas destacadas de anteriores ediciones y cine protagonizado y dirigido por los premios Donostia de este a\u00f1o 2023.<\/p>\n<p><!-- BREAK 3 --><\/p>\n<p>Entre la selecci\u00f3n de t\u00edtulos de este canal ef\u00edmero estar\u00e1n <strong>&#8216;Huevos de oro&#8217;, &#8216;D\u00edas contados&#8217;, &#8216;Lilo, mi amigo el cocodrilo&#8217;<\/strong>, protagonizados por Javier Bardem. Adem\u00e1s se podr\u00e1 disfrutar de <strong>&#8216;El esp\u00edritu de la colmena&#8217;<\/strong> de V\u00edctor Erice, <strong>&#8216;Los desaf\u00edos&#8217; o<\/strong> <strong>&#8216;El castillo de Cagliostro&#8217;<\/strong>.<\/p>\n<p><!-- BREAK 4 --><\/p>\n<div class=\"article-asset-video article-asset-normal\">\n<div class=\"asset-content\">\n<div class=\"base-asset-video\">\n<div class=\"js-dailymotion\">\n    <script type=\"application\/json\">\n           {\"videoId\":\"x87tnqf\",\"autoplay\":true,\"title\":\"MOVISTAR_ Co\u0301mo instalar tu\u0301 mismo el descodificador UHD Smart Wifi de Movistar (1080p_25fps_H264-128kbit_AAC)\", \"tag\":\"Movistar\"}\n         <\/script>\n   <\/div>\n<\/p><\/div>\n<\/p><\/div>\n<\/div>\n<p><strong>Festival de San Sebasti\u00e1n por M+<\/strong> traer\u00e1 tambi\u00e9n cine escogido premiado en la pasada edici\u00f3n del Festival: <strong>&#8216;Los reyes del mundo&#8217; <\/strong>(Concha de oro a la mejor pel\u00edcula), <strong>&#8216;As bestas&#8217; <\/strong>(Premio del P\u00fablico a la mejor pel\u00edcula europea),<strong> &#8216;La Maternal&#8217; <\/strong>(Mejor interpretaci\u00f3n protagonista para Carla Qu\u00edlez), <strong>&#8216;Suro&#8217; <\/strong>(Premios FIPRESCI y Cine Vasco) y <strong>&#8216;Dialogando con la vida&#8217; <\/strong>(Mejor interpretaci\u00f3n protagonista para Paul Kircher).<\/p>\n<p>Otras pel\u00edculas destacadas en su paso por el Festival de San Sebasti\u00e1n 2022 que estar\u00e1n disponibles en este canal ser\u00e1n las cintas internacionales <strong>&#8216;R.M.N.&#8217;, &#8216;Tori y Lokita&#8217;, &#8216;Peter von Kant&#8217;<\/strong> o <strong>&#8216;El tri\u00e1ngulo de la tristeza&#8217;<\/strong>, junto a las espa\u00f1olas <strong>&#8216;Alcarr\u00e1s&#8217;, &#8216;Cinco lobitos&#8217;, &#8216;Un a\u00f1o, una noche&#8217;, &#8216;La consagraci\u00f3n de la primavera&#8217;, &#8216;Girasoles silvestres&#8217;, &#8216;Cerdita&#8217;<\/strong> o <strong>&#8216;Llenos de gracia&#8217;<\/strong>.<\/p>\n<p><!-- BREAK 5 --><\/p>\n<p>Tambi\u00e9n habr\u00e1 documentales presentados en la pasada cita como <strong>&#8216;Moonage Daydream&#8217;, &#8216;Joaqu\u00edn Sabina. Sinti\u00e9ndolo mucho&#8217;,<\/strong> <strong>&#8216;Tequila. Sexo, drogas y rock and roll&#8217;,<\/strong> <strong>&#8216;Red Rocket&#8217;, &#8216;Mother&#8217;, &#8216;L.A. Confidential&#8217;<\/strong> o <strong>&#8217;24 Hour Party People&#8217;<\/strong>.<\/p>\n<p><strong>Todos los t\u00edtulos <\/strong>incluidos en el canal situado en el dial 15 estar\u00e1n disponibles en una secci\u00f3n destacada del <strong>servicio bajo demanda de Movistar Plus+ para poder acceder de forma directa.<\/strong><\/p>\n<p><!-- BREAK 6 --><\/p>\n<p><strong>En Xataka Smart Home | <\/strong><a href=\"https:\/\/www.xatakahome.com\/servicios-de-smart-tv\/canales-cine-movistar-plus-cambian-este-mes-septiembre-estas-novedades\">Los canales de cine de Movistar Plus+ cambian este mes de septiembre: estas son las novedades<\/a><\/p>\n<p><!-- BREAK 7 --><script>\n (function() {\n  window._JS_MODULES = window._JS_MODULES || {};\n  var headElement = document.getElementsByTagName('head')[0];\n  if (_JS_MODULES.instagram) {\n   var instagramScript = document.createElement('script');\n   instagramScript.src = 'https:\/\/platform.instagram.com\/en_US\/embeds.js';\n   instagramScript.async = true;\n   instagramScript.defer = true;\n   headElement.appendChild(instagramScript);\n  }\n })();\n<\/script><\/p>\n<p> &#8211; <br \/> La noticia<br \/>\n      <a href=\"https:\/\/www.xatakahome.com\/servicios-de-smart-tv\/llega-nuevo-canal-tv-a-movistar-plus-centrado-cine-asi-festival-san-sebastian-m?utm_source=feedburner&amp;utm_medium=feed&amp;utm_campaign=13_Sep_2023\"><br \/>\n       <em> Llega un nuevo canal de TV a Movistar Plus+ centrado en el cine: as\u00ed es &#8216;Festival de San Sebasti\u00e1n por M+&#8217;  <\/em><br \/>\n      <\/a><br \/>\n      fue publicada originalmente en<br \/>\n      <a href=\"https:\/\/www.xatakahome.com\/?utm_source=feedburner&amp;utm_medium=feed&amp;utm_campaign=13_Sep_2023\"><br \/>\n       <strong> Xataka Smart Home <\/strong><br \/>\n      <\/a><br \/>\n            por <a href=\"https:\/\/www.xatakahome.com\/autor\/paco-rodriguez?utm_source=feedburner&amp;utm_medium=feed&amp;utm_campaign=13_Sep_2023\"><br \/>\n       Paco Rodriguez<br \/>\n      <\/a><br \/>\n      . <\/p>\n<\/div>\n","protected":false},"excerpt":{"rendered":"<p>Movistar contin\u00faa actualizando su servicio de televisi\u00f3n a la carta y si hace unos d\u00edas habl\u00e1bamos de la renovaci\u00f3n de sus canales de cine temporales en el paquete pr\u00e9mium hoy toca el turno al nuevo canal pop up que llega a la operadora este mes. Se trata de &#8216;Festival de San Sebasti\u00e1n por M+&#8217;, un &hellip; <a href=\"https:\/\/domosistemas.com\/?p=21579\" class=\"more-link\">Sigue leyendo <span class=\"screen-reader-text\">Llega un nuevo canal de TV a Movistar Plus+ centrado en el cine: as\u00ed es &#8216;Festival de San Sebasti\u00e1n por M+&#8217;<\/span><\/a><\/p>\n","protected":false},"author":1,"featured_media":0,"comment_status":"closed","ping_status":"closed","sticky":false,"template":"","format":"standard","meta":{"footnotes":""},"categories":[8],"tags":[],"class_list":["post-21579","post","type-post","status-publish","format-standard","hentry","category-xataka"],"_links":{"self":[{"href":"https:\/\/domosistemas.com\/index.php?rest_route=\/wp\/v2\/posts\/21579","targetHints":{"allow":["GET"]}}],"collection":[{"href":"https:\/\/domosistemas.com\/index.php?rest_route=\/wp\/v2\/posts"}],"about":[{"href":"https:\/\/domosistemas.com\/index.php?rest_route=\/wp\/v2\/types\/post"}],"author":[{"embeddable":true,"href":"https:\/\/domosistemas.com\/index.php?rest_route=\/wp\/v2\/users\/1"}],"replies":[{"embeddable":true,"href":"https:\/\/domosistemas.com\/index.php?rest_route=%2Fwp%2Fv2%2Fcomments&post=21579"}],"version-history":[{"count":0,"href":"https:\/\/domosistemas.com\/index.php?rest_route=\/wp\/v2\/posts\/21579\/revisions"}],"wp:attachment":[{"href":"https:\/\/domosistemas.com\/index.php?rest_route=%2Fwp%2Fv2%2Fmedia&parent=21579"}],"wp:term":[{"taxonomy":"category","embeddable":true,"href":"https:\/\/domosistemas.com\/index.php?rest_route=%2Fwp%2Fv2%2Fcategories&post=21579"},{"taxonomy":"post_tag","embeddable":true,"href":"https:\/\/domosistemas.com\/index.php?rest_route=%2Fwp%2Fv2%2Ftags&post=21579"}],"curies":[{"name":"wp","href":"https:\/\/api.w.org\/{rel}","templated":true}]}}