{"id":21603,"date":"2023-09-16T09:01:02","date_gmt":"2023-09-16T09:01:02","guid":{"rendered":"https:\/\/domosistemas.com\/?p=21603"},"modified":"2023-09-16T09:01:02","modified_gmt":"2023-09-16T09:01:02","slug":"he-comparado-lo-que-gasta-mi-frigorifico-en-modo-eco-y-con-el-frio-a-tope-y-el-resultado-ha-sido-una-autentica-sorpresa","status":"publish","type":"post","link":"https:\/\/domosistemas.com\/?p=21603","title":{"rendered":"He comparado lo que gasta mi frigor\u00edfico en modo eco y con el fr\u00edo a tope y el resultado ha sido una aut\u00e9ntica sorpresa"},"content":{"rendered":"<div>\n<p>\n      <img decoding=\"async\" src=\"https:\/\/i.blogs.es\/f6e794\/frigo\/1024_2000.jpeg\" alt=\"He comparado lo que gasta mi frigor\u00edfico en modo eco y con el fr\u00edo a tope y el resultado ha sido una aut\u00e9ntica sorpresa\">\n    <\/p>\n<p>La nevera o el frigor\u00edfico, es un elemento fijo pr\u00e1cticamente en todas las cocinas. Dejando un lado el que sean modelos m\u00e1s o menos complejos preparados para admitir el <a href=\"https:\/\/www.xatakahome.com\/a-fondo\/asi-aconseja-endesa-que-ordenemos-frigorifico-para-gastar\">trabajo generado por toda la familia<\/a>, cuando se trata de hacerse con uno siempre <strong>hay que buscar el m\u00e1s eficiente<\/strong> para no da\u00f1ar en exceso nuestro bolsillo.<\/p>\n<p><!-- BREAK 1 --><\/p>\n<p>El <a href=\"https:\/\/www.xatakahome.com\/electrodomesticos-innovadores\/que-hay-que-mirar-para-comprar-frigorifico-asegurarnos-que-tenga-tecnologias-proximos-anos\">frigor\u00edfico<\/a> es un electrodom\u00e9stico muy glot\u00f3n y eso normal, porque funciona durante las 24 horas del d\u00eda los siete d\u00edas de la semana y as\u00ed todos los d\u00edas del a\u00f1o. De hecho, pasa por ser uno de los principales <a href=\"https:\/\/www.xatakahome.com\/a-fondo\/he-calculado-cuanto-me-cuesta-dejar-stand-by-equipos-electrodomesticos-casa-me-he-llevado-desagradable-sorpresa\">consumidores de energ\u00eda<\/a> en la cocina. Y ya que muchos cuentan con modo de ahorro de energ\u00eda, he decidido <strong>comparar cu\u00e1nto gasta el frigor\u00edfico en<\/strong> <strong>\u00abModo Eco\u00bb<\/strong> <strong>y a m\u00e1xima potencia<\/strong>.<\/p>\n<p><!-- BREAK 2 --><\/p>\n<h2>M\u00e1xima potencia o modo Eco<\/h2>\n<div class=\"article-asset-image article-asset-normal article-asset-center\">\n<div class=\"asset-content\">\n<div class=\"base-wrapper-image\" style=\"padding-top:76.875%;\">\n<p>   <img decoding=\"async\" alt=\"Modos\" class=\"centro_sinmarco\" src=\"https:\/\/i.blogs.es\/c577a0\/modos\/450_1000.webp\"><\/p><\/div>\n<\/p><\/div>\n<\/div>\n<p>Si ya he contado mi experiencia <a href=\"https:\/\/www.xatakahome.com\/a-fondo\/mi-frigorifico-ruina-he-comparado-que-gasta-otro-moderno-eficiente-no-se-como-no-he-cambiado-todavia\">comparando un frigor\u00edfico nuevo y uno viejo<\/a>, ahora voy a <strong>evaluar cu\u00e1l es el consumo de un frigor\u00edfico<\/strong> y para ello he empleado un enchufe inteligente, tomado los mismos tiempos y las mismas condiciones y hemos realizado distintas mediciones.<\/p>\n<p><!-- BREAK 3 --><\/p>\n<p>En este sentido he medido un frigor\u00edfico funcionando de forma normal. Esto es, abriendo y cerrando la puerta para coger alimentos, tanto en \u00abModo Eco\u00bb o \u00ab<a href=\"https:\/\/www.xatakahome.com\/a-fondo\/como-preparar-frigorifico-cuando-te-vas-vacaciones-quieres-ahorrar-factura-luz\">Modo Vacaciones<\/a>\u00ab, <strong>como en modo m\u00e1ximo fr\u00edo<\/strong>.<\/p>\n<p><!-- BREAK 4 --><\/p>\n<div class=\"article-asset-video article-asset-normal\">\n<div class=\"asset-content\">\n<div class=\"base-asset-video\">\n<div class=\"js-dailymotion\">\n    <script type=\"application\/json\">\n           {\"videoId\":\"x88tf3k\",\"autoplay\":true,\"title\":\"AHORRA EN TU FACTURA DE LA LUZ: Las MEJORES OPCIONES para conocer los PRECIOS EN TU M\u00d3VIL\", \"tag\":\"webedia-prod\"}\n         <\/script>\n   <\/div>\n<\/p><\/div>\n<\/p><\/div>\n<\/div>\n<p>Primero se trataba de comprobar la diferencia de consumo plasmada a la hora de funcionar en modo econ\u00f3mico y por otro lado, cuando le he pedido al frigor\u00edfico la m\u00e1xima exigencia. Los resultados de dichas <strong>mediciones en un periodo de 24 horas<\/strong> aparecen reflejados en las im\u00e1genes bajo estas l\u00edneas. \u00a0En ambos casos se han realizado en el mismo d\u00eda observando que tuviese el frigor\u00edfico la misma cantidad de alimentos, con la <a href=\"https:\/\/www.xatakahome.com\/a-fondo\/estamos-a-40o-mi-frigorifico-no-da-trucos-para-tener-todo-bien-fresquito\">misma temperatura exterior<\/a> (es verano), sin introducir platos calientes y abriendo la puerta de forma similar.<\/p>\n<p><!-- BREAK 5 --><\/p>\n<p>En primer lugar las <strong>medidas realizadas son del frigor\u00edfico funcionando en modo \u00abEco\u00bb<\/strong>, que es como normalmente lo tenemos activado en casa. El consumo se muestra bastante reducido y se queda en 0,60 kWh.<\/p>\n<p><!-- BREAK 6 --><\/p>\n<div class=\"article-asset-image article-asset-normal article-asset-center\">\n<div class=\"asset-content\">\n<div class=\"base-wrapper-image\" style=\"padding-top:78.32%;\">\n<p>   <img decoding=\"async\" alt=\"Modo Ahorro\" class=\"centro_sinmarco\" src=\"https:\/\/i.blogs.es\/8824ab\/modo-ahorro\/450_1000.webp\"><\/p><\/div>\n<\/p><\/div>\n<\/div>\n<p>Luego he procedido a medir cu\u00e1nto consume el frigor\u00edfico funcionando al m\u00e1ximo rendimiento, esto es, <strong>bajando la temperatura hasta el nivel m\u00e1s bajo<\/strong>. Para el proceso he seguido los mismos pasos realizando un uso habitual, abriendo y cerrando la puerta para coger alimentos y realizando las mediciones durante unas 24 horas.<\/p>\n<p><!-- BREAK 7 --><\/p>\n<div class=\"article-asset-image article-asset-normal article-asset-center\">\n<div class=\"asset-content\">\n<div class=\"base-wrapper-image\" style=\"padding-top:78.32%;\">\n<p>   <img decoding=\"async\" alt=\"Modo Frio\" class=\"centro_sinmarco\" src=\"https:\/\/i.blogs.es\/8e426a\/modo-frio\/450_1000.webp\"><\/p><\/div>\n<\/p><\/div>\n<\/div>\n<p>Todos estos n\u00fameros y datos los he pasado luego a euros para conocer como se reflejan en la factura de la luz y <strong>traducir su impacto a lo largo de todo el a\u00f1o<\/strong>. El objetivo no es otro que calcular el consumo en vatios cada hora de cada dispositivo para luego sacar el consumo anual. La cuenta es muy f\u00e1cil y basta con multiplicar el valor diario (por 24 horas) y por 365 d\u00edas y obtener la cifra en vatios hora, o lo que es lo mismo kilovatios hora (kWh).<\/p>\n<p><!-- BREAK 8 --><\/p>\n<div class=\"article-asset-image article-asset-normal article-asset-center\">\n<div class=\"asset-content\">\n<div class=\"caption-img \">\n<div class=\"base-wrapper-image\" style=\"padding-top:78.158458244111%;\">\n                          <a href=\"https:\/\/comparador.cnmc.gob.es\/preciosPVPC\/inicio\/\"><\/p>\n<p>    <img decoding=\"async\" alt=\"Precio luz\" class=\"centro_sinmarco\" src=\"https:\/\/i.blogs.es\/e8fcc8\/captura-de-pantalla-2023-09-16-a-las-8.39.14\/450_1000.webp\"><br \/>\n     <\/a><\/p><\/div>\n<p>         <span>PVPC a d\u00eda de hoy<\/span>\n   <\/div>\n<\/p><\/div>\n<\/div>\n<p>Y esto <strong>\u00bfcu\u00e1nto dinero supone al cabo de un a\u00f1o de uso?<\/strong> Pues considerando un valor medio de la electricidad actual de unos 0,17 \u20ac\/kWh y multiplicando los kWh resultantes, estas son las cantidades que he obtenido. En el consumo en \u00abModo Eco\u00bb sale a 37,23 euros mientras que haciendo que funcione a m\u00e1xima potencia el resultado a pagar es de 41,57 euros.<\/p>\n<p><!-- BREAK 9 --><\/p>\n<div class=\"article-asset article-asset-normal article-asset-center\">\n<div class=\"desvio-container\">\n<div class=\"desvio\">\n<div class=\"desvio-figure js-desvio-figure\">\n    <a href=\"https:\/\/www.xatakahome.com\/a-fondo\/que-al-autoconsumo-que-hace-falta-para-darse-alta-comenzar-a-ahorrar-factura-energetica\"><br \/>\n     <img decoding=\"async\" alt=\"Qu\u00e9 es el autoconsumo y qu\u00e9 hace falta para darse de alta y comenzar a ahorrar en la factura energ\u00e9tica\" src=\"https:\/\/i.blogs.es\/1f436a\/placas\/375_142.webp\" onerror='this.src=\"https:\/\/i.blogs.es\/1f436a\/placas\/375_142.jpeg\"'><br \/>\n    <\/a>\n   <\/div>\n<div class=\"desvio-summary\">\n<div class=\"desvio-taxonomy js-desvio-taxonomy\">\n     <a href=\"https:\/\/www.xatakahome.com\/a-fondo\/que-al-autoconsumo-que-hace-falta-para-darse-alta-comenzar-a-ahorrar-factura-energetica\" class=\"desvio-taxonomy-anchor\">En Xataka Smart Home<\/a>\n    <\/div>\n<p>    <a href=\"https:\/\/www.xatakahome.com\/a-fondo\/que-al-autoconsumo-que-hace-falta-para-darse-alta-comenzar-a-ahorrar-factura-energetica\" class=\"desvio-title js-desvio-title\">Qu\u00e9 es el autoconsumo y qu\u00e9 hace falta para darse de alta y comenzar a ahorrar en la factura energ\u00e9tica<\/a>\n   <\/div>\n<\/p><\/div>\n<\/p><\/div>\n<\/div>\n<p>Adem\u00e1s, tomando como referencia el precio de la electricidad que actualmente tengo contratado, de <strong>0,13 \u20ac\/kWh<\/strong>, las cifras son de 28,47 euros si uso el modo Eco y de 31,79 euros si lo pongo a funcionar a tope.<\/p>\n<p><!-- BREAK 10 --><\/p>\n<div class=\"article-asset-table article-asset-normal m-hr-scroll\">\n<div class=\"asset-content\">\n<table class=\"tabla-datos\">\n<thead>\n<tr>\n<th class=\"align-left\">\n<p><\/p>\n<\/th>\n<th class=\"align-left\">\n<p>Modo Eco<\/p>\n<\/th>\n<th class=\"align-left\">\n<p>Modo m\u00e1ximo fr\u00edo<\/p>\n<\/th>\n<\/tr>\n<\/thead>\n<tbody>\n<tr>\n<th class=\"align-left\">\n<p>precio luz media<\/p>\n<\/th>\n<td class=\"align-left\">\n<p>0,17 kWh<\/p>\n<\/td>\n<td class=\"align-left\">\n<p>0,17 kWh<\/p>\n<\/td>\n<\/tr>\n<tr>\n<th class=\"align-left\">\n<p>precio luz barato<\/p>\n<\/th>\n<td class=\"align-left\">\n<p>0,13 kWh<\/p>\n<\/td>\n<td class=\"align-left\">\n<p>0,13 kWh<\/p>\n<\/td>\n<\/tr>\n<tr>\n<th class=\"align-left\">\n<p>total a\u00f1o precio medio<\/p>\n<\/th>\n<td class=\"align-left\">\n<p>37,23 euros<\/p>\n<\/td>\n<td class=\"align-left\">\n<p>41,57 euros<\/p>\n<\/td>\n<\/tr>\n<tr>\n<th class=\"align-left\">\n<p>total a\u00f1o precio barato<\/p>\n<\/th>\n<td class=\"align-left\">\n<p>28,47 euros<\/p>\n<\/td>\n<td class=\"align-left\">\n<p>31,79 euros<\/p>\n<\/td>\n<\/tr>\n<\/tbody>\n<\/table><\/div>\n<\/div>\n<p>Me he llamado la atenci\u00f3n la escasa diferencia que hay en mi frigor\u00edfico. Al a\u00f1o <strong>no supone una gran cantidad de dinero entre ambos modos<\/strong> el decidir si se usa el modo al m\u00e1ximo fr\u00edo u optar por ponerlo a funcionar en \u00abModo Eco\u00bb.<\/p>\n<p><!-- BREAK 11 --><\/p>\n<p><strong>Imagen portada |<\/strong> <a href=\"https:\/\/www.hisense.es\/blog_post\/comienza-el-ano-nuevo-con-un-frigorifico-limpio-organizado-y-reabastecido\/\">HiSense<\/a><\/p>\n<p><!-- BREAK 12 --><\/p>\n<p><strong>En Xataka Smart Home |<\/strong> <a href=\"https:\/\/www.xatakahome.com\/a-fondo\/esto-que-cuesta-tener-altavoz-siri-alexa-google-todo-dia-conectado-para-controlar-hogar-inteligente\">He calculado lo que cuesta tener un altavoz con Siri, Alexa o Google, todo el d\u00eda conectado para controlar el hogar inteligente<\/a><\/p>\n<p><!-- BREAK 13 --><script>\n (function() {\n  window._JS_MODULES = window._JS_MODULES || {};\n  var headElement = document.getElementsByTagName('head')[0];\n  if (_JS_MODULES.instagram) {\n   var instagramScript = document.createElement('script');\n   instagramScript.src = 'https:\/\/platform.instagram.com\/en_US\/embeds.js';\n   instagramScript.async = true;\n   instagramScript.defer = true;\n   headElement.appendChild(instagramScript);\n  }\n })();\n<\/script><\/p>\n<p> &#8211; <br \/> La noticia<br \/>\n      <a href=\"https:\/\/www.xatakahome.com\/a-fondo\/he-probado-mi-frigorifico-modo-eco-frio-a-tope-esta-diferencia-consumo-factura-luz?utm_source=feedburner&amp;utm_medium=feed&amp;utm_campaign=16_Sep_2023\"><br \/>\n       <em> He comparado lo que gasta mi frigor\u00edfico en modo eco y con el fr\u00edo a tope y el resultado ha sido una aut\u00e9ntica sorpresa <\/em><br \/>\n      <\/a><br \/>\n      fue publicada originalmente en<br \/>\n      <a href=\"https:\/\/www.xatakahome.com\/?utm_source=feedburner&amp;utm_medium=feed&amp;utm_campaign=16_Sep_2023\"><br \/>\n       <strong> Xataka Smart Home <\/strong><br \/>\n      <\/a><br \/>\n            por <a href=\"https:\/\/www.xatakahome.com\/autor\/jose-antonio-carmona?utm_source=feedburner&amp;utm_medium=feed&amp;utm_campaign=16_Sep_2023\"><br \/>\n       Jose Antonio Carmona<br \/>\n      <\/a><br \/>\n      . <\/p>\n<\/div>\n","protected":false},"excerpt":{"rendered":"<p>La nevera o el frigor\u00edfico, es un elemento fijo pr\u00e1cticamente en todas las cocinas. Dejando un lado el que sean modelos m\u00e1s o menos complejos preparados para admitir el trabajo generado por toda la familia, cuando se trata de hacerse con uno siempre hay que buscar el m\u00e1s eficiente para no da\u00f1ar en exceso nuestro &hellip; <a href=\"https:\/\/domosistemas.com\/?p=21603\" class=\"more-link\">Sigue leyendo <span class=\"screen-reader-text\">He comparado lo que gasta mi frigor\u00edfico en modo eco y con el fr\u00edo a tope y el resultado ha sido una aut\u00e9ntica sorpresa<\/span><\/a><\/p>\n","protected":false},"author":1,"featured_media":0,"comment_status":"closed","ping_status":"closed","sticky":false,"template":"","format":"standard","meta":{"footnotes":""},"categories":[8],"tags":[],"class_list":["post-21603","post","type-post","status-publish","format-standard","hentry","category-xataka"],"_links":{"self":[{"href":"https:\/\/domosistemas.com\/index.php?rest_route=\/wp\/v2\/posts\/21603","targetHints":{"allow":["GET"]}}],"collection":[{"href":"https:\/\/domosistemas.com\/index.php?rest_route=\/wp\/v2\/posts"}],"about":[{"href":"https:\/\/domosistemas.com\/index.php?rest_route=\/wp\/v2\/types\/post"}],"author":[{"embeddable":true,"href":"https:\/\/domosistemas.com\/index.php?rest_route=\/wp\/v2\/users\/1"}],"replies":[{"embeddable":true,"href":"https:\/\/domosistemas.com\/index.php?rest_route=%2Fwp%2Fv2%2Fcomments&post=21603"}],"version-history":[{"count":0,"href":"https:\/\/domosistemas.com\/index.php?rest_route=\/wp\/v2\/posts\/21603\/revisions"}],"wp:attachment":[{"href":"https:\/\/domosistemas.com\/index.php?rest_route=%2Fwp%2Fv2%2Fmedia&parent=21603"}],"wp:term":[{"taxonomy":"category","embeddable":true,"href":"https:\/\/domosistemas.com\/index.php?rest_route=%2Fwp%2Fv2%2Fcategories&post=21603"},{"taxonomy":"post_tag","embeddable":true,"href":"https:\/\/domosistemas.com\/index.php?rest_route=%2Fwp%2Fv2%2Ftags&post=21603"}],"curies":[{"name":"wp","href":"https:\/\/api.w.org\/{rel}","templated":true}]}}