{"id":22818,"date":"2024-01-17T11:00:41","date_gmt":"2024-01-17T11:00:41","guid":{"rendered":"https:\/\/domosistemas.com\/?p=22818"},"modified":"2024-01-17T11:00:41","modified_gmt":"2024-01-17T11:00:41","slug":"ya-se-pueden-obtener-las-ayudas-de-mas-de-350-euros-para-calefaccion-estos-son-los-requisitos-para-aprovecharlas","status":"publish","type":"post","link":"https:\/\/domosistemas.com\/?p=22818","title":{"rendered":"Ya se pueden obtener las ayudas de m\u00e1s de 350 euros para calefacci\u00f3n. Estos son los requisitos para aprovecharlas"},"content":{"rendered":"<div>\n<p>\n      <img decoding=\"async\" src=\"https:\/\/i.blogs.es\/2ac8f1\/pexels-photo-7790205\/1024_2000.jpeg\" alt=\"Ya se pueden obtener las ayudas de m\u00e1s de 350 euros para calefacci\u00f3n. Estos son los requisitos para aprovecharlas\">\n    <\/p>\n<p>Con la llegada de los primeros fr\u00edos, toca tambi\u00e9n que muchos usuarios pongan en funcionamiento los sistemas de calefacci\u00f3n en casa. Y como cada a\u00f1o, con la llegada del mes de enero, tambi\u00e9n <strong>cambian los bonos y ayudas para hacer m\u00e1s asequible este servicio.<\/strong><\/p>\n<p><!-- BREAK 1 --><\/p>\n<p>Y es que con el precio al que est\u00e1 la electricidad y el gas, hay muchas personas que no pueden acceder a un recurso que con la bajada de las temperaturas pasa por ser m\u00e1s que un capricho, una necesidad. Por eso, vamos a ver <strong>c\u00f3mo se pueden obtener las ayudas gracias al<\/strong> <strong>Bono Social T\u00e9rmico <\/strong>con las que el Gobierno quiere tratar de combatir la pobreza energ\u00e9tica.<\/p>\n<p><!-- BREAK 2 --><\/p>\n<h2>Qu\u00e9 es el Bono T\u00e9rmico<\/h2>\n<div class=\"article-asset-image article-asset-normal article-asset-center\">\n<div class=\"asset-content\">\n<p>   <img decoding=\"async\" alt=\"Humedad\" class=\"centro_sinmarco\" src=\"https:\/\/i.blogs.es\/1b925b\/humedad\/450_1000.webp\"><\/p><\/div>\n<\/div>\n<p>Complementario del <a href=\"https:\/\/www.xatakahome.com\/iluminacion-y-energia\/bono-social-factura-luz-que-que-descuento-ofrece-requisitos-para-solicitarlo\" data-id=\"noopener noreferrer\">Bono Social El\u00e9ctrico<\/a>, el <strong>Bono Social T\u00e9rmico<\/strong>. es, como el anterior, un programa de ayuda econ\u00f3mica que<strong> se ofrece para ayudar a las familias con bajos ingresos<\/strong> y que puedan hacer frente a los gastos de calefacci\u00f3n en los meses m\u00e1s fr\u00edos del a\u00f1o.<\/p>\n<p><!-- BREAK 3 --><\/p>\n<p>Es un programa pensado para proporcionar asistencia a las <strong>personas que tienen dificultades para pagar sus facturas de calefacci\u00f3n<\/strong> y para reducir el impacto de la pobreza energ\u00e9tica.<\/p>\n<p><!-- BREAK 4 --><\/p>\n<div class=\"article-asset-video article-asset-normal\">\n<div class=\"asset-content\">\n<div class=\"base-asset-video\">\n<div class=\"js-dailymotion\">\n    <script type=\"application\/json\">\n           {\"videoId\":\"x88tf3k\",\"autoplay\":true,\"title\":\"AHORRA EN TU FACTURA DE LA LUZ: Las MEJORES OPCIONES para conocer los PRECIOS EN TU M\u00d3VIL\", \"tag\":\"webedia-prod\"}\n         <\/script>\n   <\/div>\n<\/p><\/div>\n<\/p><\/div>\n<\/div>\n<p>En el caso de las ayudas para la calefacci\u00f3n, Bono T\u00e9rmico mediante, se trata c\u00f3mo podemos ver en la <a rel=\"noopener, noreferrer\" href=\"https:\/\/www.bonotermico.gob.es\/\">web espec\u00edfica<\/a> del <a rel=\"noopener, noreferrer\" href=\"https:\/\/www.miteco.gob.es\/es\/\">Ministerio para la Transici\u00f3n Ecol\u00f3gica y el Reto Demogr\u00e1fico<\/a>, de <strong>una ayuda directa para beneficiarios del <\/strong><a href=\"https:\/\/www.xatakahome.com\/iluminacion-y-energia\/bono-social-factura-luz-que-que-descuento-ofrece-requisitos-para-solicitarlo\">Bono Social El\u00e9ctrico<\/a> de forma que pueden conseguir un ahorro en la factura de la luz que por ejemplo se puede aplicar para reducir los gastos de calefacci\u00f3n o de agua caliente sanitaria.<\/p>\n<p><!-- BREAK 5 --><\/p>\n<p>Gracias a estas ayudas, se puede aligerar la factura de la calefacci\u00f3n gracias a un \u00fanico abono anual que <strong>se descuenta de las facturas del gas. <\/strong>Pero para poder aprovecharlo hay que cumplir con una serie de requisitos.<\/p>\n<p><!-- BREAK 6 --><\/p>\n<h2>Qu\u00e9 hace falta para pedirlo<\/h2>\n<div class=\"article-asset-image article-asset-normal article-asset-center\">\n<div class=\"asset-content\">\n<div class=\"caption-img \">\n                             <a rel=\"noopener, noreferrer\" href=\"https:\/\/www.juntadeandalucia.es\/agenciadeserviciossocialesydependencia\/index.php\/m-accion-e-innovacion-social\/bonosocial#que-es-el-bono-social-termico\"><\/p>\n<p>    <img decoding=\"async\" alt=\"Bono t\u00e9rmico\" class=\"centro_sinmarco\" src=\"https:\/\/i.blogs.es\/04b628\/captura-de-pantalla-2024-01-17-a-las-9.28.38\/450_1000.webp\"><br \/>\n     <\/a><\/p>\n<p>               <span>Imagen | Junta de Andaluc\u00eda<\/span>\n   <\/div>\n<\/p><\/div>\n<\/div>\n<p>El primero es que el usuario tiene que ser perceptor del Bono Social El\u00e9ctrico. Por lo tanto, lo primero es solicitar el Bono Social El\u00e9ctrico, algo que ya explicamos. Una vez lo han concedido, <strong>el Bono Social T\u00e9rmico se abona directamente a los usuarios con cargo a los Presupuestos Generales del Estado<\/strong> y son las Comunidades Aut\u00f3nomas las encargadas de gestionarlo.<\/p>\n<p><!-- BREAK 7 --><\/p>\n<div class=\"article-asset-summary article-asset-normal article-asset-center\">\n<div class=\"asset-content\">\n<div class=\"sumario\">Mientras que el Bono t\u00e9rmico es una ayuda directa para calefacci\u00f3n, el el\u00e9ctrico es un descuento en la factura de la luz<\/div>\n<\/p><\/div>\n<\/div>\n<p>El Bono Social T\u00e9rmico se concede<strong> de manera autom\u00e1tica a los beneficiarios del Bono Social El\u00e9ctrico <\/strong>que hayan sido reconocidos como tales a fecha de 31 de diciembre del a\u00f1o anterior.<\/p>\n<p><!-- BREAK 8 --><\/p>\n<div class=\"article-asset article-asset-normal article-asset-center\">\n<div class=\"desvio-container\">\n<div class=\"desvio\">\n<div class=\"desvio-figure js-desvio-figure\">\n    <a href=\"https:\/\/www.xatakahome.com\/trucos-y-bricolaje-smart\/dos-trucos-que-aplico-casa-para-ahorrar-luz-uso-calefaccion-electrica-pasar-frio\"><br \/>\n     <img decoding=\"async\" alt=\"Los dos trucos que aplico en casa para ahorrar luz mientras uso la calefacci\u00f3n el\u00e9ctrica durante la ola de fr\u00edo\" src=\"https:\/\/i.blogs.es\/4ea618\/cold-winter-light-building-steel-ice-816632-pxhere.com\/375_142.webp\" onerror='this.src=\"https:\/\/i.blogs.es\/4ea618\/cold-winter-light-building-steel-ice-816632-pxhere.com\/375_142.jpeg\"'><br \/>\n    <\/a>\n   <\/div>\n<div class=\"desvio-summary\">\n<div class=\"desvio-taxonomy js-desvio-taxonomy\">\n     <a href=\"https:\/\/www.xatakahome.com\/trucos-y-bricolaje-smart\/dos-trucos-que-aplico-casa-para-ahorrar-luz-uso-calefaccion-electrica-pasar-frio\" class=\"desvio-taxonomy-anchor\">En Xataka Smart Home<\/a>\n    <\/div>\n<p>    <a href=\"https:\/\/www.xatakahome.com\/trucos-y-bricolaje-smart\/dos-trucos-que-aplico-casa-para-ahorrar-luz-uso-calefaccion-electrica-pasar-frio\" class=\"desvio-title js-desvio-title\">Los dos trucos que aplico en casa para ahorrar luz mientras uso la calefacci\u00f3n el\u00e9ctrica durante la ola de fr\u00edo<\/a>\n   <\/div>\n<\/p><\/div>\n<\/p><\/div>\n<\/div>\n<p>Las ayudas para calefacci\u00f3n se conceden de forma autom\u00e1tica a todas aquellas personas que, como cuentan en <a rel=\"noopener, noreferrer\" href=\"https:\/\/tarifasgasluz.com\/gestiones\/bono-social-termico\">tarifasgasluz<\/a>, cuenten con una tarifa el\u00e9ctrica PVPC, no tengan m\u00e1s de 10kW de potencia contratada, y tengan concedido el Bono Social El\u00e9ctrico. Son aspectos con los que se debe cumplir y sin ellos no se puede optar a esta ayuda. <strong>Estos son los requisitos para percibirlo<\/strong>:<\/p>\n<p><!-- BREAK 9 --><\/p>\n<ul>\n<li>Tener contratada la <a rel=\"noopener, noreferrer\" href=\"https:\/\/www.epe.es\/es\/activos\/20231229\/nueva-tarifa-regulada-luz-1-enero-96372486\">PVPC<\/a> (tarifa regulada de luz) con una potencia inferior a 10kW.<\/li>\n<li>Ser beneficiario del Bono Social El\u00e9ctrico.<\/li>\n<li>Tener contratada la tarifa TUR de gas (Tarifa de \u00daltimo Recurso de gas) NO es un requisito necesario.<\/li>\n<li>Tener calefacci\u00f3n de gas natural en la vivienda.<\/li>\n<li>En caso de tratarse de un consumidor vulnerable severo o en riesgo de exclusi\u00f3n social, el bono, las ayudas, se incrementan en un 60% respecto a lo que corresponde por la zona clim\u00e1tica.<\/li>\n<\/ul>\n<p>El Bono Social T\u00e9rmico tiene una serie de consideraciones a tener en cuenta al <strong>depender de factores como los ingresos o el clima. <\/strong>En este sentido, <a rel=\"noopener, noreferrer\" href=\"https:\/\/www.bonotermico.gob.es\/#beneficios\">el Ministerio para la Transici\u00f3n Ecol\u00f3gica y el Reto Demogr\u00e1fico,<\/a> tiene una web con un apartado en el que se puede <strong>consultar la zona clim\u00e1tica en la que est\u00e1 ubicada la vivienda habitual.<\/strong> Este dato servir\u00e1 para determinar en parte la cuant\u00eda de ayuda del Bono Social T\u00e9rmico que corresponde al solicitante. <strong>En funci\u00f3n de la zona en la que se resida, la ayuda ser\u00e1 una u otra.<\/strong><\/p>\n<p><!-- BREAK 10 --><\/p>\n<div class=\"article-asset-image article-asset-normal article-asset-center\">\n<div class=\"asset-content\">\n<p>   <img decoding=\"async\" alt=\"Zona Climatica\" class=\"centro_sinmarco\" src=\"https:\/\/i.blogs.es\/eafa60\/zona-climatica\/450_1000.webp\"><\/p><\/div>\n<\/div>\n<p>En el caso de los usuarios que ya tengan el Bono El\u00e9ctrico, pueden conocer la zona clim\u00e1tica que les corresponde, accediendo a <a rel=\"noopener, noreferrer\" href=\"https:\/\/bonotermico.gob.es\/\">esta web<\/a>. Una vez dentro hay que acceder al apartado \u00abZonas Clim\u00e1ticas\u00bb y <strong>elegir tanto provincia como localidad<\/strong>. Luego hay que pulsar en la flecha derecha para acceder a la tabla con los valores que corresponden seg\u00fan la ubicaci\u00f3n.<\/p>\n<p><!-- BREAK 11 --><\/p>\n<div class=\"article-asset-image article-asset-normal article-asset-center\">\n<div class=\"asset-content\">\n<div class=\"caption-img \">\n                             <a rel=\"noopener, noreferrer\" href=\"https:\/\/www.juntadeandalucia.es\/agenciadeserviciossocialesydependencia\/index.php\/m-accion-e-innovacion-social\/bonosocial#cuantia-del-bono-social-termico\"><\/p>\n<p>    <img decoding=\"async\" alt=\"Ejemplo de zonas en Andaluc\u00eda\" class=\"centro_sinmarco\" src=\"https:\/\/i.blogs.es\/15fa06\/captura-de-pantalla-2024-01-17-a-las-9.46.00\/450_1000.webp\"><br \/>\n     <\/a><\/p>\n<p>               <span>Ejemplo de zonas en Andaluc\u00eda Imagen de Junta de Andaluc\u00eda<\/span>\n   <\/div>\n<\/p><\/div>\n<\/div>\n<p>Antes del 15 de enero de cada a\u00f1o, los Comercializadores de Referencia (COR) deben remitir a la Direcci\u00f3n General de Pol\u00edtica Energ\u00e9tica y Minas (DGPEM) un listado de <strong>aquellos de sus clientes que sean beneficiarios del Bono Social El\u00e9ctrico<\/strong> a 31 de diciembre del a\u00f1o anterior.<\/p>\n<p><!-- BREAK 12 --><\/p>\n<p>Esta medida lo que hace es <strong>ayudar a determinar el importe de la ayuda del Bono Social T\u00e9rmico<\/strong> (BST) y proceder a su pago. Los datos que se han de facilitar son los siguientes:<\/p>\n<p><!-- BREAK 13 --><\/p>\n<ul>\n<li><strong>Nombre y DNI<\/strong> del beneficiario.<\/li>\n<li><strong>Domicilio completo<\/strong>, indicando v\u00eda, n\u00famero, c\u00f3digo postal y municipio.<\/li>\n<li><strong>Si tiene la consideraci\u00f3n de consumidor vulnerable<\/strong> severo o en riesgo de exclusi\u00f3n social.<\/li>\n<li>Datos de la <strong>cuenta bancaria<\/strong>.<\/li>\n<\/ul>\n<h2><strong>\u00bfQui\u00e9nes pueden solicitarlo?<\/strong><\/h2>\n<div class=\"article-asset-image article-asset-normal article-asset-center\">\n<div class=\"asset-content\">\n<div class=\"caption-img \">\n                             <a rel=\"noopener, noreferrer\" href=\"https:\/\/www.pexels.com\/es-es\/foto\/resfriado-madera-ligero-arte-12034871\/\"><\/p>\n<p>    <img decoding=\"async\" alt=\"Pexels Patrycja Grobelny 12034871\" class=\"centro_sinmarco\" src=\"https:\/\/i.blogs.es\/f508af\/pexels-patrycja-grobelny-12034871\/450_1000.webp\"><br \/>\n     <\/a><\/p>\n<p>               <span>Foto de Patrycja Grobelny<\/span>\n   <\/div>\n<\/p><\/div>\n<\/div>\n<p><strong>La ayuda se efect\u00faa en un \u00fanico pago al a\u00f1o<\/strong> en la misma cuenta en la que se tienen domiciliada la factura el\u00e9ctrica con un importe que puede alcanzar los 370 euros en funci\u00f3n, como ya hemos visto, de distintos factores y condicionantes. La ayuda la pueden solicitar los siguientes colectivos:<\/p>\n<p><!-- BREAK 14 --><\/p>\n<h3>Consumidores vulnerables<\/h3>\n<ul>\n<li>Unidad familiar sin menores con una renta que sea menor o igual a 11.279 euros al a\u00f1o<\/li>\n<li>Unidad familiar con un menor y una renta que sea menor o igual a 15.039 euros al a\u00f1o<\/li>\n<li>Unidad familiar con dos menores y una renta que sea menor o igual a 18.799 euros al a\u00f1o.<\/li>\n<\/ul>\n<h3>Consumidores vulnerables severos<\/h3>\n<ul>\n<li>Familias numerosas con una renta menor o igual a 15.039 euros al a\u00f1o<\/li>\n<li>Pensi\u00f3n m\u00ednima que tengan una renta menor o igual a 7.520 \u20ac\/a\u00f1o<\/li>\n<li>Una renta menor o igual al 50% del umbral de los consumidores vulnerables<\/li>\n<\/ul>\n<h3>Consumidores vulnerables severos en riesgo de exclusi\u00f3n<\/h3>\n<ul>\n<li>Niveles de renta de los consumidores vulnerables severos<\/li>\n<li>Reciben atenci\u00f3n de los servicios sociales<\/li>\n<li>No se les puede interrumpir los suministros aunque cometan impagos<\/li>\n<\/ul>\n<p>Adem\u00e1s de estos casos, tambi\u00e9n <strong>pueden solicitar esta ayuda otro tipo de colectivos<\/strong> que se encuentran en alguna de estas circunstancias:<\/p>\n<p><!-- BREAK 15 --><\/p>\n<ul>\n<li>Familias monoparentales<\/li>\n<li>Discapacidad reconocida mayor o igual al 33%<\/li>\n<li>V\u00edctimas de violencia de g\u00e9nero<\/li>\n<li>Grado II o III de dependencia<\/li>\n<li>V\u00edctimas de terrorismo<\/li>\n<\/ul>\n<p>Imagen portada | <a rel=\"noopener, noreferrer\" href=\"https:\/\/images.pexels.com\/photos\/7790205\/pexels-photo-7790205.jpeg?cs=srgb&amp;dl=pexels-k%C3%BCbra-arslaner-7790205.jpg&amp;fm=jpg&amp;w=1920&amp;h=1321&amp;_gl=1*lkmt4m*_ga*MjExOTM4NDc0Ny4xNjk5NTE2ODA2*_ga_8JE65Q40S6*MTcwNTQ4MDE3OC40MC4xLjE3MDU0ODAzMTMuMC4wLjA.\">Kubr\u00e4 Arslaner<\/a><\/p>\n<p><!-- BREAK 16 --><\/p>\n<p>M\u00e1s informaci\u00f3n | <a rel=\"noopener, noreferrer\" href=\"http:\/\/www.bonotermico.gob.es\/#beneficios\">Bono Social T\u00e9rmico<\/a><\/p>\n<p><!-- BREAK 17 --><\/p>\n<p>En Xataka SmartHome | <a href=\"https:\/\/www.xatakahome.com\/a-fondo\/asi-afecta-calefaccion-casa-estamos-gripe-resfriados-estos-ambiente-temperatura-idoneos\">As\u00ed afecta la calefacci\u00f3n de casa si estamos con gripe o resfriados. Un experto aconseja qu\u00e9 debemos tener en cuenta<\/a><\/p>\n<p><!-- BREAK 18 --><script>\n (function() {\n  window._JS_MODULES = window._JS_MODULES || {};\n  var headElement = document.getElementsByTagName('head')[0];\n  if (_JS_MODULES.instagram) {\n   var instagramScript = document.createElement('script');\n   instagramScript.src = 'https:\/\/platform.instagram.com\/en_US\/embeds.js';\n   instagramScript.async = true;\n   instagramScript.defer = true;\n   headElement.appendChild(instagramScript);\n  }\n })();\n<\/script><\/p>\n<p> &#8211; <br \/> La noticia<br \/>\n      <a href=\"https:\/\/www.xatakahome.com\/a-fondo\/se-pueden-obtener-ayudas-350-euros-para-calefaccion-estos-requisitos-para-aprovecharlas?utm_source=feedburner&amp;utm_medium=feed&amp;utm_campaign=17_Jan_2024\"><br \/>\n       <em> Ya se pueden obtener las ayudas de m\u00e1s de 350 euros para calefacci\u00f3n. Estos son los requisitos para aprovecharlas <\/em><br \/>\n      <\/a><br \/>\n      fue publicada originalmente en<br \/>\n      <a href=\"https:\/\/www.xatakahome.com\/?utm_source=feedburner&amp;utm_medium=feed&amp;utm_campaign=17_Jan_2024\"><br \/>\n       <strong> Xataka Smart Home <\/strong><br \/>\n      <\/a><br \/>\n            por <a href=\"https:\/\/www.xatakahome.com\/autor\/jose-antonio-carmona?utm_source=feedburner&amp;utm_medium=feed&amp;utm_campaign=17_Jan_2024\"><br \/>\n       Jose Antonio Carmona<br \/>\n      <\/a><br \/>\n      . <\/p>\n<\/div>\n","protected":false},"excerpt":{"rendered":"<p>Con la llegada de los primeros fr\u00edos, toca tambi\u00e9n que muchos usuarios pongan en funcionamiento los sistemas de calefacci\u00f3n en casa. Y como cada a\u00f1o, con la llegada del mes de enero, tambi\u00e9n cambian los bonos y ayudas para hacer m\u00e1s asequible este servicio. Y es que con el precio al que est\u00e1 la electricidad &hellip; <a href=\"https:\/\/domosistemas.com\/?p=22818\" class=\"more-link\">Sigue leyendo <span class=\"screen-reader-text\">Ya se pueden obtener las ayudas de m\u00e1s de 350 euros para calefacci\u00f3n. Estos son los requisitos para aprovecharlas<\/span><\/a><\/p>\n","protected":false},"author":1,"featured_media":0,"comment_status":"closed","ping_status":"closed","sticky":false,"template":"","format":"standard","meta":{"footnotes":""},"categories":[8],"tags":[],"class_list":["post-22818","post","type-post","status-publish","format-standard","hentry","category-xataka"],"_links":{"self":[{"href":"https:\/\/domosistemas.com\/index.php?rest_route=\/wp\/v2\/posts\/22818","targetHints":{"allow":["GET"]}}],"collection":[{"href":"https:\/\/domosistemas.com\/index.php?rest_route=\/wp\/v2\/posts"}],"about":[{"href":"https:\/\/domosistemas.com\/index.php?rest_route=\/wp\/v2\/types\/post"}],"author":[{"embeddable":true,"href":"https:\/\/domosistemas.com\/index.php?rest_route=\/wp\/v2\/users\/1"}],"replies":[{"embeddable":true,"href":"https:\/\/domosistemas.com\/index.php?rest_route=%2Fwp%2Fv2%2Fcomments&post=22818"}],"version-history":[{"count":0,"href":"https:\/\/domosistemas.com\/index.php?rest_route=\/wp\/v2\/posts\/22818\/revisions"}],"wp:attachment":[{"href":"https:\/\/domosistemas.com\/index.php?rest_route=%2Fwp%2Fv2%2Fmedia&parent=22818"}],"wp:term":[{"taxonomy":"category","embeddable":true,"href":"https:\/\/domosistemas.com\/index.php?rest_route=%2Fwp%2Fv2%2Fcategories&post=22818"},{"taxonomy":"post_tag","embeddable":true,"href":"https:\/\/domosistemas.com\/index.php?rest_route=%2Fwp%2Fv2%2Ftags&post=22818"}],"curies":[{"name":"wp","href":"https:\/\/api.w.org\/{rel}","templated":true}]}}