{"id":22823,"date":"2024-01-18T03:00:18","date_gmt":"2024-01-18T03:00:18","guid":{"rendered":"https:\/\/domosistemas.com\/?p=22823"},"modified":"2024-01-18T03:00:18","modified_gmt":"2024-01-18T03:00:18","slug":"la-comunidad-de-madrid-se-incorpora-a-la-alianza-europea-de-regiones-de-semiconductores","status":"publish","type":"post","link":"https:\/\/domosistemas.com\/?p=22823","title":{"rendered":"La Comunidad de Madrid se incorpora a la Alianza Europea de Regiones de Semiconductores"},"content":{"rendered":"<div>\n<p>Tras la incorporaci\u00f3n de la Comunidad Valenciana, Andaluc\u00eda, Pa\u00eds Vasco y Catalu\u00f1a a la Alianza Europea de Regiones de Semiconductores (ESRA), la <a href=\"https:\/\/www.comunidad.madrid\/\" target=\"_blank\" rel=\"noopener\">Comunidad de Madrid<\/a> ha anunciado su incorporaci\u00f3n a la alianza. ESRA es una red pol\u00edtica de regiones comprometidas con el aumento de la capacidad de producci\u00f3n de semiconductores y microelectr\u00f3nica para reducir la dependencia del suministro de terceros pa\u00edses.<\/p>\n<figure id=\"attachment_130690\" aria-describedby=\"caption-attachment-130690\" style=\"width: 800px\" class=\"wp-caption aligncenter\"><img loading=\"lazy\" decoding=\"async\" class=\"wp-image-130690 size-full\" src=\"https:\/\/static.casadomo.com\/media\/2024\/01\/comunidad-madrid-alianza-europea-regiones-semiconductores-1.png\" alt=\"Comunidad de Madrid se une a la Alianza Europea de Regiones de Semiconductores.\" width=\"800\" height=\"414\" srcset=\"https:\/\/static.casadomo.com\/media\/2024\/01\/comunidad-madrid-alianza-europea-regiones-semiconductores-1.png 800w, https:\/\/static.casadomo.com\/media\/2024\/01\/comunidad-madrid-alianza-europea-regiones-semiconductores-1-300x155.png 300w, https:\/\/static.casadomo.com\/media\/2024\/01\/comunidad-madrid-alianza-europea-regiones-semiconductores-1-768x397.png 768w, https:\/\/static.casadomo.com\/media\/2024\/01\/comunidad-madrid-alianza-europea-regiones-semiconductores-1-180x93.png 180w\" sizes=\"auto, (max-width: 800px) 100vw, 800px\"><figcaption id=\"caption-attachment-130690\" class=\"wp-caption-text\">El Instituto IMDEA Nanociencia cuenta con numerosos proyectos para crear semiconductores y dispositivos con resoluci\u00f3n nanom\u00e9trica, espacio que ha sido visitado por el consejero de Educaci\u00f3n, Ciencia y Universidades, Emilio Viciana.<\/figcaption><\/figure>\n<p>Los semiconductores se han convertido en piezas esenciales en la pr\u00e1ctica totalidad de los dispositivos electr\u00f3nicos, desde los m\u00e1s b\u00e1sicos hasta los m\u00e1s avanzados. Sin embargo, en los \u00faltimos a\u00f1os, la cadena de valor internacional se ha visto afectada por la pandemia de COVID-19 y las tensiones geopol\u00edticas, lo que ha provocado la escasez de chips y la paralizaci\u00f3n de muchas industrias.<\/p>\n<p>Este escenario ha puesto de manifiesto la dependencia de las regiones y ciudades del suministro de un n\u00famero limitado de empresas. En este contexto, la <a href=\"https:\/\/www.casadomo.com\/2023\/09\/13\/alianza-europea-regiones-semiconductores-reforzara-produccion-chips-ue\">Alianza Europea de Regiones de Semiconductores<\/a> tiene por objeto identificar y ayudar a eliminar los obst\u00e1culos al desarrollo estrat\u00e9gico con el fin de expandir y diversificar el sector en la Uni\u00f3n Europea.<\/p>\n<h2>Instituto IMDEA Nanociencia<\/h2>\n<p>El Instituto IMDEA Nanociencia, en Madrid, cuenta con numerosos proyectos para crear semiconductores y dispositivos con resoluci\u00f3n nanom\u00e9trica. Contribuye al desarrollo de este \u00e1mbito cient\u00edfico y tecnol\u00f3gico fundamental para la econom\u00eda, y participa activamente en la direcci\u00f3n del Cl\u00faster de Innovaci\u00f3n Tecnol\u00f3gica y Talento en Semiconductores de la regi\u00f3n.<\/p>\n<p>El resto de componentes de la Alianza Europea de Regiones de Semiconductores son Baden-Wurtemberg, Baviera, Hamburgo, Hesse, Baja Sajonia, Sajonia, Sajonia-Anhalt, Sarre, Schleswig-Holstein y Turingia, en Alemania; Flevolanda y Brabante Septentrional, en los Pa\u00edses Bajos; Carintia y Estiria, en Austria; la Regi\u00f3n del Centro, en Portugal; Flandes, en B\u00e9lgica; Auvernia-R\u00f3dano-Alpes, en Francia; Piamonte, en Italia; Tampere y Helsinki, en Finlandia; Moravia Meridional, en la Rep\u00fablica Checa; Gales, en el Reino Unido; e Irlanda.<\/p>\n<p>La entrada <a href=\"https:\/\/www.casadomo.com\/2024\/01\/18\/comunidad-madrid-incorpora-alianza-europea-regiones-semiconductores\">La Comunidad de Madrid se incorpora a la Alianza Europea de Regiones de Semiconductores<\/a> aparece primero en <a href=\"https:\/\/www.casadomo.com\/\">CASADOMO<\/a>.<\/p>\n<\/div>\n","protected":false},"excerpt":{"rendered":"<p>Tras la incorporaci\u00f3n de la Comunidad Valenciana, Andaluc\u00eda, Pa\u00eds Vasco y Catalu\u00f1a a la Alianza Europea de Regiones de Semiconductores (ESRA), la Comunidad de Madrid ha anunciado su incorporaci\u00f3n a la alianza. ESRA es una red pol\u00edtica de regiones comprometidas con el aumento de la capacidad de producci\u00f3n de semiconductores y microelectr\u00f3nica para reducir la &hellip; <a href=\"https:\/\/domosistemas.com\/?p=22823\" class=\"more-link\">Sigue leyendo <span class=\"screen-reader-text\">La Comunidad de Madrid se incorpora a la Alianza Europea de Regiones de Semiconductores<\/span><\/a><\/p>\n","protected":false},"author":1,"featured_media":0,"comment_status":"closed","ping_status":"closed","sticky":false,"template":"","format":"standard","meta":{"footnotes":""},"categories":[3],"tags":[],"class_list":["post-22823","post","type-post","status-publish","format-standard","hentry","category-casadomo-com"],"_links":{"self":[{"href":"https:\/\/domosistemas.com\/index.php?rest_route=\/wp\/v2\/posts\/22823","targetHints":{"allow":["GET"]}}],"collection":[{"href":"https:\/\/domosistemas.com\/index.php?rest_route=\/wp\/v2\/posts"}],"about":[{"href":"https:\/\/domosistemas.com\/index.php?rest_route=\/wp\/v2\/types\/post"}],"author":[{"embeddable":true,"href":"https:\/\/domosistemas.com\/index.php?rest_route=\/wp\/v2\/users\/1"}],"replies":[{"embeddable":true,"href":"https:\/\/domosistemas.com\/index.php?rest_route=%2Fwp%2Fv2%2Fcomments&post=22823"}],"version-history":[{"count":0,"href":"https:\/\/domosistemas.com\/index.php?rest_route=\/wp\/v2\/posts\/22823\/revisions"}],"wp:attachment":[{"href":"https:\/\/domosistemas.com\/index.php?rest_route=%2Fwp%2Fv2%2Fmedia&parent=22823"}],"wp:term":[{"taxonomy":"category","embeddable":true,"href":"https:\/\/domosistemas.com\/index.php?rest_route=%2Fwp%2Fv2%2Fcategories&post=22823"},{"taxonomy":"post_tag","embeddable":true,"href":"https:\/\/domosistemas.com\/index.php?rest_route=%2Fwp%2Fv2%2Ftags&post=22823"}],"curies":[{"name":"wp","href":"https:\/\/api.w.org\/{rel}","templated":true}]}}