{"id":23074,"date":"2024-02-08T10:08:48","date_gmt":"2024-02-08T10:08:48","guid":{"rendered":"https:\/\/domosistemas.com\/?p=23074"},"modified":"2024-02-08T10:08:48","modified_gmt":"2024-02-08T10:08:48","slug":"reformar-la-casa-pagando-la-mitad-de-iva-y-con-hasta-3-000-euros-de-ayuda-estas-son-las-claves-para-conseguirlo","status":"publish","type":"post","link":"https:\/\/domosistemas.com\/?p=23074","title":{"rendered":"Reformar la casa pagando la mitad de IVA y con hasta 3.000 euros de ayuda: estas son las claves para conseguirlo"},"content":{"rendered":"<div>\n<p>\n      <img decoding=\"async\" src=\"https:\/\/i.blogs.es\/29b15e\/nolan-issac-k5sjajgbtfw-unsplash\/1024_2000.jpeg\" alt=\"Reformar la casa pagando la mitad de IVA y con hasta 3.000 euros de ayuda: estas son las claves para conseguirlo \">\n    <\/p>\n<p>Si nuestra vivienda cuenta ya con unos a\u00f1os desde su construcci\u00f3n, probablemente no tenga las \u00faltimas medidas en cuanto a <a href=\"https:\/\/www.xatakahome.com\/iluminacion-y-energia\/certificado-energetico-tu-casa-que-cuando-obligatorio-tenerlo-sirve\">certificado de eficiencia energ\u00e9tica<\/a> se refiere o incluso quiz\u00e1 necesite que le hagamos alguna peque\u00f1a <strong>reforma est\u00e9tica o funcional<\/strong>.<\/p>\n<p><!-- BREAK 1 --><\/p>\n<p>En estos casos, adem\u00e1s de las l\u00f3gicas molestias por las obras, el <strong>factor econ\u00f3mico<\/strong> suele ser uno de los grandes impedimentos que nos echan para atr\u00e1s, a pesar de que en otras ocasiones hemos comentado que <a href=\"https:\/\/www.xatakahome.com\/tutoriales\/como-solicitar-ayudas-europeas-para-rehabilitar-tu-casa-edificio-ahorrarte-unos-euros-reforma\">existen ciertas ayudas p\u00fablicas<\/a> para realizarlas.<\/p>\n<p><!-- BREAK 2 --><\/p>\n<div class=\"article-asset article-asset-normal article-asset-center\">\n<div class=\"desvio-container\">\n<div class=\"desvio\">\n<div class=\"desvio-figure js-desvio-figure\">\n    <a href=\"https:\/\/www.xatakahome.com\/iluminacion-y-energia\/certificado-energetico-tu-casa-que-cuando-obligatorio-tenerlo-sirve\"><br \/>\n     <img decoding=\"async\" alt=\"El Certificado Energ\u00e9tico de tu casa: qu\u00e9 es, cu\u00e1ndo es obligatorio tenerlo y para qu\u00e9 sirve\" src=\"https:\/\/i.blogs.es\/2a3681\/imagen1\/375_142.webp\" onerror='this.src=\"https:\/\/i.blogs.es\/2a3681\/imagen1\/375_142.jpg\"'><br \/>\n    <\/a>\n   <\/div>\n<div class=\"desvio-summary\">\n<div class=\"desvio-taxonomy js-desvio-taxonomy\">\n     <a href=\"https:\/\/www.xatakahome.com\/iluminacion-y-energia\/certificado-energetico-tu-casa-que-cuando-obligatorio-tenerlo-sirve\" class=\"desvio-taxonomy-anchor\">En Xataka Smart Home<\/a>\n    <\/div>\n<p>    <a href=\"https:\/\/www.xatakahome.com\/iluminacion-y-energia\/certificado-energetico-tu-casa-que-cuando-obligatorio-tenerlo-sirve\" class=\"desvio-title js-desvio-title\">El Certificado Energ\u00e9tico de tu casa: qu\u00e9 es, cu\u00e1ndo es obligatorio tenerlo y para qu\u00e9 sirve<\/a>\n   <\/div>\n<\/p><\/div>\n<\/p><\/div>\n<\/div>\n<h2>IVA reducido y descuentos fiscales para reformar tu casa<\/h2>\n<p>En este sentido, el popular comercio <a rel=\"noopener, noreferrer\" class=\"js-ecommerce\" href=\"https:\/\/www.xatakahome.com\/redirect?url=https%3A%2F%2Fwww.leroymerlin.es%2Fideas-y-consejos%2Fconsejos%2Fconoces-todas-las-ayudas-para-ahorrar-en-reforma-de-tu-casa.html&amp;category=diseno-y-arquitectura&amp;ecomPostExpiration=everlasting&amp;postId=110981\" data-vars-affiliate-url=\"https:\/\/www.xatakahome.com\/redirect?url=https%3A%2F%2Fwww.leroymerlin.es%2Fideas-y-consejos%2Fconsejos%2Fconoces-todas-las-ayudas-para-ahorrar-en-reforma-de-tu-casa.html&amp;category=diseno-y-arquitectura&amp;ecomPostExpiration=everlasting&amp;postId=110981\">Leroy Merl\u00edn ha publicado una interesante gu\u00eda<\/a> con las <strong>ayudas, descuentos y subvenciones<\/strong> m\u00e1s habituales que nos permitir\u00e1n rebajar notablemente el coste final de las reformas en casa, siempre que cumplamos los requisitos para cada una de ellas.<\/p>\n<p><!-- BREAK 3 --><\/p>\n<p><strong>IVA reducido del 10% en lugar de 21%. <\/strong>Para empezar tenemos la opci\u00f3n de pagar un impuesto de IVA reducido del 10% en la realizaci\u00f3n de todo tipo de trabajos de fontaner\u00eda y electricidad, carpinter\u00eda, pintura, acabados, etc. para<strong> obras de renovaci\u00f3n y reparaci\u00f3n de nuestras viviendas.<\/strong> Para ello debemos cumplir con tres requisitos:<\/p>\n<p><!-- BREAK 4 --><\/p>\n<ul>\n<li><strong>La vivienda debe ser utilizada para nuestro uso particular,<\/strong> sea primera o segunda residencia. En el caso de que sea una vivienda que tengamos alquilada o a la realizaci\u00f3n de actividades profesionales el IVA ser\u00e1 del 21%.<\/li>\n<li><strong>La vivienda tiene que tener por lo menos 2 a\u00f1os de antig\u00fcedad.<\/strong> Es decir, no puede ser una casa reci\u00e9n construida.<\/li>\n<li><strong>El coste de los materiales debe ser inferior al 40% del coste total de la reforma.<\/strong> El resto debe corresponder a los servicios (instalaci\u00f3n, mano de obra\u2026).<\/li>\n<\/ul>\n<p><strong>Deducciones fiscales por mejoras en la eficiencia energ\u00e9tica<\/strong>. Otra de las ayudas para reformar la vivienda la encontramos en las deducciones fiscales en el caso de que realicemos obras que permitan mejorar la eficiencia energ\u00e9tica de la casa hasta finales de 2024. Para ello tendremos que cumplir lo siguiente:<\/p>\n<p><!-- BREAK 5 --><\/p>\n<ul>\n<li>Puede tratarse de la <strong>vivienda habitual o que tengamos arrendada para su uso como vivienda.<\/strong><\/li>\n<li>Para demostrar la mejora en la eficiencia energ\u00e9tica hay que contar con <strong>dos <\/strong><a href=\"https:\/\/www.xatakahome.com\/iluminacion-y-energia\/certificado-energetico-tu-casa-que-cuando-obligatorio-tenerlo-sirve\">certificados de eficiencia energ\u00e9tica<\/a><strong> oficiales,<\/strong> uno antes de iniciar las obras y otro al finalizarlas.<\/li>\n<li><strong>Deducci\u00f3n fiscal de m\u00e1ximo 1.000\u20ac<\/strong> (20% sobre base m\u00e1xima de 5.000\u20ac) si se consigue una reducci\u00f3n en la demanda de calefacci\u00f3n y refrigeraci\u00f3n en un 7%, como m\u00ednimo.<\/li>\n<li><strong>Deducci\u00f3n fiscal de m\u00e1ximo 3.000\u20ac<\/strong> (40% sobre base m\u00e1xima de 7.500\u20ac) por una reducci\u00f3n en el consumo de energ\u00eda no renovable (gas, carb\u00f3n, di\u00e9sel\u2026) del 30%, como m\u00ednimo. O bien por obtener una clasificaci\u00f3n A o B en el certificado de eficiencia energ\u00e9tica al finalizar las obras.<\/li>\n<\/ul>\n<div class=\"article-asset-video article-asset-normal\">\n<div class=\"asset-content\">\n<div class=\"base-asset-video\">\n<div class=\"js-dailymotion\">\n    <script type=\"application\/json\">\n           {\"videoId\":\"x81h7p2\",\"autoplay\":true,\"title\":\"NUEVA FACTURA DE LA LUZ: TODO LO QUE DEBES SABER para AHORRAR AL M\u00c1XIMO\", \"tag\":\"\"}\n         <\/script>\n   <\/div>\n<\/p><\/div>\n<\/p><\/div>\n<\/div>\n<h2>Subvenciones directas para mejorar la eficiencia energ\u00e9tica de las viviendas<\/h2>\n<p>Entre los objetivos del <a rel=\"noopener, noreferrer\" href=\"https:\/\/www.mitma.gob.es\/ministerio\/proyectos-singulares\/prtr\">Plan de Recuperaci\u00f3n, Transformaci\u00f3n y Resiliencia<\/a><strong> <\/strong>(PRTR) del Gobierno de Espa\u00f1a<strong> <\/strong>se encuentra la <strong>mejora de la eficiencia energ\u00e9tica en las viviendas<\/strong>, dotado con un total de 3.420 millones de euros e incluido dentro de la Implementaci\u00f3n de la Agenda Urbana espa\u00f1ola: Plan de rehabilitaci\u00f3n y regeneraci\u00f3n urbana.<\/p>\n<p><!-- BREAK 6 --><\/p>\n<p>El programa tiene como objeto financiar actuaciones u obras de mejora de la eficiencia energ\u00e9tica de las viviendas que constituyan el <strong>domicilio habitual y permanente<\/strong> de los propietarios, ya sean viviendas unifamiliares o pertenecientes a edificios plurifamiliares. \u00bf<strong>Qu\u00e9 requisitos tenemos que cumplir<\/strong> para poder acogernos a ellas, cu\u00e1les son los plazos y qu\u00e9 cuant\u00edas ofrecen?<\/p>\n<p><!-- BREAK 7 --><\/p>\n<p>El PRTR se encargar\u00e1 de financiar actuaciones que consigan una reducci\u00f3n de por lo menos el <strong>7% de la demanda energ\u00e9tica en calefacci\u00f3n y refrigeraci\u00f3n<\/strong>, \u00a0rebajando el consumo de energ\u00eda no renovable un 30%. Tambi\u00e9n contempla la sustituci\u00f3n de elementos constructivos de la fachada, como la envolvente t\u00e9rmica o el <strong>cambio de ventanas<\/strong>.<\/p>\n<p><!-- BREAK 8 --><\/p>\n<div class=\"article-asset-image article-asset-normal article-asset-center\">\n<div class=\"asset-content\">\n<div class=\"caption-img \">\n<p>   <img decoding=\"async\" alt=\"Subvenciones\" class=\"centro_sinmarco\" src=\"https:\/\/i.blogs.es\/7adf4e\/subvenciones\/450_1000.webp\"><\/p>\n<p>               <span>Imagen: Ministerio de transportes, movilidad y agenda urbana<\/span>\n   <\/div>\n<\/p><\/div>\n<\/div>\n<p><strong>\u00bfQui\u00e9n puede solicitar las ayudas? <\/strong>Van dirigidas principalmente a <strong>propietarios, usufructuarios y arrendatarios<\/strong> de viviendas para uso particular y s\u00f3lo se financiar\u00e1n las actuaciones que se realicen en los <strong>domicilios habituales y permanentes<\/strong>, lo que podr\u00e1 acreditarse mediante certificaci\u00f3n o volante de empadronamiento en el municipio correspondiente.<\/p>\n<p><!-- BREAK 9 --><\/p>\n<p><strong>\u00bfCu\u00e1l es la cuant\u00eda de las ayudas?<\/strong> El importe de la subvenci\u00f3n ser\u00e1 del <strong>40% del coste de la actuaci\u00f3n<\/strong> con un l\u00edmite de <strong>3.000 euros por vivienda<\/strong>. Pero adem\u00e1s debemos cumplir con el requisito de que el coste m\u00ednimo de cada actuaci\u00f3n ha de ser igual o superior a 1.000 euros por vivienda.<\/p>\n<p><!-- BREAK 10 --><\/p>\n<p>Los destinatarios de este programa podr\u00e1n compatibilizar estas ayudas con otras de similar objetivo, como las del programa de actuaciones de rehabilitaci\u00f3n a nivel de barrios o con las del programa de rehabilitaci\u00f3n integral de edificios, siempre que quede bien acreditado que <strong>no se est\u00e1 subvencionando el mismo coste<\/strong>.<\/p>\n<p><!-- BREAK 11 --><\/p>\n<div class=\"article-asset-image article-asset-normal article-asset-center\">\n<div class=\"asset-content\">\n<div class=\"caption-img \">\n<p>   <img decoding=\"async\" alt=\"Subvenciones4488\" class=\"centro_sinmarco\" src=\"https:\/\/i.blogs.es\/cb3007\/subvenciones4488\/450_1000.webp\"><\/p>\n<p>               <span>Imagen: Ministerio de transportes, movilidad y agenda urbana<\/span>\n   <\/div>\n<\/p><\/div>\n<\/div>\n<p><strong>\u00bfC\u00f3mo se adjudican las ayudas? <\/strong>Pues en este plan son las<strong> Comunidades y ciudades aut\u00f3nomas<\/strong> las encargadas de ejecutar el reparto de los fondos a trav\u00e9s de convocatorias p\u00fablicas mediante el procedimiento de concurrencia simple. \u00a0Es decir, se dar\u00e1n <strong>por orden de solicitud hasta que se agoten los fondos<\/strong>.<\/p>\n<p><!-- BREAK 12 --><\/p>\n<p><strong>\u00bfQu\u00e9 plazo hay para realizar las obras? <\/strong>El plazo no podr\u00e1 exceder de <strong>doce \u00a0meses<\/strong> empezando a contar desde la fecha de concesi\u00f3n de la ayuda. Adem\u00e1s, hay \u00a0una fecha l\u00edmite seg\u00fan la cual las actuaciones objeto de financiaci\u00f3n deber\u00e1n estar completadas <strong>antes del d\u00eda 30 de junio de 2026<\/strong>.<\/p>\n<p><!-- BREAK 13 --><\/p>\n<p>Adem\u00e1s, es necesario <strong>demostrar que se ha producido una reducci\u00f3n en el consumo de energ\u00eda no renovable<\/strong> a la hora de usar calefacci\u00f3n y refrigeraci\u00f3n, algo que se har\u00e1 \u00a0comparando el <a href=\"https:\/\/www.xatakahome.com\/iluminacion-y-energia\/certificado-energetico-tu-casa-que-cuando-obligatorio-tenerlo-sirve\">certificado de eficiencia energ\u00e9tica<\/a> de la vivienda antes y despu\u00e9s de la actuaci\u00f3n.<\/p>\n<p><!-- BREAK 14 --><\/p>\n<p><strong>\u00bfD\u00f3nde podemos informarnos sobre los planes disponibles en cada Comunidad?<\/strong> Pues en la <a rel=\"noopener, noreferrer\" href=\"https:\/\/www.mitma.gob.es\/ministerio\/proyectos-singulares\/prtr\/vivienda-y-agenda-urbana\/programa-de-ayuda-las-actuaciones-de-mejora-de-la-eficiencia-energetica-en-viviendas\">p\u00e1gina web del Ministerio de transportes, movilidad y agenda urbana<\/a> si bajamos al final de la misma hay un mapa de Espa\u00f1a donde podemos encontrar el acceso directo a las propuestas de cada Comunidad.<\/p>\n<p><!-- BREAK 15 --><\/p>\n<p>M\u00e1s informaci\u00f3n | <a rel=\"noopener, noreferrer\" href=\"https:\/\/www.mitma.gob.es\/ministerio\/proyectos-singulares\/prtr\">Plan de Recuperaci\u00f3n, Transformaci\u00f3n y Resiliencia<\/a><\/p>\n<p><!-- BREAK 16 --><\/p>\n<p>Imagen portada | <a rel=\"noopener, noreferrer\" href=\"https:\/\/unsplash.com\/es\/@nolanissac\">Nolan Issac<\/a><\/p>\n<p><!-- BREAK 17 --><\/p>\n<p>En Xataka Samrt Home | <a href=\"https:\/\/www.xatakahome.com\/tutoriales\/como-solicitar-ayudas-europeas-para-rehabilitar-tu-casa-edificio-ahorrarte-unos-euros-reforma\">C\u00f3mo solicitar las ayudas europeas para rehabilitar tu casa o edificio y ahorrarte unos euros en la reforma<\/a><\/p>\n<p><!-- BREAK 18 --><script>\n (function() {\n  window._JS_MODULES = window._JS_MODULES || {};\n  var headElement = document.getElementsByTagName('head')[0];\n  if (_JS_MODULES.instagram) {\n   var instagramScript = document.createElement('script');\n   instagramScript.src = 'https:\/\/platform.instagram.com\/en_US\/embeds.js';\n   instagramScript.async = true;\n   instagramScript.defer = true;\n   headElement.appendChild(instagramScript);\n  }\n })();\n<\/script><\/p>\n<p> &#8211; <br \/> La noticia<br \/>\n      <a href=\"https:\/\/www.xatakahome.com\/diseno-y-arquitectura\/reformar-casa-pagando-mitad-iva-3-000-euros-ayuda-estas-claves-para-conseguirlo?utm_source=feedburner&amp;utm_medium=feed&amp;utm_campaign=08_Feb_2024\"><br \/>\n       <em> Reformar la casa pagando la mitad de IVA y con hasta 3.000 euros de ayuda: estas son las claves para conseguirlo  <\/em><br \/>\n      <\/a><br \/>\n      fue publicada originalmente en<br \/>\n      <a href=\"https:\/\/www.xatakahome.com\/?utm_source=feedburner&amp;utm_medium=feed&amp;utm_campaign=08_Feb_2024\"><br \/>\n       <strong> Xataka Smart Home <\/strong><br \/>\n      <\/a><br \/>\n            por <a href=\"https:\/\/www.xatakahome.com\/autor\/paco-rodriguez?utm_source=feedburner&amp;utm_medium=feed&amp;utm_campaign=08_Feb_2024\"><br \/>\n       Paco Rodriguez<br \/>\n      <\/a><br \/>\n      . <\/p>\n<\/div>\n","protected":false},"excerpt":{"rendered":"<p>Si nuestra vivienda cuenta ya con unos a\u00f1os desde su construcci\u00f3n, probablemente no tenga las \u00faltimas medidas en cuanto a certificado de eficiencia energ\u00e9tica se refiere o incluso quiz\u00e1 necesite que le hagamos alguna peque\u00f1a reforma est\u00e9tica o funcional. En estos casos, adem\u00e1s de las l\u00f3gicas molestias por las obras, el factor econ\u00f3mico suele ser &hellip; <a href=\"https:\/\/domosistemas.com\/?p=23074\" class=\"more-link\">Sigue leyendo <span class=\"screen-reader-text\">Reformar la casa pagando la mitad de IVA y con hasta 3.000 euros de ayuda: estas son las claves para conseguirlo<\/span><\/a><\/p>\n","protected":false},"author":1,"featured_media":0,"comment_status":"closed","ping_status":"closed","sticky":false,"template":"","format":"standard","meta":{"footnotes":""},"categories":[8],"tags":[],"class_list":["post-23074","post","type-post","status-publish","format-standard","hentry","category-xataka"],"_links":{"self":[{"href":"https:\/\/domosistemas.com\/index.php?rest_route=\/wp\/v2\/posts\/23074","targetHints":{"allow":["GET"]}}],"collection":[{"href":"https:\/\/domosistemas.com\/index.php?rest_route=\/wp\/v2\/posts"}],"about":[{"href":"https:\/\/domosistemas.com\/index.php?rest_route=\/wp\/v2\/types\/post"}],"author":[{"embeddable":true,"href":"https:\/\/domosistemas.com\/index.php?rest_route=\/wp\/v2\/users\/1"}],"replies":[{"embeddable":true,"href":"https:\/\/domosistemas.com\/index.php?rest_route=%2Fwp%2Fv2%2Fcomments&post=23074"}],"version-history":[{"count":0,"href":"https:\/\/domosistemas.com\/index.php?rest_route=\/wp\/v2\/posts\/23074\/revisions"}],"wp:attachment":[{"href":"https:\/\/domosistemas.com\/index.php?rest_route=%2Fwp%2Fv2%2Fmedia&parent=23074"}],"wp:term":[{"taxonomy":"category","embeddable":true,"href":"https:\/\/domosistemas.com\/index.php?rest_route=%2Fwp%2Fv2%2Fcategories&post=23074"},{"taxonomy":"post_tag","embeddable":true,"href":"https:\/\/domosistemas.com\/index.php?rest_route=%2Fwp%2Fv2%2Ftags&post=23074"}],"curies":[{"name":"wp","href":"https:\/\/api.w.org\/{rel}","templated":true}]}}