{"id":23085,"date":"2024-02-09T03:00:20","date_gmt":"2024-02-09T03:00:20","guid":{"rendered":"https:\/\/domosistemas.com\/?p=23085"},"modified":"2024-02-09T03:00:20","modified_gmt":"2024-02-09T03:00:20","slug":"el-mercado-central-de-zaragoza-contara-con-ventanas-motorizadas-conectadas-al-sistema-de-incendio","status":"publish","type":"post","link":"https:\/\/domosistemas.com\/?p=23085","title":{"rendered":"El Mercado Central de Zaragoza contar\u00e1 con ventanas motorizadas conectadas al sistema de incendio"},"content":{"rendered":"<div>\n<p>El <a href=\"https:\/\/www.zaragoza.es\/sede\/\" target=\"_blank\" rel=\"noopener\">Ayuntamiento de Zaragoza<\/a> concede el tr\u00e1mite previo a la licitaci\u00f3n del sistema de climatizaci\u00f3n del Mercado Central. Para mejorar la ventilaci\u00f3n, el sistema contar\u00e1 con ventanas motorizadas en la parte superior del edificio, las cuales estar\u00e1n conectadas a las centralitas de detecci\u00f3n de incendios y CO2, mejorando as\u00ed tanto la seguridad como el confort de los usuarios del mercado.<\/p>\n<figure id=\"attachment_131796\" aria-describedby=\"caption-attachment-131796\" style=\"width: 800px\" class=\"wp-caption aligncenter\"><img loading=\"lazy\" decoding=\"async\" class=\"size-full wp-image-131796\" src=\"https:\/\/static.casadomo.com\/media\/2024\/02\/ayuntamiento-zaragoza-mercado-central-ventanas-motorizadas-conectadas-centralitas-indencio-co2.png\" alt=\"Mercado Central de Zaragoza.\" width=\"800\" height=\"533\" srcset=\"https:\/\/static.casadomo.com\/media\/2024\/02\/ayuntamiento-zaragoza-mercado-central-ventanas-motorizadas-conectadas-centralitas-indencio-co2.png 800w, https:\/\/static.casadomo.com\/media\/2024\/02\/ayuntamiento-zaragoza-mercado-central-ventanas-motorizadas-conectadas-centralitas-indencio-co2-300x200.png 300w, https:\/\/static.casadomo.com\/media\/2024\/02\/ayuntamiento-zaragoza-mercado-central-ventanas-motorizadas-conectadas-centralitas-indencio-co2-768x512.png 768w, https:\/\/static.casadomo.com\/media\/2024\/02\/ayuntamiento-zaragoza-mercado-central-ventanas-motorizadas-conectadas-centralitas-indencio-co2-180x120.png 180w\" sizes=\"auto, (max-width: 800px) 100vw, 800px\"><figcaption id=\"caption-attachment-131796\" class=\"wp-caption-text\">La alcaldesa de Zaragoza, Natalia Chueca, durante su visita al Mercado Central, donde se instalar\u00e1n las ventanas motorizadas para mejorar la ventilaci\u00f3n del edificio.<\/figcaption><\/figure>\n<p>Actualmente, se ha establecido un periodo de informaci\u00f3n p\u00fablica durante 15 d\u00edas y, posteriormente, se sacar\u00e1 a concurso la ejecuci\u00f3n, pudiendo as\u00ed comenzar las primeras actuaciones a finales de 2024. El presupuesto de este proyecto contempla una cuant\u00eda de 450.000 euros, del total de 1.099.072 euros, para esta fase final de la tramitaci\u00f3n y las primeras obras, cuya ejecuci\u00f3n se completar\u00e1 en los primeros meses de 2025.<\/p>\n<p>La actuaci\u00f3n contempla la colocaci\u00f3n en el llamado Claristorio (en referencia a la parte superior del mercado) de un sistema de climatizaci\u00f3n basado en 126 ventanas motorizadas (63 en cada lado), que se abrir\u00e1n de forma autom\u00e1tica seg\u00fan las necesidades en los 252 metros lineales que van a ocupar.<\/p>\n<p>A su vez, el sistema de apertura estar\u00e1 conectado con la centralita de detecci\u00f3n de CO2 y la centralita de detecci\u00f3n de incendios para que, en caso de producirse llamas o aumento de di\u00f3xido de carbono se abran. Los medidores de CO2 controlar\u00e1n su presencia a una altura aproximada de 2 metros.<\/p>\n<p>Adem\u00e1s de regular la temperatura, este acristalamiento va a poner fin a la merma de la eficiencia energ\u00e9tica por la p\u00e9rdida de calor que se genera en invierno, especialmente, y provoca un consumo muy elevado de electricidad.<\/p>\n<h2>Instalaci\u00f3n de las ventanas motorizadas<\/h2>\n<p>La parte alta del Mercado Central acoger\u00e1 estos ventanales de vidrio y carpinter\u00eda de aluminio que se van a colocar por la parte exterior, aunque la ejecuci\u00f3n de las obras tambi\u00e9n necesitar\u00e1 la ocupaci\u00f3n interior.<\/p>\n<p>Esto se debe a la interferencia de muchos elementos arquitect\u00f3nicos dentro del mercado que obligan a que los cerramientos se coloquen por fuera. Adem\u00e1s, esta decisi\u00f3n facilitar\u00e1 su limpieza y permitir\u00e1 mantener las mallas antipalomas y antimosquitos.<\/p>\n<p>La entrada <a href=\"https:\/\/www.casadomo.com\/2024\/02\/09\/mercado-central-zaragoza-contara-ventanas-motorizadas-conectadas-sistema-incendio\">El Mercado Central de Zaragoza contar\u00e1 con ventanas motorizadas conectadas al sistema de incendio<\/a> aparece primero en <a href=\"https:\/\/www.casadomo.com\/\">CASADOMO<\/a>.<\/p>\n<\/div>\n","protected":false},"excerpt":{"rendered":"<p>El Ayuntamiento de Zaragoza concede el tr\u00e1mite previo a la licitaci\u00f3n del sistema de climatizaci\u00f3n del Mercado Central. Para mejorar la ventilaci\u00f3n, el sistema contar\u00e1 con ventanas motorizadas en la parte superior del edificio, las cuales estar\u00e1n conectadas a las centralitas de detecci\u00f3n de incendios y CO2, mejorando as\u00ed tanto la seguridad como el confort &hellip; <a href=\"https:\/\/domosistemas.com\/?p=23085\" class=\"more-link\">Sigue leyendo <span class=\"screen-reader-text\">El Mercado Central de Zaragoza contar\u00e1 con ventanas motorizadas conectadas al sistema de incendio<\/span><\/a><\/p>\n","protected":false},"author":1,"featured_media":0,"comment_status":"closed","ping_status":"closed","sticky":false,"template":"","format":"standard","meta":{"footnotes":""},"categories":[3],"tags":[],"class_list":["post-23085","post","type-post","status-publish","format-standard","hentry","category-casadomo-com"],"_links":{"self":[{"href":"https:\/\/domosistemas.com\/index.php?rest_route=\/wp\/v2\/posts\/23085","targetHints":{"allow":["GET"]}}],"collection":[{"href":"https:\/\/domosistemas.com\/index.php?rest_route=\/wp\/v2\/posts"}],"about":[{"href":"https:\/\/domosistemas.com\/index.php?rest_route=\/wp\/v2\/types\/post"}],"author":[{"embeddable":true,"href":"https:\/\/domosistemas.com\/index.php?rest_route=\/wp\/v2\/users\/1"}],"replies":[{"embeddable":true,"href":"https:\/\/domosistemas.com\/index.php?rest_route=%2Fwp%2Fv2%2Fcomments&post=23085"}],"version-history":[{"count":0,"href":"https:\/\/domosistemas.com\/index.php?rest_route=\/wp\/v2\/posts\/23085\/revisions"}],"wp:attachment":[{"href":"https:\/\/domosistemas.com\/index.php?rest_route=%2Fwp%2Fv2%2Fmedia&parent=23085"}],"wp:term":[{"taxonomy":"category","embeddable":true,"href":"https:\/\/domosistemas.com\/index.php?rest_route=%2Fwp%2Fv2%2Fcategories&post=23085"},{"taxonomy":"post_tag","embeddable":true,"href":"https:\/\/domosistemas.com\/index.php?rest_route=%2Fwp%2Fv2%2Ftags&post=23085"}],"curies":[{"name":"wp","href":"https:\/\/api.w.org\/{rel}","templated":true}]}}