{"id":23213,"date":"2024-02-20T03:00:54","date_gmt":"2024-02-20T03:00:54","guid":{"rendered":"https:\/\/domosistemas.com\/?p=23213"},"modified":"2024-02-20T03:00:54","modified_gmt":"2024-02-20T03:00:54","slug":"un-modelo-residencial-en-el-metaverso-ayuda-a-la-inclusion-social-de-personas-con-discapacidad","status":"publish","type":"post","link":"https:\/\/domosistemas.com\/?p=23213","title":{"rendered":"Un modelo residencial en el metaverso ayuda a la inclusi\u00f3n social de personas con discapacidad"},"content":{"rendered":"<div>\n<p>El <a href=\"https:\/\/www.aragon.es\/\" target=\"_blank\" rel=\"noopener\">Gobierno de Arag\u00f3n<\/a> ha presentado el programa \u2018Mi casa: una vida en comunidad\u2019, un modelo residencial innovador que se fundamenta en la convivencia de varias personas con discapacidad intelectual y grandes necesidades de apoyo dentro de pisos compartidos, cuyo d\u00eda a d\u00eda va a incorporar a partir de ahora la posibilidad de contar con su espacio dentro del metaverso. La gran utilidad de este metaverso es que permite a usuarios \u2018entrenarse\u2019 y expresar sus preferencias, emociones y relaciones en el mundo virtual con su propio avatar antes de hacer cualquier actividad en comunidad, lo que redunda en una mayor autonom\u00eda.<\/p>\n<figure id=\"attachment_132335\" aria-describedby=\"caption-attachment-132335\" style=\"width: 800px\" class=\"wp-caption aligncenter\"><img fetchpriority=\"high\" decoding=\"async\" class=\"wp-image-132335 size-full\" src=\"https:\/\/static.casadomo.com\/media\/2024\/02\/gobierno-aragon-proyecto.-metaverso-en-casa.png\" alt=\"Metaverso.\" width=\"800\" height=\"394\" srcset=\"https:\/\/static.casadomo.com\/media\/2024\/02\/gobierno-aragon-proyecto.-metaverso-en-casa.png 800w, https:\/\/static.casadomo.com\/media\/2024\/02\/gobierno-aragon-proyecto.-metaverso-en-casa-300x148.png 300w, https:\/\/static.casadomo.com\/media\/2024\/02\/gobierno-aragon-proyecto.-metaverso-en-casa-768x378.png 768w, https:\/\/static.casadomo.com\/media\/2024\/02\/gobierno-aragon-proyecto.-metaverso-en-casa-180x89.png 180w\" sizes=\"(max-width: 800px) 100vw, 800px\"><figcaption id=\"caption-attachment-132335\" class=\"wp-caption-text\">El metaverso permite a las personas con discapacidad intelectual \u2018entrenarse\u2019 y expresar sus preferencias, emociones y relaciones en el mundo virtual antes de hacerlo en la comunidad donde residen.<\/figcaption><\/figure>\n<p>Adem\u00e1s, el avatar act\u00faa como recordatorio de las actividades que tienen que hacer, como atender posibles citas, por ejemplo, de modo que se convierten en un recurso totalmente personalizado y acorde con el plan de vida que la persona usuaria y su profesional o red de apoyo est\u00e9n m\u00e1s interesados en trabajar.<\/p>\n<p>El plan de vida es un documento, que elabora la persona con discapacidad junto a los facilitadores y conectores que los acompa\u00f1an, en el que se plantean objetivos, metas o deseos que quiere conseguir y se planifican los medios, acciones o actividades para lograrlos. Trabajar este plan de vida con un avatar en el metaverso, como si fuera un videojuego, resulta mucho m\u00e1s sencillo y estimulante para las personas con discapacidad que hacerlo sobre el papel.<\/p>\n<p>Esa planificaci\u00f3n vital comprende ocho dimensiones que tienen su correspondiente reflejo en el metaverso: bienestar emocional, relaciones interpersonales, bienestar material, desarrollo personal, bienestar f\u00edsico, autodeterminaci\u00f3n, inclusi\u00f3n social y derechos.<\/p>\n<h2>Aplicaci\u00f3n y gameplay<\/h2>\n<p>Este programa, impulsado por la cooperativa de iniciativa social Kair\u00f3s y en colaboraci\u00f3n con la empresa tecnol\u00f3gica Imascono, cuenta con una aplicaci\u00f3n y un gameplay que ayudan a las personas con discapacidad intelectual a trabajar en el plan de vida.<\/p>\n<p>En 2018, el programa \u2018Mi casa: una vida en comunidad\u2019 comenz\u00f3 a funcionar como una experiencia piloto y actualmente est\u00e1 implementado en dos pisos compartidos en Zaragoza, en los barrios del Actur y San Jos\u00e9, donde en total residen seis personas y cuyo d\u00eda a d\u00eda va a incorporar a partir de ahora la posibilidad de contar con su espacio dentro del metaverso.<\/p>\n<p>En los \u00faltimos a\u00f1os el proyecto \u2018Mi casa: Una vida en comunidad\u2019 ha promovido que decenas de personas con discapacidad intelectual o del desarrollo hayan pasado de estar institucionalizadas a convivir en pisos compartidos integrados en sus barrios.<\/p>\n<p>La entrada <a href=\"https:\/\/www.casadomo.com\/2024\/02\/20\/modelo-residencial-metaverso-ayuda-inclusion-social-personas-discapacidad\">Un modelo residencial en el metaverso ayuda a la inclusi\u00f3n social de personas con discapacidad<\/a> aparece primero en <a href=\"https:\/\/www.casadomo.com\/\">CASADOMO<\/a>.<\/p>\n<\/div>\n","protected":false},"excerpt":{"rendered":"<p>El Gobierno de Arag\u00f3n ha presentado el programa \u2018Mi casa: una vida en comunidad\u2019, un modelo residencial innovador que se fundamenta en la convivencia de varias personas con discapacidad intelectual y grandes necesidades de apoyo dentro de pisos compartidos, cuyo d\u00eda a d\u00eda va a incorporar a partir de ahora la posibilidad de contar con &hellip; <a href=\"https:\/\/domosistemas.com\/?p=23213\" class=\"more-link\">Sigue leyendo <span class=\"screen-reader-text\">Un modelo residencial en el metaverso ayuda a la inclusi\u00f3n social de personas con discapacidad<\/span><\/a><\/p>\n","protected":false},"author":1,"featured_media":0,"comment_status":"closed","ping_status":"closed","sticky":false,"template":"","format":"standard","meta":{"footnotes":""},"categories":[3],"tags":[],"class_list":["post-23213","post","type-post","status-publish","format-standard","hentry","category-casadomo-com"],"_links":{"self":[{"href":"https:\/\/domosistemas.com\/index.php?rest_route=\/wp\/v2\/posts\/23213","targetHints":{"allow":["GET"]}}],"collection":[{"href":"https:\/\/domosistemas.com\/index.php?rest_route=\/wp\/v2\/posts"}],"about":[{"href":"https:\/\/domosistemas.com\/index.php?rest_route=\/wp\/v2\/types\/post"}],"author":[{"embeddable":true,"href":"https:\/\/domosistemas.com\/index.php?rest_route=\/wp\/v2\/users\/1"}],"replies":[{"embeddable":true,"href":"https:\/\/domosistemas.com\/index.php?rest_route=%2Fwp%2Fv2%2Fcomments&post=23213"}],"version-history":[{"count":0,"href":"https:\/\/domosistemas.com\/index.php?rest_route=\/wp\/v2\/posts\/23213\/revisions"}],"wp:attachment":[{"href":"https:\/\/domosistemas.com\/index.php?rest_route=%2Fwp%2Fv2%2Fmedia&parent=23213"}],"wp:term":[{"taxonomy":"category","embeddable":true,"href":"https:\/\/domosistemas.com\/index.php?rest_route=%2Fwp%2Fv2%2Fcategories&post=23213"},{"taxonomy":"post_tag","embeddable":true,"href":"https:\/\/domosistemas.com\/index.php?rest_route=%2Fwp%2Fv2%2Ftags&post=23213"}],"curies":[{"name":"wp","href":"https:\/\/api.w.org\/{rel}","templated":true}]}}