{"id":23329,"date":"2024-03-01T09:00:56","date_gmt":"2024-03-01T09:00:56","guid":{"rendered":"https:\/\/domosistemas.com\/?p=23329"},"modified":"2024-03-01T09:00:56","modified_gmt":"2024-03-01T09:00:56","slug":"he-calculado-cuanto-subira-mi-factura-de-la-luz-a-partir-de-hoy-con-la-llegada-del-nuevo-iva-y-este-ha-sido-el-resultado","status":"publish","type":"post","link":"https:\/\/domosistemas.com\/?p=23329","title":{"rendered":"He calculado cu\u00e1nto subir\u00e1 mi factura de la luz a partir de hoy con la llegada del nuevo IVA y este ha sido el resultado"},"content":{"rendered":"<div>\n<p>\n      <img decoding=\"async\" src=\"https:\/\/i.blogs.es\/8b7cbb\/light-white-lamp-light-bulb-pear-lighting-506446-pxhere.com\/1024_2000.jpeg\" alt=\"He calculado cu\u00e1nto subir\u00e1 mi factura de la luz a partir de hoy con la llegada del nuevo IVA y este ha sido el resultado \">\n    <\/p>\n<p>Este 2024 comenz\u00f3 con la desaparici\u00f3n progresiva de las medidas establecidas por el Gobierno para reducir el precio de la energ\u00eda a las familias, como el <a href=\"https:\/\/www.xatakahome.com\/iluminacion-y-energia\/que-tope-al-gas-medida-gobierno-que-entra-vigor-para-rebajar-factura-luz\">tope al gas<\/a> o la <a href=\"https:\/\/www.xatakahome.com\/iluminacion-y-energia\/gobierno-bajara-iva-luz-a-mitad-pasara-10-al-5-a-partir-proximo-sabado\">bajada del IVA al 5%<\/a>, que ayudaron a contener los precios pero que <strong>ten\u00edan fecha de caducidad, <\/strong>un periodo que se extendi\u00f3 hasta el 31 de diciembre de 2023.<\/p>\n<p><!-- BREAK 1 --><\/p>\n<p>De ah\u00ed que desde el 1 de enero de 2024 por ejemplo <a href=\"https:\/\/www.xatakahome.com\/iluminacion-y-energia\/suben-impuestos-luz-gas-pellets-este-iva-que-tendremos-que-pagar-2024\">el IVA de la luz pasase directamente del 5% al 10%<\/a>, importe que pens\u00e1bamos se mantendr\u00eda estable pero que como vimos en <a href=\"https:\/\/www.xatakahome.com\/iluminacion-y-energia\/a-partir-marzo-2024-pagaremos-factura-luz-todo-tenemos-este-tipo-tarifa\">este otro art\u00edculo<\/a> estaba sujeto a cierta <strong>\u00abletra peque\u00f1a\u00bb<\/strong>.<\/p>\n<p><!-- BREAK 2 --><\/p>\n<p>As\u00ed, el <a rel=\"noopener, noreferrer\" href=\"https:\/\/www.boe.es\/buscar\/act.php?id=BOE-A-2023-26452\" data-id=\"noopener, noreferrer\">Real Decreto-ley 8\/2023<\/a> contemplaba un cambio en el caso de que el precio de la luz bajase considerablemente en el mercado mayorista. En concreto, este IVA reducido estaba condicionado a que <strong>los precios del mercado mayorista estuvieran por encima de los 45 euros por MWh<\/strong>, ya que en caso contrario a partir de la siguiente facturaci\u00f3n posterior <strong>el IVA a aplicar ser\u00eda el habitual del 21%<\/strong>.<\/p>\n<p><!-- BREAK 3 --><\/p>\n<p>Y esto es lo que ha pasado en febrero, con precios en media en el mercado mayorista que <strong>ya bajan de los 42 euros por MWh<\/strong>, por lo que a partir de marzo de 2024 se espera una <strong>vuelta del IVA al 21%<\/strong> si nada cambia. <strong>\u00bfCu\u00e1nto supondr\u00e1 esto en un factura t\u00edpica?<\/strong> Vamos a calcularlo.<\/p>\n<p><!-- BREAK 4 --><\/p>\n<div class=\"article-asset article-asset-normal article-asset-center\">\n<div class=\"desvio-container\">\n<div class=\"desvio\">\n<div class=\"desvio-figure js-desvio-figure\">\n    <a href=\"https:\/\/www.xatakahome.com\/iluminacion-y-energia\/suben-impuestos-luz-gas-pellets-este-iva-que-tendremos-que-pagar-2024\"><br \/>\n     <img decoding=\"async\" alt=\"Suben los impuestos de la luz, el gas y los pellets: este es el IVA que tendremos que pagar en 2024 \" src=\"https:\/\/i.blogs.es\/7ebff6\/nikola-johnny-mirkovic-z_dnvde5wxc-unsplash\/375_142.webp\" onerror='this.src=\"https:\/\/i.blogs.es\/7ebff6\/nikola-johnny-mirkovic-z_dnvde5wxc-unsplash\/375_142.jpeg\"'><br \/>\n    <\/a>\n   <\/div>\n<div class=\"desvio-summary\">\n<div class=\"desvio-taxonomy js-desvio-taxonomy\">\n     <a href=\"https:\/\/www.xatakahome.com\/iluminacion-y-energia\/suben-impuestos-luz-gas-pellets-este-iva-que-tendremos-que-pagar-2024\" class=\"desvio-taxonomy-anchor\">En Xataka Smart Home<\/a>\n    <\/div>\n<p>    <a href=\"https:\/\/www.xatakahome.com\/iluminacion-y-energia\/suben-impuestos-luz-gas-pellets-este-iva-que-tendremos-que-pagar-2024\" class=\"desvio-title js-desvio-title\">Suben los impuestos de la luz, el gas y los pellets: este es el IVA que tendremos que pagar en 2024 <\/a>\n   <\/div>\n<\/p><\/div>\n<\/p><\/div>\n<\/div>\n<h2>Cu\u00e1nto afectar\u00e1 la subida del IVA de la luz a mi factura<\/h2>\n<p>Vamos a ver un ejemplo concreto con una factura de un hogar situado en la zona centro del pa\u00eds que hace uso de <strong>m\u00faltiples servicios el\u00e9ctricos<\/strong>, incluido sistema de calefacci\u00f3n con bomba de calor en invierno.<\/p>\n<p><!-- BREAK 5 --><\/p>\n<p>La \u00faltima factura de 2023 con <strong>IVA reducido del 5%<\/strong> lleg\u00f3 con un coste general de la energ\u00eda de <strong>93,29 euros<\/strong> a los que posteriormente se aplic\u00f3 un descuento por parte de la comercializadora, as\u00ed como una serie de cargos adicionales variados. El resultado es un importe de <strong>85,8 euros<\/strong> m\u00e1s un IVA reducido del 5% que sumaban otros <strong>4,29 euros<\/strong> adicionales para <strong>un total de 90,09 euros<\/strong>.<\/p>\n<p><!-- BREAK 6 --><\/p>\n<div class=\"article-asset-image article-asset-normal article-asset-center\">\n<div class=\"asset-content\">\n<p>   <img decoding=\"async\" alt=\"Sin Titulo\" class=\"\" src=\"https:\/\/i.blogs.es\/dbc7ae\/sin-titulo\/450_1000.webp\"><\/p><\/div>\n<\/div>\n<p>Vamos a ver ahora cu\u00e1nto ha a\u00f1adido en enero y febrero la subida del IVA al 10%. Para ello vamos a coger <strong>esta misma factura<\/strong> suponiendo que hemos tenido el mismo gasto en el resto de conceptos (hemos gastado la misma cantidad de energ\u00eda, con los mismos descuentos, etc.) As\u00ed, al aplicar un <strong>IVA del 10% a los 85,8 euros<\/strong> de base de la factura tenemos <strong>8,58 euros adicionales<\/strong> frente a los 4,29 euros del caso anterior.<\/p>\n<p><!-- BREAK 7 --><\/p>\n<p>Y, \u00bfqu\u00e9 pasar\u00e1 con la nueva subida del 21% que se espera para marzo y que empezaremos a notar a finales de mes si nada cambia? Pues hacemos unos c\u00e1lculos similares y esos 85,8 euros de coste inicial, <strong>al aplicar un 21% de IVA tendremos que a\u00f1adir 18,018 euros adicionales<\/strong> hasta <strong>un total de 103,818 euros.<\/strong><\/p>\n<p><!-- BREAK 8 --><\/p>\n<div class=\"article-asset-table article-asset-normal m-hr-scroll\">\n<div class=\"asset-content\">\n<table class=\"tabla-datos\">\n<thead>\n<tr>\n<th class=\"align-right\">\n<p><\/p>\n<\/th>\n<th class=\"align-right\">\n<p>diciembre 2023 IVA 5%<\/p>\n<\/th>\n<th class=\"align-right\">\n<p>enero y febrero 2024 IVA 10%<\/p>\n<\/th>\n<th class=\"align-right\">\n<p>MArzo 2024 IVA 21%<\/p>\n<\/th>\n<\/tr>\n<\/thead>\n<tbody>\n<tr>\n<th class=\"align-right\">\n<p>Factura base<\/p>\n<\/th>\n<td class=\"align-right\">\n<p>85,8 euros<\/p>\n<\/td>\n<td class=\"align-right\">\n<p>85,8 euros<\/p>\n<\/td>\n<td class=\"align-right\">\n<p>85,8 euros<\/p>\n<\/td>\n<\/tr>\n<tr>\n<th class=\"align-right\">\n<p>IVA<\/p>\n<\/th>\n<td class=\"align-right\">\n<p>4,29 euros<\/p>\n<\/td>\n<td class=\"align-right\">\n<p>8,58 euros<\/p>\n<\/td>\n<td class=\"align-right\">\n<p>18,018 euros<\/p>\n<\/td>\n<\/tr>\n<tr>\n<th class=\"align-right\">\n<p>Total<\/p>\n<\/th>\n<td class=\"align-right\">\n<p>90,09 euros<\/p>\n<\/td>\n<td class=\"align-right\">\n<p>94,38 euros<\/p>\n<\/td>\n<td class=\"align-right\">\n<p>103,818 euros<\/p>\n<\/td>\n<\/tr>\n<\/tbody>\n<\/table><\/div>\n<\/div>\n<p>Como vemos, en una factura t\u00edpica donde suponemos que vamos a gastar los mismos vatios y a tener los mismos descuentos y gastos, al variar el IVA <strong>hemos pasado de 90,09 euros<\/strong> en diciembre a 94,38 euros en enero-febrero y <strong>a 103,818 euros<\/strong> a partir de marzo, es decir, <strong>casi 14 euros de diferencia<\/strong> (13,728 euros).<\/p>\n<p><!-- BREAK 9 --><\/p>\n<div class=\"article-asset-video article-asset-normal\">\n<div class=\"asset-content\">\n<div class=\"base-asset-video\">\n<div class=\"js-dailymotion\">\n    <script type=\"application\/json\">\n           {\"videoId\":\"x81h7p2\",\"autoplay\":true,\"title\":\"NUEVA FACTURA DE LA LUZ: TODO LO QUE DEBES SABER para AHORRAR AL M\u00c1XIMO\", \"tag\":\"\"}\n         <\/script>\n   <\/div>\n<\/p><\/div>\n<\/p><\/div>\n<\/div>\n<p>\u00bfA qui\u00e9n perjudicar\u00e1 m\u00e1s esta nueva subida de impuestos? Pues aunque<strong> el IVA se aplica tanto en las tarifas regulada (PVPC) como en las del mercado libre<\/strong>, ya sean estas con tarifa plana o con precios por horas, en el caso de \u00a0las PVPC los pr\u00f3ximos meses veremos c\u00f3mo el precio del coste de producci\u00f3n de la luz baja gracias a la menor demanda y a las energ\u00edas renovables, por lo que el impacto de la subida del IVA ser\u00e1 menor.<\/p>\n<p><!-- BREAK 10 --><\/p>\n<p>En el caso de que tengamos una <strong>tarifa en el mercado libre<\/strong> con precios fijados por contrato, no habr\u00e1 forma de que nos beneficiemos de la bajada en el coste de producci\u00f3n de la electricidad, por lo que <strong>la subida del IVA nos afectar\u00e1 en mayor medida<\/strong>.<\/p>\n<p><!-- BREAK 11 --><\/p>\n<p><strong>\u00bfNo hay excepciones a la subida de impuestos?<\/strong> Pues como <a rel=\"noopener, noreferrer\" href=\"https:\/\/www.ocu.org\/vivienda-y-energia\/gas-luz\/noticias\/vuelve-iva-normal-luz\">comentan desde la OCU<\/a>, solo<strong> <\/strong>los hogares que est\u00e9n acogidos al <a href=\"https:\/\/www.xatakahome.com\/iluminacion-y-energia\/bono-social-factura-luz-que-que-descuento-ofrece-requisitos-para-solicitarlo\">bono social<\/a> se libran por ahora de este nuevo incremento, ya que su IVA se mantendr\u00e1 en el 10% durante todo 2024.<\/p>\n<p><!-- BREAK 12 --><\/p>\n<p>Imagen portada | <a rel=\"noopener, noreferrer\" href=\"https:\/\/pxhere.com\/es\/photo\/506446\">PXHere<\/a><\/p>\n<p>En Xataka Smart Home | <a href=\"https:\/\/www.xatakahome.com\/iluminacion-y-energia\/suben-impuestos-luz-gas-pellets-este-iva-que-tendremos-que-pagar-2024\">Suben los impuestos de la luz, el gas y los pellets: este es el IVA que tendremos que pagar en 2024<\/a><\/p>\n<p><!-- BREAK 13 --><script>\n (function() {\n  window._JS_MODULES = window._JS_MODULES || {};\n  var headElement = document.getElementsByTagName('head')[0];\n  if (_JS_MODULES.instagram) {\n   var instagramScript = document.createElement('script');\n   instagramScript.src = 'https:\/\/platform.instagram.com\/en_US\/embeds.js';\n   instagramScript.async = true;\n   instagramScript.defer = true;\n   headElement.appendChild(instagramScript);\n  }\n })();\n<\/script><\/p>\n<p> &#8211; <br \/> La noticia<br \/>\n      <a href=\"https:\/\/www.xatakahome.com\/iluminacion-y-energia\/he-calculado-cuanto-subira-mi-factura-luz-a-partir-hoy-llegada-nuevo-iva-este-ha-sido-resultado?utm_source=feedburner&amp;utm_medium=feed&amp;utm_campaign=01_Mar_2024\"><br \/>\n       <em> He calculado cu\u00e1nto subir\u00e1 mi factura de la luz a partir de hoy con la llegada del nuevo IVA y este ha sido el resultado  <\/em><br \/>\n      <\/a><br \/>\n      fue publicada originalmente en<br \/>\n      <a href=\"https:\/\/www.xatakahome.com\/?utm_source=feedburner&amp;utm_medium=feed&amp;utm_campaign=01_Mar_2024\"><br \/>\n       <strong> Xataka Smart Home <\/strong><br \/>\n      <\/a><br \/>\n            por <a href=\"https:\/\/www.xatakahome.com\/autor\/paco-rodriguez?utm_source=feedburner&amp;utm_medium=feed&amp;utm_campaign=01_Mar_2024\"><br \/>\n       Paco Rodriguez<br \/>\n      <\/a><br \/>\n      . <\/p>\n<\/div>\n","protected":false},"excerpt":{"rendered":"<p>Este 2024 comenz\u00f3 con la desaparici\u00f3n progresiva de las medidas establecidas por el Gobierno para reducir el precio de la energ\u00eda a las familias, como el tope al gas o la bajada del IVA al 5%, que ayudaron a contener los precios pero que ten\u00edan fecha de caducidad, un periodo que se extendi\u00f3 hasta el &hellip; <a href=\"https:\/\/domosistemas.com\/?p=23329\" class=\"more-link\">Sigue leyendo <span class=\"screen-reader-text\">He calculado cu\u00e1nto subir\u00e1 mi factura de la luz a partir de hoy con la llegada del nuevo IVA y este ha sido el resultado<\/span><\/a><\/p>\n","protected":false},"author":1,"featured_media":0,"comment_status":"closed","ping_status":"closed","sticky":false,"template":"","format":"standard","meta":{"footnotes":""},"categories":[8],"tags":[],"class_list":["post-23329","post","type-post","status-publish","format-standard","hentry","category-xataka"],"_links":{"self":[{"href":"https:\/\/domosistemas.com\/index.php?rest_route=\/wp\/v2\/posts\/23329","targetHints":{"allow":["GET"]}}],"collection":[{"href":"https:\/\/domosistemas.com\/index.php?rest_route=\/wp\/v2\/posts"}],"about":[{"href":"https:\/\/domosistemas.com\/index.php?rest_route=\/wp\/v2\/types\/post"}],"author":[{"embeddable":true,"href":"https:\/\/domosistemas.com\/index.php?rest_route=\/wp\/v2\/users\/1"}],"replies":[{"embeddable":true,"href":"https:\/\/domosistemas.com\/index.php?rest_route=%2Fwp%2Fv2%2Fcomments&post=23329"}],"version-history":[{"count":0,"href":"https:\/\/domosistemas.com\/index.php?rest_route=\/wp\/v2\/posts\/23329\/revisions"}],"wp:attachment":[{"href":"https:\/\/domosistemas.com\/index.php?rest_route=%2Fwp%2Fv2%2Fmedia&parent=23329"}],"wp:term":[{"taxonomy":"category","embeddable":true,"href":"https:\/\/domosistemas.com\/index.php?rest_route=%2Fwp%2Fv2%2Fcategories&post=23329"},{"taxonomy":"post_tag","embeddable":true,"href":"https:\/\/domosistemas.com\/index.php?rest_route=%2Fwp%2Fv2%2Ftags&post=23329"}],"curies":[{"name":"wp","href":"https:\/\/api.w.org\/{rel}","templated":true}]}}