{"id":23357,"date":"2024-03-04T10:09:54","date_gmt":"2024-03-04T10:09:54","guid":{"rendered":"https:\/\/domosistemas.com\/?p=23357"},"modified":"2024-03-04T10:09:54","modified_gmt":"2024-03-04T10:09:54","slug":"mi-tarifa-de-la-luz-tendria-que-ser-casi-gratis-pero-tiene-costes-ocultos-que-disparan-el-precio","status":"publish","type":"post","link":"https:\/\/domosistemas.com\/?p=23357","title":{"rendered":"Mi tarifa de la luz tendr\u00eda que ser casi gratis pero tiene costes \u00abocultos\u00bb que disparan el precio"},"content":{"rendered":"<div>\n<p>\n      <img decoding=\"async\" src=\"https:\/\/i.blogs.es\/33fe3b\/alexander-jawfox-ng7yynar8hw-unsplash\/1024_2000.jpeg\" alt=\"Mi tarifa de la luz tendr\u00eda que ser casi gratis pero tiene costes \" ocultos que disparan el precio>\n    <\/p>\n<p>El <strong>precio de la electricidad<\/strong> contin\u00faa encabezando la lista de las preocupaciones de muchos hogares espa\u00f1oles, lo que ha empujado a muchos usuarios a estar pendientes cada d\u00eda de <strong>consultar los precios de la luz<\/strong> para el mercado dom\u00e9stico como una f\u00f3rmula eficaz para rebajar el gasto a final de mes.<\/p>\n<p><!-- BREAK 1 --><\/p>\n<p>Es algo que que podemos hacer a trav\u00e9s de <a href=\"https:\/\/www.xatakahome.com\/iluminacion-y-energia\/precio-luz-hoy-manana-como-conocer-tarifa-diaria-tu-movil-ordenador\">estas fuentes online<\/a>, ya sea desde un navegador o con aplicaciones dedicadas, pudiendo observar c\u00f3mo para la tarifa regulada o PVPC <strong>hay d\u00edas en los que el precio de producir electricidad es muy, muy barato<\/strong>, incluso la subasta energ\u00e9tica es <strong>casi gratis<\/strong> en algunos momentos.<\/p>\n<p><!-- BREAK 2 --><\/p>\n<p>Esto es debido a factores como por ejemplo la alta producci\u00f3n mediante <strong>energ\u00edas renovables<\/strong>, sobre todo la e\u00f3lica en d\u00edas de viento. Sin embargo, estas en principio estupendas noticias <strong>no se trasladan a nuestras facturas<\/strong> y, en vez de tener horas cada d\u00eda donde el precio a pagar por usar nuestros electrodom\u00e9sticos deber\u00eda ser casi cero, en realidad estamos pagando todo mucho m\u00e1s caro. \u00bfQu\u00e9 est\u00e1 pasando?<\/p>\n<p><!-- BREAK 3 --><\/p>\n<div class=\"article-asset article-asset-normal article-asset-center\">\n<div class=\"desvio-container\">\n<div class=\"desvio\">\n<div class=\"desvio-figure js-desvio-figure\">\n    <a href=\"https:\/\/www.xatakahome.com\/iluminacion-y-energia\/hoy-entra-vigor-nueva-tarifa-regulada-luz-estos-principales-cambios\"><br \/>\n     <img decoding=\"async\" alt=\"Hoy entra en vigor la nueva tarifa regulada de la luz: estos son los principales cambios \" src=\"https:\/\/i.blogs.es\/cd1bb5\/eberhard-grossgasteiger-gnr75pthfzm-unsplash\/375_142.webp\" onerror='this.src=\"https:\/\/i.blogs.es\/cd1bb5\/eberhard-grossgasteiger-gnr75pthfzm-unsplash\/375_142.jpeg\"'><br \/>\n    <\/a>\n   <\/div>\n<div class=\"desvio-summary\">\n<div class=\"desvio-taxonomy js-desvio-taxonomy\">\n     <a href=\"https:\/\/www.xatakahome.com\/iluminacion-y-energia\/hoy-entra-vigor-nueva-tarifa-regulada-luz-estos-principales-cambios\" class=\"desvio-taxonomy-anchor\">En Xataka Smart Home<\/a>\n    <\/div>\n<p>    <a href=\"https:\/\/www.xatakahome.com\/iluminacion-y-energia\/hoy-entra-vigor-nueva-tarifa-regulada-luz-estos-principales-cambios\" class=\"desvio-title js-desvio-title\">Hoy entra en vigor la nueva tarifa regulada de la luz: estos son los principales cambios <\/a>\n   <\/div>\n<\/p><\/div>\n<\/p><\/div>\n<\/div>\n<h2>Costes \u00abocultos\u00bb en la tarifa de la luz<\/h2>\n<p>La factura de la luz que pagamos los usuarios suscritos a una <a href=\"https:\/\/www.xatakahome.com\/a-fondo\/tener-tarifa-luz-mercado-libre-regulado-que-diferencias-ventajas-e-inconvenientes-hay-cada-caso\">tarifa regulada o PVPC<\/a>, y en menor medida tambi\u00e9n los del mercado libre aunque no en todos los \u00a0puntos que vamos a comentar, est\u00e1 sujeta a una serie de <strong>costes secundarios<\/strong> que no son los que habitualmente consideramos al hablar del precio de la luz.<\/p>\n<p><!-- BREAK 4 --><\/p>\n<p>Algunos de ellos nos suenan m\u00e1s que otros, como por ejemplo es el caso de los <strong>costes fijos por la potencia contratada<\/strong> que hay que pagar consumamos o no electricidad en casa (el famoso \u00abm\u00ednimo\u00bb de la luz que se paga cada mes), los de <a href=\"https:\/\/www.xatakahome.com\/a-fondo\/cargo-inesperado-ha-aparecido-mi-factura-luz-este-otono-que-nuevo-termino-bono-social-cuanto-cuesta\">financiaci\u00f3n del bono social<\/a>, o los impuestos como el IVA que llevan las facturas. A casi todos ellos estamos acostumbrados.<\/p>\n<p><!-- BREAK 5 --><\/p>\n<p>Pero lo menos conocido es que en la <strong>parte variable del precio de la luz<\/strong>, cada kilovatio hora que gastamos en casa lleva asociados unos costes adicionales que hacen que, <strong>aunque producir ese kilovatio no costase nada<\/strong>, nosotros tendr\u00edamos que <strong>pagar un cierto precio por que nos llegue a casa<\/strong>.<\/p>\n<p><!-- BREAK 6 --><\/p>\n<div class=\"article-asset-image article-asset-normal article-asset-center\">\n<div class=\"asset-content\">\n<div class=\"caption-img \">\n                    <a rel=\"noopener, noreferrer\" href=\"https:\/\/unsplash.com\/es\/fotos\/torres-de-transmision-negras-bajo-el-cielo-verde-q6n8nIrDQHE\"><\/p>\n<p>    <img decoding=\"async\" alt=\"Fre Sonneveld Q6n8nirdqhe Unsplash\" class=\"centro_sinmarco\" src=\"https:\/\/i.blogs.es\/6310c2\/fre-sonneveld-q6n8nirdqhe-unsplash\/450_1000.webp\"><br \/>\n     <\/a><\/p>\n<p>        <span>Fr\u00e9 Sonneveld<\/span>\n   <\/div>\n<\/p><\/div>\n<\/div>\n<p>Seg\u00fan <a rel=\"noopener, noreferrer\" href=\"https:\/\/www.cnmc.es\/la-nueva-factura-de-la-luz\">comenta la propia CNMC en su web<\/a>, en cumplimiento de la normativa europea, desde junio de 2021 se introdujo en la factura la separaci\u00f3n de la tarifa de acceso en dos componentes: <strong>peajes y cargos<\/strong>.<\/p>\n<p><!-- BREAK 7 --><\/p>\n<p>Los peajes son precios regulados destinados a <strong>recuperar los costes de las redes de transporte y distribuci\u00f3n<\/strong> y son determinados por la CNMC, mientras que los cargos son los precios regulados destinados a cubrir el <strong>resto de costes regulados<\/strong>, tales como la financiaci\u00f3n de las renovables, el sobrecoste de \u00a0producci\u00f3n de energ\u00eda en los territorios no peninsulares o las anualidades del d\u00e9ficit, y son determinados por el Ministerio para la Transici\u00f3n Ecol\u00f3gica y el Reto Demogr\u00e1fico.<\/p>\n<p><!-- BREAK 8 --><\/p>\n<p>Adem\u00e1s, todos los consumidores con tarifa PVPC hemos pasado a tener un <strong>peaje con discriminaci\u00f3n horaria<\/strong> en los t\u00e9rminos de potencia y energ\u00eda. Esto quiere decir el precio ser\u00e1 diferente seg\u00fan el horario de consumo (punta\/valle\/llano).<\/p>\n<p><!-- BREAK 9 --><\/p>\n<p>Pero adem\u00e1s de estos costes, en 2024 <a href=\"https:\/\/www.xatakahome.com\/iluminacion-y-energia\/hoy-entra-vigor-nueva-tarifa-regulada-luz-estos-principales-cambios\">hemos estrenado<\/a> una <strong>nueva forma de contabilizar los precios<\/strong> de la tarifa de la luz como consecuencia de la <a href=\"https:\/\/www.xatakahome.com\/iluminacion-y-energia\/gobierno-quiere-tarifa-electrica-regulada-tanta-variacion-precios-diaria-asi-pretenden-conseguirlo\">propuesta de Real Decreto<\/a> que ten\u00eda como objetivo reducir la volatilidad del Precio Voluntario al Peque\u00f1o Consumidor (PVPC).<\/p>\n<p><!-- BREAK 10 --><\/p>\n<p>La idea del Ministerio para la nueva tarifa consiste b\u00e1sicamente en incorporar a la f\u00f3rmula de c\u00e1lculo del precio de la electricidad, que cambia cada d\u00eda, un <strong>nuevo sistema a medio y largo plazo<\/strong> para evitar las fuertes oscilaciones que ten\u00edamos, pero sin perder las referencias de precios a corto plazo que fomentan el ahorro y el consumo eficiente.<\/p>\n<p><!-- BREAK 11 --><\/p>\n<p>\u00bfEl resultado de todo esto? Pues que aunque el coste mayorista de la electricidad baje mucho de precio o incluso sea gratis en algunas horas, nosotros <strong>seguiremos teniendo que pagar estos cargos, peajes<\/strong> <strong>y precios a futuro<\/strong> que pueden llegar a suponer una cantidad muy importante. Veamos un ejemplo.<\/p>\n<p><!-- BREAK 12 --><\/p>\n<div class=\"article-asset-video article-asset-normal\">\n<div class=\"asset-content\">\n<div class=\"base-asset-video\">\n<div class=\"js-dailymotion\">\n    <script type=\"application\/json\">\n           {\"videoId\":\"x81h7p2\",\"autoplay\":true,\"title\":\"NUEVA FACTURA DE LA LUZ: TODO LO QUE DEBES SABER para AHORRAR AL M\u00c1XIMO\", \"tag\":\"\"}\n         <\/script>\n   <\/div>\n<\/p><\/div>\n<\/p><\/div>\n<\/div>\n<h2>Ejemplo pr\u00e1ctico<\/h2>\n<div class=\"article-asset-image article-asset-small article-asset-center\">\n<div class=\"asset-content\">\n<p>   <img decoding=\"async\" alt=\"Tarifa Luz Mayorista\" class=\"centro_sinmarco\" src=\"https:\/\/i.blogs.es\/b8360a\/tarifa-luz-mayorista\/450_1000.webp\"><\/p><\/div>\n<\/div>\n<p>Vamos a considerar por ejemplo uno de estos d\u00edas donde el coste de producir la electricidad ha sido casi gratis, como el <strong>23\/02\/2024<\/strong>, pero que luego en la pr\u00e1ctica estas rebajas no se han trasladado al consumidor con toda la intensidad que nos gustar\u00eda.<\/p>\n<p><!-- BREAK 13 --><\/p>\n<p>Como podemos observar en las gr\u00e1ficas sacadas de <a rel=\"noopener, noreferrer\" href=\"https:\/\/www.esios.ree.es\/es\/pvpc?date=23-02-2024\">Red El\u00e9ctrica Espa\u00f1ola<\/a> y <a rel=\"noopener, noreferrer\" href=\"https:\/\/www.omie.es\/es\">OMIE<\/a>, este d\u00eda concreto de febrero el precio de la subasta el\u00e9ctrica fue <strong>casi cero en varias horas (0,01 \u20ac\/MWh)<\/strong>, sin embargo, en ese mismo periodo el consumidor final tuvo que pagar un coste de <strong>0,066 \u20ac\/kWh<\/strong>.<\/p>\n<p><!-- BREAK 14 --><\/p>\n<div class=\"article-asset-image article-asset-normal article-asset-center\">\n<div class=\"asset-content\">\n<div class=\"caption-img \">\n<p>   <img decoding=\"async\" alt=\"Tarifa Luzminorista\" class=\"centro_sinmarco\" src=\"https:\/\/i.blogs.es\/28ff97\/tarifa-luzminorista\/450_1000.webp\"><\/p>\n<p>        <span>Imagen: Red El\u00e9ctrica Espa\u00f1ola<\/span>\n   <\/div>\n<\/p><\/div>\n<\/div>\n<p>En la propia web de Red El\u00e9ctrica se mostraban los motivos de este incremento de precios, pudiendo comprobar c\u00f3mo hay costes adicionales, siendo los que m\u00e1s suben el importe los siguientes: <strong>\u00abT\u00e9rmino de ajuste de mercados a plazo\u00bb<\/strong> (0,02288 \u20ac\/kWh), <strong>\u00abServicios de ajuste\u00bb<\/strong> (0,01217 \u20ac\/kWh) y <strong>\u00abPeajes y cargos\u00bb<\/strong> (0,00275 \u20ac\/kWh).<\/p>\n<p><!-- BREAK 15 --><\/p>\n<div class=\"article-asset-image article-asset-normal article-asset-center\">\n<div class=\"asset-content\">\n<p>   <img decoding=\"async\" alt=\"Tarifa Luz Mayorista Minorista Ajustes\" class=\"\" src=\"https:\/\/i.blogs.es\/10be0b\/tarifa-luz-mayorista-minorista-ajustes\/450_1000.webp\"><\/p><\/div>\n<\/div>\n<p>\u00bfQuiere esto decir que cuando el precio de producir la luz baja no lo notamos en nuestra factura? No, puesto que <strong>notarlo lo notamos<\/strong>, ya que es el principal factor que suma en la cuenta del precio total. Sin embargo, tenemos una serie de costes \u00aba\u00f1adidos\u00bb que hacen que cuando este precio de producci\u00f3n es casi cero <strong>no se reduzca el precio de la luz tanto como nos gustar\u00eda<\/strong>.<\/p>\n<p><!-- BREAK 16 --><\/p>\n<p>Imagen portada | <a rel=\"noopener, noreferrer\" href=\"https:\/\/unsplash.com\/es\/@jawfox_photography\">Alexander Jawfox<\/a><\/p>\n<p><!-- BREAK 17 --><\/p>\n<p>En Xataka Smart Home | <a href=\"https:\/\/www.xatakahome.com\/iluminacion-y-energia\/hoy-entra-vigor-nueva-tarifa-regulada-luz-estos-principales-cambios\">Hoy entra en vigor la nueva tarifa regulada de la luz: estos son los principales cambios<\/a><\/p>\n<p><!-- BREAK 18 --><script>\n (function() {\n  window._JS_MODULES = window._JS_MODULES || {};\n  var headElement = document.getElementsByTagName('head')[0];\n  if (_JS_MODULES.instagram) {\n   var instagramScript = document.createElement('script');\n   instagramScript.src = 'https:\/\/platform.instagram.com\/en_US\/embeds.js';\n   instagramScript.async = true;\n   instagramScript.defer = true;\n   headElement.appendChild(instagramScript);\n  }\n })();\n<\/script><\/p>\n<p> &#8211; <br \/> La noticia<br \/>\n      <a href=\"https:\/\/www.xatakahome.com\/iluminacion-y-energia\/mi-tarifa-luz-tendria-que-ser-casi-gratis-tiene-costes-ocultos-que-disparan-precio?utm_source=feedburner&amp;utm_medium=feed&amp;utm_campaign=04_Mar_2024\"><br \/>\n       <em> Mi tarifa de la luz tendr\u00eda que ser casi gratis pero tiene costes \u00abocultos\u00bb que disparan el precio  <\/em><br \/>\n      <\/a><br \/>\n      fue publicada originalmente en<br \/>\n      <a href=\"https:\/\/www.xatakahome.com\/?utm_source=feedburner&amp;utm_medium=feed&amp;utm_campaign=04_Mar_2024\"><br \/>\n       <strong> Xataka Smart Home <\/strong><br \/>\n      <\/a><br \/>\n            por <a href=\"https:\/\/www.xatakahome.com\/autor\/paco-rodriguez?utm_source=feedburner&amp;utm_medium=feed&amp;utm_campaign=04_Mar_2024\"><br \/>\n       Paco Rodriguez<br \/>\n      <\/a><br \/>\n      . <\/p>\n<\/div>\n","protected":false},"excerpt":{"rendered":"<p>El precio de la electricidad contin\u00faa encabezando la lista de las preocupaciones de muchos hogares espa\u00f1oles, lo que ha empujado a muchos usuarios a estar pendientes cada d\u00eda de consultar los precios de la luz para el mercado dom\u00e9stico como una f\u00f3rmula eficaz para rebajar el gasto a final de mes. Es algo que que &hellip; <a href=\"https:\/\/domosistemas.com\/?p=23357\" class=\"more-link\">Sigue leyendo <span class=\"screen-reader-text\">Mi tarifa de la luz tendr\u00eda que ser casi gratis pero tiene costes \u00abocultos\u00bb que disparan el precio<\/span><\/a><\/p>\n","protected":false},"author":1,"featured_media":0,"comment_status":"closed","ping_status":"closed","sticky":false,"template":"","format":"standard","meta":{"footnotes":""},"categories":[8],"tags":[],"class_list":["post-23357","post","type-post","status-publish","format-standard","hentry","category-xataka"],"_links":{"self":[{"href":"https:\/\/domosistemas.com\/index.php?rest_route=\/wp\/v2\/posts\/23357","targetHints":{"allow":["GET"]}}],"collection":[{"href":"https:\/\/domosistemas.com\/index.php?rest_route=\/wp\/v2\/posts"}],"about":[{"href":"https:\/\/domosistemas.com\/index.php?rest_route=\/wp\/v2\/types\/post"}],"author":[{"embeddable":true,"href":"https:\/\/domosistemas.com\/index.php?rest_route=\/wp\/v2\/users\/1"}],"replies":[{"embeddable":true,"href":"https:\/\/domosistemas.com\/index.php?rest_route=%2Fwp%2Fv2%2Fcomments&post=23357"}],"version-history":[{"count":0,"href":"https:\/\/domosistemas.com\/index.php?rest_route=\/wp\/v2\/posts\/23357\/revisions"}],"wp:attachment":[{"href":"https:\/\/domosistemas.com\/index.php?rest_route=%2Fwp%2Fv2%2Fmedia&parent=23357"}],"wp:term":[{"taxonomy":"category","embeddable":true,"href":"https:\/\/domosistemas.com\/index.php?rest_route=%2Fwp%2Fv2%2Fcategories&post=23357"},{"taxonomy":"post_tag","embeddable":true,"href":"https:\/\/domosistemas.com\/index.php?rest_route=%2Fwp%2Fv2%2Ftags&post=23357"}],"curies":[{"name":"wp","href":"https:\/\/api.w.org\/{rel}","templated":true}]}}