{"id":23384,"date":"2024-03-06T07:58:21","date_gmt":"2024-03-06T07:58:21","guid":{"rendered":"https:\/\/domosistemas.com\/?p=23384"},"modified":"2024-03-06T07:58:21","modified_gmt":"2024-03-06T07:58:21","slug":"asi-puedes-solicitar-hasta-3-000-euros-en-ayudas-para-mejorar-el-aislamiento-de-casa-y-mejorar-la-climatizacion","status":"publish","type":"post","link":"https:\/\/domosistemas.com\/?p=23384","title":{"rendered":"As\u00ed puedes solicitar hasta 3.000 euros en ayudas para mejorar el aislamiento de casa y mejorar la climatizaci\u00f3n"},"content":{"rendered":"<div>\n<p>\n      <img decoding=\"async\" src=\"https:\/\/i.blogs.es\/21f39d\/pexels-max-rahubovskiy-7031603\/1024_2000.jpeg\" alt=\"As\u00ed puedes solicitar hasta 3.000 euros en ayudas para mejorar el aislamiento de casa y mejorar la climatizaci\u00f3n \">\n    <\/p>\n<p>Ya hemos visto en otras ocasiones cu\u00e1les son los problemas a los que podemos enfrentarnos como usuarios a la hora de <a href=\"https:\/\/www.xatakahome.com\/hogar\/estas-mejores-soluciones-baratas-para-aislar-mejor-tu-casa-cuando-has-probado-todos-trucos\">tener la casa bien aislada<\/a>, m\u00e1xime en pisos que tienen problemas relacionados con cierres y ventanas que pueden provocar la <strong>entrada de fr\u00edo y la fuga del calor generado.<\/strong><\/p>\n<p><!-- BREAK 1 --><\/p>\n<p>Hay soluciones en el mercado m\u00e1s o menos econ\u00f3micas para mejorar el aislamiento de casa, opciones que se mezclan con otras <a href=\"https:\/\/www.xatakahome.com\/a-fondo\/que-vidrio-emisivo-como-funciona-para-aislar-casa-ayudar-ahorro-energia-como-saber-mi-ventana-tiene\">m\u00e1s costosas<\/a> que adem\u00e1s de impedir la entrada de fr\u00edo y la fuga de calor, nos ayuda a optimizar la climatizaci\u00f3n y de paso ahorrar energ\u00eda. Lo que quiz\u00e1s no sabes es que <strong>se pueden solicitar ayudas<\/strong> para mejorar el aislamiento en casa.<\/p>\n<p><!-- BREAK 2 --><\/p>\n<h2>Ayuda para la reforma<\/h2>\n<div class=\"article-asset-image article-asset-normal article-asset-center\">\n<div class=\"asset-content\">\n<div class=\"caption-img \">\n<p>   <img decoding=\"async\" alt=\"Programa Ayudas\" class=\"centro_sinmarco\" src=\"https:\/\/i.blogs.es\/51c0c6\/captura-de-pantalla-2024-03-06-a-las-8.48.51\/450_1000.webp\"><\/p>\n<p>        <span>Imagen |\u00a0Ministerio de Transportes y Movilidad Sostenible<\/span>\n   <\/div>\n<\/p><\/div>\n<\/div>\n<p>Se trata de unas <strong>ayudas lanzadas por el Gobierno<\/strong> que permiten acceder hasta los 3.000 euros dentro del Programa de rehabilitaci\u00f3n para la recuperaci\u00f3n econ\u00f3mica y social en entornos residenciales.<\/p>\n<p><!-- BREAK 3 --><\/p>\n<p>Por medio del <a rel=\"noopener, noreferrer\" href=\"https:\/\/www.transportes.gob.es\/ministerio\/proyectos-singulares\/prtr\/vivienda-y-agenda-urbana\/programa-de-ayuda-las-actuaciones-de-mejora-de-la-eficiencia-energetica-en-viviendas\" data-id=\"noopener, noreferrer\">Ministerio de Transportes y Movilidad Sostenible<\/a>, se trata de un programa que busca <strong>facilitar la realizaci\u00f3n de actuaciones a nivel particular<\/strong> para mejorar el aislamiento en los hogares y de esta forma contribuir en la reducci\u00f3n de la demanda energ\u00e9tica.<\/p>\n<p><!-- BREAK 4 --><\/p>\n<div class=\"article-asset-video article-asset-normal\">\n<div class=\"asset-content\">\n<div class=\"base-asset-video\">\n<div class=\"js-dailymotion\">\n    <script type=\"application\/json\">\n           {\"videoId\":\"x7znqni\",\"autoplay\":true,\"title\":\"SOLSTRA\u030aLE: Los PANELES SOLARES BARATOS de IKEA llegan a ESPAN\u0303A\", \"tag\":\"ikea\"}\n         <\/script>\n   <\/div>\n<\/p><\/div>\n<\/p><\/div>\n<\/div>\n<p>Las ayudas, que ascienden a un tope de 3.000 euros en relaci\u00f3n a un m\u00e1ximo del 40% del precio de la reforma, <strong>ser\u00e1n gestionadas de forma individual por las Comunidades Aut\u00f3nomas<\/strong>. Est\u00e1s ser\u00e1n las encargadas de ejecutar el reparto de las ayudas a trav\u00e9s de convocatorias p\u00fablicas mediante el procedimiento de concurrencia simple, es decir, por riguroso orden de presentaci\u00f3n de las solicitudes hasta el agotamiento de los fondos.<\/p>\n<p><!-- BREAK 5 --><\/p>\n<p>Ser\u00e1 el interesado el encargado de realizar la solicitud a nivel particular, datos que <strong>cada autoridad competente estudiar\u00e1 para conceder la ayuda<\/strong>, bien antes de realizar la obra o con posterioridad.<\/p>\n<p><!-- BREAK 6 --><\/p>\n<blockquote><p>El importe de la subvenci\u00f3n ser\u00e1 del 40% del coste de la actuaci\u00f3n con un l\u00edmite de 3.000 euros por vivienda. El coste m\u00ednimo de cada actuaci\u00f3n ha de ser igual o superior a 1.000 euros por vivienda.<\/p><\/blockquote>\n<p>Las ayudas van dirigidas principalmente a <strong>propietarios, usufructuarios y arrendatarios de viviendas<\/strong> y en el texto se indica que <em>\u00abs\u00f3lo se financiar\u00e1n las actuaciones que se realicen en los domicilios habituales y permanentes de los propietarios, usufructuarios o arrendatarios, lo que podr\u00e1 acreditarse mediante certificaci\u00f3n o volante de empadronamiento\u00bb<\/em>.<\/p>\n<p><!-- BREAK 7 --><\/p>\n<div class=\"article-asset article-asset-normal article-asset-center\">\n<div class=\"desvio-container\">\n<div class=\"desvio\">\n<div class=\"desvio-figure js-desvio-figure\">\n    <a href=\"https:\/\/www.xatakahome.com\/a-fondo\/vivo-alquiler-cierres-ventanas-madera-viejos-asi-evito-que-frio-humedad-hacer-obras\"><br \/>\n     <img decoding=\"async\" alt=\"Vivo de alquiler con cierres y ventanas de madera viejos. As\u00ed evito que entre el fr\u00edo y la humedad sin hacer obras\" src=\"https:\/\/i.blogs.es\/34576c\/pexels-golnar-sabzpoush-rashidi-3268386\/375_142.webp\" onerror='this.src=\"https:\/\/i.blogs.es\/34576c\/pexels-golnar-sabzpoush-rashidi-3268386\/375_142.jpeg\"'><br \/>\n    <\/a>\n   <\/div>\n<div class=\"desvio-summary\">\n<div class=\"desvio-taxonomy js-desvio-taxonomy\">\n     <a href=\"https:\/\/www.xatakahome.com\/a-fondo\/vivo-alquiler-cierres-ventanas-madera-viejos-asi-evito-que-frio-humedad-hacer-obras\" class=\"desvio-taxonomy-anchor\">En Xataka Smart Home<\/a>\n    <\/div>\n<p>    <a href=\"https:\/\/www.xatakahome.com\/a-fondo\/vivo-alquiler-cierres-ventanas-madera-viejos-asi-evito-que-frio-humedad-hacer-obras\" class=\"desvio-title js-desvio-title\">Vivo de alquiler con cierres y ventanas de madera viejos. As\u00ed evito que entre el fr\u00edo y la humedad sin hacer obras<\/a>\n   <\/div>\n<\/p><\/div>\n<\/p><\/div>\n<\/div>\n<p>Adem\u00e1s, <strong>estas ayudas podr\u00e1n compatibilizarse<\/strong> con las del programa programa de actuaciones de rehabilitaci\u00f3n a nivel de barrios o con las del programa de rehabilitaci\u00f3n integral de edificios, siempre y cuando quede acreditado que no se subvenciona el mismo coste.<\/p>\n<p><!-- BREAK 8 --><\/p>\n<div class=\"article-asset-image article-asset-normal article-asset-center\">\n<div class=\"asset-content\">\n<div class=\"caption-img \">\n                    <a rel=\"noopener, noreferrer\" href=\"https:\/\/www.pexels.com\/es-es\/foto\/ventanas-tazas-copas-ventana-6611415\/\"><\/p>\n<p>    <img decoding=\"async\" alt=\"Pexels Yan Krukau 6611415\" class=\"centro_sinmarco\" src=\"https:\/\/i.blogs.es\/ee9b0b\/pexels-yan-krukau-6611415\/450_1000.webp\"><br \/>\n     <\/a><\/p>\n<p>        <span>Foto de Yan Krukau<\/span>\n   <\/div>\n<\/p><\/div>\n<\/div>\n<p>A la hora de justificar las ayudas, adem\u00e1s de ser destinatario \u00faltimo del ejecuci\u00f3n, las actuaciones deber\u00e1n realizarse ante el \u00f3rgano instructor en un plazo de tres meses desde la finalizaci\u00f3n de las obras y como justificante deber\u00e1n entregar entre otras cosas una <strong>memoria de actuaci\u00f3n que justifica el cumplimiento de las condiciones<\/strong> impuestas en la concesi\u00f3n de la subvenci\u00f3n, tanto de las actividades realizadas, de los resultados obtenidos.<\/p>\n<p><!-- BREAK 9 --><\/p>\n<blockquote><p>La verificaci\u00f3n de la reducci\u00f3n del consumo de energ\u00eda primaria no renovable y la reducci\u00f3n de la demanda global de calefacci\u00f3n y refrigeraci\u00f3n, seg\u00fan corresponda, se realizar\u00e1 mediante la comparaci\u00f3n del certificado de eficiencia energ\u00e9tica de la vivienda antes y despu\u00e9s de la actuaci\u00f3n, realizados ambos con el mismo programa reconocido de certificaci\u00f3n y firmados por el t\u00e9cnico competente.<\/p><\/blockquote>\n<p>El plazo para ejecutar las obras para la mejora de la eficiencia energ\u00e9tica y sostenibilidad en las viviendas no podr\u00e1 exceder de doce meses, contados desde la fecha de concesi\u00f3n de la ayuda. En cualquier caso, las actuaciones objeto de financiaci\u00f3n <strong>deber\u00e1n estar finalizadas antes del d\u00eda 30 de junio de 2026.<\/strong><\/p>\n<p><!-- BREAK 10 --><\/p>\n<p>En resumen, <strong>estas son las consideraciones<\/strong> a tener en cuenta:<\/p>\n<ul>\n<li>Ser\u00e1 indispensable que las mejoras se realicen en el domicilio habitual de propietario, usufructuario o arrendatario, algo que se justificara con un certificado de empadronamiento.<\/li>\n<li>Las obras deben tener un presupuesto de al menos 1.000 euros.<\/li>\n<li>Las ayudas tendr\u00e1n una cobertura del 40% de la obra, con un m\u00e1ximo de 3.000 euros.<\/li>\n<li>Para poder acceder a la ayuda, se ha de justificar que tras la obra se ha reducido el consumo energ\u00e9tico en un 7%.<\/li>\n<\/ul>\n<p><strong>Estos son los enlaces<\/strong> de cada Comunidad Aut\u00f3noma para solicitar las ayudas e iniciar el proceso.<\/p>\n<p><!-- BREAK 11 --><\/p>\n<ul>\n<li><a rel=\"noopener, noreferrer\" href=\"https:\/\/www.juntadeandalucia.es\/organismos\/fomentoarticulaciondelterritorioyvivienda\/areas\/vivienda-rehabilitacion\/plan-eco-vivienda.html\">Andaluc\u00eda<\/a><\/li>\n<li><a rel=\"noopener, noreferrer\" href=\"https:\/\/www.aragon.es\/tramitador\/-\/tramite\/ayudas-en-materia-de-rehabilitacion-residencial-para-la-mejora-de-la-eficiencia-energetica-prtr\/programa-4-actuaciones-en-viviendas\">Arag\u00f3n<\/a><\/li>\n<li><a rel=\"noopener, noreferrer\" href=\"https:\/\/www.transportes.gob.es\/ministerio\/proyectos-singulares\/prtr\/vivienda-y-agenda-urbana\/programa-de-ayuda-las-actuaciones-de-mejora-de-la-eficiencia-energetica-en-viviendas#\">Principado de Asturias<\/a><\/li>\n<li><a rel=\"noopener, noreferrer\" href=\"https:\/\/www.caib.es\/seucaib\/es\/200\/persones\/tramites\/tramite\/5436847\">Islas Baleares<\/a><\/li>\n<li><a rel=\"noopener, noreferrer\" href=\"https:\/\/sede.gobiernodecanarias.org\/sede\/procedimientos_servicios\/tramites\/7250\">Canarias<\/a><\/li>\n<li><a rel=\"noopener, noreferrer\" href=\"https:\/\/www.viviendadecantabria.es\/ayudas-materia-rehabilitaci%C3%B3n-residencial\">Cantabr\u00eda<\/a><\/li>\n<li><a rel=\"noopener, noreferrer\" href=\"https:\/\/www.tramitacastillayleon.jcyl.es\/web\/jcyl\/AdministracionElectronica\/es\/Plantilla100Detalle\/1251181050732\/Ayuda012\/1285186553977\/Propuesta\">Castilla y Le\u00f3n<\/a><\/li>\n<li><a rel=\"noopener, noreferrer\" href=\"https:\/\/vivienda.castillalamancha.es\/ayudas-y-subvenciones-rehabilitacion-convocatorias-con-plazo-de-solicitud-abierto-o-pendiente-de-5\">Castilla-La Mancha<\/a><\/li>\n<li><a rel=\"noopener, noreferrer\" href=\"https:\/\/web.gencat.cat\/ca\/tramits\/tramits-temes\/22763-Next_generation?category=74c016ba-a82c-11e3-a972-000c29052e2c&amp;moda=4\">Catalu\u00f1a<\/a><\/li>\n<li><a rel=\"noopener, noreferrer\" href=\"https:\/\/www.transportes.gob.es\/ministerio\/proyectos-singulares\/prtr\/vivienda-y-agenda-urbana\/programa-de-ayuda-las-actuaciones-de-mejora-de-la-eficiencia-energetica-en-viviendas\">Ciudad de Ceuta<\/a><\/li>\n<li><a rel=\"noopener, noreferrer\" href=\"https:\/\/www.gva.es\/es\/inicio\/procedimientos?id_proc=22403\">Comunidad Valenciana<\/a><\/li>\n<li><a rel=\"noopener, noreferrer\" href=\"https:\/\/www.juntaex.es\/w\/6053?inheritRedirect=true#tramite_masinfo\">Extremadura<\/a><\/li>\n<li><a rel=\"noopener, noreferrer\" href=\"https:\/\/sede.xunta.gal\/detalle-procedemento?codtram=VI406E&amp;ano=2022&amp;numpub=1&amp;lang=gl\">Galicia<\/a><\/li>\n<li><a rel=\"noopener, noreferrer\" href=\"https:\/\/www.comunidad.madrid\/servicios\/vivienda\/ayudas-actuaciones-rehabilitacion-energetica-edificios-residenciales-viviendas-prtr\">Madrid<\/a><\/li>\n<li><a rel=\"noopener, noreferrer\" href=\"https:\/\/www.melilla.es\/melillaPortal\/contenedor.jsp?seccion=s_fdoc_d4_v1.jsp&amp;contenido=33323&amp;tipo=5&amp;nivel=1400&amp;layout=contenedor.jsp\">Ciudad de Melilla<\/a><\/li>\n<li><a rel=\"noopener, noreferrer\" href=\"https:\/\/sede.carm.es\/web\/pagina?IDCONTENIDO=3783&amp;IDTIPO=240&amp;RASTRO=c$m40288\">Regi\u00f3n de Murcia<\/a><\/li>\n<li><a rel=\"noopener, noreferrer\" href=\"https:\/\/www.navarra.es\/es\/tramites\/on\/-\/line\/ayudas-para-mejorar-la-eficiencia-energetica-de-las-viviendas?back=true&amp;pageBackId=5722676\">Comunidad Foral de Navarra<\/a><\/li>\n<li><a rel=\"noopener, noreferrer\" href=\"https:\/\/www.euskadi.eus\/servicios\/1211801\/web01-tramite\/es\/\">Pa\u00eds Vasco \/ Euskadi<\/a><\/li>\n<li><a rel=\"noopener, noreferrer\" href=\"https:\/\/www.larioja.org\/oficina-electronica\/es?web=&amp;proc=25177\">La Rioja<\/a><\/li>\n<\/ul>\n<p>Foto de portada | <a rel=\"noopener, noreferrer\" href=\"https:\/\/www.pexels.com\/es-es\/foto\/ligero-pared-habitacion-campo-7031603\/\">Max Rahubovskiy<\/a><\/p>\n<p><!-- BREAK 12 --><\/p>\n<p>M\u00e1s informaci\u00f3n | <a rel=\"noopener, noreferrer\" href=\"https:\/\/www.transportes.gob.es\/ministerio\/proyectos-singulares\/prtr\/vivienda-y-agenda-urbana\/programa-de-ayuda-las-actuaciones-de-mejora-de-la-eficiencia-energetica-en-viviendas\" data-id=\"noopener, noreferrer\">Ministerio de Transportes y Movilidad Sostenible<\/a><\/p>\n<p><!-- BREAK 13 --><\/p>\n<p>En Xataka SmartHome | <a href=\"https:\/\/www.xatakahome.com\/trucos-y-bricolaje-smart\/mis-trucos-para-combatir-calor-casa-vieja-mal-aislada-aire-acondicionado\">Mis trucos para combatir el calor en una casa vieja mal aislada y sin aire acondicionado<\/a><\/p>\n<p><!-- BREAK 14 --><script>\n (function() {\n  window._JS_MODULES = window._JS_MODULES || {};\n  var headElement = document.getElementsByTagName('head')[0];\n  if (_JS_MODULES.instagram) {\n   var instagramScript = document.createElement('script');\n   instagramScript.src = 'https:\/\/platform.instagram.com\/en_US\/embeds.js';\n   instagramScript.async = true;\n   instagramScript.defer = true;\n   headElement.appendChild(instagramScript);\n  }\n })();\n<\/script><\/p>\n<p> &#8211; <br \/> La noticia<br \/>\n      <a href=\"https:\/\/www.xatakahome.com\/iluminacion-y-energia\/asi-puedes-solicitar-3-000-euros-ayudas-para-mejorar-aislamiento-casa-mejorar-climatizacion?utm_source=feedburner&amp;utm_medium=feed&amp;utm_campaign=06_Mar_2024\"><br \/>\n       <em> As\u00ed puedes solicitar hasta 3.000 euros en ayudas para mejorar el aislamiento de casa y mejorar la climatizaci\u00f3n  <\/em><br \/>\n      <\/a><br \/>\n      fue publicada originalmente en<br \/>\n      <a href=\"https:\/\/www.xatakahome.com\/?utm_source=feedburner&amp;utm_medium=feed&amp;utm_campaign=06_Mar_2024\"><br \/>\n       <strong> Xataka Smart Home <\/strong><br \/>\n      <\/a><br \/>\n            por <a href=\"https:\/\/www.xatakahome.com\/autor\/jose-antonio-carmona?utm_source=feedburner&amp;utm_medium=feed&amp;utm_campaign=06_Mar_2024\"><br \/>\n       Jose Antonio Carmona<br \/>\n      <\/a><br \/>\n      . <\/p>\n<\/div>\n","protected":false},"excerpt":{"rendered":"<p>Ya hemos visto en otras ocasiones cu\u00e1les son los problemas a los que podemos enfrentarnos como usuarios a la hora de tener la casa bien aislada, m\u00e1xime en pisos que tienen problemas relacionados con cierres y ventanas que pueden provocar la entrada de fr\u00edo y la fuga del calor generado. Hay soluciones en el mercado &hellip; <a href=\"https:\/\/domosistemas.com\/?p=23384\" class=\"more-link\">Sigue leyendo <span class=\"screen-reader-text\">As\u00ed puedes solicitar hasta 3.000 euros en ayudas para mejorar el aislamiento de casa y mejorar la climatizaci\u00f3n<\/span><\/a><\/p>\n","protected":false},"author":1,"featured_media":0,"comment_status":"closed","ping_status":"closed","sticky":false,"template":"","format":"standard","meta":{"footnotes":""},"categories":[8],"tags":[],"class_list":["post-23384","post","type-post","status-publish","format-standard","hentry","category-xataka"],"_links":{"self":[{"href":"https:\/\/domosistemas.com\/index.php?rest_route=\/wp\/v2\/posts\/23384","targetHints":{"allow":["GET"]}}],"collection":[{"href":"https:\/\/domosistemas.com\/index.php?rest_route=\/wp\/v2\/posts"}],"about":[{"href":"https:\/\/domosistemas.com\/index.php?rest_route=\/wp\/v2\/types\/post"}],"author":[{"embeddable":true,"href":"https:\/\/domosistemas.com\/index.php?rest_route=\/wp\/v2\/users\/1"}],"replies":[{"embeddable":true,"href":"https:\/\/domosistemas.com\/index.php?rest_route=%2Fwp%2Fv2%2Fcomments&post=23384"}],"version-history":[{"count":0,"href":"https:\/\/domosistemas.com\/index.php?rest_route=\/wp\/v2\/posts\/23384\/revisions"}],"wp:attachment":[{"href":"https:\/\/domosistemas.com\/index.php?rest_route=%2Fwp%2Fv2%2Fmedia&parent=23384"}],"wp:term":[{"taxonomy":"category","embeddable":true,"href":"https:\/\/domosistemas.com\/index.php?rest_route=%2Fwp%2Fv2%2Fcategories&post=23384"},{"taxonomy":"post_tag","embeddable":true,"href":"https:\/\/domosistemas.com\/index.php?rest_route=%2Fwp%2Fv2%2Ftags&post=23384"}],"curies":[{"name":"wp","href":"https:\/\/api.w.org\/{rel}","templated":true}]}}