{"id":23403,"date":"2024-03-07T08:35:45","date_gmt":"2024-03-07T08:35:45","guid":{"rendered":"https:\/\/domosistemas.com\/?p=23403"},"modified":"2024-03-07T08:35:45","modified_gmt":"2024-03-07T08:35:45","slug":"el-iva-no-es-el-unico-impuesto-que-subira-tu-factura-de-la-luz-estos-otros-tambien-haran-que-paguemos-mas-a-partir-de-abril","status":"publish","type":"post","link":"https:\/\/domosistemas.com\/?p=23403","title":{"rendered":"El IVA no es el \u00fanico impuesto que subir\u00e1 tu factura de la luz: estos otros tambi\u00e9n har\u00e1n que paguemos m\u00e1s a partir de abril"},"content":{"rendered":"<div>\n<p>\n      <img decoding=\"async\" src=\"https:\/\/i.blogs.es\/4ff63f\/pexels-george-becker-383673\/1024_2000.jpeg\" alt=\"El IVA no es el \u00fanico impuesto que subir\u00e1 tu factura de la luz: estos otros tambi\u00e9n har\u00e1n que paguemos m\u00e1s a partir de abril \">\n    <\/p>\n<p>Las medidas como el <a href=\"https:\/\/www.xatakahome.com\/iluminacion-y-energia\/que-tope-al-gas-medida-gobierno-que-entra-vigor-para-rebajar-factura-luz\">tope al gas<\/a> o la <a href=\"https:\/\/www.xatakahome.com\/iluminacion-y-energia\/gobierno-bajara-iva-luz-a-mitad-pasara-10-al-5-a-partir-proximo-sabado\">bajada de impuestos como el IVA<\/a> ayudaron a contener los precios de la electricidad, pero que <strong>ten\u00edan fecha de caducidad, <\/strong>un \u00a0periodo que se extendi\u00f3 hasta el <strong>31 de diciembre de 2023<\/strong>. Por ello iniciamos este 2024 con la desaparici\u00f3n progresiva de dichas medidas, incluido el IVA que <a href=\"https:\/\/www.xatakahome.com\/iluminacion-y-energia\/suben-impuestos-luz-gas-pellets-este-iva-que-tendremos-que-pagar-2024\">volvi\u00f3 a subir del 5% al 10% en enero<\/a>, y este mes de marzo <a href=\"https:\/\/www.xatakahome.com\/iluminacion-y-energia\/a-partir-marzo-2024-pagaremos-factura-luz-todo-tenemos-este-tipo-tarifa\">ha vuelto otra vez al 21%<\/a>.<\/p>\n<p><!-- BREAK 1 --><\/p>\n<p>Esto ha supuesto un importante <strong>incremento en nuestras facturas el\u00e9ctricas<\/strong>, como pudimos calcular en <a href=\"https:\/\/www.xatakahome.com\/iluminacion-y-energia\/he-calculado-cuanto-subira-mi-factura-luz-a-partir-hoy-llegada-nuevo-iva-este-ha-sido-resultado\">este art\u00edculo<\/a>, con importes de hasta <strong>14 euros m\u00e1s<\/strong> en una factura media que rondase antes de la subida los 90 euros. \u00bfSer\u00e1 esta la \u00fanica novedad que veremos este a\u00f1o?<\/p>\n<p><!-- BREAK 2 --><\/p>\n<div class=\"article-asset article-asset-normal article-asset-center\">\n<div class=\"desvio-container\">\n<div class=\"desvio\">\n<div class=\"desvio-figure js-desvio-figure\">\n    <a href=\"https:\/\/www.xatakahome.com\/a-fondo\/tres-millones-clientes-han-contratado-esta-tarifa-gas-para-ahorrar-que-barata-que-pasara-2024\"><br \/>\n     <img decoding=\"async\" alt=\"Tres millones de clientes han contratado esta tarifa de gas para ahorrar: por qu\u00e9 es la m\u00e1s barata y qu\u00e9 pasar\u00e1 en 2024\" src=\"https:\/\/i.blogs.es\/9e783f\/milada-vigerova-x7mqpoxujnw-unsplash\/375_142.webp\" onerror='this.src=\"https:\/\/i.blogs.es\/9e783f\/milada-vigerova-x7mqpoxujnw-unsplash\/375_142.jpeg\"'><br \/>\n    <\/a>\n   <\/div>\n<div class=\"desvio-summary\">\n<div class=\"desvio-taxonomy js-desvio-taxonomy\">\n     <a href=\"https:\/\/www.xatakahome.com\/a-fondo\/tres-millones-clientes-han-contratado-esta-tarifa-gas-para-ahorrar-que-barata-que-pasara-2024\" class=\"desvio-taxonomy-anchor\">En Xataka Smart Home<\/a>\n    <\/div>\n<p>    <a href=\"https:\/\/www.xatakahome.com\/a-fondo\/tres-millones-clientes-han-contratado-esta-tarifa-gas-para-ahorrar-que-barata-que-pasara-2024\" class=\"desvio-title js-desvio-title\">Tres millones de clientes han contratado esta tarifa de gas para ahorrar: por qu\u00e9 es la m\u00e1s barata y qu\u00e9 pasar\u00e1 en 2024<\/a>\n   <\/div>\n<\/p><\/div>\n<\/p><\/div>\n<\/div>\n<h2>M\u00e1s subidas de impuestos en los pr\u00f3ximos meses<\/h2>\n<div class=\"article-asset-image article-asset-normal article-asset-center\">\n<div class=\"asset-content\">\n<div class=\"caption-img \">\n                    <a rel=\"noopener, noreferrer\" href=\"https:\/\/unsplash.com\/es\/@thejohnnyme\"><\/p>\n<p>    <img decoding=\"async\" alt=\"Precioluz\" class=\"centro_sinmarco\" src=\"https:\/\/i.blogs.es\/8e3d8b\/precioluz\/450_1000.webp\"><br \/>\n     <\/a><\/p>\n<p>        <span>Imagen: Nikola Johnny Mirkovic<\/span>\n   <\/div>\n<\/p><\/div>\n<\/div>\n<p>Sin embargo, <strong>el IVA no es el \u00fanico impuesto<\/strong> que comenzar\u00e1 a volver a los niveles anteriores a la crisis energ\u00e9tica, ya que hay otros generalmente desconocidos que tambi\u00e9n han comenzado su particular cuesta de enero.<\/p>\n<p><!-- BREAK 3 --><\/p>\n<p>Para empezar tenemos el <strong>Impuesto Especial sobre la Electricidad (IEE)<\/strong>, tambi\u00e9n conocido como impuesto el\u00e9ctrico, una tasa que gravaba el coste de la fabricaci\u00f3n de la electricidad con el <strong>5,113%<\/strong> del importe del t\u00e9rmino de consumo y potencia. Para calcularlo, hay que sumar los importes del t\u00e9rmino de energ\u00eda el\u00e9ctrica y el de potencia contratada y calcularlo antes de la aplicaci\u00f3n del IVA.<\/p>\n<p><!-- BREAK 4 --><\/p>\n<p>\u00bfC\u00f3mo variar\u00e1 este impuesto en 2024? Pues en junio de 2021 se rebaj\u00f3 al 0,5%, \u00a0luego se prorrog\u00f3 esta reducci\u00f3n hasta el 30 de junio de 2022 y se mantendr\u00e1 en el <strong>2,5% hasta el 31 de marzo <\/strong>de 2024, pero a partir de esa fecha <strong>se situar\u00e1 en el 3,8%<\/strong>.<\/p>\n<p><!-- BREAK 5 --><\/p>\n<div class=\"article-asset-video article-asset-normal\">\n<div class=\"asset-content\">\n<div class=\"base-asset-video\">\n<div class=\"js-dailymotion\">\n    <script type=\"application\/json\">\n           {\"videoId\":\"x81h7p2\",\"autoplay\":true,\"title\":\"NUEVA FACTURA DE LA LUZ: TODO LO QUE DEBES SABER para AHORRAR AL M\u00c1XIMO\", \"tag\":\"\"}\n         <\/script>\n   <\/div>\n<\/p><\/div>\n<\/p><\/div>\n<\/div>\n<p>Otro impuesto que comenzar\u00e1 a subir es el <strong>Impuesto sobre el Valor de la Producci\u00f3n de la Energ\u00eda<\/strong>, que volver\u00e1 a una recuperaci\u00f3n gradual del mismo tras el descenso de los precios de la electricidad y la normalizaci\u00f3n del mercado el\u00e9ctrico.<\/p>\n<p><!-- BREAK 6 --><\/p>\n<p>As\u00ed, el Impuesto sobre el Valor de la Producci\u00f3n de la Energ\u00eda El\u00e9ctrica (IVPEE) <strong>tendr\u00e1 un tipo del 3,5% hasta marzo<\/strong>, pasando a tener <a rel=\"noopener, noreferrer\" href=\"https:\/\/www.miteco.gob.es\/es\/prensa\/ultimas-noticias\/2023\/12\/el-gobierno-prorroga-las-medidas-energeticas-de-proteccion-por-l.html\">un 5,25% hasta junio.<\/a><\/p>\n<p><!-- BREAK 7 --><\/p>\n<p>Finalmente, se\u00f1alar que el Ejecutivo <a href=\"https:\/\/www.xatakahome.com\/iluminacion-y-energia\/suben-impuestos-luz-gas-pellets-este-iva-que-tendremos-que-pagar-2024\">decidi\u00f3 en diciembre de 2023<\/a> <strong>prolongar durante seis meses la prohibici\u00f3n de cortar los suministros b\u00e1sicos de luz, agua y gas<\/strong> a los consumidores vulnerables, los descuentos del <a href=\"https:\/\/www.xatakahome.com\/iluminacion-y-energia\/bono-social-factura-luz-que-que-descuento-ofrece-requisitos-para-solicitarlo\">bono social el\u00e9ctrico <\/a>del 65% para los consumidores vulnerables, del 80% para los consumidores vulnerables severos y del 40% para los hogares trabajadores con bajos ingresos.<\/p>\n<p><!-- BREAK 8 --><\/p>\n<p>Imagen portada | <a rel=\"noopener, noreferrer\" href=\"https:\/\/www.pexels.com\/es-es\/foto\/fotografia-en-primer-plano-de-bombilla-amarilla-383673\/\">George Becker<\/a><\/p>\n<p><!-- BREAK 9 --><\/p>\n<p>M\u00e1s informaci\u00f3n | <a rel=\"noopener, noreferrer\" href=\"https:\/\/www.google.com\/url?sa=t&amp;rct=j&amp;q=&amp;esrc=s&amp;source=web&amp;cd=&amp;cad=rja&amp;uact=8&amp;ved=2ahUKEwjI1_LpjeCEAxVJUqQEHRmgCFgQFnoECAIQAQ&amp;url=https%3A%2F%2Fwww.hacienda.gob.es%2FDocumentacion%2FPublico%2FGabineteMinistro%2FNotas%2520Prensa%2F2023%2FCONSEJO-DE-MINISTROS%2F27-12-23-NP-CM-RDL-ANTICRISIS.pdf&amp;usg=AOvVaw2EZGbhMrsikEHNs49EZSz1&amp;opi=89978449\">Ministerio de Hacienda<\/a><\/p>\n<p><!-- BREAK 10 --><\/p>\n<p>En Xataka Smart Home | <a href=\"https:\/\/www.xatakahome.com\/iluminacion-y-energia\/suben-impuestos-luz-gas-pellets-este-iva-que-tendremos-que-pagar-2024\">Suben los impuestos de la luz, el gas y los pellets: este es el IVA que tendremos que pagar en 2024<\/a><\/p>\n<p><!-- BREAK 11 --><script>\n (function() {\n  window._JS_MODULES = window._JS_MODULES || {};\n  var headElement = document.getElementsByTagName('head')[0];\n  if (_JS_MODULES.instagram) {\n   var instagramScript = document.createElement('script');\n   instagramScript.src = 'https:\/\/platform.instagram.com\/en_US\/embeds.js';\n   instagramScript.async = true;\n   instagramScript.defer = true;\n   headElement.appendChild(instagramScript);\n  }\n })();\n<\/script><\/p>\n<p> &#8211; <br \/> La noticia<br \/>\n      <a href=\"https:\/\/www.xatakahome.com\/iluminacion-y-energia\/iva-no-unico-impuesto-que-subira-tu-factura-luz-estos-otros-tambien-haran-que-paguemos-a-partir-abril?utm_source=feedburner&amp;utm_medium=feed&amp;utm_campaign=07_Mar_2024\"><br \/>\n       <em> El IVA no es el \u00fanico impuesto que subir\u00e1 tu factura de la luz: estos otros tambi\u00e9n har\u00e1n que paguemos m\u00e1s a partir de abril  <\/em><br \/>\n      <\/a><br \/>\n      fue publicada originalmente en<br \/>\n      <a href=\"https:\/\/www.xatakahome.com\/?utm_source=feedburner&amp;utm_medium=feed&amp;utm_campaign=07_Mar_2024\"><br \/>\n       <strong> Xataka Smart Home <\/strong><br \/>\n      <\/a><br \/>\n            por <a href=\"https:\/\/www.xatakahome.com\/autor\/paco-rodriguez?utm_source=feedburner&amp;utm_medium=feed&amp;utm_campaign=07_Mar_2024\"><br \/>\n       Paco Rodriguez<br \/>\n      <\/a><br \/>\n      . <\/p>\n<\/div>\n","protected":false},"excerpt":{"rendered":"<p>Las medidas como el tope al gas o la bajada de impuestos como el IVA ayudaron a contener los precios de la electricidad, pero que ten\u00edan fecha de caducidad, un \u00a0periodo que se extendi\u00f3 hasta el 31 de diciembre de 2023. Por ello iniciamos este 2024 con la desaparici\u00f3n progresiva de dichas medidas, incluido el &hellip; <a href=\"https:\/\/domosistemas.com\/?p=23403\" class=\"more-link\">Sigue leyendo <span class=\"screen-reader-text\">El IVA no es el \u00fanico impuesto que subir\u00e1 tu factura de la luz: estos otros tambi\u00e9n har\u00e1n que paguemos m\u00e1s a partir de abril<\/span><\/a><\/p>\n","protected":false},"author":1,"featured_media":0,"comment_status":"closed","ping_status":"closed","sticky":false,"template":"","format":"standard","meta":{"footnotes":""},"categories":[8],"tags":[],"class_list":["post-23403","post","type-post","status-publish","format-standard","hentry","category-xataka"],"_links":{"self":[{"href":"https:\/\/domosistemas.com\/index.php?rest_route=\/wp\/v2\/posts\/23403","targetHints":{"allow":["GET"]}}],"collection":[{"href":"https:\/\/domosistemas.com\/index.php?rest_route=\/wp\/v2\/posts"}],"about":[{"href":"https:\/\/domosistemas.com\/index.php?rest_route=\/wp\/v2\/types\/post"}],"author":[{"embeddable":true,"href":"https:\/\/domosistemas.com\/index.php?rest_route=\/wp\/v2\/users\/1"}],"replies":[{"embeddable":true,"href":"https:\/\/domosistemas.com\/index.php?rest_route=%2Fwp%2Fv2%2Fcomments&post=23403"}],"version-history":[{"count":0,"href":"https:\/\/domosistemas.com\/index.php?rest_route=\/wp\/v2\/posts\/23403\/revisions"}],"wp:attachment":[{"href":"https:\/\/domosistemas.com\/index.php?rest_route=%2Fwp%2Fv2%2Fmedia&parent=23403"}],"wp:term":[{"taxonomy":"category","embeddable":true,"href":"https:\/\/domosistemas.com\/index.php?rest_route=%2Fwp%2Fv2%2Fcategories&post=23403"},{"taxonomy":"post_tag","embeddable":true,"href":"https:\/\/domosistemas.com\/index.php?rest_route=%2Fwp%2Fv2%2Ftags&post=23403"}],"curies":[{"name":"wp","href":"https:\/\/api.w.org\/{rel}","templated":true}]}}