{"id":23408,"date":"2024-03-07T11:29:45","date_gmt":"2024-03-07T11:29:45","guid":{"rendered":"https:\/\/domosistemas.com\/?p=23408"},"modified":"2024-03-07T11:29:45","modified_gmt":"2024-03-07T11:29:45","slug":"usar-el-trastero-del-edificio-para-aparcar-el-coche-esta-sentencia-del-tribunal-supremo-lo-ha-dejado-claro","status":"publish","type":"post","link":"https:\/\/domosistemas.com\/?p=23408","title":{"rendered":"Usar el trastero del edificio para aparcar el coche: esta sentencia del Tribunal Supremo lo ha dejado claro"},"content":{"rendered":"<div>\n<p>\n      <img decoding=\"async\" src=\"https:\/\/i.blogs.es\/e35e33\/leather-trunk-travel-store-vehicle-room-906344-pxhere.com\/1024_2000.jpeg\" alt=\"Usar el trastero del edificio para aparcar el coche: esta sentencia del Tribunal Supremo lo ha dejado claro \">\n    <\/p>\n<p>En alguna ocasi\u00f3n quiz\u00e1 se nos haya ocurrido o hayamos visto como alg\u00fan vecino <strong>utiliza el trastero del edificio para apartar su veh\u00edculo<\/strong> particular, en un intento por no dejarlo a la intemperie y evitarse tener que adquirir una nueva plaza de garaje.<\/p>\n<p><!-- BREAK 1 --><\/p>\n<p>Sin embargo, es una pr\u00e1ctica que est\u00e1 prohibida, como <strong>acaba de mostrar con claridad el Tribunal Supremo<\/strong> en <a rel=\"noopener, noreferrer\" href=\"https:\/\/www.poderjudicial.es\/cgpj\/es\/Poder-Judicial\/Noticias-Judiciales\/El-Tribunal-Supremo-estima-el-recurso-de-una-comunidad-y-prohibe-a-un-propietario-usar-el-trastero-como-plaza-de-aparcamiento\" data-id=\"noopener, noreferrer\">una sentencia<\/a> en la que decide finalmente sobre una larga controversia surgida hace ya casi 20 a\u00f1os entre los vecinos de una comunidad de Villena, en Alicante.<\/p>\n<p><!-- BREAK 2 --><\/p>\n<div class=\"article-asset article-asset-normal article-asset-center\">\n<div class=\"desvio-container\">\n<div class=\"desvio\">\n<div class=\"desvio-figure js-desvio-figure\">\n    <a href=\"https:\/\/www.xatakahome.com\/seguridad-en-el-hogar\/6-000-euros-multa-colocar-camara-vigilancia-domicilio-esto-que-dice-aepd-tema\"><br \/>\n     <img decoding=\"async\" alt=\"Multa de 6.000 por poner una c\u00e1mara de vigilancia en un piso: la opini\u00f3n de la AEPD sobre el tema\" src=\"https:\/\/i.blogs.es\/7aff9a\/alan-j-hendry-knt4zd8hpb0-unsplash\/375_142.webp\" onerror='this.src=\"https:\/\/i.blogs.es\/7aff9a\/alan-j-hendry-knt4zd8hpb0-unsplash\/375_142.jpeg\"'><br \/>\n    <\/a>\n   <\/div>\n<div class=\"desvio-summary\">\n<div class=\"desvio-taxonomy js-desvio-taxonomy\">\n     <a href=\"https:\/\/www.xatakahome.com\/seguridad-en-el-hogar\/6-000-euros-multa-colocar-camara-vigilancia-domicilio-esto-que-dice-aepd-tema\" class=\"desvio-taxonomy-anchor\">En Xataka Smart Home<\/a>\n    <\/div>\n<p>    <a href=\"https:\/\/www.xatakahome.com\/seguridad-en-el-hogar\/6-000-euros-multa-colocar-camara-vigilancia-domicilio-esto-que-dice-aepd-tema\" class=\"desvio-title js-desvio-title\">Multa de 6.000 por poner una c\u00e1mara de vigilancia en un piso: la opini\u00f3n de la AEPD sobre el tema<\/a>\n   <\/div>\n<\/p><\/div>\n<\/p><\/div>\n<\/div>\n<h2>El trastero es para los trastos, no para el coche<\/h2>\n<p>El problema surgi\u00f3 cuando uno de los vecinos de la comunidad estaba dejando su veh\u00edculo en un <strong>espacio reservado para trastero<\/strong>, algo que no hac\u00eda gracia al resto de habitantes del recinto y que llev\u00f3 la disputa a tres juzgados distintos, en los que incluso ha acumulado sentencias contradictorias.<\/p>\n<p><!-- BREAK 3 --><\/p>\n<p>El inmueble dispon\u00eda inicialmente en total de 26 plazas de garaje y otros tantos trasteros y a \u00e9l le correspond\u00eda uno de cada tipo, es decir, <strong>un trastero y una plaza de garaje<\/strong>, en concreto la plaza y el trastero 25.<\/p>\n<p><!-- BREAK 4 --><\/p>\n<p>En este caso concreto tuvo la fortuna de que <strong>ambos estaban situados de forma contigua<\/strong>, separados por un tabique, por lo que el due\u00f1o se plante\u00f3 derribar ese tabique y crear un \u00fanico estacionamiento de grandes dimensiones para coches extra. La comunidad de propietarios se quej\u00f3, habl\u00f3 con \u00e9l y logr\u00f3 que dejara de \u00a0aparcar dos coches en ese espacio.<\/p>\n<p><!-- BREAK 5 --><\/p>\n<div class=\"article-asset-image article-asset-normal article-asset-center\">\n<div class=\"asset-content\">\n<div class=\"caption-img \">\n                    <a rel=\"noopener, noreferrer\" href=\"https:\/\/unsplash.com\/es\/fotos\/piso-de-rayas-amarillas-y-negras-lOgR82HSQKM\"><\/p>\n<p>    <img decoding=\"async\" alt=\"Sven Mieke Logr82hsqkm Unsplash\" class=\"centro_sinmarco\" src=\"https:\/\/i.blogs.es\/12250d\/sven-mieke-logr82hsqkm-unsplash\/450_1000.webp\"><br \/>\n     <\/a><\/p>\n<p>        <span>Imagen: Sven Mieke<\/span>\n   <\/div>\n<\/p><\/div>\n<\/div>\n<p>La situaci\u00f3n cambi\u00f3 cuando el trastero-garaje pas\u00f3 a otras manos. Aunque la comunidad <a rel=\"noopener, noreferrer\" href=\"https:\/\/www.poderjudicial.es\/cgpj\/es\/Poder-Judicial\/Noticias-Judiciales\/El-Tribunal-Supremo-estima-el-recurso-de-una-comunidad-y-prohibe-a-un-propietario-usar-el-trastero-como-plaza-de-aparcamiento\" data-id=\"noopener, noreferrer\">habl\u00f3 con la agencia inmobiliaria<\/a> que gestion\u00f3 la venta para dejarle claro que en aquel espacio solo se pod\u00eda aparcar un veh\u00edculo, <strong>los nuevos propietarios empezaron a estacionar dos coches<\/strong>. La comunidad volvi\u00f3 a quejarse y en este caso no hubo acuerdo. Finalmente acabaron en los tribunales con un largu\u00edsimo periplo judicial, con varias paradas y que no se ha resuelto hasta hoy, en 2024.<\/p>\n<p><!-- BREAK 6 --><\/p>\n<p><strong>\u00bfQui\u00e9n ten\u00eda la raz\u00f3n?<\/strong> Pues tras <a rel=\"noopener, noreferrer\" href=\"https:\/\/elpais.com\/economia\/2024-03-05\/aparcar-en-el-trastero-no-es-posible-aunque-quepa-el-coche-el-supremo-resuelve-una-larga-disputa-vecinal.html\" data-id=\"noopener, noreferrer\">dos sentencias contradictorias<\/a> ha sido el Tribunal Supremo el que ha dictado la resoluci\u00f3n definitiva, <strong>dando la raz\u00f3n a la comunidad de propietarios<\/strong>. Sus magistrados <a rel=\"noopener, noreferrer\" href=\"https:\/\/www.poderjudicial.es\/cgpj\/es\/Poder-Judicial\/Noticias-Judiciales\/El-Tribunal-Supremo-estima-el-recurso-de-una-comunidad-y-prohibe-a-un-propietario-usar-el-trastero-como-plaza-de-aparcamiento\">llegaron a una conclusi\u00f3n clara:<\/a> los demandados no solo a\u00f1adieron una plaza de aparcamiento extra a las 26 iniciales sin el consentimiento de la comunidad, sino que durante el proceso se \u00abincumplieron las condiciones\u00bb en las que se hab\u00eda basado el Ayuntamiento para conceder la licencia al garaje.<\/p>\n<p><!-- BREAK 7 --><\/p>\n<div class=\"article-asset-video article-asset-normal\">\n<div class=\"asset-content\">\n<div class=\"base-asset-video\">\n<div class=\"js-dailymotion\">\n    <script type=\"application\/json\">\n           {\"videoId\":\"x81h7p2\",\"autoplay\":true,\"title\":\"NUEVA FACTURA DE LA LUZ: TODO LO QUE DEBES SABER para AHORRAR AL M\u00c1XIMO\", \"tag\":\"\"}\n         <\/script>\n   <\/div>\n<\/p><\/div>\n<\/p><\/div>\n<\/div>\n<p>En palabras de los magistrados:<\/p>\n<blockquote><p>Los recurridos <strong>hacen algo que no les est\u00e1 permitido<\/strong> y contraviene las disposiciones generales sobre actividades molestas, insalubres, nocivas y peligrosas<\/p><\/blockquote>\n<blockquote><p>Al propietario y al ocupante del piso o local no les est\u00e1 permitido desarrollar en \u00e9l o en el resto del inmueble <strong>actividades prohibidas en los estatutos<\/strong>, que resulten da\u00f1osas para la finca o que contravengan las disposiciones generales sobre actividades molestas, insalubres, nocivas, peligrosas o il\u00edcitas<\/p><\/blockquote>\n<p>Como vemos, un caso curioso que deja claro una cosa: <strong>un trastero no puede usarse para aparcar nuestros coches<\/strong>, sobre todo si no contamos con el benepl\u00e1cito del resto de vecinos del inmueble.<\/p>\n<p><!-- BREAK 8 --><\/p>\n<p>M\u00e1s informaci\u00f3n | <a rel=\"noopener, noreferrer\" href=\"https:\/\/www.poderjudicial.es\/cgpj\/es\/Poder-Judicial\/Noticias-Judiciales\/El-Tribunal-Supremo-estima-el-recurso-de-una-comunidad-y-prohibe-a-un-propietario-usar-el-trastero-como-plaza-de-aparcamiento\">Poder Judicial<\/a><\/p>\n<p><!-- BREAK 9 --><\/p>\n<p>Imagen portada | <a rel=\"noopener, noreferrer\" href=\"https:\/\/pxhere.com\/es\/photo\/906344\">PXHere<\/a><\/p>\n<p>En Xataka Smart Home | <a href=\"https:\/\/www.xatakahome.com\/seguridad-en-el-hogar\/6-000-euros-multa-colocar-camara-vigilancia-domicilio-esto-que-dice-aepd-tema\">Multa de 6.000 por poner una c\u00e1mara de vigilancia en un piso: la opini\u00f3n de la AEPD sobre el tema<\/a><\/p>\n<p><!-- BREAK 10 --><script>\n (function() {\n  window._JS_MODULES = window._JS_MODULES || {};\n  var headElement = document.getElementsByTagName('head')[0];\n  if (_JS_MODULES.instagram) {\n   var instagramScript = document.createElement('script');\n   instagramScript.src = 'https:\/\/platform.instagram.com\/en_US\/embeds.js';\n   instagramScript.async = true;\n   instagramScript.defer = true;\n   headElement.appendChild(instagramScript);\n  }\n })();\n<\/script><\/p>\n<p> &#8211; <br \/> La noticia<br \/>\n      <a href=\"https:\/\/www.xatakahome.com\/hogar\/usar-trastero-edificio-para-aparcar-coche-esta-sentencia-tribunal-supremo-ha-dejado-claro?utm_source=feedburner&amp;utm_medium=feed&amp;utm_campaign=07_Mar_2024\"><br \/>\n       <em> Usar el trastero del edificio para aparcar el coche: esta sentencia del Tribunal Supremo lo ha dejado claro  <\/em><br \/>\n      <\/a><br \/>\n      fue publicada originalmente en<br \/>\n      <a href=\"https:\/\/www.xatakahome.com\/?utm_source=feedburner&amp;utm_medium=feed&amp;utm_campaign=07_Mar_2024\"><br \/>\n       <strong> Xataka Smart Home <\/strong><br \/>\n      <\/a><br \/>\n            por <a href=\"https:\/\/www.xatakahome.com\/autor\/paco-rodriguez?utm_source=feedburner&amp;utm_medium=feed&amp;utm_campaign=07_Mar_2024\"><br \/>\n       Paco Rodriguez<br \/>\n      <\/a><br \/>\n      . <\/p>\n<\/div>\n","protected":false},"excerpt":{"rendered":"<p>En alguna ocasi\u00f3n quiz\u00e1 se nos haya ocurrido o hayamos visto como alg\u00fan vecino utiliza el trastero del edificio para apartar su veh\u00edculo particular, en un intento por no dejarlo a la intemperie y evitarse tener que adquirir una nueva plaza de garaje. Sin embargo, es una pr\u00e1ctica que est\u00e1 prohibida, como acaba de mostrar &hellip; <a href=\"https:\/\/domosistemas.com\/?p=23408\" class=\"more-link\">Sigue leyendo <span class=\"screen-reader-text\">Usar el trastero del edificio para aparcar el coche: esta sentencia del Tribunal Supremo lo ha dejado claro<\/span><\/a><\/p>\n","protected":false},"author":1,"featured_media":0,"comment_status":"closed","ping_status":"closed","sticky":false,"template":"","format":"standard","meta":{"footnotes":""},"categories":[8],"tags":[],"class_list":["post-23408","post","type-post","status-publish","format-standard","hentry","category-xataka"],"_links":{"self":[{"href":"https:\/\/domosistemas.com\/index.php?rest_route=\/wp\/v2\/posts\/23408","targetHints":{"allow":["GET"]}}],"collection":[{"href":"https:\/\/domosistemas.com\/index.php?rest_route=\/wp\/v2\/posts"}],"about":[{"href":"https:\/\/domosistemas.com\/index.php?rest_route=\/wp\/v2\/types\/post"}],"author":[{"embeddable":true,"href":"https:\/\/domosistemas.com\/index.php?rest_route=\/wp\/v2\/users\/1"}],"replies":[{"embeddable":true,"href":"https:\/\/domosistemas.com\/index.php?rest_route=%2Fwp%2Fv2%2Fcomments&post=23408"}],"version-history":[{"count":0,"href":"https:\/\/domosistemas.com\/index.php?rest_route=\/wp\/v2\/posts\/23408\/revisions"}],"wp:attachment":[{"href":"https:\/\/domosistemas.com\/index.php?rest_route=%2Fwp%2Fv2%2Fmedia&parent=23408"}],"wp:term":[{"taxonomy":"category","embeddable":true,"href":"https:\/\/domosistemas.com\/index.php?rest_route=%2Fwp%2Fv2%2Fcategories&post=23408"},{"taxonomy":"post_tag","embeddable":true,"href":"https:\/\/domosistemas.com\/index.php?rest_route=%2Fwp%2Fv2%2Ftags&post=23408"}],"curies":[{"name":"wp","href":"https:\/\/api.w.org\/{rel}","templated":true}]}}