{"id":23702,"date":"2024-04-01T07:08:00","date_gmt":"2024-04-01T07:08:00","guid":{"rendered":"https:\/\/domosistemas.com\/?p=23702"},"modified":"2024-04-01T07:08:00","modified_gmt":"2024-04-01T07:08:00","slug":"desde-hoy-1-de-abril-suben-los-impuestos-en-las-tarifas-de-la-luz-y-gas-estos-son-los-cambios-que-llegan-a-nuestras-facturas","status":"publish","type":"post","link":"https:\/\/domosistemas.com\/?p=23702","title":{"rendered":"Desde hoy 1 de abril suben los impuestos en las tarifas de la luz y gas: estos son los cambios que llegan a nuestras facturas"},"content":{"rendered":"<div>\n<p>\n      <img decoding=\"async\" src=\"https:\/\/i.blogs.es\/95d2e6\/alexander-jawfox-ng7yynar8hw-unsplash\/1024_2000.jpeg\" alt=\"Desde hoy 1 de abril suben los impuestos en las tarifas de la luz y gas: estos son los cambios que llegan a nuestras facturas\">\n    <\/p>\n<p>Este 2024 ha comenzado con la desaparici\u00f3n progresiva de las <strong>medidas contra la crisis energ\u00e9tica<\/strong> que ayudaron a contener los precios, incluido el IVA de la luz, que <a href=\"https:\/\/www.xatakahome.com\/iluminacion-y-energia\/suben-impuestos-luz-gas-pellets-este-iva-que-tendremos-que-pagar-2024\">volvi\u00f3 a subir del 5% al 10% en enero<\/a>, y en marzo <a href=\"https:\/\/www.xatakahome.com\/iluminacion-y-energia\/a-partir-marzo-2024-pagaremos-factura-luz-todo-tenemos-este-tipo-tarifa\">volvi\u00f3 otra vez al 21%<\/a>.<\/p>\n<p><!-- BREAK 1 --><\/p>\n<p>Esto ha supuesto un importante <strong>incremento en nuestras facturas el\u00e9ctricas<\/strong>, como pudimos calcular en <a href=\"https:\/\/www.xatakahome.com\/iluminacion-y-energia\/he-calculado-cuanto-subira-mi-factura-luz-a-partir-hoy-llegada-nuevo-iva-este-ha-sido-resultado\">este art\u00edculo<\/a>, con importes de hasta <strong>14 euros m\u00e1s<\/strong> en una factura media que rondase antes de la subida los 90 euros. Pero no ser\u00e1 la \u00fanica novedad que veremos este a\u00f1o.<\/p>\n<p><!-- BREAK 2 --><\/p>\n<div class=\"article-asset article-asset-normal article-asset-center\">\n<div class=\"desvio-container\">\n<div class=\"desvio\">\n<div class=\"desvio-figure js-desvio-figure\">\n    <a href=\"https:\/\/www.xatakahome.com\/a-fondo\/tres-millones-clientes-han-contratado-esta-tarifa-gas-para-ahorrar-que-barata-que-pasara-2024\"><br \/>\n     <img loading=\"lazy\" decoding=\"async\" alt=\"Tres millones de clientes han contratado esta tarifa de gas para ahorrar: por qu\u00e9 es la m\u00e1s barata y qu\u00e9 pasar\u00e1 en 2024\" width=\"375\" height=\"142\" src=\"https:\/\/i.blogs.es\/9e783f\/milada-vigerova-x7mqpoxujnw-unsplash\/375_142.webp\" onerror='this.src=\"https:\/\/i.blogs.es\/9e783f\/milada-vigerova-x7mqpoxujnw-unsplash\/375_142.jpeg\"'><br \/>\n    <\/a>\n   <\/div>\n<div class=\"desvio-summary\">\n<div class=\"desvio-taxonomy js-desvio-taxonomy\">\n     <a href=\"https:\/\/www.xatakahome.com\/a-fondo\/tres-millones-clientes-han-contratado-esta-tarifa-gas-para-ahorrar-que-barata-que-pasara-2024\" class=\"desvio-taxonomy-anchor\">En Xataka Smart Home<\/a>\n    <\/div>\n<p>    <a href=\"https:\/\/www.xatakahome.com\/a-fondo\/tres-millones-clientes-han-contratado-esta-tarifa-gas-para-ahorrar-que-barata-que-pasara-2024\" class=\"desvio-title js-desvio-title\">Tres millones de clientes han contratado esta tarifa de gas para ahorrar: por qu\u00e9 es la m\u00e1s barata y qu\u00e9 pasar\u00e1 en 2024<\/a>\n   <\/div>\n<\/p><\/div>\n<\/p><\/div>\n<\/div>\n<h2>Subidas de impuestos energ\u00e9ticos a partir de abril de 2024<\/h2>\n<p><strong>El IVA de la luz no es el \u00fanico impuesto<\/strong> que volver\u00e1 a los niveles anteriores a la crisis energ\u00e9tica, ya que hay otros que tambi\u00e9n han comenzado su particular \u00a0cuesta de enero.<\/p>\n<p><!-- BREAK 3 --><\/p>\n<p>Para empezar tenemos el <strong>Impuesto Especial sobre la Electricidad (IEE)<\/strong>, tambi\u00e9n conocido como impuesto el\u00e9ctrico, una tasa que gravaba el coste de la fabricaci\u00f3n de la electricidad con el <strong>5,113%<\/strong> del importe del t\u00e9rmino de consumo y potencia.<\/p>\n<p><!-- BREAK 4 --><\/p>\n<p>En junio de 2021 se rebaj\u00f3 al 0,5%, luego se prorrog\u00f3 esta reducci\u00f3n hasta el 30 de junio de 2022 y se mantuvo en el <strong>2,5% hasta el 31 de marzo <\/strong>de 2024, pero a partir de abril <strong>se situar\u00e1 en el 3,8%<\/strong>.<\/p>\n<p><!-- BREAK 5 --><\/p>\n<div class=\"article-asset-image article-asset-normal article-asset-center\">\n<div class=\"asset-content\">\n<div class=\"caption-img \">\n<p>   <img decoding=\"async\" alt=\"Luz\" class=\"centro_sinmarco\" src=\"https:\/\/i.blogs.es\/a027d5\/luz\/450_1000.webp\"><\/p>\n<p>        <span>Imagen: Nikola Johnny Mirkovic<\/span>\n   <\/div>\n<\/p><\/div>\n<\/div>\n<p>Otro impuesto que subir\u00e1 en abril es el <strong>Impuesto sobre el Valor de la Producci\u00f3n de la Energ\u00eda<\/strong> (IVPEE), que ten\u00eda<strong> un tipo del 3,5% hasta marzo<\/strong>, pasando a tener <a rel=\"noopener, noreferrer\" href=\"https:\/\/www.miteco.gob.es\/es\/prensa\/ultimas-noticias\/2023\/12\/el-gobierno-prorroga-las-medidas-energeticas-de-proteccion-por-l.html\" data-id=\"noopener, noreferrer\">un 5,25% hasta junio.<\/a><\/p>\n<p><!-- BREAK 6 --><\/p>\n<p>Adem\u00e1s, si somos usuarios de gas natural en casa, el IVA que estaba situado en el 10% durante los primeros tres meses del a\u00f1o <strong>volver\u00e1 a ser del 21% desde el d\u00eda 1 de abril de 2024.<\/strong><\/p>\n<p><!-- BREAK 7 --><\/p>\n<p><strong>En cuanto a la biomasa, <\/strong>en estos combustibles como los pellets, durante todo el ejercicio 2024 se mantendr\u00e1 un tipo reducido del <strong>IVA al 10%<\/strong> frente al 5% de 2023.<\/p>\n<p><!-- BREAK 8 --><\/p>\n<div class=\"article-asset-video article-asset-normal\">\n<div class=\"asset-content\">\n<div class=\"base-asset-video\">\n<div class=\"js-dailymotion\">\n    <script type=\"application\/json\">\n           {\"videoId\":\"x81h7p2\",\"autoplay\":true,\"title\":\"NUEVA FACTURA DE LA LUZ: TODO LO QUE DEBES SABER para AHORRAR AL M\u00c1XIMO\", \"tag\":\"\"}\n         <\/script>\n   <\/div>\n<\/p><\/div>\n<\/p><\/div>\n<\/div>\n<p>Adem\u00e1s, el Ejecutivo <a href=\"https:\/\/www.xatakahome.com\/iluminacion-y-energia\/suben-impuestos-luz-gas-pellets-este-iva-que-tendremos-que-pagar-2024\">decidi\u00f3 en diciembre de 2023<\/a> <strong>prolongar durante seis meses algunas medidas adicionales, como la prohibici\u00f3n de cortar los suministros de gas, agua y luz<\/strong> a los consumidores vulnerables, los descuentos del <a href=\"https:\/\/www.xatakahome.com\/iluminacion-y-energia\/bono-social-factura-luz-que-que-descuento-ofrece-requisitos-para-solicitarlo\">bono social el\u00e9ctrico <\/a>del 65% para los consumidores vulnerables, del 80% para los consumidores vulnerables severos y del 40% para los hogares trabajadores con bajos ingresos.<\/p>\n<p><!-- BREAK 9 --><\/p>\n<p>Imagen portada | <a rel=\"noopener, noreferrer\" href=\"https:\/\/unsplash.com\/es\/@jawfox_photography\">Alexander Jawfox<\/a><\/p>\n<p><!-- BREAK 10 --><\/p>\n<p>M\u00e1s informaci\u00f3n | <a rel=\"noopener, noreferrer\" href=\"https:\/\/www.google.com\/url?sa=t&amp;rct=j&amp;q=&amp;esrc=s&amp;source=web&amp;cd=&amp;cad=rja&amp;uact=8&amp;ved=2ahUKEwjI1_LpjeCEAxVJUqQEHRmgCFgQFnoECAIQAQ&amp;url=https%3A%2F%2Fwww.hacienda.gob.es%2FDocumentacion%2FPublico%2FGabineteMinistro%2FNotas%2520Prensa%2F2023%2FCONSEJO-DE-MINISTROS%2F27-12-23-NP-CM-RDL-ANTICRISIS.pdf&amp;usg=AOvVaw2EZGbhMrsikEHNs49EZSz1&amp;opi=89978449\" data-id=\"noopener, noreferrer\">Ministerio de Hacienda<\/a><\/p>\n<p><!-- BREAK 11 --><\/p>\n<p>En Xataka Smart Home | <a href=\"https:\/\/www.xatakahome.com\/iluminacion-y-energia\/suben-impuestos-luz-gas-pellets-este-iva-que-tendremos-que-pagar-2024\">Suben los impuestos de la luz, el gas y los pellets: este es el IVA que tendremos que pagar en 2024<\/a><\/p>\n<p><!-- BREAK 12 --><script>\n (function() {\n  window._JS_MODULES = window._JS_MODULES || {};\n  var headElement = document.getElementsByTagName('head')[0];\n  if (_JS_MODULES.instagram) {\n   var instagramScript = document.createElement('script');\n   instagramScript.src = 'https:\/\/platform.instagram.com\/en_US\/embeds.js';\n   instagramScript.async = true;\n   instagramScript.defer = true;\n   headElement.appendChild(instagramScript);\n  }\n })();\n<\/script><\/p>\n<p> &#8211; <br \/> La noticia<br \/>\n      <a href=\"https:\/\/www.xatakahome.com\/iluminacion-y-energia\/despues-semana-santa-suben-impuestos-tarifas-luz-gas-estos-cambios-que-veremos-a-partir-hoy?utm_source=feedburner&amp;utm_medium=feed&amp;utm_campaign=01_Apr_2024\"><br \/>\n       <em> Desde hoy 1 de abril suben los impuestos en las tarifas de la luz y gas: estos son los cambios que llegan a nuestras facturas <\/em><br \/>\n      <\/a><br \/>\n      fue publicada originalmente en<br \/>\n      <a href=\"https:\/\/www.xatakahome.com\/?utm_source=feedburner&amp;utm_medium=feed&amp;utm_campaign=01_Apr_2024\"><br \/>\n       <strong> Xataka Smart Home <\/strong><br \/>\n      <\/a><br \/>\n            por <a href=\"https:\/\/www.xatakahome.com\/autor\/paco-rodriguez?utm_source=feedburner&amp;utm_medium=feed&amp;utm_campaign=01_Apr_2024\"><br \/>\n       Paco Rodriguez<br \/>\n      <\/a><br \/>\n      . <\/p>\n<\/div>\n","protected":false},"excerpt":{"rendered":"<p>Este 2024 ha comenzado con la desaparici\u00f3n progresiva de las medidas contra la crisis energ\u00e9tica que ayudaron a contener los precios, incluido el IVA de la luz, que volvi\u00f3 a subir del 5% al 10% en enero, y en marzo volvi\u00f3 otra vez al 21%. Esto ha supuesto un importante incremento en nuestras facturas el\u00e9ctricas, &hellip; <a href=\"https:\/\/domosistemas.com\/?p=23702\" class=\"more-link\">Sigue leyendo <span class=\"screen-reader-text\">Desde hoy 1 de abril suben los impuestos en las tarifas de la luz y gas: estos son los cambios que llegan a nuestras facturas<\/span><\/a><\/p>\n","protected":false},"author":1,"featured_media":0,"comment_status":"closed","ping_status":"closed","sticky":false,"template":"","format":"standard","meta":{"footnotes":""},"categories":[8],"tags":[],"class_list":["post-23702","post","type-post","status-publish","format-standard","hentry","category-xataka"],"_links":{"self":[{"href":"https:\/\/domosistemas.com\/index.php?rest_route=\/wp\/v2\/posts\/23702","targetHints":{"allow":["GET"]}}],"collection":[{"href":"https:\/\/domosistemas.com\/index.php?rest_route=\/wp\/v2\/posts"}],"about":[{"href":"https:\/\/domosistemas.com\/index.php?rest_route=\/wp\/v2\/types\/post"}],"author":[{"embeddable":true,"href":"https:\/\/domosistemas.com\/index.php?rest_route=\/wp\/v2\/users\/1"}],"replies":[{"embeddable":true,"href":"https:\/\/domosistemas.com\/index.php?rest_route=%2Fwp%2Fv2%2Fcomments&post=23702"}],"version-history":[{"count":0,"href":"https:\/\/domosistemas.com\/index.php?rest_route=\/wp\/v2\/posts\/23702\/revisions"}],"wp:attachment":[{"href":"https:\/\/domosistemas.com\/index.php?rest_route=%2Fwp%2Fv2%2Fmedia&parent=23702"}],"wp:term":[{"taxonomy":"category","embeddable":true,"href":"https:\/\/domosistemas.com\/index.php?rest_route=%2Fwp%2Fv2%2Fcategories&post=23702"},{"taxonomy":"post_tag","embeddable":true,"href":"https:\/\/domosistemas.com\/index.php?rest_route=%2Fwp%2Fv2%2Ftags&post=23702"}],"curies":[{"name":"wp","href":"https:\/\/api.w.org\/{rel}","templated":true}]}}