{"id":23725,"date":"2024-04-02T12:08:02","date_gmt":"2024-04-02T12:08:02","guid":{"rendered":"https:\/\/domosistemas.com\/?p=23725"},"modified":"2024-04-02T12:08:02","modified_gmt":"2024-04-02T12:08:02","slug":"si-tienes-este-tipo-de-conexion-en-casa-en-unos-dias-puedes-quedarte-sin-internet-este-es-el-motivo-y-lo-que-puedes-hacer","status":"publish","type":"post","link":"https:\/\/domosistemas.com\/?p=23725","title":{"rendered":"Si tienes este tipo de conexi\u00f3n en casa, en unos d\u00edas puedes quedarte sin Internet: este es el motivo y lo que puedes hacer"},"content":{"rendered":"<div>\n<p>\n      <img decoding=\"async\" src=\"https:\/\/i.blogs.es\/d9e8e5\/pexels-brett-sayles-4280696\/1024_2000.jpeg\" alt=\"Si tienes este tipo de conexi\u00f3n en casa, en unos d\u00edas puedes quedarte sin Internet: este es el motivo y lo que puedes hacer \">\n    <\/p>\n<p>No por conocido deja de ser noticia. Ya <a href=\"https:\/\/www.xataka.com\/servicios\/adios-definitivo-al-adsl-ultima-central-cobre-tiene-fecha-cierre\">sab\u00edamos desde hace meses<\/a> que Telef\u00f3nica afronta el <a rel=\"noopener, noreferrer\" href=\"https:\/\/www.telefonica.com\/es\/sala-comunicacion\/prensa\/telefonica-cierra-todas-sus-centrales-de-cobre-y-pone-rumbo-a-su-centenario\/\">cierre de sus centrales de cobre<\/a>. Quiz\u00e1s esto te indique mucho pero es un paso m\u00e1s para dejar de lado los servicios que hasta ahora prestaba. Dicho de otra forma, es la forma en la que <strong>muchos hemos tenido acceso a Internet gracias al ADSL.<\/strong><\/p>\n<p><!-- BREAK 1 --><\/p>\n<p>Sin embargo el tiempo pasa r\u00e1pidamente y ha llegado el momento en el que la \u00a0empresa <strong>cerrar\u00e1 todas las centrales de cobre<\/strong> que a\u00fan queda, lo que se traduce en que hay usuarios que perder\u00e1n el acceso a Internet. la fecha marcada ser\u00e1 el 19 de abril y esto es lo que desde Telef\u00f3nica nos han dicho al respecto.<\/p>\n<p><!-- BREAK 2 --><\/p>\n<h2>Del cobre a la fibra<\/h2>\n<div class=\"article-asset-image article-asset-normal article-asset-center\">\n<div class=\"asset-content\">\n<div class=\"caption-img \">\n<p>   <img decoding=\"async\" alt=\"Cobre\" class=\"centro_sinmarco\" src=\"https:\/\/i.blogs.es\/d51375\/cobre\/450_1000.webp\"><\/p>\n<p>        <span>Imagen | Archivo hist\u00f3rico de Telef\u00f3nica (autor desconocido)<\/span>\n   <\/div>\n<\/p><\/div>\n<\/div>\n<p>Coincidiendo con la celebraci\u00f3n del centenario de la empresa, la operadora afronta un nuevo paso en su largo camino. <strong>A partir del 19 de abril<\/strong> cerrar\u00e1 todas las centrales de cobre y esto se traduce en que habr\u00e1 usuarios que se queden sin soporte a no ser que esas l\u00edneas hayan dado el salto a la fibra.<\/p>\n<p><!-- BREAK 3 --><\/p>\n<div class=\"article-asset-video article-asset-normal\">\n<div class=\"asset-content\">\n<div class=\"base-asset-video\">\n<div class=\"js-dailymotion\">\n    <script type=\"application\/json\">\n           {\"videoId\":\"x7zmxm2\",\"autoplay\":true,\"title\":\"CONSEJOS para elegir LA MEJOR TARIFA de FIBRA y MO\u0301VIL\", \"tag\":\"\"}\n         <\/script>\n   <\/div>\n<\/p><\/div>\n<\/p><\/div>\n<\/div>\n<p><strong>Coincidiendo con el primer siglo de vida de la empresa<\/strong> con este salto a lo digital se cerrar\u00e1n un total 8.532 centrales, con los \u00faltimo 3.329 que se suman a los 5.203 cierres ya comunicados para hacer efectivo apagado total del cobre.<\/p>\n<p><!-- BREAK 4 --><\/p>\n<p>Esto quiere decir que <strong>la tecnolog\u00eda que ha hecho posible el ADSL va a desaparecer<\/strong> dentro de unos d\u00edas. Y aunque la fibra est\u00e1 actualmente presente en una inmensa mayor\u00eda de los hogares (son 17,4 millones de l\u00edneas de banda ancha en Espa\u00f1a de las cuales solo 0,4 son de xDSL), los usuarios que a\u00fan siguen con el cobre ver\u00e1n como pueden perder el acceso a Internet.<\/p>\n<p><!-- BREAK 5 --><\/p>\n<p>Y es que <strong>la fibra ya tiene una amplia cobertura en nuestro pa\u00eds<\/strong>. La cifra alcanza el <a rel=\"noopener, noreferrer\" href=\"https:\/\/avancedigital.mineco.gob.es\/banda-ancha\/cobertura\/Paginas\/informacion-cobertura.aspx\" data-id=\"noopener noreferrer\">89,97%<\/a> del territorio espa\u00f1ol seg\u00fan la Secretar\u00eda de Estado de Telecomunicaciones e Infraestructuras Digitales .<\/p>\n<p><!-- BREAK 6 --><\/p>\n<div class=\"article-asset article-asset-normal article-asset-center\">\n<div class=\"desvio-container\">\n<div class=\"desvio\">\n<div class=\"desvio-figure js-desvio-figure\">\n    <a href=\"https:\/\/www.xatakahome.com\/a-fondo\/que-fibra-llegue-a-hogares-proceso-largo-esto-todo-que-hay-que-hacer-tener-internet-casa\"><br \/>\n     <img loading=\"lazy\" decoding=\"async\" alt=\"Nadie dijo que sea f\u00e1cil y que la fibra \u00f3ptica llegue a casa es un proceso lleno de pasos. Esto es todo lo que hace falta\" width=\"375\" height=\"142\" src=\"https:\/\/i.blogs.es\/a08b76\/fibra\/375_142.webp\" onerror='this.src=\"https:\/\/i.blogs.es\/a08b76\/fibra\/375_142.jpeg\"'><br \/>\n    <\/a>\n   <\/div>\n<div class=\"desvio-summary\">\n<div class=\"desvio-taxonomy js-desvio-taxonomy\">\n     <a href=\"https:\/\/www.xatakahome.com\/a-fondo\/que-fibra-llegue-a-hogares-proceso-largo-esto-todo-que-hay-que-hacer-tener-internet-casa\" class=\"desvio-taxonomy-anchor\">En Xataka Smart Home<\/a>\n    <\/div>\n<p>    <a href=\"https:\/\/www.xatakahome.com\/a-fondo\/que-fibra-llegue-a-hogares-proceso-largo-esto-todo-que-hay-que-hacer-tener-internet-casa\" class=\"desvio-title js-desvio-title\">Nadie dijo que sea f\u00e1cil y que la fibra \u00f3ptica llegue a casa es un proceso lleno de pasos. Esto es todo lo que hace falta<\/a>\n   <\/div>\n<\/p><\/div>\n<\/p><\/div>\n<\/div>\n<p>No obstante, hemos contactado con Telef\u00f3nica al respecto y nos han indicado <strong>cu\u00e1les son los m\u00e9todos por los cuales est\u00e1n avisando<\/strong> a los usuarios del cese del servicio para que no los pille por sorpresa.<\/p>\n<p><!-- BREAK 7 --><\/p>\n<ul>\n<li>Una carta en la que avisan del cambio<\/li>\n<li>Aviso en las facturas<\/li>\n<li>Env\u00edo de SMS<\/li>\n<li>Aviso con llamada telef\u00f3nica<\/li>\n<li>Aviso por medio de burofax antes del corte del servicio<\/li>\n<\/ul>\n<p><strong>El contacto por Burofax<\/strong>, que tiene la consideraci\u00f3n de comunicaci\u00f3n oficial, es el \u00faltimo paso, ya que primero la operadora ha intentado ponerse en contacto por carta, luego por factura y m\u00e1s tarde con un mensaje de SMS e incluso y en \u00faltima instancia con una llamada telef\u00f3nica de aviso.<\/p>\n<p><!-- BREAK 8 --><\/p>\n<h2>A\u00fan quedan clientes con ADSL&#8230; pocos pero hay<\/h2>\n<div class=\"article-asset-image article-asset-normal article-asset-center\">\n<div class=\"asset-content\">\n<div class=\"caption-img \">\n<p>   <img decoding=\"async\" alt=\"Punto De Comparticion\" class=\"centro_sinmarco\" src=\"https:\/\/i.blogs.es\/ea0d07\/punto-de-comparticion\/450_1000.webp\"><\/p>\n<p>        <span>Punto De Compartici\u00f3n<\/span>\n   <\/div>\n<\/p><\/div>\n<\/div>\n<p>De hecho, en los foros de la comunidad de Movistar referidos al ADSL usuarios afirman que <a rel=\"noopener, noreferrer\" href=\"https:\/\/comunidad.movistar.es\/t5\/forums\/searchpage\/tab\/message?filter=dateRangeType&amp;q=adsl&amp;rangeTime=1w&amp;collapse_discussion=true\">han recibido este SMS<\/a> comunicando el cambio. A fecha de enero de 2024 <strong>a\u00fan quedan 444.000 clientes<\/strong> (estos clientes engloban a todas las operadoras) seg\u00fan datos de la <a rel=\"noopener, noreferrer\" href=\"https:\/\/data.cnmc.es\/telecomunicaciones-y-sector-audiovisual\/conjuntos-de-datos\/datos-mensuales\/telecomunicaciones\">CNMC<\/a> que siguen contando con acceso a Internet v\u00eda ADSL.<\/p>\n<p><!-- BREAK 9 --><\/p>\n<div class=\"article-asset-image article-asset-normal article-asset-center\">\n<div class=\"asset-content\">\n<div class=\"caption-img \">\n                    <a rel=\"noopener, noreferrer\" href=\"https:\/\/data.cnmc.es\/telecomunicaciones-y-sector-audiovisual\/conjuntos-de-datos\/datos-mensuales\/telecomunicaciones\"><\/p>\n<p>    <img decoding=\"async\" alt=\"L\u00edneas\" class=\"centro_sinmarco\" src=\"https:\/\/i.blogs.es\/e765b0\/captura-de-pantalla-2024-04-02-a-las-12.25.14\/450_1000.webp\"><br \/>\n     <\/a><\/p>\n<p>        <span>Imagen |\u00a0CNMC<\/span>\n   <\/div>\n<\/p><\/div>\n<\/div>\n<p>De esos m\u00e1s de 400.000 clientes, <strong>unas 286.000 l\u00edneas corresponden a Telef\u00f3nica<\/strong> seg\u00fan <a rel=\"noopener, noreferrer\" href=\"https:\/\/bandaancha.eu\/articulos\/444-mil-lineas-adsl-estan-punto-quedarse-10892\" data-id=\"noopener, noreferrer\">Banda Ancha<\/a>, con datos del tercer trimestre de 2023. El resto corresponden a 241.000 l\u00edneas que tiene Orange y unas 14.000 de Vodafone.<\/p>\n<p><!-- BREAK 10 --><\/p>\n<p>Desde la empresa afirman que en estos casos <strong>si no es posible pasarse a la fibra<\/strong>, a los clientes se le ofrece usar el sat\u00e9lite o radio m\u00f3vil: \u00abm\u00e1s del 90% de las migraciones se est\u00e1 haciendo a fibra, pero cuando no es posible (por el motivo que sea), se les ofrece sat\u00e9lite o radio m\u00f3vil\u00bb.<\/p>\n<p><!-- BREAK 11 --><\/p>\n<div class=\"article-asset article-asset-normal article-asset-center\">\n<div class=\"desvio-container\">\n<div class=\"desvio\">\n<div class=\"desvio-figure js-desvio-figure\">\n    <a href=\"https:\/\/www.xatakahome.com\/la-red-local\/nueve-consejos-a-tener-cuenta-conexion-fibra-no-te-va-a-tope-cable\"><br \/>\n     <img loading=\"lazy\" decoding=\"async\" alt=\"Nueve consejos a tener en cuenta si la conexi\u00f3n de fibra no te va a tope ni por cable \" width=\"375\" height=\"142\" src=\"https:\/\/i.blogs.es\/81e46f\/cable\/375_142.webp\" onerror='this.src=\"https:\/\/i.blogs.es\/81e46f\/cable\/375_142.jpeg\"'><br \/>\n    <\/a>\n   <\/div>\n<div class=\"desvio-summary\">\n<div class=\"desvio-taxonomy js-desvio-taxonomy\">\n     <a href=\"https:\/\/www.xatakahome.com\/la-red-local\/nueve-consejos-a-tener-cuenta-conexion-fibra-no-te-va-a-tope-cable\" class=\"desvio-taxonomy-anchor\">En Xataka Smart Home<\/a>\n    <\/div>\n<p>    <a href=\"https:\/\/www.xatakahome.com\/la-red-local\/nueve-consejos-a-tener-cuenta-conexion-fibra-no-te-va-a-tope-cable\" class=\"desvio-title js-desvio-title\">Nueve consejos a tener en cuenta si la conexi\u00f3n de fibra no te va a tope ni por cable <\/a>\n   <\/div>\n<\/p><\/div>\n<\/p><\/div>\n<\/div>\n<p><strong>Esta migraci\u00f3n afecta solo<\/strong>, y eso es importante recordarlo, <strong>a los clientes de Telef\u00f3nica<\/strong> que ahora mismo sigan usando el servicio de ADSL. Como me ha contado nuestra compa\u00f1era Laura Sacrist\u00e1n, \u00abOrange, por ejemplo, seguir\u00e1 dando servicio de ADSL hasta 2025\u00bb.<\/p>\n<p><!-- BREAK 12 --><\/p>\n<p>Lo que queda por saber es qu\u00e9 ocurrir\u00e1 con aquellos clientes a los que no les ha llegado el aviso o a los que no han podido localizar. En el diario <a rel=\"noopener, noreferrer\" href=\"https:\/\/www.elmundo.es\/economia\/empresas\/2024\/03\/30\/6604001d21efa07b268b45b1.html\" data-id=\"noopener, noreferrer\">El Mundo<\/a> cuentan como Telef\u00f3nica <strong>no ha sido capaz de avisar a todos los clientes<\/strong> que est\u00e1n afectados. Desde la operadora han informado a nuestros compa\u00f1eros de <a href=\"https:\/\/www.xataka.com\/servicios\/adsl-desaparece-definitivamente-este-mes-a-400-000-usuarios-les-va-a-pillar-sorpresa\">Xataka<\/a> \u00abque s\u00ed los tienen localizados, pero que todav\u00eda no han confirmado qu\u00e9 van a hacer cuando se les acabe el ADSL\u00bb.<\/p>\n<p><!-- BREAK 13 --><\/p>\n<p>Dicho esto y aunque el ADSL a\u00fan ocupa un lugar en el mapa, en el mercado se puede acceder a <strong>alternativas mejores<\/strong>, incluso en aquellos casos en los que no se puede acceder a una conexi\u00f3n por fibra. Desde las <a href=\"https:\/\/www.xatakahome.com\/la-red-local\/movistar-mejora-su-conexion-a-internet-via-satelite-ha-hecho-doblando-velocidad-bajando-precio\">conexiones v\u00eda sat\u00e9lite<\/a> como las que ofrece la propia Movistar o a la <a href=\"https:\/\/www.xatakahome.com\/la-red-local\/al-puro-estilo-starlink-asi-llegara-internet-a-espana-vaciada-satelites-ayudas-para-usuarios-finales\">conexi\u00f3n subvencionada<\/a>, tambi\u00e9n por sat\u00e9lite, que ofrece 100 Mbps, mucho m\u00e1s que cualquier ADSL por 35 euros al mes. Y eso por no hablar de <a href=\"https:\/\/www.xatakahome.com\/la-red-local\/starlink-rebaja-precio-su-tarifa-espana-nuevo-plan-economico-para-internet-satelital-elon-musk\">Starlink<\/a>.<\/p>\n<p><!-- BREAK 14 --><\/p>\n<p>Imagen de portada | <a rel=\"noopener, noreferrer\" href=\"https:\/\/www.pexels.com\/es-es\/foto\/azul-amarillo-desnudo-pelado-4280696\/\">Brett Sayles<\/a><\/p>\n<p><!-- BREAK 15 --><\/p>\n<p>En Xataka SmartHome | <a href=\"https:\/\/www.xatakahome.com\/la-red-local\/como-saber-tu-conexion-fibra-usa-cg-nat-que-operadores-usan-como-evitarlo-como-puede-no-perjudicarte\">C\u00f3mo saber si tu conexi\u00f3n de fibra usa CG-NAT, qu\u00e9 operadores la emplean, c\u00f3mo evitarlo y c\u00f3mo puede o no perjudicarte<\/a><\/p>\n<p><!-- BREAK 16 --><script>\n (function() {\n  window._JS_MODULES = window._JS_MODULES || {};\n  var headElement = document.getElementsByTagName('head')[0];\n  if (_JS_MODULES.instagram) {\n   var instagramScript = document.createElement('script');\n   instagramScript.src = 'https:\/\/platform.instagram.com\/en_US\/embeds.js';\n   instagramScript.async = true;\n   instagramScript.defer = true;\n   headElement.appendChild(instagramScript);\n  }\n })();\n<\/script><\/p>\n<p> &#8211; <br \/> La noticia<br \/>\n      <a href=\"https:\/\/www.xatakahome.com\/la-red-local\/tienes-este-tipo-conexion-casa-unos-dias-puedes-quedarte-internet-este-motivo-que-puedes-hacer?utm_source=feedburner&amp;utm_medium=feed&amp;utm_campaign=02_Apr_2024\"><br \/>\n       <em> Si tienes este tipo de conexi\u00f3n en casa, en unos d\u00edas puedes quedarte sin Internet: este es el motivo y lo que puedes hacer  <\/em><br \/>\n      <\/a><br \/>\n      fue publicada originalmente en<br \/>\n      <a href=\"https:\/\/www.xatakahome.com\/?utm_source=feedburner&amp;utm_medium=feed&amp;utm_campaign=02_Apr_2024\"><br \/>\n       <strong> Xataka Smart Home <\/strong><br \/>\n      <\/a><br \/>\n            por <a href=\"https:\/\/www.xatakahome.com\/autor\/jose-antonio-carmona?utm_source=feedburner&amp;utm_medium=feed&amp;utm_campaign=02_Apr_2024\"><br \/>\n       Jose Antonio Carmona<br \/>\n      <\/a><br \/>\n      . <\/p>\n<\/div>\n","protected":false},"excerpt":{"rendered":"<p>No por conocido deja de ser noticia. Ya sab\u00edamos desde hace meses que Telef\u00f3nica afronta el cierre de sus centrales de cobre. Quiz\u00e1s esto te indique mucho pero es un paso m\u00e1s para dejar de lado los servicios que hasta ahora prestaba. Dicho de otra forma, es la forma en la que muchos hemos tenido &hellip; <a href=\"https:\/\/domosistemas.com\/?p=23725\" class=\"more-link\">Sigue leyendo <span class=\"screen-reader-text\">Si tienes este tipo de conexi\u00f3n en casa, en unos d\u00edas puedes quedarte sin Internet: este es el motivo y lo que puedes hacer<\/span><\/a><\/p>\n","protected":false},"author":1,"featured_media":0,"comment_status":"closed","ping_status":"closed","sticky":false,"template":"","format":"standard","meta":{"footnotes":""},"categories":[8],"tags":[],"class_list":["post-23725","post","type-post","status-publish","format-standard","hentry","category-xataka"],"_links":{"self":[{"href":"https:\/\/domosistemas.com\/index.php?rest_route=\/wp\/v2\/posts\/23725","targetHints":{"allow":["GET"]}}],"collection":[{"href":"https:\/\/domosistemas.com\/index.php?rest_route=\/wp\/v2\/posts"}],"about":[{"href":"https:\/\/domosistemas.com\/index.php?rest_route=\/wp\/v2\/types\/post"}],"author":[{"embeddable":true,"href":"https:\/\/domosistemas.com\/index.php?rest_route=\/wp\/v2\/users\/1"}],"replies":[{"embeddable":true,"href":"https:\/\/domosistemas.com\/index.php?rest_route=%2Fwp%2Fv2%2Fcomments&post=23725"}],"version-history":[{"count":0,"href":"https:\/\/domosistemas.com\/index.php?rest_route=\/wp\/v2\/posts\/23725\/revisions"}],"wp:attachment":[{"href":"https:\/\/domosistemas.com\/index.php?rest_route=%2Fwp%2Fv2%2Fmedia&parent=23725"}],"wp:term":[{"taxonomy":"category","embeddable":true,"href":"https:\/\/domosistemas.com\/index.php?rest_route=%2Fwp%2Fv2%2Fcategories&post=23725"},{"taxonomy":"post_tag","embeddable":true,"href":"https:\/\/domosistemas.com\/index.php?rest_route=%2Fwp%2Fv2%2Ftags&post=23725"}],"curies":[{"name":"wp","href":"https:\/\/api.w.org\/{rel}","templated":true}]}}