{"id":23748,"date":"2024-04-03T14:57:30","date_gmt":"2024-04-03T14:57:30","guid":{"rendered":"https:\/\/domosistemas.com\/?p=23748"},"modified":"2024-04-03T14:57:30","modified_gmt":"2024-04-03T14:57:30","slug":"las-personas-mayores-de-65-anos-pueden-pagar-menos-en-su-factura-de-la-luz-como-solicitar-el-bono-social-termico-y-electrico","status":"publish","type":"post","link":"https:\/\/domosistemas.com\/?p=23748","title":{"rendered":"Las personas mayores de 65 a\u00f1os pueden pagar menos en su factura de la luz: c\u00f3mo solicitar el Bono Social T\u00e9rmico y El\u00e9ctrico"},"content":{"rendered":"<div>\n<p>\n      <img decoding=\"async\" src=\"https:\/\/i.blogs.es\/bccd8a\/joel-henry-pdiwpl3hu2s-unsplash\/1024_2000.jpeg\" alt=\"Las personas mayores de 65 a\u00f1os pueden pagar menos en su factura de la luz: c\u00f3mo solicitar el Bono Social T\u00e9rmico y El\u00e9ctrico \">\n    <\/p>\n<p>Entre las ayudas que facilita el Gobierno de Espa\u00f1a, el Bono Social T\u00e9rmico y El\u00e9ctrico es una gran opci\u00f3n para aquellas familias vulnerables que necesiten <strong>un descuento en su factura de la luz<\/strong>. Para solicitarlo hay que cumplir una serie de requisitos que ya explicamos en un art\u00edculo centrado en <a href=\"https:\/\/www.xatakahome.com\/a-fondo\/bono-social-termico-electrico-2023-como-solicitar-estas-ayudas-para-electricidad-calefaccion\">c\u00f3mo solicitar esta ayuda social<\/a>.<\/p>\n<p><!-- BREAK 1 --><\/p>\n<p>Entre las personas que pueden solicitar este bono social tambi\u00e9n se encuentran las personas mayores de 65 a\u00f1os. Por ello mismo, si te encuentras en esta franja de edad y quieres obtener un descuento en tu factura de la luz, bajo estas l\u00edneas te contamos <strong>cu\u00e1les son los requisitos que debes cumplir para solicitar esta ayuda<\/strong>.<\/p>\n<p><!-- BREAK 2 --><\/p>\n<h2>\u00bfQu\u00e9 es el Bono Social T\u00e9rmico y El\u00e9ctrico?<\/h2>\n<p>El Bono Social El\u00e9ctrico y el T\u00e9rmico es un programa de ayuda econ\u00f3mica que se ofrece a <strong>las familias con bajos ingresos y m\u00e1s vulnerables<\/strong> para que puedan hacer frente a los gastos de luz y calefacci\u00f3n en los meses m\u00e1s fr\u00edos del a\u00f1o. Son programas que est\u00e1n dise\u00f1ados para proporcionar asistencia a las personas que tienen dificultades para pagar sus facturas de luz y calefacci\u00f3n y para reducir el impacto de la pobreza energ\u00e9tica.<\/p>\n<p><!-- BREAK 3 --><\/p>\n<div class=\"article-asset-image article-asset-normal article-asset-center\">\n<div class=\"asset-content\">\n<div class=\"caption-img \">\n<p>   <img decoding=\"async\" alt=\"radiador\" class=\"centro_sinmarco\" src=\"https:\/\/i.blogs.es\/694ee5\/julian-hochgesang-ihx1ldtngxw-unsplash\/450_1000.webp\"><\/p>\n<p>        <span>Imagen: Julian Hochgesang (Unsplash)<\/span>\n   <\/div>\n<\/p><\/div>\n<\/div>\n<p>Tal y como se explica en <a rel=\"noopener, noreferrer\" href=\"https:\/\/www.bonosocial.gob.es\/#inicio\">la web oficial<\/a> del Ministerio para la Transici\u00f3n Ecol\u00f3gica y el Reto Demogr\u00e1fico, es una ayuda directa que beneficia a aquellos que ya se acogen al bono social el\u00e9ctrico, y que pueden as\u00ed obtener <strong>un descuento en la factura de la luz<\/strong>. Este descuento puede ser aplicable, por ejemplo, para reducir los gastos de la calefacci\u00f3n de casa o el agua caliente sanitaria.<\/p>\n<p><!-- BREAK 4 --><\/p>\n<p>Para acceder al Bono Social T\u00e9rmico <strong>debemos haber solicitado antes la ayuda del bono social el\u00e9ctrico<\/strong>. Una vez te lo hayan concedido, el Bono Social T\u00e9rmico se abona directamente a los usuarios con cargo a los Presupuestos Generales del Estado y son las Comunidades Aut\u00f3nomas las encargadas de gestionarlo.<\/p>\n<p><!-- BREAK 5 --><\/p>\n<p>Los requisitos que deben cumplir los usuarios para ser categorizados como \u201cvulnerables\u201d son los siguientes:<\/p>\n<p><!-- BREAK 6 --><\/p>\n<ul>\n<li>Que su renta o la renta conjunta anual de la unidad de convivencia a que pertenezca sea \u2264 1,5 x IPREM de 14 pagas. Cuando la unidad de convivencia est\u00e9 formada por m\u00e1s de una persona, el multiplicador de renta respecto al \u00edndice IPREM de 14 pagas se incrementar\u00e1 en 0,3 por cada miembro adicional mayor de edad que conforme la unidad de convivencia y 0,5 por cada menor de edad de la unidad de convivencia.<\/li>\n<li>O bien, que se est\u00e9 en posesi\u00f3n del t\u00edtulo de familia numerosa.<\/li>\n<li>O bien que el consumidor o todos los miembros que tienen ingresos en la unidad de convivencia sean pensionistas del Sistema de la Seguridad Social (jubilaci\u00f3n o incapacidad permanente), percibiendo por ello la cuant\u00eda m\u00ednima vigente en cada momento, para dichas clases de pensi\u00f3n, y no percibir otros ingresos cuya cuant\u00eda agregada anual supere los 500 euros.<\/li>\n<li>O bien que el consumidor o alg\u00fan miembro de su unidad de convivencia sea beneficiario del Ingreso M\u00ednimo Vital conforme a lo establecido en la Ley 19\/2021, de 20 de diciembre, por la que se establece el ingreso m\u00ednimo vital<\/li>\n<\/ul>\n<p>De esta manera, <strong>las personas adultas mayores que est\u00e9n jubiladas, tambi\u00e9n pueden solicitar este Bono Social T\u00e9rmico<\/strong> para obtener un descuento en su factura de la luz. Otros supuestos que tambi\u00e9n son elegibles para este programa de ayudas son los consumidores \u201cvulnerables severos\u201d y los que est\u00e1n en \u201criesgo de exclusi\u00f3n social\u201d. Bajo estas l\u00edneas te dejamos con los requisitos para ser considerado como tal.<\/p>\n<p><!-- BREAK 7 --><\/p>\n<div class=\"article-asset-video article-asset-normal\">\n<div class=\"asset-content\">\n<div class=\"base-asset-video\">\n<div class=\"js-dailymotion\">\n    <script type=\"application\/json\">\n           {\"videoId\":\"x88tf3k\",\"autoplay\":true,\"title\":\"AHORRA EN TU FACTURA DE LA LUZ: Las MEJORES OPCIONES para conocer los PRECIOS EN TU M\u00d3VIL\", \"tag\":\"webedia-prod\"}\n         <\/script>\n   <\/div>\n<\/p><\/div>\n<\/p><\/div>\n<\/div>\n<h2>Consumidor vulnerable severo<\/h2>\n<ul>\n<li>Percibir una renta anual \u2264 50% de los umbrales establecidos para ser considerado consumidor vulnerable, incluyendo, en su caso, el incremento previsto para los casos en los que concurran las \u00abcircunstancias especiales\u00bb.<\/li>\n<li>Si posee el t\u00edtulo de familia numerosa, la unidad de convivencia debe percibir una renta anual \u2264 2 x IPREM de 14 pagas: 16.800\u20ac.<\/li>\n<li>Si el consumidor o todos los miembros que tienen ingresos en la unidad de convivencia perciben pensi\u00f3n m\u00ednima, y no perciben otros ingresos cuya cuant\u00eda agregada anual supere los 500 euros, el consumidor o la unidad de convivencia a la que pertenezca debe percibir una renta anual \u2264 1 x IPREM de 14 pagas: 8.400\u20ac.<\/li>\n<li>Si el consumidor o alg\u00fan miembro de su unidad de convivencia es beneficiario del Ingreso M\u00ednimo Vital, se aplicar\u00e1n los criterios de renta definidos en el primer punto.<\/li>\n<\/ul>\n<h2>Consumidor en riesgo de exclusi\u00f3n social<\/h2>\n<p>Para ser considerado consumidor en riesgo de exclusi\u00f3n social, el titular del contrato debe cumplir con los requisitos para ser considerado vulnerable severo y, adem\u00e1s, ser atendido por los servicios sociales de una Administraci\u00f3n P\u00fablica (auton\u00f3mica o local) que financien al menos el 50% del importe de su factura a PVPC. En caso de imposibilidad temporal para hacer frente al pago, no se podr\u00e1 interrumpir el suministro el\u00e9ctrico.<\/p>\n<p><!-- BREAK 8 --><\/p>\n<h2>Circunstancias especiales<\/h2>\n<ul>\n<li>Que el consumidor o alguno de los miembros de la unidad de convivencia tenga discapacidad reconocida igual o superior al 33%.<\/li>\n<li>Que el consumidor o alguno de los miembros de la unidad de convivencia acredite la situaci\u00f3n de violencia de g\u00e9nero.<\/li>\n<li>Que el consumidor o alguno de los miembros de la unidad de convivencia tenga la condici\u00f3n de v\u00edctima de terrorismo.<\/li>\n<li>Que el consumidor o alguno de los miembros de la unidad de convivencia se encuentre en situaci\u00f3n de dependencia reconocida de grado II o III.<\/li>\n<li>Que el consumidor acredite que la unidad de convivencia est\u00e1 integrada por un \u00fanico progenitor y, al menos, un menor (familias monoparentales).<\/li>\n<\/ul>\n<div class=\"article-asset article-asset-normal article-asset-center\">\n<div class=\"desvio-container\">\n<div class=\"desvio\">\n<div class=\"desvio-figure js-desvio-figure\">\n    <a href=\"https:\/\/www.xatakahome.com\/iluminacion-y-energia\/iva-no-unico-impuesto-que-subira-tu-factura-luz-estos-otros-tambien-haran-que-paguemos-a-partir-abril\"><br \/>\n     <img loading=\"lazy\" decoding=\"async\" alt=\"El IVA no es el \u00fanico impuesto que subir\u00e1 tu factura de la luz: estos otros tambi\u00e9n har\u00e1n que paguemos m\u00e1s a partir de abril \" width=\"375\" height=\"142\" src=\"https:\/\/i.blogs.es\/4ff63f\/pexels-george-becker-383673\/375_142.webp\" onerror='this.src=\"https:\/\/i.blogs.es\/4ff63f\/pexels-george-becker-383673\/375_142.jpeg\"'><br \/>\n    <\/a>\n   <\/div>\n<div class=\"desvio-summary\">\n<div class=\"desvio-taxonomy js-desvio-taxonomy\">\n     <a href=\"https:\/\/www.xatakahome.com\/iluminacion-y-energia\/iva-no-unico-impuesto-que-subira-tu-factura-luz-estos-otros-tambien-haran-que-paguemos-a-partir-abril\" class=\"desvio-taxonomy-anchor\">En Xataka Smart Home<\/a>\n    <\/div>\n<p>    <a href=\"https:\/\/www.xatakahome.com\/iluminacion-y-energia\/iva-no-unico-impuesto-que-subira-tu-factura-luz-estos-otros-tambien-haran-que-paguemos-a-partir-abril\" class=\"desvio-title js-desvio-title\">El IVA no es el \u00fanico impuesto que subir\u00e1 tu factura de la luz: estos otros tambi\u00e9n har\u00e1n que paguemos m\u00e1s a partir de abril <\/a>\n   <\/div>\n<\/p><\/div>\n<\/p><\/div>\n<\/div>\n<p>Para solicitar la ayuda, el consumidor debe cumplir adem\u00e1s con lo siguiente:<\/p>\n<ul>\n<li>Ser\u00e1 necesario que el solicitante tenga contratado el Precio Voluntario para el Peque\u00f1o Consumidor (PVPC) en la vivienda habitual con una potencia contratada igual o inferior a 10kW<\/li>\n<li>Adem\u00e1s, el solicitante debe ser el titular del contrato.<\/li>\n<li>Este PVPC debe estar contratado con las comercializadoras de referencia que establece el Gobierno rellenando y solicitando el correspondiente formulario en su web, presencialmente o poni\u00e9ndonos en contacto por tel\u00e9fono o por correo a trav\u00e9s de la informaci\u00f3n de contacto de la tabla.\u00a0<\/li>\n<\/ul>\n<div class=\"article-asset-table article-asset-normal m-hr-scroll\">\n<div class=\"asset-content\">\n<table class=\"tabla-datos\">\n<thead>\n<tr>\n<th class=\"align-left\">\n<p>COMERCIALIZADORA DE REFERENCIA<\/p>\n<\/th>\n<th class=\"align-left\">\n<p>TEL\u00c9FONO PARA EL CONTACTO<\/p>\n<\/th>\n<th class=\"align-left\">\n<p>DIRECCI\u00d3N POSTAL<\/p>\n<\/th>\n<th class=\"align-left\">\n<p>CORREO ELECTR\u00d3NICO<\/p>\n<\/th>\n<\/tr>\n<\/thead>\n<tbody>\n<tr>\n<td class=\"align-left\">\n<p><a rel=\"noopener, noreferrer\" href=\"https:\/\/www.energiaxxi.com\/bono-social-mr\">Endesa Energ\u00eda XXI, S.L.U.<\/a><\/p>\n<\/td>\n<td class=\"align-left\">\n<p>800 760 333<\/p>\n<\/td>\n<td class=\"align-left\">\n<p>Aptdo. Correos 1.167, 41080 Sevilla<\/p>\n<\/td>\n<td class=\"align-left\">\n<p><a href=\"https:\/\/www.xatakahome.com\/iluminacion-y-energia\/bonosocial@energiaxxi.com\">email<\/a><\/p>\n<\/td>\n<\/tr>\n<tr>\n<td class=\"align-left\">\n<p><a rel=\"noopener, noreferrer\" href=\"https:\/\/www.curenergia.es\/bono-social\">Curenerg\u00eda Comercializador de \u00daltimo Recurso, S.A.U.<\/a><\/p>\n<\/td>\n<td class=\"align-left\">\n<p>900 200 708<\/p>\n<\/td>\n<td class=\"align-left\">\n<p>Aptdo. Correos 61.017, 28080 Madrid<\/p>\n<\/td>\n<td class=\"align-left\">\n<p><a href=\"https:\/\/www.xatakahome.com\/iluminacion-y-energia\/bonosocial@curenerg%C3%ADa.es\">email<\/a><\/p>\n<\/td>\n<\/tr>\n<tr>\n<td class=\"align-left\">\n<p><a rel=\"noopener, noreferrer\" href=\"https:\/\/www.comercializadoraregulada.es\/regulada\/bono_social_luz\">Comercializadora regulada, GAS &amp; POWER, S.A.<\/a><\/p>\n<\/td>\n<td class=\"align-left\">\n<p>900 100 283<\/p>\n<\/td>\n<td class=\"align-left\">\n<p>Aptdo. Correos 61.084 28080 Madrid<\/p>\n<\/td>\n<td class=\"align-left\">\n<p><a href=\"https:\/\/www.xatakahome.com\/iluminacion-y-energia\/bonosocial@comercializadoraregulada.es\">email<\/a><\/p>\n<\/td>\n<\/tr>\n<tr>\n<td class=\"align-left\">\n<p><a rel=\"noopener, noreferrer\" href=\"https:\/\/www.basercor.es\/\">Baser Comercializadora de Referencia, S.A.<\/a><\/p>\n<\/td>\n<td class=\"align-left\">\n<p>900 902 947<\/p>\n<\/td>\n<td class=\"align-left\">\n<p>Aptdo. Correos 191 33080 Oviedo<\/p>\n<\/td>\n<td class=\"align-left\">\n<p><a href=\"https:\/\/www.xatakahome.com\/iluminacion-y-energia\/bonosocial@basercor.es\">email<\/a><\/p>\n<\/td>\n<\/tr>\n<tr>\n<td class=\"align-left\">\n<p><a rel=\"noopener, noreferrer\" href=\"https:\/\/www.regsiti.com\/bono-social\/\">R\u00e9gsiti Comercializadora de Referencia S.L.U.<\/a><\/p>\n<\/td>\n<td class=\"align-left\">\n<p>900 10 10 05<\/p>\n<\/td>\n<td class=\"align-left\">\n<p>Calle Isabel Torres n\u00ba 19 39011 Santander<\/p>\n<\/td>\n<td class=\"align-left\">\n<p><a href=\"https:\/\/www.xatakahome.com\/iluminacion-y-energia\/bono-social@regsiti.com\">email<\/a><\/p>\n<\/td>\n<\/tr>\n<tr>\n<td class=\"align-left\">\n<p><a rel=\"noopener, noreferrer\" href=\"https:\/\/www.corenergetico.es\/es\/modelos-de-contratacion\/bono-social\/\">Comercializador de Referencia Energ\u00e9tico, S.L.U.<\/a><\/p>\n<\/td>\n<td class=\"align-left\">\n<p>900 814 023<\/p>\n<\/td>\n<td class=\"align-left\">\n<p>Apartado de Correos: F. D. N\u00ba 90 \/\/ 3300010 &#8211; 33080 Oviedo<\/p>\n<\/td>\n<td class=\"align-left\">\n<p><a href=\"https:\/\/www.xatakahome.com\/iluminacion-y-energia\/bonosocial@corenergetico.es\">email<\/a><\/p>\n<\/td>\n<\/tr>\n<tr>\n<td class=\"align-left\">\n<p><a rel=\"noopener, noreferrer\" href=\"http:\/\/www.teramelcor.es\/bonosocial.html\">Teramelcor, S.L.(para Melilla)<\/a><\/p>\n<\/td>\n<td class=\"align-left\">\n<p>800 007 943<\/p>\n<\/td>\n<td class=\"align-left\">\n<p>Aptdo. Correos 6 52006 Melilla<\/p>\n<\/td>\n<td class=\"align-left\">\n<p><a href=\"https:\/\/www.xatakahome.com\/iluminacion-y-energia\/bonosocial@teramelcor.es\">email<\/a><\/p>\n<\/td>\n<\/tr>\n<tr>\n<td class=\"align-left\">\n<p><a rel=\"noopener, noreferrer\" href=\"https:\/\/www.energiaceutaxxi.com\/\">Energ\u00eda Ceuta XXI Comercializadora de Referencia, S.A.U. para Ceuta<\/a><\/p>\n<\/td>\n<td class=\"align-left\">\n<p>900 106 004<\/p>\n<\/td>\n<td class=\"align-left\">\n<p>Aptdo. Correos 13, 51080 Ceuta<\/p>\n<\/td>\n<td class=\"align-left\">\n<p><a href=\"https:\/\/www.xatakahome.com\/iluminacion-y-energia\/bonosocial@energiaceutaxxi.com\">email<\/a><\/p>\n<\/td>\n<\/tr>\n<\/tbody>\n<\/table><\/div>\n<\/div>\n<p>Una vez te hayas cerciorado de que cumples con los requisitos y est\u00e9s en posici\u00f3n de ser considerado un consumidor vulnerable o de riesgo de exclusi\u00f3n social, podr\u00e1s <strong>solicitar las ayudas a trav\u00e9s de la web oficial de tu comunidad aut\u00f3noma<\/strong>.<\/p>\n<p><!-- BREAK 9 --><\/p>\n<p>En la web del Ministerio para la Transici\u00f3n Ecol\u00f3gica y el Reto Demogr\u00e1fico, tambi\u00e9n hay un apartado para consultar la zona clim\u00e1tica en la que est\u00e1 ubicada la vivienda habitual. Esta ubicaci\u00f3n determinar\u00e1 en parte la cuant\u00eda de ayuda del Bono Social T\u00e9rmico que corresponde al solicitante. Y es que dependiendo de la zona clim\u00e1tica, localidad y provincia, la cuant\u00eda de este bono social variar\u00e1.<\/p>\n<p><!-- BREAK 10 --><\/p>\n<p>Imagen de portada | <a rel=\"noopener, noreferrer\" href=\"https:\/\/unsplash.com\/es\/@joelhenry\">Joel Henry<\/a><\/p>\n<p><!-- BREAK 11 --><\/p>\n<p>En Xataka Smart Home | <a href=\"https:\/\/www.xatakahome.com\/a-fondo\/he-probado-muchos-trucos-consejos-para-ahorrar-factura-luz-estos-que-me-han-funcionado-que-no-1\">He probado muchos trucos y consejos para ahorrar en la factura de la luz: estos son los que me han funcionado y los que no<\/a><\/p>\n<p><!-- BREAK 12 --><script>\n (function() {\n  window._JS_MODULES = window._JS_MODULES || {};\n  var headElement = document.getElementsByTagName('head')[0];\n  if (_JS_MODULES.instagram) {\n   var instagramScript = document.createElement('script');\n   instagramScript.src = 'https:\/\/platform.instagram.com\/en_US\/embeds.js';\n   instagramScript.async = true;\n   instagramScript.defer = true;\n   headElement.appendChild(instagramScript);\n  }\n })();\n<\/script><\/p>\n<p> &#8211; <br \/> La noticia<br \/>\n      <a href=\"https:\/\/www.xatakahome.com\/a-fondo\/personas-mayores-65-anos-pueden-pagar-su-factura-luz-como-solicitar-bono-social-termico-electrico?utm_source=feedburner&amp;utm_medium=feed&amp;utm_campaign=03_Apr_2024\"><br \/>\n       <em> Las personas mayores de 65 a\u00f1os pueden pagar menos en su factura de la luz: c\u00f3mo solicitar el Bono Social T\u00e9rmico y El\u00e9ctrico  <\/em><br \/>\n      <\/a><br \/>\n      fue publicada originalmente en<br \/>\n      <a href=\"https:\/\/www.xatakahome.com\/?utm_source=feedburner&amp;utm_medium=feed&amp;utm_campaign=03_Apr_2024\"><br \/>\n       <strong> Xataka Smart Home <\/strong><br \/>\n      <\/a><br \/>\n            por <a href=\"https:\/\/www.xatakahome.com\/autor\/antonio-vallejo?utm_source=feedburner&amp;utm_medium=feed&amp;utm_campaign=03_Apr_2024\"><br \/>\n       Antonio Vallejo<br \/>\n      <\/a><br \/>\n      . <\/p>\n<\/div>\n","protected":false},"excerpt":{"rendered":"<p>Entre las ayudas que facilita el Gobierno de Espa\u00f1a, el Bono Social T\u00e9rmico y El\u00e9ctrico es una gran opci\u00f3n para aquellas familias vulnerables que necesiten un descuento en su factura de la luz. Para solicitarlo hay que cumplir una serie de requisitos que ya explicamos en un art\u00edculo centrado en c\u00f3mo solicitar esta ayuda social. &hellip; <a href=\"https:\/\/domosistemas.com\/?p=23748\" class=\"more-link\">Sigue leyendo <span class=\"screen-reader-text\">Las personas mayores de 65 a\u00f1os pueden pagar menos en su factura de la luz: c\u00f3mo solicitar el Bono Social T\u00e9rmico y El\u00e9ctrico<\/span><\/a><\/p>\n","protected":false},"author":1,"featured_media":0,"comment_status":"closed","ping_status":"closed","sticky":false,"template":"","format":"standard","meta":{"footnotes":""},"categories":[8],"tags":[],"class_list":["post-23748","post","type-post","status-publish","format-standard","hentry","category-xataka"],"_links":{"self":[{"href":"https:\/\/domosistemas.com\/index.php?rest_route=\/wp\/v2\/posts\/23748","targetHints":{"allow":["GET"]}}],"collection":[{"href":"https:\/\/domosistemas.com\/index.php?rest_route=\/wp\/v2\/posts"}],"about":[{"href":"https:\/\/domosistemas.com\/index.php?rest_route=\/wp\/v2\/types\/post"}],"author":[{"embeddable":true,"href":"https:\/\/domosistemas.com\/index.php?rest_route=\/wp\/v2\/users\/1"}],"replies":[{"embeddable":true,"href":"https:\/\/domosistemas.com\/index.php?rest_route=%2Fwp%2Fv2%2Fcomments&post=23748"}],"version-history":[{"count":0,"href":"https:\/\/domosistemas.com\/index.php?rest_route=\/wp\/v2\/posts\/23748\/revisions"}],"wp:attachment":[{"href":"https:\/\/domosistemas.com\/index.php?rest_route=%2Fwp%2Fv2%2Fmedia&parent=23748"}],"wp:term":[{"taxonomy":"category","embeddable":true,"href":"https:\/\/domosistemas.com\/index.php?rest_route=%2Fwp%2Fv2%2Fcategories&post=23748"},{"taxonomy":"post_tag","embeddable":true,"href":"https:\/\/domosistemas.com\/index.php?rest_route=%2Fwp%2Fv2%2Ftags&post=23748"}],"curies":[{"name":"wp","href":"https:\/\/api.w.org\/{rel}","templated":true}]}}