{"id":23780,"date":"2024-04-05T12:03:09","date_gmt":"2024-04-05T12:03:09","guid":{"rendered":"https:\/\/domosistemas.com\/?p=23780"},"modified":"2024-04-05T12:03:09","modified_gmt":"2024-04-05T12:03:09","slug":"queria-instalar-ventiladores-en-un-techo-de-pladur-y-se-me-complico-asi-lo-he-solucionado","status":"publish","type":"post","link":"https:\/\/domosistemas.com\/?p=23780","title":{"rendered":"Quer\u00eda instalar ventiladores en un techo de Pladur, y se me complic\u00f3. As\u00ed lo he solucionado"},"content":{"rendered":"<div>\n<p>\n      <img decoding=\"async\" src=\"https:\/\/i.blogs.es\/d01ee8\/img_4076\/1024_2000.jpeg\" alt=\"Quer\u00eda instalar ventiladores en un techo de Pladur, y se me complic\u00f3. As\u00ed lo he solucionado\">\n    <\/p>\n<p>Antes que llegue el verano, en casa ya nos estamos preparando para superar la segura presencia de las altas temperaturas y como el a\u00f1o pasado nos quedamos a las puertas, esta vez nos hemos querido adelantar <strong>instalando en dos habitaciones, ventiladores de techo.<\/strong><\/p>\n<p><!-- BREAK 1 --><\/p>\n<p><strong>Una soluci\u00f3n complementaria al empleo del <\/strong><a href=\"https:\/\/www.xatakahome.com\/a-fondo\/ventilador-aire-acondicionado-que-funciona-mejor-ciencia-cual-aconsejable-para-combatir-calor\">aire acondicionado<\/a> y el <a href=\"https:\/\/www.xatakahome.com\/trucos-y-bricolaje-smart\/cinco-sencillos-trucos-tu-ventilador-enfrie-cuarto\">ventilador tradicional<\/a> de pie que ya ten\u00edamos, para intentar <a href=\"https:\/\/www.xatakahome.com\/a-fondo\/como-dormir-verano-morir-calor-cuando-no-tenemos-ventilador-aire-acondicionado-1\">sobrevivir a las temperaturas en casa<\/a>, que en pleno verano rondan los 27\u00b0 C. pero como en casa, tenemos techos de Pladur y adem\u00e1s faltaba un punto de luz, esto es todo lo que tenido que hacer para instalar con \u00e9xito los dos ventiladores.<\/p>\n<p><!-- BREAK 2 --><\/p>\n<h2>Sobrevivir al calor<\/h2>\n<div class=\"article-asset-image article-asset-normal article-asset-center\">\n<div class=\"asset-content\">\n<div class=\"caption-img \">\n<p>   <img decoding=\"async\" alt=\"Ventiladores\" class=\"centro_sinmarco\" src=\"https:\/\/i.blogs.es\/81a9cf\/ventiladores\/450_1000.webp\"><\/p>\n<p>        <span>Los dos ventiladores que he comprado<\/span>\n   <\/div>\n<\/p><\/div>\n<\/div>\n<p>De entrada, he optado por <a href=\"https:\/\/www.xatakahome.com\/tutoriales\/asi-puedes-usar-movil-como-mando-a-distancia-ventilador-aire-acondicionado-que-necesitas-ventajas-e-inconvenientes\">ventiladores<\/a> que incluyen una luz central que sirve adem\u00e1s para esconder unas aspas que se despliegan. Los dos ventiladores que he comprado, en tama\u00f1o de 49 y 39 cm (la luz central) tienen <a href=\"https:\/\/www.xatakahome.com\/a-fondo\/no-todos-ventiladores-techo-iguales-estas-diferencias-elegir-uno-motor-ac-dc\">motor DC<\/a>, sistema de luces LED (c\u00e1lida, neutra y fr\u00eda), modo silencioso y mando a distancia. Aunque hay modelos que se integran en el hogar conectado, el precio sub\u00eda bastante, y para el uso que le iba a dar <strong>con estos m\u00e1s b\u00e1sicos voy m\u00e1s que sobrado<\/strong>.<\/p>\n<p><!-- BREAK 3 --><\/p>\n<div class=\"article-asset-image article-asset-normal article-asset-center\">\n<div class=\"asset-content\">\n<div class=\"caption-img \">\n<p>   <img decoding=\"async\" alt=\"Tornillos\" class=\"centro_sinmarco\" src=\"https:\/\/i.blogs.es\/9e7709\/tornillos\/450_1000.webp\"><\/p>\n<p>        <span>Ganchos para Pladur<\/span>\n   <\/div>\n<\/p><\/div>\n<\/div>\n<p>A la hora de instalarlos, antes <strong>he tenido que comprar unos ganchos espec\u00edficos<\/strong> para este tipo de techos. \u00c9stos anclajes se introducen en el techo con un peque\u00f1o agujero que se puede hacer a mano y al meterlos se abren de forma que ofrecen una sujeci\u00f3n superior a la de un taco tradicional.<\/p>\n<p><!-- BREAK 4 --><\/p>\n<div class=\"article-asset-video article-asset-normal\">\n<div class=\"asset-content\">\n<div class=\"base-asset-video\">\n<div class=\"js-dailymotion\">\n    <script type=\"application\/json\">\n           {\"videoId\":\"x8wanwc\",\"autoplay\":true,\"title\":\"Ventilador\", \"tag\":\"Ventilador\"}\n         <\/script>\n   <\/div>\n<\/p><\/div>\n<\/p><\/div>\n<\/div>\n<p>En este sentido, no he tenido mayor problema, puesto que me informado y el techo de Pladur que tengo en casa <strong>puede soportar el peso de amos ventiladores<\/strong>. El peque\u00f1o tiene un peso de 4,5 kilos, mientras que el m\u00e1s grande alcanza los 6 kilos.<\/p>\n<p><!-- BREAK 5 --><\/p>\n<div class=\"article-asset-image article-asset-normal article-asset-center\">\n<div class=\"asset-content\">\n<div class=\"caption-img \">\n<p>   <img decoding=\"async\" alt=\"Ventilador\" class=\"centro_sinmarco\" src=\"https:\/\/i.blogs.es\/46b1e4\/img_4081\/450_1000.webp\"><\/p>\n<p>        <span>El ventilador peque\u00f1o funcionando<\/span>\n   <\/div>\n<\/p><\/div>\n<\/div>\n<p>El problema en este caso es que cuando realizamos la modificaci\u00f3n en el piso y la obra de reforma, <strong>no se nos ocurri\u00f3 dejar un punto de luz preinstalado<\/strong> en el centro del techo. Tenemos cuatro puntos de luz en forma de focos LED empotrados en los laterales y de ah\u00ed ha partido todo.<\/p>\n<p><!-- BREAK 6 --><\/p>\n<div class=\"article-asset-image article-asset-normal article-asset-center\">\n<div class=\"asset-content\">\n<div class=\"caption-img \">\n<p>   <img decoding=\"async\" alt=\"Ventilador\" class=\"centro_sinmarco\" src=\"https:\/\/i.blogs.es\/e563c7\/ventilador\/450_1000.webp\"><\/p>\n<p>        <span>Ah\u00ed va el ventilador en una habitaci\u00f3n y esos son los focos de luz que tengo<\/span>\n   <\/div>\n<\/p><\/div>\n<\/div>\n<p>As\u00ed que <strong>el primer paso ha sido quitar uno de los focos LED<\/strong>, el situado m\u00e1s en el centro, y que, por lo tanto facilita tirar mejor el cable, para comenzar la instalaci\u00f3n. He roto el tubo por el que circulan los cables para con una gu\u00eda localizar en la caja central el punto al que debo conectar la toma de luz.<\/p>\n<p><!-- BREAK 7 --><\/p>\n<div class=\"article-asset-image article-asset-normal article-asset-center\">\n<div class=\"asset-content\">\n<div class=\"caption-img \">\n<p>   <img decoding=\"async\" alt=\"Foco\" class=\"centro_sinmarco\" src=\"https:\/\/i.blogs.es\/9c4a24\/20240404_163616\/450_1000.webp\"><\/p>\n<p>        <span>Foco fuera y cable para realizar conexiones (el blanco)<\/span>\n   <\/div>\n<\/p><\/div>\n<\/div>\n<div class=\"article-asset-image article-asset-normal article-asset-center\">\n<div class=\"asset-content\">\n<div class=\"caption-img \">\n<p>   <img decoding=\"async\" alt=\"Electricidad\" class=\"centro_sinmarco\" src=\"https:\/\/i.blogs.es\/a58be4\/electricidad\/450_1000.webp\"><\/p>\n<p>        <span>La caja central en la misma habitaci\u00f3n<\/span>\n   <\/div>\n<\/p><\/div>\n<\/div>\n<p>No puedo conectar el ventilador directamente a la misma ficha de empalme del foco, puesto que de esta forma, lo que har\u00eda es que al dejar la luz apagada, cortar\u00eda la corriente y por lo tanto no podr\u00eda funcionar. As\u00ed que <strong>todo iba por llevar la toma a la caja de conexiones.<\/strong><\/p>\n<p><!-- BREAK 8 --><\/p>\n<div class=\"article-asset-image article-asset-normal article-asset-center\">\n<div class=\"asset-content\">\n<div class=\"caption-img \">\n<p>   <img decoding=\"async\" alt=\"La conexi\u00f3n hecha\" class=\"centro_sinmarco\" src=\"https:\/\/i.blogs.es\/92b234\/20240404_163706\/450_1000.webp\"><\/p>\n<p>        <span>La conexi\u00f3n hecha (cable blanco) fue el paso final<\/span>\n   <\/div>\n<\/p><\/div>\n<\/div>\n<p>Con la gu\u00eda el proceso fue f\u00e1cil en los dos casos y no present\u00f3 problemas. <strong>Llev\u00e9 el cable y lo dej\u00e9 sin conectar<\/strong>, algo que realic\u00e9 en el \u00faltimo paso para as\u00ed realizar la instalaci\u00f3n del ventilador sin ning\u00fan tipo de problema.<\/p>\n<p><!-- BREAK 9 --><\/p>\n<div class=\"article-asset article-asset-normal article-asset-center\">\n<div class=\"desvio-container\">\n<div class=\"desvio\">\n<div class=\"desvio-figure js-desvio-figure\">\n    <a href=\"https:\/\/www.xatakahome.com\/a-fondo\/quiero-instalar-ventilador-techo-tengo-pladur-esto-todo-que-debo-tener-cuenta\"><br \/>\n     <img loading=\"lazy\" decoding=\"async\" alt=\"Quiero instalar un ventilador de techo y tengo pladur. Esto es todo lo que debo tener en cuenta\" width=\"375\" height=\"142\" src=\"https:\/\/i.blogs.es\/bf1672\/ventilador\/375_142.webp\" onerror='this.src=\"https:\/\/i.blogs.es\/bf1672\/ventilador\/375_142.jpeg\"'><br \/>\n    <\/a>\n   <\/div>\n<div class=\"desvio-summary\">\n<div class=\"desvio-taxonomy js-desvio-taxonomy\">\n     <a href=\"https:\/\/www.xatakahome.com\/a-fondo\/quiero-instalar-ventilador-techo-tengo-pladur-esto-todo-que-debo-tener-cuenta\" class=\"desvio-taxonomy-anchor\">En Xataka Smart Home<\/a>\n    <\/div>\n<p>    <a href=\"https:\/\/www.xatakahome.com\/a-fondo\/quiero-instalar-ventilador-techo-tengo-pladur-esto-todo-que-debo-tener-cuenta\" class=\"desvio-title js-desvio-title\">Quiero instalar un ventilador de techo y tengo pladur. Esto es todo lo que debo tener en cuenta<\/a>\n   <\/div>\n<\/p><\/div>\n<\/p><\/div>\n<\/div>\n<p>Luego con el foco LED a\u00fan quitado, localic\u00e9 el punto central de la habitaci\u00f3n en el que quer\u00eda colgar el ventilador y realizando un agujero del tama\u00f1o de una moneda de un euro y <strong>us\u00e9 un metro extensible tradicional a modo de gu\u00eda<\/strong> para el l\u00ednea recta (por eso busqu\u00e9 el foco que estuviese m\u00e1s centrado) llevar el cable el\u00e9ctrico que servir\u00eda para alimentar el ventilador hasta el punto en el que llegaba el cable desde la caja de registro.<\/p>\n<p><!-- BREAK 10 --><\/p>\n<div class=\"article-asset-image article-asset-normal article-asset-center\">\n<div class=\"asset-content\">\n<div class=\"caption-img \">\n<p>   <img decoding=\"async\" alt=\"Ventilador\" class=\"centro_sinmarco\" src=\"https:\/\/i.blogs.es\/e563c7\/ventilador\/450_1000.webp\"><\/p>\n<p>        <span>El ventilador va ah\u00ed y los focos LED est\u00e1n a los lados<\/span>\n   <\/div>\n<\/p><\/div>\n<\/div>\n<p>Con la instalaci\u00f3n el\u00e9ctrica ya realizada, <strong>lo \u00fanico que faltaba era colgar el ventilador<\/strong> y realizar las conexiones oportunas.<\/p>\n<p><!-- BREAK 11 --><\/p>\n<div class=\"article-asset-video article-asset-normal\">\n<div class=\"asset-content\">\n<div class=\"base-asset-video\">\n<div class=\"js-dailymotion\">\n    <script type=\"application\/json\">\n           {\"videoId\":\"x8006fc\",\"autoplay\":true,\"title\":\"C\u00f3mo dormir cuando hace mucho calor y no tienes aire acondicionado\", \"tag\":\"\"}\n         <\/script>\n   <\/div>\n<\/p><\/div>\n<\/p><\/div>\n<\/div>\n<p>Lo primero fue usar el sistema de anclaje para marcar los puntos en los que luego entrar\u00edan los tacos. <strong>Al ser Pladur no hay usar taladro para hacer los agujeros<\/strong> y simplemente con un destornillador, hice la perforaci\u00f3n por la que luego entr\u00f3 el sistema de anclajes que introduje y ajust\u00e9 convenientemente.<\/p>\n<p><!-- BREAK 12 --><\/p>\n<div class=\"article-asset-image article-asset-normal article-asset-center\">\n<div class=\"asset-content\">\n<div class=\"caption-img \">\n<p>   <img decoding=\"async\" alt=\"Ajustes finales\" class=\"centro_sinmarco\" src=\"https:\/\/i.blogs.es\/ab38da\/20240404_163927\/450_1000.webp\"><\/p>\n<p>        <span>Ya colgado y \u00abenganchado\u00bb a la luz. Se aprecian las arandelas de los soportes<\/span>\n   <\/div>\n<\/p><\/div>\n<\/div>\n<p>Con el ventilador ya he colgado, lo \u00fanico que tuve que hacer fue <strong>conectar el cable que sal\u00eda del Pladur al ventilador<\/strong> y colocar los embellecedores que tapaban las conexiones. El paso final fue conectar en la caja de registro, el cable que ven\u00eda desde el ventilador a la ficha de empalme correspondiente, para lo cual us\u00e9 un volt\u00edmetro que me hab\u00edan dejado para comprobar cual era la ficha correcta.<\/p>\n<p><!-- BREAK 13 --><\/p>\n<div class=\"article-asset-image article-asset-normal article-asset-center\">\n<div class=\"asset-content\">\n<div class=\"caption-img \">\n<p>   <img decoding=\"async\" alt=\"Ventilador\" class=\"centro_sinmarco\" src=\"https:\/\/i.blogs.es\/9d8cc6\/img_4078\/450_1000.webp\"><\/p>\n<p>        <span>El ventilador grande<\/span>\n   <\/div>\n<\/p><\/div>\n<\/div>\n<div class=\"article-asset-image article-asset-normal article-asset-center\">\n<div class=\"asset-content\">\n<div class=\"caption-img \">\n<p>   <img decoding=\"async\" alt=\"Ventilador\" class=\"centro_sinmarco\" src=\"https:\/\/i.blogs.es\/d8d7b2\/img_4075\/450_1000.webp\"><\/p>\n<p>        <span>El ventilador peque\u00f1o<\/span>\n   <\/div>\n<\/p><\/div>\n<\/div>\n<p>Para finalizar, solo quedaban por <strong>tapar las cajas de registro y volver a colocar los focos de LED<\/strong> que hab\u00eda quitado y comprobar que todo funcionaba correctamente.<\/p>\n<p><!-- BREAK 14 --><\/p>\n<p>En Xataka SmartHome | <a href=\"https:\/\/www.xatakahome.com\/trucos-y-bricolaje-smart\/colgar-tele-pared-pladur-estos-aspectos-que-debes-tener-cuenta\">C\u00f3mo colgar una tele en una pared de pladur: aspectos a tener en cuenta para evitar accidentes<\/a><\/p>\n<p><!-- BREAK 15 --><script>\n (function() {\n  window._JS_MODULES = window._JS_MODULES || {};\n  var headElement = document.getElementsByTagName('head')[0];\n  if (_JS_MODULES.instagram) {\n   var instagramScript = document.createElement('script');\n   instagramScript.src = 'https:\/\/platform.instagram.com\/en_US\/embeds.js';\n   instagramScript.async = true;\n   instagramScript.defer = true;\n   headElement.appendChild(instagramScript);\n  }\n })();\n<\/script><\/p>\n<p> &#8211; <br \/> La noticia<br \/>\n      <a href=\"https:\/\/www.xatakahome.com\/tutoriales\/he-instalado-ventiladores-techo-pladur-esto-todo-que-he-tenido-que-hacer?utm_source=feedburner&amp;utm_medium=feed&amp;utm_campaign=05_Apr_2024\"><br \/>\n       <em> Quer\u00eda instalar ventiladores en un techo de Pladur, y se me complic\u00f3. As\u00ed lo he solucionado <\/em><br \/>\n      <\/a><br \/>\n      fue publicada originalmente en<br \/>\n      <a href=\"https:\/\/www.xatakahome.com\/?utm_source=feedburner&amp;utm_medium=feed&amp;utm_campaign=05_Apr_2024\"><br \/>\n       <strong> Xataka Smart Home <\/strong><br \/>\n      <\/a><br \/>\n            por <a href=\"https:\/\/www.xatakahome.com\/autor\/jose-antonio-carmona?utm_source=feedburner&amp;utm_medium=feed&amp;utm_campaign=05_Apr_2024\"><br \/>\n       Jose Antonio Carmona<br \/>\n      <\/a><br \/>\n      . <\/p>\n<\/div>\n","protected":false},"excerpt":{"rendered":"<p>Antes que llegue el verano, en casa ya nos estamos preparando para superar la segura presencia de las altas temperaturas y como el a\u00f1o pasado nos quedamos a las puertas, esta vez nos hemos querido adelantar instalando en dos habitaciones, ventiladores de techo. Una soluci\u00f3n complementaria al empleo del aire acondicionado y el ventilador tradicional &hellip; <a href=\"https:\/\/domosistemas.com\/?p=23780\" class=\"more-link\">Sigue leyendo <span class=\"screen-reader-text\">Quer\u00eda instalar ventiladores en un techo de Pladur, y se me complic\u00f3. As\u00ed lo he solucionado<\/span><\/a><\/p>\n","protected":false},"author":1,"featured_media":0,"comment_status":"closed","ping_status":"closed","sticky":false,"template":"","format":"standard","meta":{"footnotes":""},"categories":[8],"tags":[],"class_list":["post-23780","post","type-post","status-publish","format-standard","hentry","category-xataka"],"_links":{"self":[{"href":"https:\/\/domosistemas.com\/index.php?rest_route=\/wp\/v2\/posts\/23780","targetHints":{"allow":["GET"]}}],"collection":[{"href":"https:\/\/domosistemas.com\/index.php?rest_route=\/wp\/v2\/posts"}],"about":[{"href":"https:\/\/domosistemas.com\/index.php?rest_route=\/wp\/v2\/types\/post"}],"author":[{"embeddable":true,"href":"https:\/\/domosistemas.com\/index.php?rest_route=\/wp\/v2\/users\/1"}],"replies":[{"embeddable":true,"href":"https:\/\/domosistemas.com\/index.php?rest_route=%2Fwp%2Fv2%2Fcomments&post=23780"}],"version-history":[{"count":0,"href":"https:\/\/domosistemas.com\/index.php?rest_route=\/wp\/v2\/posts\/23780\/revisions"}],"wp:attachment":[{"href":"https:\/\/domosistemas.com\/index.php?rest_route=%2Fwp%2Fv2%2Fmedia&parent=23780"}],"wp:term":[{"taxonomy":"category","embeddable":true,"href":"https:\/\/domosistemas.com\/index.php?rest_route=%2Fwp%2Fv2%2Fcategories&post=23780"},{"taxonomy":"post_tag","embeddable":true,"href":"https:\/\/domosistemas.com\/index.php?rest_route=%2Fwp%2Fv2%2Ftags&post=23780"}],"curies":[{"name":"wp","href":"https:\/\/api.w.org\/{rel}","templated":true}]}}