{"id":23787,"date":"2024-04-06T12:03:02","date_gmt":"2024-04-06T12:03:02","guid":{"rendered":"https:\/\/domosistemas.com\/?p=23787"},"modified":"2024-04-06T12:03:02","modified_gmt":"2024-04-06T12:03:02","slug":"el-truco-poco-conocido-para-acabar-de-forma-definitiva-con-el-mal-olor-de-la-nevera-esta-en-una-hoja-de-laurel","status":"publish","type":"post","link":"https:\/\/domosistemas.com\/?p=23787","title":{"rendered":"El truco poco conocido para acabar de forma definitiva con el mal olor de la nevera est\u00e1 en una hoja de laurel"},"content":{"rendered":"<div>\n<p>\n      <img decoding=\"async\" src=\"https:\/\/i.blogs.es\/767bc3\/dap-istock-laurel\/1024_2000.jpeg\" alt=\"El truco poco conocido para acabar de forma definitiva con el mal olor de la nevera est\u00e1 en una hoja de laurel \">\n    <\/p>\n<p>El laurel es un viejo conocido de nuestras cocinas por su condici\u00f3n de planta arom\u00e1tica con propiedades gastron\u00f3micas, as\u00ed como tambi\u00e9n usos medicinales e incluso ornamental. Sin embargo, las hojas de laurel tambi\u00e9n pueden ayudarte a combatir con otro cl\u00e1sico frecuente en el hogar: <strong>los malos olores de la nevera<\/strong>.<\/p>\n<p><!-- BREAK 1 --><\/p>\n<p>Porque adem\u00e1s de aportar un plus de sabor a tus platos, el laurel sirve para <strong>acabar con los olores desagradables que haya en tu frigor\u00edfico<\/strong>, de forma sencilla, efectiva y pr\u00e1cticamente gratis (porque probablemente tengas hojas por casa que puedas utilizar para tal fin). Y quien dice la nevera, dice otros lugares de tu hogar: la despensa, un armario, un caj\u00f3n, entre otros.<\/p>\n<p><!-- BREAK 2 --><\/p>\n<h2>C\u00f3mo usar el laurel para acabar con los malos olores<\/h2>\n<p>Para minimizar el mal olor de un habit\u00e1culo como la nevera solo tienes que <strong>coger una hoja de laurel y humedecerla ligeramente<\/strong>. Despu\u00e9s, col\u00f3cala en una balda para que por un lado absorba los malos olores y por otro, desprenda un aroma agradable.<\/p>\n<p><!-- BREAK 3 --><\/p>\n<p><strong>Trucos para eliminar el mal olor de la nevera<\/strong> hay unos cuantos, desde grandes cl\u00e1sicos como un lim\u00f3n cortado a la mitad con clavos arom\u00e1ticos pinchados a <a href=\"https:\/\/www.xatakahome.com\/hogar\/que-hay-gente-colocando-corchos-vino-neveras-que-huelen-mal\">corchos de vino<\/a> pasando por <a href=\"https:\/\/www.xatakahome.com\/hogar\/papel-higienico-tiene-propiedad-perfecta-para-salvarnos-malos-olores-frigorifico-asi-puedes-usarlo\">el truco del rollo del papel higi\u00e9nico<\/a>.<\/p>\n<p><!-- BREAK 4 --><\/p>\n<div class=\"article-asset-video article-asset-normal\">\n<div class=\"asset-content\">\n<div class=\"base-asset-video\">\n<div class=\"js-dailymotion\">\n    <script type=\"application\/json\">\n           {\"videoId\":\"x8w85uc\",\"autoplay\":true,\"title\":\"La ciencia descubre por qu\u00e9 los adolescentes tienen ese desagradable olor a queso: la culpa es del \u00e1cido carbox\u00edlico\", \"tag\":\"adolescencia\"}\n         <\/script>\n   <\/div>\n<\/p><\/div>\n<\/p><\/div>\n<\/div>\n<p>No obstante, no debemos perder de vista que m\u00e1s all\u00e1 de que pueda generarse por conservar diferentes tipos de alimentos en un espacio cerrado, puede haber <strong>algo m\u00e1s que genere ese olor desagradable<\/strong>: puede que alguno est\u00e9 en mal estado (para lo cual es recomendable echar un vistazo a todo y comprobar c\u00f3mo se encuentra) o que haya suciedad en este electrodom\u00e9stico, por lo que es conveniente realizar una limpieza peri\u00f3dica, retirando los alimentos, extrayendo las baldas y cajones y limpi\u00e1ndolos con productos desinfectantes. Si adem\u00e1s la nevera cuenta con un filtro de aire, es importante revisar su estado, por si toca limpieza o sustituci\u00f3n siguiendo las recomendaciones del fabricante.<\/p>\n<p><!-- BREAK 5 --><\/p>\n<p>V\u00eda | <a rel=\"noopener, noreferrer\" href=\"https:\/\/www.farodevigo.es\/vida-y-estilo\/decoracion\/2024\/03\/31\/hoja-laurel-nevera-remedio-abuela-dv-95784399.html\">Faro de Vigo<\/a><\/p>\n<p><!-- BREAK 6 --><\/p>\n<p>Portada |<a href=\"https:\/\/www.directoalpaladar.com\/ingredientes-y-alimentos\/laurel-hoja-fundamental-para-dar-sabor-a-nuestras-cazuelas-que-como-utilizarlo-13-recetas-para-cocinar\"> DAP (iStock)<\/a><\/p>\n<p><!-- BREAK 7 --><\/p>\n<p>En Xataka Home | <a href=\"https:\/\/www.xatakahome.com\/a-fondo\/estos-trucos-cientificos-otros-locos-que-puedes-usar-casa-para-acabar-mal-olor-nevera\">Estos son los trucos cient\u00edficos (y otros m\u00e1s locos) para acabar con el mal olor de la nevera que puedes aplicar en casa sin gastar casi dinero<\/a><\/p>\n<p><!-- BREAK 8 --><script>\n (function() {\n  window._JS_MODULES = window._JS_MODULES || {};\n  var headElement = document.getElementsByTagName('head')[0];\n  if (_JS_MODULES.instagram) {\n   var instagramScript = document.createElement('script');\n   instagramScript.src = 'https:\/\/platform.instagram.com\/en_US\/embeds.js';\n   instagramScript.async = true;\n   instagramScript.defer = true;\n   headElement.appendChild(instagramScript);\n  }\n })();\n<\/script><\/p>\n<p> &#8211; <br \/> La noticia<br \/>\n      <a href=\"https:\/\/www.xatakahome.com\/hogar\/truco-poco-conocido-para-acabar-forma-definitiva-mal-olor-nevera-esta-hoja-laurel?utm_source=feedburner&amp;utm_medium=feed&amp;utm_campaign=06_Apr_2024\"><br \/>\n       <em> El truco poco conocido para acabar de forma definitiva con el mal olor de la nevera est\u00e1 en una hoja de laurel  <\/em><br \/>\n      <\/a><br \/>\n      fue publicada originalmente en<br \/>\n      <a href=\"https:\/\/www.xatakahome.com\/?utm_source=feedburner&amp;utm_medium=feed&amp;utm_campaign=06_Apr_2024\"><br \/>\n       <strong> Xataka Smart Home <\/strong><br \/>\n      <\/a><br \/>\n            por <a href=\"https:\/\/www.xatakahome.com\/autor\/eva-rodriguez?utm_source=feedburner&amp;utm_medium=feed&amp;utm_campaign=06_Apr_2024\"><br \/>\n       Eva Rodriguez de Luis<br \/>\n      <\/a><br \/>\n      . <\/p>\n<\/div>\n","protected":false},"excerpt":{"rendered":"<p>El laurel es un viejo conocido de nuestras cocinas por su condici\u00f3n de planta arom\u00e1tica con propiedades gastron\u00f3micas, as\u00ed como tambi\u00e9n usos medicinales e incluso ornamental. Sin embargo, las hojas de laurel tambi\u00e9n pueden ayudarte a combatir con otro cl\u00e1sico frecuente en el hogar: los malos olores de la nevera. Porque adem\u00e1s de aportar un &hellip; <a href=\"https:\/\/domosistemas.com\/?p=23787\" class=\"more-link\">Sigue leyendo <span class=\"screen-reader-text\">El truco poco conocido para acabar de forma definitiva con el mal olor de la nevera est\u00e1 en una hoja de laurel<\/span><\/a><\/p>\n","protected":false},"author":1,"featured_media":0,"comment_status":"closed","ping_status":"closed","sticky":false,"template":"","format":"standard","meta":{"footnotes":""},"categories":[8],"tags":[],"class_list":["post-23787","post","type-post","status-publish","format-standard","hentry","category-xataka"],"_links":{"self":[{"href":"https:\/\/domosistemas.com\/index.php?rest_route=\/wp\/v2\/posts\/23787","targetHints":{"allow":["GET"]}}],"collection":[{"href":"https:\/\/domosistemas.com\/index.php?rest_route=\/wp\/v2\/posts"}],"about":[{"href":"https:\/\/domosistemas.com\/index.php?rest_route=\/wp\/v2\/types\/post"}],"author":[{"embeddable":true,"href":"https:\/\/domosistemas.com\/index.php?rest_route=\/wp\/v2\/users\/1"}],"replies":[{"embeddable":true,"href":"https:\/\/domosistemas.com\/index.php?rest_route=%2Fwp%2Fv2%2Fcomments&post=23787"}],"version-history":[{"count":0,"href":"https:\/\/domosistemas.com\/index.php?rest_route=\/wp\/v2\/posts\/23787\/revisions"}],"wp:attachment":[{"href":"https:\/\/domosistemas.com\/index.php?rest_route=%2Fwp%2Fv2%2Fmedia&parent=23787"}],"wp:term":[{"taxonomy":"category","embeddable":true,"href":"https:\/\/domosistemas.com\/index.php?rest_route=%2Fwp%2Fv2%2Fcategories&post=23787"},{"taxonomy":"post_tag","embeddable":true,"href":"https:\/\/domosistemas.com\/index.php?rest_route=%2Fwp%2Fv2%2Ftags&post=23787"}],"curies":[{"name":"wp","href":"https:\/\/api.w.org\/{rel}","templated":true}]}}