{"id":23800,"date":"2024-04-08T07:09:00","date_gmt":"2024-04-08T07:09:00","guid":{"rendered":"https:\/\/domosistemas.com\/?p=23800"},"modified":"2024-04-08T07:09:00","modified_gmt":"2024-04-08T07:09:00","slug":"movistar-subira-el-precio-en-algunas-de-sus-tarifas-estos-son-los-planes-que-se-veran-afectados","status":"publish","type":"post","link":"https:\/\/domosistemas.com\/?p=23800","title":{"rendered":"Movistar subir\u00e1 el precio en algunas de sus tarifas. Estos son los planes que se ver\u00e1n afectados"},"content":{"rendered":"<div>\n<p>\n      <img decoding=\"async\" src=\"https:\/\/i.blogs.es\/6f5f93\/movistar\/1024_2000.jpeg\" alt=\"Movistar subir\u00e1 el precio en algunas de sus tarifas. Estos son los planes que se ver\u00e1n afectados\">\n    <\/p>\n<p>Si hay un tema que tiene especial relevancia cuando se trata de elegir una tarifa de Internet o telefon\u00eda, ese es el precio. <strong>Nos fijamos mucho en lo que tocar\u00e1 pagar mes a mes<\/strong> y sin embargo nos estamos acostumbrado peligrosamente a subidas de precio que se est\u00e1n haciendo demasiado habituales.<\/p>\n<p><!-- BREAK 1 --><\/p>\n<p>Toca hablar de Movistar y en esta ocasi\u00f3n de una nueva subida de precios que afecta a los usuarios de algunas de las tarifas de la operadora espa\u00f1ola. Si <strong>el a\u00f1o lo estrenaron con un<\/strong> <a href=\"https:\/\/www.xatakamovil.com\/movistar\/entran-vigor-nuevas-tarifas-movistar-esto-todo-que-cambia-enero-2024-subida-precios\">aumento de entre 1 y 4 euros<\/a> en la cuota mensual, ahora llega otra nueva subida.<\/p>\n<p><!-- BREAK 2 --><\/p>\n<h2>Otra subida m\u00e1s<\/h2>\n<div class=\"article-asset-image article-asset-normal article-asset-center\">\n<div class=\"asset-content\">\n<div class=\"caption-img \">\n<p>   <img decoding=\"async\" alt=\"Mimovistar\" class=\"centro_sinmarco\" src=\"https:\/\/i.blogs.es\/cdac39\/mimovistar\/450_1000.webp\"><\/p>\n<p>        <span>Imagen |\u00a0Movistar<\/span>\n   <\/div>\n<\/p><\/div>\n<\/div>\n<p>As\u00ed lo cuentan en <a rel=\"noopener, noreferrer\" href=\"https:\/\/bandaancha.eu\/articulos\/movistar-comunica-nueva-subida-precio-5-10898\">Banda Ancha<\/a>, d\u00f3nde afirman que los usuarios de alguna de las de antiguas tarifas Fusi\u00f3n <strong>est\u00e1n recibiendo una comunicaci\u00f3n por parte de la empresa<\/strong> inform\u00e1ndoles de un aumento en el precio que pagan cada mes.<\/p>\n<p><!-- BREAK 3 --><\/p>\n<div class=\"article-asset-video article-asset-normal\">\n<div class=\"asset-content\">\n<div class=\"base-asset-video\">\n<div class=\"js-dailymotion\">\n    <script type=\"application\/json\">\n           {\"videoId\":\"x7zmxm2\",\"autoplay\":true,\"title\":\"CONSEJOS para elegir LA MEJOR TARIFA de FIBRA y MO\u0301VIL\", \"tag\":\"\"}\n         <\/script>\n   <\/div>\n<\/p><\/div>\n<\/p><\/div>\n<\/div>\n<p>En este caso se les avisa que su tarifa se ver\u00e1 incrementada en <strong>5 euros a partir del 13 de mayo<\/strong> y afectar\u00e1 a los usuarios de alguna de las antiguas tarifas Fusi\u00f3n, que adem\u00e1s pasan por ser algunos de los que m\u00e1s tiempo tienen en la empresa.<\/p>\n<p><!-- BREAK 4 --><\/p>\n<p>Fue hace tiempo cuando las tarifas <a href=\"https:\/\/www.xatakamovil.com\/comparativa-de-tarifas\/tarifas-movistar-movil-fibra-fusion-todas-ofertas\">Movistar Fusion<\/a> dieron paso a las tarifas <strong>miMovistar, <\/strong><a href=\"https:\/\/www.xataka.com\/servicios\/adios-movistar-fusion-hola-mimovistar-movistar-cambia-completo-sus-tarifas-asi-quedan-ahora\">la nueva propuesta<\/a> de Telef\u00f3nica para configurar las tarifas. Sin embargo, a\u00fan hay muchos clientes que siguen usando los antiguos paquetes que agrupan m\u00f3vil, fibra y servicios de televisi\u00f3n.<\/p>\n<p><!-- BREAK 5 --><\/p>\n<div class=\"article-asset article-asset-normal article-asset-center\">\n<div class=\"desvio-container\">\n<div class=\"desvio\">\n<div class=\"desvio-figure js-desvio-figure\">\n    <a href=\"https:\/\/www.xatakahome.com\/a-fondo\/estas-soluciones-movistar-vodafone-orange-o2-para-acabar-para-siempre-wifi-lento\"><br \/>\n     <img loading=\"lazy\" decoding=\"async\" alt=\"Estas son las soluciones de Movistar, Vodafone, Orange y O2 para acabar para siempre con el WiFi lento\" width=\"375\" height=\"142\" src=\"https:\/\/i.blogs.es\/0fde3f\/hogar-conectado-1\/375_142.webp\" onerror='this.src=\"https:\/\/i.blogs.es\/0fde3f\/hogar-conectado-1\/375_142.jpeg\"'><br \/>\n    <\/a>\n   <\/div>\n<div class=\"desvio-summary\">\n<div class=\"desvio-taxonomy js-desvio-taxonomy\">\n     <a href=\"https:\/\/www.xatakahome.com\/a-fondo\/estas-soluciones-movistar-vodafone-orange-o2-para-acabar-para-siempre-wifi-lento\" class=\"desvio-taxonomy-anchor\">En Xataka Smart Home<\/a>\n    <\/div>\n<p>    <a href=\"https:\/\/www.xatakahome.com\/a-fondo\/estas-soluciones-movistar-vodafone-orange-o2-para-acabar-para-siempre-wifi-lento\" class=\"desvio-title js-desvio-title\">Estas son las soluciones de Movistar, Vodafone, Orange y O2 para acabar para siempre con el WiFi lento<\/a>\n   <\/div>\n<\/p><\/div>\n<\/p><\/div>\n<\/div>\n<p>Ahora a todos estos clientes, la operadora les est\u00e1 informando de <strong>un aumento en el coste de la cuota<\/strong> que paga cada mes por su tarifa con un aviso en su factura y el siguiente texto:<\/p>\n<p><!-- BREAK 6 --><\/p>\n<blockquote><p>En Movistar, nuestra prioridad es mantener el nivel de calidad de nuestros servicios, invirtiendo para asegurar la mejor experiencia de conectividad del mercado y una oferta de contenidos de primera, a pesar del incremento de costes del sector.<\/p><\/blockquote>\n<p>Los usuarios se enfrentan a <strong>una nueva subida en los precios<\/strong> tras la experimentada principios de a\u00f1o, un incremento que afecta a todos los clientes de la operadora que tengan incluido en su tarifa los canales de Dazn, sean de miMovistar o de Fusi\u00f3n. Estas son las tarifas afectadas y su precio a partir de mayo:<\/p>\n<p><!-- BREAK 7 --><\/p>\n<div class=\"article-asset-table article-asset-normal m-hr-scroll\">\n<div class=\"asset-content\">\n<table class=\"tabla-datos\">\n<thead>\n<tr>\n<th class=\"align-left\">\n<p><\/p>\n<\/th>\n<th class=\"align-left\">\n<p>precio 2023<\/p>\n<\/th>\n<th class=\"align-left\">\n<p>precio enero 2024<\/p>\n<\/th>\n<th class=\"align-left\">\n<p>precio mayo 2024<\/p>\n<\/th>\n<\/tr>\n<\/thead>\n<tbody>\n<tr>\n<th class=\"align-left\">\n<p>Total plus x4 con 4 l\u00edneas<\/p>\n<\/th>\n<td class=\"align-left\">\n<p>231 euros<\/p>\n<\/td>\n<td class=\"align-left\">\n<p>235 euros<\/p>\n<\/td>\n<td class=\"align-left\">\n<p>240 euros<\/p>\n<\/td>\n<\/tr>\n<tr>\n<th class=\"align-left\">\n<p>total plus x4<\/p>\n<\/th>\n<td class=\"align-left\">\n<p>204 euros<\/p>\n<\/td>\n<td class=\"align-left\">\n<p>208 \u00a0euros<\/p>\n<\/td>\n<td class=\"align-left\">\n<p>213 euros<\/p>\n<\/td>\n<\/tr>\n<tr>\n<th class=\"align-left\">\n<p>TOTAL PLUS X2 CON 4 L\u00cdNEAS<\/p>\n<\/th>\n<td class=\"align-left\">\n<p>226 euros<\/p>\n<\/td>\n<td class=\"align-left\">\n<p>230 euros<\/p>\n<\/td>\n<td class=\"align-left\">\n<p>235 euros<\/p>\n<\/td>\n<\/tr>\n<tr>\n<th class=\"align-left\">\n<p>TOTAL PLUS X2<\/p>\n<\/th>\n<td class=\"align-left\">\n<p>173 euros<\/p>\n<\/td>\n<td class=\"align-left\">\n<p>177 euros<\/p>\n<\/td>\n<td class=\"align-left\">\n<p>182 euros<\/p>\n<\/td>\n<\/tr>\n<tr>\n<th class=\"align-left\">\n<p>TOTAL PLUS CON 4 L\u00cdNEAS<\/p>\n<\/th>\n<td class=\"align-left\">\n<p>214 euros<\/p>\n<\/td>\n<td class=\"align-left\">\n<p>218 euros<\/p>\n<\/td>\n<td class=\"align-left\">\n<p>223 euros<\/p>\n<\/td>\n<\/tr>\n<tr>\n<th class=\"align-left\">\n<p>TOTAL PLUS<\/p>\n<\/th>\n<td class=\"align-left\">\n<p>187 euros<\/p>\n<\/td>\n<td class=\"align-left\">\n<p>191 euros<\/p>\n<\/td>\n<td class=\"align-left\">\n<p>196 euros<\/p>\n<\/td>\n<\/tr>\n<\/tbody>\n<\/table><\/div>\n<\/div>\n<p>V\u00eda | <a rel=\"noopener, noreferrer\" href=\"https:\/\/bandaancha.eu\/articulos\/movistar-comunica-nueva-subida-precio-5-10898\">Banda Ancha<\/a><\/p>\n<p><!-- BREAK 8 --><\/p>\n<p>Imagen | Movistar<\/p>\n<p>En Xataka SmartHome | <a href=\"https:\/\/www.xatakahome.com\/servicios-de-smart-tv\/como-ver-canales-tv-movistar-plus-tus-dispositivos-usar-decodificador-estas-mejores-opciones-1\">C\u00f3mo ver los canales de TV de Movistar Plus+ en tus dispositivos sin usar el decodificador: estas son las mejores opciones<\/a><\/p>\n<p><!-- BREAK 9 --><script>\n (function() {\n  window._JS_MODULES = window._JS_MODULES || {};\n  var headElement = document.getElementsByTagName('head')[0];\n  if (_JS_MODULES.instagram) {\n   var instagramScript = document.createElement('script');\n   instagramScript.src = 'https:\/\/platform.instagram.com\/en_US\/embeds.js';\n   instagramScript.async = true;\n   instagramScript.defer = true;\n   headElement.appendChild(instagramScript);\n  }\n })();\n<\/script><\/p>\n<p> &#8211; <br \/> La noticia<br \/>\n      <a href=\"https:\/\/www.xatakahome.com\/servicios-de-smart-tv\/movistar-subira-precio-algunas-sus-tarifas-estos-planes-que-se-veran-afectados?utm_source=feedburner&amp;utm_medium=feed&amp;utm_campaign=08_Apr_2024\"><br \/>\n       <em> Movistar subir\u00e1 el precio en algunas de sus tarifas. Estos son los planes que se ver\u00e1n afectados <\/em><br \/>\n      <\/a><br \/>\n      fue publicada originalmente en<br \/>\n      <a href=\"https:\/\/www.xatakahome.com\/?utm_source=feedburner&amp;utm_medium=feed&amp;utm_campaign=08_Apr_2024\"><br \/>\n       <strong> Xataka Smart Home <\/strong><br \/>\n      <\/a><br \/>\n            por <a href=\"https:\/\/www.xatakahome.com\/autor\/jose-antonio-carmona?utm_source=feedburner&amp;utm_medium=feed&amp;utm_campaign=08_Apr_2024\"><br \/>\n       Jose Antonio Carmona<br \/>\n      <\/a><br \/>\n      . <\/p>\n<\/div>\n","protected":false},"excerpt":{"rendered":"<p>Si hay un tema que tiene especial relevancia cuando se trata de elegir una tarifa de Internet o telefon\u00eda, ese es el precio. Nos fijamos mucho en lo que tocar\u00e1 pagar mes a mes y sin embargo nos estamos acostumbrado peligrosamente a subidas de precio que se est\u00e1n haciendo demasiado habituales. Toca hablar de Movistar &hellip; <a href=\"https:\/\/domosistemas.com\/?p=23800\" class=\"more-link\">Sigue leyendo <span class=\"screen-reader-text\">Movistar subir\u00e1 el precio en algunas de sus tarifas. Estos son los planes que se ver\u00e1n afectados<\/span><\/a><\/p>\n","protected":false},"author":1,"featured_media":0,"comment_status":"closed","ping_status":"closed","sticky":false,"template":"","format":"standard","meta":{"footnotes":""},"categories":[8],"tags":[],"class_list":["post-23800","post","type-post","status-publish","format-standard","hentry","category-xataka"],"_links":{"self":[{"href":"https:\/\/domosistemas.com\/index.php?rest_route=\/wp\/v2\/posts\/23800","targetHints":{"allow":["GET"]}}],"collection":[{"href":"https:\/\/domosistemas.com\/index.php?rest_route=\/wp\/v2\/posts"}],"about":[{"href":"https:\/\/domosistemas.com\/index.php?rest_route=\/wp\/v2\/types\/post"}],"author":[{"embeddable":true,"href":"https:\/\/domosistemas.com\/index.php?rest_route=\/wp\/v2\/users\/1"}],"replies":[{"embeddable":true,"href":"https:\/\/domosistemas.com\/index.php?rest_route=%2Fwp%2Fv2%2Fcomments&post=23800"}],"version-history":[{"count":0,"href":"https:\/\/domosistemas.com\/index.php?rest_route=\/wp\/v2\/posts\/23800\/revisions"}],"wp:attachment":[{"href":"https:\/\/domosistemas.com\/index.php?rest_route=%2Fwp%2Fv2%2Fmedia&parent=23800"}],"wp:term":[{"taxonomy":"category","embeddable":true,"href":"https:\/\/domosistemas.com\/index.php?rest_route=%2Fwp%2Fv2%2Fcategories&post=23800"},{"taxonomy":"post_tag","embeddable":true,"href":"https:\/\/domosistemas.com\/index.php?rest_route=%2Fwp%2Fv2%2Ftags&post=23800"}],"curies":[{"name":"wp","href":"https:\/\/api.w.org\/{rel}","templated":true}]}}