{"id":23818,"date":"2024-04-09T09:09:49","date_gmt":"2024-04-09T09:09:49","guid":{"rendered":"https:\/\/domosistemas.com\/?p=23818"},"modified":"2024-04-09T09:09:49","modified_gmt":"2024-04-09T09:09:49","slug":"esta-es-la-tarifa-de-la-luz-que-yo-contrataria-en-abril-si-tuviera-que-elegir-una-para-pagar-menos-en-la-factura","status":"publish","type":"post","link":"https:\/\/domosistemas.com\/?p=23818","title":{"rendered":"Esta es la tarifa de la luz que yo contratar\u00eda en abril si tuviera que elegir una para pagar menos en la factura"},"content":{"rendered":"<div>\n<p>\n      <img decoding=\"async\" src=\"https:\/\/i.blogs.es\/88c33c\/1366_2000\/1024_2000.jpeg\" alt=\"Esta es la tarifa de la luz que yo contratar\u00eda en abril si tuviera que elegir una para pagar menos en la factura \">\n    <\/p>\n<p>La <a href=\"https:\/\/www.xatakahome.com\/iluminacion-y-energia\/suben-impuestos-luz-gas-pellets-este-iva-que-tendremos-que-pagar-2024\">subida de impuestos como el IVA y el IEE<\/a> en enero en nuestras facturas el\u00e9ctricas, la <a href=\"https:\/\/www.xatakahome.com\/iluminacion-y-energia\/a-partir-marzo-2024-pagaremos-factura-luz-todo-tenemos-este-tipo-tarifa\">posterior subida del IVA al 21% otra vez en marzo<\/a> y la bajada en el consumo y en los costes del gas ha hecho que <strong>el mercado el\u00e9ctrico d\u00e9 un cambio importante<\/strong> con respecto a los dos a\u00f1os anteriores.<\/p>\n<p><!-- BREAK 1 --><\/p>\n<p>En general los precios han bajado, aunque lo han hecho de forma desigual en algunos tipos de tarifa, por lo que elegir la que m\u00e1s nos interesa ya no est\u00e1 tan claro como antes, donde en algunos periodos hab\u00eda <strong>claros ganadores y vencedores<\/strong> en el mercado. \u00bfC\u00f3mo est\u00e1 la situaci\u00f3n ahora mismo?<\/p>\n<p><!-- BREAK 2 --><\/p>\n<div class=\"article-asset article-asset-normal article-asset-center\">\n<div class=\"desvio-container\">\n<div class=\"desvio\">\n<div class=\"desvio-figure js-desvio-figure\">\n    <a href=\"https:\/\/www.xatakahome.com\/iluminacion-y-energia\/he-calculado-cuanto-subira-mi-factura-luz-a-partir-hoy-llegada-nuevo-iva-este-ha-sido-resultado\"><br \/>\n     <img loading=\"lazy\" decoding=\"async\" alt=\"He calculado cu\u00e1nto subir\u00e1 mi factura de la luz a partir de hoy con la llegada del nuevo IVA y este ha sido el resultado \" width=\"375\" height=\"142\" src=\"https:\/\/i.blogs.es\/8b7cbb\/light-white-lamp-light-bulb-pear-lighting-506446-pxhere.com\/375_142.webp\" onerror='this.src=\"https:\/\/i.blogs.es\/8b7cbb\/light-white-lamp-light-bulb-pear-lighting-506446-pxhere.com\/375_142.jpeg\"'><br \/>\n    <\/a>\n   <\/div>\n<div class=\"desvio-summary\">\n<div class=\"desvio-taxonomy js-desvio-taxonomy\">\n     <a href=\"https:\/\/www.xatakahome.com\/iluminacion-y-energia\/he-calculado-cuanto-subira-mi-factura-luz-a-partir-hoy-llegada-nuevo-iva-este-ha-sido-resultado\" class=\"desvio-taxonomy-anchor\">En Xataka Smart Home<\/a>\n    <\/div>\n<p>    <a href=\"https:\/\/www.xatakahome.com\/iluminacion-y-energia\/he-calculado-cuanto-subira-mi-factura-luz-a-partir-hoy-llegada-nuevo-iva-este-ha-sido-resultado\" class=\"desvio-title js-desvio-title\">He calculado cu\u00e1nto subir\u00e1 mi factura de la luz a partir de hoy con la llegada del nuevo IVA y este ha sido el resultado <\/a>\n   <\/div>\n<\/p><\/div>\n<\/p><\/div>\n<\/div>\n<h2>Esta es la tarifa el\u00e9ctrica que contratar\u00eda ahora mismo<\/h2>\n<p>Pues con la bajada en la demanda el\u00e9ctrica por la llegada del buen tiempo, la reducci\u00f3n en los costes del precio mayorista del gas y la <strong>fuerte entrada de la energ\u00eda solar y e\u00f3lica<\/strong>, en este momento cuando acabamos de comenzar la primavera, hay una tarifa el\u00e9ctrica que vuelve a cobrar relevancia y que se espera lo haga tambi\u00e9n en los pr\u00f3ximos meses.<\/p>\n<p><!-- BREAK 3 --><\/p>\n<p>Es la <a href=\"https:\/\/www.xatakahome.com\/a-fondo\/tener-tarifa-luz-mercado-libre-regulado-que-diferencias-ventajas-e-inconvenientes-hay-cada-caso\">tarifa regulada o PVPC<\/a>, que gracias a estar indexada al mercado mayorista y a la reducci\u00f3n de costes de \u00e9ste <a href=\"https:\/\/www.xatakahome.com\/iluminacion-y-energia\/tarifas-luz-baratas-marzo-2024-asi-queda-pvpc-respecto-al-mercado-libre\">es<strong> <\/strong>la m\u00e1s econ\u00f3mica ahora mismo<\/a> en ciertos d\u00edas concretos, y sobre todo a ciertas horas. De hecho, hay d\u00edas en los que <strong>el precio mayorista de la luz es de cero euros<\/strong> <strong>el MWh durante muchas horas seguidas<\/strong>, aunque luego tras aplicar <a href=\"https:\/\/www.xatakahome.com\/iluminacion-y-energia\/mi-tarifa-luz-tendria-que-ser-casi-gratis-tiene-costes-ocultos-que-disparan-precio\">costes a\u00f1adidos e impuestos<\/a> a nosotros, consumidores finales, nos cueste alrededor de unos <strong>0,04-0,05 \u20ac\/kWh<\/strong> en media.<\/p>\n<p><!-- BREAK 4 --><\/p>\n<p>Se trata de <strong>precios muy atractivos<\/strong> que podemos disfrutar durante los fines de semana, festivos y algunas franjas horarias entre semana. Por ejemplo, como vimos en <a href=\"https:\/\/www.xatakahome.com\/iluminacion-y-energia\/franjas-horarias-tarifa-luz-merecen-pena-que-nunca-asi-puedes-usarlas-para-ahorrar-factura\">este art\u00edculo<\/a>, en los \u00faltimos meses las franjas horarias de la luz han vuelto a merecer la pena, con costes en el horario nocturno y a medio d\u00eda mucho m\u00e1s reducidos de <strong>entre 0,05-0,10 \u20ac\/kWh<\/strong>, seg\u00fan el d\u00eda.<\/p>\n<p><!-- BREAK 5 --><\/p>\n<div class=\"article-asset-image article-asset-normal article-asset-center\">\n<div class=\"asset-content\">\n<div class=\"caption-img \">\n<p>   <img decoding=\"async\" alt=\"Horas Precio Barato Luz Abril\" class=\"centro_sinmarco\" src=\"https:\/\/i.blogs.es\/894b56\/horas-precio-barato-luz-abril\/450_1000.webp\"><\/p>\n<p>        <span>Precio luz 7 de abril de 2024. Imagen: Red El\u00e9ctrica Espa\u00f1ola<\/span>\n   <\/div>\n<\/p><\/div>\n<\/div>\n<p>Y, \u00bfestos buenos precios en la tarifa PVPC durar\u00e1n o ser\u00e1 algo ef\u00edmero? Pues no hay nada seguro, puesto que en cualquier momento puede surgir algo que desestabilice el mercado. Sin embargo, <a href=\"https:\/\/www.xatakahome.com\/iluminacion-y-energia\/nueva-tarifa-regulada-luz-estrenada-2024-trae-malas-noticias-eres-que-mira-lupa-precio-para-ahorrar\">las previsiones apuntan<\/a> a que la reducci\u00f3n de precios en el gas, principal causante de la subida en los costes de la luz los a\u00f1os anteriores, <strong>se mantendr\u00e1 en los pr\u00f3ximos meses<\/strong>, por lo menos hasta el oto\u00f1o, con precios de entre 35-45 euros\/MWh.<\/p>\n<p><!-- BREAK 6 --><\/p>\n<p>Adem\u00e1s, aunque subieran los precios de manera puntual, como este 2024 la PVPC ha estrenado una <a href=\"https:\/\/www.xatakahome.com\/iluminacion-y-energia\/usar-tus-electrodomesticos-horas-baratas-no-merecera-pena-esta-letra-pequena-nueva-tarifa-pvpc\">nueva forma de calcular el precio de la luz<\/a> que limita las diferencias entre horas caras y baratas a\u00f1adiendo componentes de precio a futuro, tendremos, en teor\u00eda, <strong>m\u00e1s estabilidad en el importe diario a pagar.<\/strong><\/p>\n<p><!-- BREAK 7 --><\/p>\n<div class=\"article-asset-video article-asset-normal\">\n<div class=\"asset-content\">\n<div class=\"base-asset-video\">\n<div class=\"js-dailymotion\">\n    <script type=\"application\/json\">\n           {\"videoId\":\"x81h7p2\",\"autoplay\":true,\"title\":\"NUEVA FACTURA DE LA LUZ: TODO LO QUE DEBES SABER para AHORRAR AL M\u00c1XIMO\", \"tag\":\"\"}\n         <\/script>\n   <\/div>\n<\/p><\/div>\n<\/p><\/div>\n<\/div>\n<p><strong>\u00bfEs la tarifa PVPC la mejor para todo tipo de consumidores?<\/strong> No. La clave para decidir si nos merece la pena la PVPC, o es mejor cambiarse a otra en el mercado libre, es si vamos a ser capaces de aprovechar la principal baza ahora mismo de la regulada: los bajos precios de algunos tramos horarios y d\u00edas como los <strong>fines de semana y festivos<\/strong> donde incluso <a href=\"https:\/\/www.xatakahome.com\/a-fondo\/algunos-dias-precio-luz-casi-gratis-tu-factura-sigue-siendo-cara-estos-costes-ocultos\">el precio es \u00abcasi gratis\u00bb<\/a> en algunos momentos.<\/p>\n<p><!-- BREAK 8 --><\/p>\n<p>Si podemos <strong>adaptar nuestro mayor consumo de energ\u00eda a estos horarios<\/strong> valle, la tarifa PVPC es ahora mismo la mejor opci\u00f3n para la mayor\u00eda de usuarios. Es decir, nos merecer\u00e1 mucho la pena si hacemos el consumo el\u00e9ctrico principal en estas franjas horarias y d\u00edas:<\/p>\n<p><!-- BREAK 9 --><\/p>\n<ul>\n<li><strong>Fines de semana y festivos durante todo el d\u00eda<\/strong><\/li>\n<li><strong>De madrugada de 00:00 a 08:00 horas<\/strong><\/li>\n<li><strong>En mitad del d\u00eda, de 14:00 a 19:00 horas<\/strong><\/li>\n<\/ul>\n<p><strong>\u00bfCu\u00e1ndo no merece la pena tener una tarifa PVPC?<\/strong> Si por el contrario nuestro consumo el\u00e9ctrico habitual se centra en las horas llano y punta, nos merecer\u00e1 la pena alguna otra tarifa en el mercado libre con <strong>precios fijos las 24 horas<\/strong> del d\u00eda:<\/p>\n<p><!-- BREAK 10 --><\/p>\n<ul>\n<li>Entre semana especialmente <strong>desde las 19:00 horas y hasta las 23:00 horas<\/strong>, mejor tarifa en el mercado libre con tarifa plana 24 horas<\/li>\n<\/ul>\n<p>Imagen portada | <a rel=\"noopener, noreferrer\" href=\"https:\/\/unsplash.com\/es\/@aindraus\">Anthony Indraus<\/a><\/p>\n<p><!-- BREAK 11 --><\/p>\n<p>En Xataka Smart Home | <a href=\"https:\/\/www.xatakahome.com\/a-fondo\/tener-tarifa-luz-mercado-libre-regulado-que-diferencias-ventajas-e-inconvenientes-hay-cada-caso\">Tener la tarifa de la luz en el mercado libre o en el regulado: qu\u00e9 diferencias, ventajas e inconvenientes hay en cada caso<\/a><\/p>\n<p><!-- BREAK 12 --><script>\n (function() {\n  window._JS_MODULES = window._JS_MODULES || {};\n  var headElement = document.getElementsByTagName('head')[0];\n  if (_JS_MODULES.instagram) {\n   var instagramScript = document.createElement('script');\n   instagramScript.src = 'https:\/\/platform.instagram.com\/en_US\/embeds.js';\n   instagramScript.async = true;\n   instagramScript.defer = true;\n   headElement.appendChild(instagramScript);\n  }\n })();\n<\/script><\/p>\n<p> &#8211; <br \/> La noticia<br \/>\n      <a href=\"https:\/\/www.xatakahome.com\/iluminacion-y-energia\/esta-tarifa-luz-que-yo-contrataria-abril-tuviera-que-elegir-para-pagar-factura?utm_source=feedburner&amp;utm_medium=feed&amp;utm_campaign=09_Apr_2024\"><br \/>\n       <em> Esta es la tarifa de la luz que yo contratar\u00eda en abril si tuviera que elegir una para pagar menos en la factura  <\/em><br \/>\n      <\/a><br \/>\n      fue publicada originalmente en<br \/>\n      <a href=\"https:\/\/www.xatakahome.com\/?utm_source=feedburner&amp;utm_medium=feed&amp;utm_campaign=09_Apr_2024\"><br \/>\n       <strong> Xataka Smart Home <\/strong><br \/>\n      <\/a><br \/>\n            por <a href=\"https:\/\/www.xatakahome.com\/autor\/paco-rodriguez?utm_source=feedburner&amp;utm_medium=feed&amp;utm_campaign=09_Apr_2024\"><br \/>\n       Paco Rodriguez<br \/>\n      <\/a><br \/>\n      . <\/p>\n<\/div>\n","protected":false},"excerpt":{"rendered":"<p>La subida de impuestos como el IVA y el IEE en enero en nuestras facturas el\u00e9ctricas, la posterior subida del IVA al 21% otra vez en marzo y la bajada en el consumo y en los costes del gas ha hecho que el mercado el\u00e9ctrico d\u00e9 un cambio importante con respecto a los dos a\u00f1os &hellip; <a href=\"https:\/\/domosistemas.com\/?p=23818\" class=\"more-link\">Sigue leyendo <span class=\"screen-reader-text\">Esta es la tarifa de la luz que yo contratar\u00eda en abril si tuviera que elegir una para pagar menos en la factura<\/span><\/a><\/p>\n","protected":false},"author":1,"featured_media":0,"comment_status":"closed","ping_status":"closed","sticky":false,"template":"","format":"standard","meta":{"footnotes":""},"categories":[8],"tags":[],"class_list":["post-23818","post","type-post","status-publish","format-standard","hentry","category-xataka"],"_links":{"self":[{"href":"https:\/\/domosistemas.com\/index.php?rest_route=\/wp\/v2\/posts\/23818","targetHints":{"allow":["GET"]}}],"collection":[{"href":"https:\/\/domosistemas.com\/index.php?rest_route=\/wp\/v2\/posts"}],"about":[{"href":"https:\/\/domosistemas.com\/index.php?rest_route=\/wp\/v2\/types\/post"}],"author":[{"embeddable":true,"href":"https:\/\/domosistemas.com\/index.php?rest_route=\/wp\/v2\/users\/1"}],"replies":[{"embeddable":true,"href":"https:\/\/domosistemas.com\/index.php?rest_route=%2Fwp%2Fv2%2Fcomments&post=23818"}],"version-history":[{"count":0,"href":"https:\/\/domosistemas.com\/index.php?rest_route=\/wp\/v2\/posts\/23818\/revisions"}],"wp:attachment":[{"href":"https:\/\/domosistemas.com\/index.php?rest_route=%2Fwp%2Fv2%2Fmedia&parent=23818"}],"wp:term":[{"taxonomy":"category","embeddable":true,"href":"https:\/\/domosistemas.com\/index.php?rest_route=%2Fwp%2Fv2%2Fcategories&post=23818"},{"taxonomy":"post_tag","embeddable":true,"href":"https:\/\/domosistemas.com\/index.php?rest_route=%2Fwp%2Fv2%2Ftags&post=23818"}],"curies":[{"name":"wp","href":"https:\/\/api.w.org\/{rel}","templated":true}]}}