{"id":23897,"date":"2024-04-15T17:09:33","date_gmt":"2024-04-15T17:09:33","guid":{"rendered":"https:\/\/domosistemas.com\/?p=23897"},"modified":"2024-04-15T17:09:33","modified_gmt":"2024-04-15T17:09:33","slug":"estas-son-las-opciones-de-lidl-y-leroy-merlin-para-tener-sombra-en-terrazas-balcones-patios-y-jardines","status":"publish","type":"post","link":"https:\/\/domosistemas.com\/?p=23897","title":{"rendered":"Estas son las opciones de Lidl y Leroy Merlin para tener sombra en terrazas, balcones, patios y jardines"},"content":{"rendered":"<div>\n<p>\n      <img decoding=\"async\" src=\"https:\/\/i.blogs.es\/6a5898\/francesca-tosolini-d7a8yw1mxqm-unsplash\/1024_2000.jpeg\" alt=\"Estas son las opciones de Lidl y Leroy Merlin para tener sombra en terrazas, balcones, patios y jardines \">\n    <\/p>\n<p>Con la llegada de la primavera el sol vuelve a hacer su aparici\u00f3n tras un duro invierno y con \u00e9l <strong>llega el calor<\/strong> y la necesidad de resguardarnos sobre todo durante las horas centrales del d\u00eda.<\/p>\n<p><!-- BREAK 1 --><\/p>\n<p>En este sentido, si tenemos en casa una <strong>terraza, balc\u00f3n, patio o jard\u00edn<\/strong> lo m\u00e1s probable es que necesitemos instalar alg\u00fan complemento adicional para conseguir tener <strong>zonas de sombra<\/strong> bajo las que poder situarnos por ejemplo para comer en el exterior, jugar, trabajar o disfrutar de una agradable tertulia. \u00bfQu\u00e9 opciones hay ahora mismo en el mercado?<\/p>\n<p><!-- BREAK 2 --><\/p>\n<div class=\"toc-container article-asset-normal\">\n<details>\n<summary class=\"toc-header is-open\">\n   <span class=\"toc-heading\"><br \/>\n    <span>\u00cdndice de Contenidos (5)<\/span><br \/>\n   <\/span><br \/>\n   <span class=\"icon-folded\"><\/span><br \/>\n  <\/summary>\n<\/details>\n<div class=\"toc-list-wrap is-open\">\n<div class=\"toc-list-item\">\n<ul class=\"toc-list\">\n<li class=\"toc-item\">\n       <a href=\"https:\/\/www.xatakahome.com\/#toldos-clasico-que-nunca-decepciona-1\" class=\"toc-item-link\">Toldos, un cl\u00e1sico que nunca decepciona<\/a>\n      <\/li>\n<li class=\"toc-item\">\n       <a href=\"https:\/\/www.xatakahome.com\/#parasoles-sombrilla-playa-vitaminada-2\" class=\"toc-item-link\">Parasoles, la sombrilla de playa vitaminada<\/a>\n      <\/li>\n<li class=\"toc-item\">\n       <a href=\"https:\/\/www.xatakahome.com\/#velas-sombreo-opcion-quita-pon-3\" class=\"toc-item-link\">Velas de sombreo, la opci\u00f3n de quita y pon<\/a>\n      <\/li>\n<li class=\"toc-item\">\n       <a href=\"https:\/\/www.xatakahome.com\/#pergolas-creando-habitaciones-exterior-4\" class=\"toc-item-link\">P\u00e9rgolas, creando \u00abhabitaciones\u00bb de exterior<\/a>\n      <\/li>\n<li class=\"toc-item\">\n       <a href=\"https:\/\/www.xatakahome.com\/#estores-exterior-ideal-para-cubrir-laterales-ganar-intimidad-5\" class=\"toc-item-link\">Estores de exterior, ideal para cubrir laterales y ganar intimidad<\/a>\n      <\/li>\n<\/ul><\/div>\n<\/p><\/div>\n<\/div>\n<div class=\"article-asset article-asset-normal article-asset-center\">\n<div class=\"desvio-container\">\n<div class=\"desvio\">\n<div class=\"desvio-figure js-desvio-figure\">\n    <a href=\"https:\/\/www.xatakahome.com\/iluminacion-y-energia\/este-invento-promete-llevar-electricidad-a-terrazas-patios-jardines-a-traves-ventanas\"><br \/>\n     <img loading=\"lazy\" decoding=\"async\" alt=\"Este invento promete llevar la electricidad a terrazas, patios y jardines a trav\u00e9s de las ventanas  \" width=\"375\" height=\"142\" src=\"https:\/\/i.blogs.es\/169828\/powermolel\/375_142.webp\" onerror='this.src=\"https:\/\/i.blogs.es\/169828\/powermolel\/375_142.jpeg\"'><br \/>\n    <\/a>\n   <\/div>\n<div class=\"desvio-summary\">\n<div class=\"desvio-taxonomy js-desvio-taxonomy\">\n     <a href=\"https:\/\/www.xatakahome.com\/iluminacion-y-energia\/este-invento-promete-llevar-electricidad-a-terrazas-patios-jardines-a-traves-ventanas\" class=\"desvio-taxonomy-anchor\">En Xataka Smart Home<\/a>\n    <\/div>\n<p>    <a href=\"https:\/\/www.xatakahome.com\/iluminacion-y-energia\/este-invento-promete-llevar-electricidad-a-terrazas-patios-jardines-a-traves-ventanas\" class=\"desvio-title js-desvio-title\">Este invento promete llevar la electricidad a terrazas, patios y jardines a trav\u00e9s de las ventanas  <\/a>\n   <\/div>\n<\/p><\/div>\n<\/p><\/div>\n<\/div>\n<h2 id=\"toldos-clasico-que-nunca-decepciona-1\" class=\"toc-enabled\"><span class=\"toc-shortcut-icon\" title=\"Ver \u00cdndice de contenido\"><\/span><strong>Toldos, un cl\u00e1sico que nunca decepciona<\/strong><\/h2>\n<div class=\"article-asset-image article-asset-normal article-asset-center\">\n<div class=\"asset-content\">\n<div class=\"caption-img \">\n                    <a rel=\"noopener, noreferrer\" class=\"js-ecommerce\" href=\"https:\/\/www.xatakahome.com\/redirect?url=https%3A%2F%2Fwww.leroymerlin.es%2Fproductos%2Fjardin-y-terraza%2Ftoldos%2Ftoldos-para-terraza-jardin%2Ftoldo-zefir-brazo-extensible-motorizado-con-cofre-gris-tela-gris-3-95x3-m-82752802.html&amp;category=hogar&amp;ecomPostExpiration=perish&amp;postId=111984\" data-vars-affiliate-url=\"https:\/\/www.xatakahome.com\/redirect?url=https%3A%2F%2Fwww.leroymerlin.es%2Fproductos%2Fjardin-y-terraza%2Ftoldos%2Ftoldos-para-terraza-jardin%2Ftoldo-zefir-brazo-extensible-motorizado-con-cofre-gris-tela-gris-3-95x3-m-82752802.html&amp;category=hogar&amp;ecomPostExpiration=perish&amp;postId=111984\"><\/p>\n<p>    <img decoding=\"async\" alt=\"Toldos Leroy Mrlin\" class=\"centro_sinmarco\" src=\"https:\/\/i.blogs.es\/8429bd\/toldos-leroy-mrlin\/450_1000.webp\"><br \/>\n     <\/a><\/p>\n<p>        <span>Imagen: Leroy Merlin<\/span>\n   <\/div>\n<\/p><\/div>\n<\/div>\n<p>En primer lugar tenemos a los conocidos <strong>toldos<\/strong>, presentes de serie en muchas viviendas, o por lo menos en algunas de sus zonas, y que proporcionan una <strong>soluci\u00f3n fija<\/strong> ideal para balcones y terrazas con independencia de su tama\u00f1o y forma, especialmente si tienen orientaci\u00f3n sur, este y oeste.<\/p>\n<p><!-- BREAK 3 --><\/p>\n<p>Suelen caracterizarse por ser <strong>grandes y resistentes<\/strong>, ofreciendo un sombra amplia y ayudando a rebajar la<strong> temperatura interior de la vivienda y reduciendo notablemente el gasto<\/strong> en climatizaci\u00f3n.<\/p>\n<p><!-- BREAK 4 --><\/p>\n<p>Los hay manuales, autom\u00e1ticos, con diferentes calidades del tejido y con formatos de lo m\u00e1s variado que pueden llegar f\u00e1cilmente a <strong>m\u00e1s de 6 metros de anchura<\/strong>. Eso s\u00ed, en general necesitaremos que sean instalados por un profesional al ser pesados y complicados de manejar.<\/p>\n<p><!-- BREAK 5 --><\/p>\n<p>Como inconveniente de estos equipos tenemos adem\u00e1s su elevado coste, ya que sobre todo si buscamos uno con tejidos de calidad, de gran formato y que tengan alg\u00fan tipo de automatismo los precios se disparan.<\/p>\n<p><!-- BREAK 6 --><\/p>\n<p>No obstante son <strong>una buena inversi\u00f3n de futuro<\/strong> para a\u00f1adir confort al hogar puesto que suelen durar m\u00e1s de 10-15 a\u00f1os sin problemas dependiendo de las condiciones clim\u00e1ticas.<\/p>\n<p><!-- BREAK 7 --><!-- PIVOT START --><\/p>\n<div class=\"pivot-ecommerce-container m-pivot-ecommerce-redesign article-asset-normal article-asset-center\">\n<div class=\"pivot-ecommerce\">\n<div class=\"pivot-ecommerce-figure\">\n  <a rel=\"nofollow, noopener, noreferrer noopener\" target=\"_blank\" href=\"https:\/\/www.xatakahome.com\/redirect?url=https%3A%2F%2Fwww.leroymerlin.es%2Fproductos%2Fjardin-y-terraza%2Ftoldos%2Ftoldos-para-terraza-jardin%2Ftoldo-zefir-brazo-extensible-motorizado-con-cofre-gris-tela-gris-3-95x3-m-82752802.html&amp;category=hogar&amp;pivot=1&amp;ecomPostExpiration=perish&amp;postId=111984\"><br \/>\n   <img loading=\"lazy\" decoding=\"async\" alt=\"Toldo zefir brazo extensible motorizado con cofre gris tela gris 3.95x3 m\" width=\"3000\" height=\"3000\" src=\"https:\/\/i.blogs.es\/3b1e0a\/1290750\/original.webp\" onerror='this.src=\"https:\/\/i.blogs.es\/3b1e0a\/1290750\/original.png\"'><br \/>\n  <\/a>\n  <\/div>\n<div class=\"pivot-ecommerce-summary\">\n<p class=\"pivot-ecommerce-desc\">Toldo zefir brazo extensible motorizado con cofre gris tela gris 3.95&#215;3 m<\/p>\n<div class=\"pivot-actions \">\n<div class=\"pivot-actions-row\">\n <a rel=\"nofollow, noopener, noreferrer noopener\" target=\"_blank\" data-asin=\"82752802\" data-store=\"Leroy Merlin\" href=\"https:\/\/www.xatakahome.com\/redirect?url=https%3A%2F%2Fwww.leroymerlin.es%2Fproductos%2Fjardin-y-terraza%2Ftoldos%2Ftoldos-para-terraza-jardin%2Ftoldo-zefir-brazo-extensible-motorizado-con-cofre-gris-tela-gris-3-95x3-m-82752802.html&amp;category=hogar&amp;pivot=1&amp;ecomPostExpiration=perish&amp;postId=111984\" title=\"Precio actualizado hoy\" class=\"pivot-action-btn pivot-action-primary\">Hoy en Leroy Merlin \u2014 <strong>399,00<\/strong> \u20ac<\/a>\n <\/div>\n<\/p><\/div>\n<\/p><\/div>\n<\/p><\/div>\n<div class=\"pivot-link-msg\">* Alg\u00fan precio puede haber cambiado desde la \u00faltima revisi\u00f3n<\/div>\n<\/p><\/div>\n<p><!-- PIVOT END --><\/p>\n<h2 id=\"parasoles-sombrilla-playa-vitaminada-2\" class=\"toc-enabled\"><span class=\"toc-shortcut-icon\" title=\"Ver \u00cdndice de contenido\"><\/span>Parasoles, la sombrilla de playa vitaminada<\/h2>\n<div class=\"article-asset-image article-asset-normal article-asset-center\">\n<div class=\"asset-content\">\n<div class=\"caption-img \">\n                    <a rel=\"noopener, noreferrer\" class=\"js-ecommerce\" href=\"https:\/\/www.xatakahome.com\/redirect?url=https%3A%2F%2Fwww.leroymerlin.es%2Fproductos%2Fjardin-y-terraza%2Fmuebles-de-jardin%2Fparasoles-y-toldos-vela%2Fparasol-cuadrado-de-aluminio-naterial-sonora-marron-285x285-cm-82232874.html&amp;category=hogar&amp;ecomPostExpiration=perish&amp;postId=111984\" data-vars-affiliate-url=\"https:\/\/www.xatakahome.com\/redirect?url=https%3A%2F%2Fwww.leroymerlin.es%2Fproductos%2Fjardin-y-terraza%2Fmuebles-de-jardin%2Fparasoles-y-toldos-vela%2Fparasol-cuadrado-de-aluminio-naterial-sonora-marron-285x285-cm-82232874.html&amp;category=hogar&amp;ecomPostExpiration=perish&amp;postId=111984\"><\/p>\n<p>    <img decoding=\"async\" alt=\"Parasol\" class=\"centro_sinmarco\" src=\"https:\/\/i.blogs.es\/33893f\/parasol\/450_1000.webp\"><br \/>\n     <\/a><\/p>\n<p>        <span>imagen: Leroy Merlin<\/span>\n   <\/div>\n<\/p><\/div>\n<\/div>\n<p>Los parasoles son elementos <strong>ideales<\/strong> <strong>para espacios peque\u00f1os,<\/strong> como balcones y terrazas, aunque tambi\u00e9n pueden usarse en jardines. Son como sombrillas de grandes dimensiones que pueden moverse con facilidad.<\/p>\n<p><!-- BREAK 8 --><\/p>\n<p>Suelen ser relativamente ligeros en s\u00ed mismos, aunque requieren de un contrapeso para evitar que se muevan con la fuerza del aire, por lo que <strong>el conjunto es pesado y voluminoso<\/strong>.<\/p>\n<p><!-- BREAK 9 --><\/p>\n<p>Se componen de un m\u00e1stil y de una parte textil, generalmente de poli\u00e9ster, que resulta f\u00e1cil de limpiar y resiste la humedad, el polvo y la lluvia. Adem\u00e1s, algunos \u00a0modelos incluyen una <strong>manivela en el m\u00e1stil<\/strong> para abrirlos y cerrarlos con facilidad.<\/p>\n<p><!-- BREAK 10 --><\/p>\n<p>Adem\u00e1s, hay modelos que cuentan con funciones adicionales, como sistemas de <strong>luces LED integradas<\/strong> en su parte superior que se recargan con el sol, lo que nos permite crear espacios de ambiente para usar durante la tarde y noche sin contar con tomas el\u00e9ctricas cerca.<\/p>\n<p><!-- BREAK 11 --><\/p>\n<p>Como contrapartida, hay que se\u00f1alar que incluso en los modelos dom\u00e9sticos m\u00e1s grandes, <strong>el \u00e1rea de sombra obtenida es relativamente peque\u00f1a<\/strong> si la comparamos con otras alternativas como los toldos o las velas de mayor tama\u00f1o.<\/p>\n<p><!-- BREAK 12 --><!-- PIVOT START --><\/p>\n<div class=\"pivot-ecommerce-container m-pivot-ecommerce-redesign article-asset-normal article-asset-center\">\n<div class=\"pivot-ecommerce\">\n<div class=\"pivot-ecommerce-figure\">\n  <a rel=\"nofollow, noopener, noreferrer noopener\" target=\"_blank\" href=\"https:\/\/www.xatakahome.com\/redirect?url=https%3A%2F%2Fwww.leroymerlin.es%2Fproductos%2Fjardin-y-terraza%2Fmuebles-de-jardin%2Fparasoles-y-toldos-vela%2Fparasol-cuadrado-de-aluminio-naterial-sonora-marron-285x285-cm-82232874.html&amp;category=hogar&amp;pivot=1&amp;ecomPostExpiration=perish&amp;postId=111984\"><br \/>\n   <img loading=\"lazy\" decoding=\"async\" alt=\"Parasol cuadrado de aluminio naterial sonora marr\u00f3n 285x285 cm\" width=\"2000\" height=\"2000\" src=\"https:\/\/i.blogs.es\/3ec25a\/559779\/original.webp\" onerror='this.src=\"https:\/\/i.blogs.es\/3ec25a\/559779\/original.png\"'><br \/>\n  <\/a>\n  <\/div>\n<div class=\"pivot-ecommerce-summary\">\n<p class=\"pivot-ecommerce-desc\">Parasol cuadrado de aluminio naterial sonora marr\u00f3n 285&#215;285 cm<\/p>\n<div class=\"pivot-actions \">\n<div class=\"pivot-actions-row\">\n <a rel=\"nofollow, noopener, noreferrer noopener\" target=\"_blank\" data-asin=\"82232874\" data-store=\"Leroy Merlin\" href=\"https:\/\/www.xatakahome.com\/redirect?url=https%3A%2F%2Fwww.leroymerlin.es%2Fproductos%2Fjardin-y-terraza%2Fmuebles-de-jardin%2Fparasoles-y-toldos-vela%2Fparasol-cuadrado-de-aluminio-naterial-sonora-marron-285x285-cm-82232874.html&amp;category=hogar&amp;pivot=1&amp;ecomPostExpiration=perish&amp;postId=111984\" title=\"Precio actualizado hoy\" class=\"pivot-action-btn pivot-action-primary\">Hoy en Leroy Merlin \u2014 <strong>169,00<\/strong> \u20ac<\/a>\n <\/div>\n<\/p><\/div>\n<\/p><\/div>\n<\/p><\/div>\n<div class=\"pivot-link-msg\">* Alg\u00fan precio puede haber cambiado desde la \u00faltima revisi\u00f3n<\/div>\n<\/p><\/div>\n<p><!-- PIVOT END --><\/p>\n<h2 id=\"velas-sombreo-opcion-quita-pon-3\" class=\"toc-enabled\"><span class=\"toc-shortcut-icon\" title=\"Ver \u00cdndice de contenido\"><\/span>Velas de sombreo, la opci\u00f3n de quita y pon<\/h2>\n<div class=\"article-asset-image article-asset-normal article-asset-center\">\n<div class=\"asset-content\">\n<div class=\"caption-img \">\n                    <a rel=\"noopener, noreferrer\" class=\"js-ecommerce\" href=\"https:\/\/www.xatakahome.com\/redirect?url=https%3A%2F%2Fwww.leroymerlin.es%2Fproductos%2Fjardin-y-terraza%2Fcercados-y-ocultacion-para-jardin-terrazas%2Fmallas-de-sombreo%2Ftectake-toldo-de-polietileno-con-forma-de-vela-gris-400-x-400-x-400-cm-88102958.html&amp;category=hogar&amp;ecomPostExpiration=perish&amp;postId=111984\" data-vars-affiliate-url=\"https:\/\/www.xatakahome.com\/redirect?url=https%3A%2F%2Fwww.leroymerlin.es%2Fproductos%2Fjardin-y-terraza%2Fcercados-y-ocultacion-para-jardin-terrazas%2Fmallas-de-sombreo%2Ftectake-toldo-de-polietileno-con-forma-de-vela-gris-400-x-400-x-400-cm-88102958.html&amp;category=hogar&amp;ecomPostExpiration=perish&amp;postId=111984\"><\/p>\n<p>    <img decoding=\"async\" alt=\"Velas Anclaje\" class=\"centro_sinmarco\" src=\"https:\/\/i.blogs.es\/34cef4\/velas-anclaje\/450_1000.webp\"><br \/>\n     <\/a><\/p>\n<p>        <span>Imagen: Leroy Merlin<\/span>\n   <\/div>\n<\/p><\/div>\n<\/div>\n<p>Otra opci\u00f3n para crear espacios de sombra son las<strong> velas de sombreo<\/strong>, que pueden ser capaces de <strong>bloquear hasta un 90% los rayos <\/strong>ultravioletas<strong> <\/strong>si las colocamos adecuadamente.<\/p>\n<p><!-- BREAK 13 --><\/p>\n<p>Se fijan con diferentes <strong>puntos de anclaje a una pared, a un \u00e1rbol o a unos postes<\/strong> y son elementos de temporada. Es decir, conviene que las quitemos en invierno si queremos que duren m\u00e1s tiempo para que no se estropeen con la intemperie.<\/p>\n<p><!-- BREAK 14 --><\/p>\n<p>En general suelen ser <strong>equipamientos m\u00e1s econ\u00f3micos<\/strong> que los grandes toldos, pero menos resistentes, aunque los podemos instalar nosotros mismos y solo necesitaremos contar con un buen anclaje.<\/p>\n<p><!-- BREAK 15 --><!-- PIVOT START --><\/p>\n<div class=\"pivot-ecommerce-container m-pivot-ecommerce-redesign article-asset-normal article-asset-center\">\n<div class=\"pivot-ecommerce\">\n<div class=\"pivot-ecommerce-figure\">\n  <a rel=\"nofollow, noopener, noreferrer noopener\" target=\"_blank\" href=\"https:\/\/www.xatakahome.com\/redirect?url=https%3A%2F%2Fwww.amazon.es%2Fdp%2FB08TMH9KWZ%3Ftag%3Dxatakahome-21%26linkCode%3Dosi%26th%3D1%26psc%3D1&amp;category=hogar&amp;pivot=1&amp;ecomPostExpiration=perish&amp;postId=111984\"><br \/>\n   <img loading=\"lazy\" decoding=\"async\" alt=\"TecTake 800886 Toldo Vela jard\u00edn protecci\u00f3n UV | con Juego de Cables tensores | - Varios Modelos | Gris (Triangular (4 x 4 x 4 m))\" width=\"500\" height=\"500\" src=\"https:\/\/i.blogs.es\/8d34ec\/31ujmwuq3yl._sl500_\/original.webp\" onerror='this.src=\"https:\/\/i.blogs.es\/8d34ec\/31ujmwuq3yl._sl500_\/original.jpeg\"'><br \/>\n  <\/a>\n  <\/div>\n<div class=\"pivot-ecommerce-summary\">\n<p class=\"pivot-ecommerce-desc\">TecTake 800886 Toldo Vela jard\u00edn protecci\u00f3n UV | con Juego de Cables tensores | &#8211; Varios Modelos | Gris (Triangular (4 x 4 x 4 m))<\/p>\n<div class=\"pivot-actions \">\n<div class=\"pivot-actions-row\">\n <a rel=\"nofollow, noopener, noreferrer noopener\" target=\"_blank\" data-asin=\"B08TMH9KWZ\" data-store=\"Amazon\" href=\"https:\/\/www.xatakahome.com\/redirect?url=https%3A%2F%2Fwww.amazon.es%2Fdp%2FB08TMH9KWZ%3Ftag%3Dxatakahome-21%26linkCode%3Dosi%26th%3D1%26psc%3D1&amp;category=hogar&amp;pivot=1&amp;ecomPostExpiration=perish&amp;postId=111984\" title=\"Precio actualizado hoy\" class=\"pivot-action-btn pivot-action-primary\">Hoy en Amazon \u2014 <strong>26,90<\/strong> \u20ac<\/a><br \/>\n   <a rel=\"nofollow, noopener, noreferrer noopener\" target=\"_blank\" data-asin=\"88102958\" data-store=\"Leroy Merlin\" href=\"https:\/\/www.xatakahome.com\/redirect?url=https%3A%2F%2Fwww.leroymerlin.es%2Fproductos%2Fjardin-y-terraza%2Fcercados-y-ocultacion-para-jardin-terrazas%2Fmallas-de-sombreo%2Ftectake-toldo-de-polietileno-con-forma-de-vela-gris-400-x-400-x-400-cm-88102958.html&amp;category=hogar&amp;pivot=1&amp;ecomPostExpiration=perish&amp;postId=111984\" title=\"Precio actualizado hoy\" class=\"pivot-action-btn pivot-action-secondary\">Leroy Merlin \u2014 <strong>26,99<\/strong> \u20ac<\/a>\n <\/div>\n<\/p><\/div>\n<\/p><\/div>\n<\/p><\/div>\n<div class=\"pivot-link-msg\">* Alg\u00fan precio puede haber cambiado desde la \u00faltima revisi\u00f3n<\/div>\n<\/p><\/div>\n<p><!-- PIVOT END --><\/p>\n<h2 id=\"pergolas-creando-habitaciones-exterior-4\" class=\"toc-enabled\"><span class=\"toc-shortcut-icon\" title=\"Ver \u00cdndice de contenido\"><\/span>P\u00e9rgolas, creando \u00abhabitaciones\u00bb de exterior<\/h2>\n<div class=\"article-asset-image article-asset-normal article-asset-center\">\n<div class=\"asset-content\">\n<div class=\"caption-img \">\n                    <a rel=\"noopener, noreferrer\" class=\"js-ecommerce\" href=\"https:\/\/www.xatakahome.com\/redirect?url=https%3A%2F%2Fwww.leroymerlin.es%2Fproductos%2Fjardin-y-terraza%2Fpergolas-carpas-y-cenadores%2Fpergolas-para-jardines-y-terrazas%2Fpergolas-de-aluminio%2Fpergola-de-metal-naterial-tokio-beige-300x400-cm-35998830.html&amp;category=hogar&amp;ecomPostExpiration=perish&amp;postId=111984\" data-vars-affiliate-url=\"https:\/\/www.xatakahome.com\/redirect?url=https%3A%2F%2Fwww.leroymerlin.es%2Fproductos%2Fjardin-y-terraza%2Fpergolas-carpas-y-cenadores%2Fpergolas-para-jardines-y-terrazas%2Fpergolas-de-aluminio%2Fpergola-de-metal-naterial-tokio-beige-300x400-cm-35998830.html&amp;category=hogar&amp;ecomPostExpiration=perish&amp;postId=111984\"><\/p>\n<p>    <img decoding=\"async\" alt=\"Pergolas\" class=\"centro_sinmarco\" src=\"https:\/\/i.blogs.es\/95fde3\/pergolas\/450_1000.webp\"><br \/>\n     <\/a><\/p>\n<p>        <span>Imagen: Leroy Merlin<\/span>\n   <\/div>\n<\/p><\/div>\n<\/div>\n<p>Si queremos crear una zona de sombra m\u00e1s amplia y permanente podemos optar por las conocidas <strong>p\u00e9rgolas<\/strong>, disponibles con muchos tipos de estructura y materiales como el aluminio, madera, acero o PVC.<\/p>\n<p><!-- BREAK 16 --><\/p>\n<p>Pueden ser de pared, en cuyo caso necesitaremos tener una cerca, o bien las llamadas \u00abexentas\u00bb que se instalan <strong>en cualquier zona del jard\u00edn<\/strong>, estando disponibles tanto en forma de kits como haci\u00e9ndolas a medida.<\/p>\n<p><!-- BREAK 17 --><\/p>\n<p>La ventaja es que permiten crear como una especie de <strong>zona o habitaci\u00f3n de exterior con sombra<\/strong> y un mayor grado de privacidad si contamos adem\u00e1s con elementos de cerramiento en los laterales.<\/p>\n<p><!-- BREAK 18 --><\/p>\n<p>Tambi\u00e9n las hay de tipo <strong>\u00abbioclim\u00e1tico\u00bb<\/strong>, que cuentan con lamas m\u00f3viles que dejan pasar o no el aire y los rayos solares, modelos con posibilidad de instalar puntos de luz LED, etc.<\/p>\n<p><!-- BREAK 19 --><\/p>\n<p>Su inconveniente es que por lo general si queremos un modelo grande y de buena calidad nos costar\u00e1 bastante <strong>m\u00e1s caro que la cl\u00e1sica vela o parasol <\/strong>y en muchos casos requerimos que nos la instalen, lo que incrementa el precio.<\/p>\n<p><!-- BREAK 20 --><!-- PIVOT START --><\/p>\n<div class=\"pivot-ecommerce-container m-pivot-ecommerce-redesign article-asset-normal article-asset-center\">\n<div class=\"pivot-ecommerce\">\n<div class=\"pivot-ecommerce-figure\">\n  <a rel=\"nofollow, noopener, noreferrer noopener\" target=\"_blank\" href=\"https:\/\/www.xatakahome.com\/redirect?url=https%3A%2F%2Fwww.leroymerlin.es%2Fproductos%2Fjardin-y-terraza%2Fpergolas-carpas-y-cenadores%2Fpergolas-para-jardines-y-terrazas%2Fpergolas-de-aluminio%2Fpergola-de-metal-naterial-tokio-beige-300x400-cm-35998830.html&amp;category=hogar&amp;pivot=1&amp;ecomPostExpiration=perish&amp;postId=111984\"><br \/>\n   <img loading=\"lazy\" decoding=\"async\" alt=\"P\u00e9rgola de metal naterial tokio beige 300x400 cm\" width=\"1999\" height=\"1999\" src=\"https:\/\/i.blogs.es\/a0cd68\/1235143\/original.webp\" onerror='this.src=\"https:\/\/i.blogs.es\/a0cd68\/1235143\/original.jpeg\"'><br \/>\n  <\/a>\n  <\/div>\n<div class=\"pivot-ecommerce-summary\">\n<p class=\"pivot-ecommerce-desc\">P\u00e9rgola de metal naterial tokio beige 300&#215;400 cm<\/p>\n<div class=\"pivot-actions \">\n<div class=\"pivot-actions-row\">\n <a rel=\"nofollow, noopener, noreferrer noopener\" target=\"_blank\" data-asin=\"35998830\" data-store=\"Leroy Merlin\" href=\"https:\/\/www.xatakahome.com\/redirect?url=https%3A%2F%2Fwww.leroymerlin.es%2Fproductos%2Fjardin-y-terraza%2Fpergolas-carpas-y-cenadores%2Fpergolas-para-jardines-y-terrazas%2Fpergolas-de-aluminio%2Fpergola-de-metal-naterial-tokio-beige-300x400-cm-35998830.html&amp;category=hogar&amp;pivot=1&amp;ecomPostExpiration=perish&amp;postId=111984\" title=\"Precio actualizado hoy\" class=\"pivot-action-btn pivot-action-primary\">Hoy en Leroy Merlin \u2014 <strong>449,00<\/strong> \u20ac<\/a>\n <\/div>\n<\/p><\/div>\n<\/p><\/div>\n<\/p><\/div>\n<div class=\"pivot-link-msg\">* Alg\u00fan precio puede haber cambiado desde la \u00faltima revisi\u00f3n<\/div>\n<\/p><\/div>\n<p><!-- PIVOT END --><\/p>\n<div class=\"article-asset-video article-asset-normal\">\n<div class=\"asset-content\">\n<div class=\"base-asset-video\">\n<div class=\"js-dailymotion\">\n    <script type=\"application\/json\">\n           {\"videoId\":\"x8006fc\",\"autoplay\":true,\"title\":\"C\u00f3mo dormir cuando hace mucho calor y no tienes aire acondicionado\", \"tag\":\"\"}\n         <\/script>\n   <\/div>\n<\/p><\/div>\n<\/p><\/div>\n<\/div>\n<h2 id=\"estores-exterior-ideal-para-cubrir-laterales-ganar-intimidad-5\" class=\"toc-enabled\"><span class=\"toc-shortcut-icon\" title=\"Ver \u00cdndice de contenido\"><\/span>Estores de exterior, ideal para cubrir laterales y ganar intimidad<\/h2>\n<div class=\"article-asset-image article-asset-normal article-asset-center\">\n<div class=\"asset-content\">\n<div class=\"caption-img \">\n<p>   <img decoding=\"async\" alt=\"Estor Exterior\" class=\"centro_sinmarco\" src=\"https:\/\/i.blogs.es\/04b28c\/estor-exterior\/450_1000.webp\"><\/p>\n<p>        <span>Imagen: Lidl<\/span>\n   <\/div>\n<\/p><\/div>\n<\/div>\n<p>Otra opci\u00f3n menos conocida son los<strong> estores de exterior<\/strong>, una versi\u00f3n vitaminada de los cl\u00e1sicos modelos que colocamos dentro de casa cubriendo las ventanas pero adaptados a funcionar <strong>fuera de la vivienda<\/strong>.<\/p>\n<p><!-- BREAK 21 --><\/p>\n<p>Suelen permitir crear espacios de sombra m\u00e1s limitados, generalmente de un par de metros de ancho pero permiten <strong>rebajar la temperatura en una habitaci\u00f3n<\/strong> o crear espacios sombreados en el lateral de un patio o terraza.<\/p>\n<p><!-- BREAK 22 --><\/p>\n<p>Como ventaja tienen que su <strong>precio es mucho m\u00e1s bajo<\/strong> que las opciones anteriores, son f\u00e1ciles de transportar e instalar y podemos quitarlos sin problema si se estropean o nos cansamos de ellos.<\/p>\n<p><!-- BREAK 23 --><\/p>\n<p>Como contrapartida, en general los materiales de los tejidos <strong>no son tan resistentes<\/strong> como los de un toldo y la zona de sombra es mucho m\u00e1s limitada. No obstante, pueden ser un complemento para estos permitiendo cubrir zonas laterales y frontales mientras el toldo se encarga de la superior.<\/p>\n<p><!-- BREAK 24 --><!-- PIVOT START --><\/p>\n<div class=\"pivot-ecommerce-container m-pivot-ecommerce-redesign article-asset-normal article-asset-center\">\n<div class=\"pivot-ecommerce\">\n<div class=\"pivot-ecommerce-figure\">\n  <a rel=\"nofollow, noopener, noreferrer noopener\" target=\"_blank\" href=\"https:\/\/www.xatakahome.com\/redirect?url=https%3A%2F%2Fwww.lidl.es%2Fes%2Festor-exterior%2Fp37929&amp;category=hogar&amp;pivot=1&amp;ecomPostExpiration=perish&amp;postId=111984\"><br \/>\n   <img loading=\"lazy\" decoding=\"async\" alt=\"Estor exterior\" width=\"1366\" height=\"1025\" src=\"https:\/\/i.blogs.es\/04b28c\/estor-exterior\/original.webp\" onerror='this.src=\"https:\/\/i.blogs.es\/04b28c\/estor-exterior\/original.jpeg\"'><br \/>\n  <\/a>\n  <\/div>\n<div class=\"pivot-ecommerce-summary\">\n<p class=\"pivot-ecommerce-desc\">Estor exterior<\/p>\n<div class=\"pivot-actions \">\n<div class=\"pivot-actions-row\">\n <a rel=\"nofollow, noopener, noreferrer noopener\" target=\"_blank\" data-asin=\"\" data-store=\"Lidl\" href=\"https:\/\/www.xatakahome.com\/redirect?url=https%3A%2F%2Fwww.lidl.es%2Fes%2Festor-exterior%2Fp37929&amp;category=hogar&amp;pivot=1&amp;ecomPostExpiration=perish&amp;postId=111984\" title=\"Precio de venta al p\u00fablico a fecha de publicaci\u00f3n\" class=\"pivot-action-btn pivot-action-primary\">PVP en Lidl \u2014 <strong>69,99<\/strong> \u20ac<\/a>\n <\/div>\n<\/p><\/div>\n<\/p><\/div>\n<\/p><\/div>\n<div class=\"pivot-link-msg\">* Alg\u00fan precio puede haber cambiado desde la \u00faltima revisi\u00f3n<\/div>\n<\/p><\/div>\n<p><!-- PIVOT END --><\/p>\n<p>Imagen portada | <a rel=\"noopener, noreferrer\" href=\"https:\/\/unsplash.com\/es\/@fromitaly\">Francesca Tosolini<\/a><\/p>\n<p><!-- BREAK 25 --><\/p>\n<p>En Xataka Smart Home | <a href=\"https:\/\/www.xatakahome.com\/iluminacion-y-energia\/este-invento-promete-llevar-electricidad-a-terrazas-patios-jardines-a-traves-ventanas\">Este invento promete llevar la electricidad a terrazas, patios y jardines a trav\u00e9s de las ventanas<\/a><\/p>\n<p><!-- BREAK 26 --><\/p>\n<p><em>Nota: Algunos de los enlaces de este art\u00edculo son afiliados y pueden reportar un beneficio a Xataka Home<\/em><\/p>\n<p><!-- BREAK 27 --><script>\n (function() {\n  window._JS_MODULES = window._JS_MODULES || {};\n  var headElement = document.getElementsByTagName('head')[0];\n  if (_JS_MODULES.instagram) {\n   var instagramScript = document.createElement('script');\n   instagramScript.src = 'https:\/\/platform.instagram.com\/en_US\/embeds.js';\n   instagramScript.async = true;\n   instagramScript.defer = true;\n   headElement.appendChild(instagramScript);\n  }\n })();\n<\/script><\/p>\n<p> &#8211; <br \/> La noticia<br \/>\n      <a href=\"https:\/\/www.xatakahome.com\/hogar\/estas-opciones-lidl-leroy-merlin-para-tener-sombra-terrazas-balcones-patios-jardines?utm_source=feedburner&amp;utm_medium=feed&amp;utm_campaign=15_Apr_2024\"><br \/>\n       <em> Estas son las opciones de Lidl y Leroy Merlin para tener sombra en terrazas, balcones, patios y jardines  <\/em><br \/>\n      <\/a><br \/>\n      fue publicada originalmente en<br \/>\n      <a href=\"https:\/\/www.xatakahome.com\/?utm_source=feedburner&amp;utm_medium=feed&amp;utm_campaign=15_Apr_2024\"><br \/>\n       <strong> Xataka Smart Home <\/strong><br \/>\n      <\/a><br \/>\n            por <a href=\"https:\/\/www.xatakahome.com\/autor\/paco-rodriguez?utm_source=feedburner&amp;utm_medium=feed&amp;utm_campaign=15_Apr_2024\"><br \/>\n       Paco Rodriguez<br \/>\n      <\/a><br \/>\n      . <\/p>\n<\/div>\n","protected":false},"excerpt":{"rendered":"<p>Con la llegada de la primavera el sol vuelve a hacer su aparici\u00f3n tras un duro invierno y con \u00e9l llega el calor y la necesidad de resguardarnos sobre todo durante las horas centrales del d\u00eda. En este sentido, si tenemos en casa una terraza, balc\u00f3n, patio o jard\u00edn lo m\u00e1s probable es que necesitemos &hellip; <a href=\"https:\/\/domosistemas.com\/?p=23897\" class=\"more-link\">Sigue leyendo <span class=\"screen-reader-text\">Estas son las opciones de Lidl y Leroy Merlin para tener sombra en terrazas, balcones, patios y jardines<\/span><\/a><\/p>\n","protected":false},"author":1,"featured_media":0,"comment_status":"closed","ping_status":"closed","sticky":false,"template":"","format":"standard","meta":{"footnotes":""},"categories":[8],"tags":[],"class_list":["post-23897","post","type-post","status-publish","format-standard","hentry","category-xataka"],"_links":{"self":[{"href":"https:\/\/domosistemas.com\/index.php?rest_route=\/wp\/v2\/posts\/23897","targetHints":{"allow":["GET"]}}],"collection":[{"href":"https:\/\/domosistemas.com\/index.php?rest_route=\/wp\/v2\/posts"}],"about":[{"href":"https:\/\/domosistemas.com\/index.php?rest_route=\/wp\/v2\/types\/post"}],"author":[{"embeddable":true,"href":"https:\/\/domosistemas.com\/index.php?rest_route=\/wp\/v2\/users\/1"}],"replies":[{"embeddable":true,"href":"https:\/\/domosistemas.com\/index.php?rest_route=%2Fwp%2Fv2%2Fcomments&post=23897"}],"version-history":[{"count":0,"href":"https:\/\/domosistemas.com\/index.php?rest_route=\/wp\/v2\/posts\/23897\/revisions"}],"wp:attachment":[{"href":"https:\/\/domosistemas.com\/index.php?rest_route=%2Fwp%2Fv2%2Fmedia&parent=23897"}],"wp:term":[{"taxonomy":"category","embeddable":true,"href":"https:\/\/domosistemas.com\/index.php?rest_route=%2Fwp%2Fv2%2Fcategories&post=23897"},{"taxonomy":"post_tag","embeddable":true,"href":"https:\/\/domosistemas.com\/index.php?rest_route=%2Fwp%2Fv2%2Ftags&post=23897"}],"curies":[{"name":"wp","href":"https:\/\/api.w.org\/{rel}","templated":true}]}}