{"id":23899,"date":"2024-04-16T02:00:03","date_gmt":"2024-04-16T02:00:03","guid":{"rendered":"https:\/\/domosistemas.com\/?p=23899"},"modified":"2024-04-16T02:00:03","modified_gmt":"2024-04-16T02:00:03","slug":"amanece-con-alba-el-espacio-sostenible-e-inteligente-de-niessen-en-casa-decor","status":"publish","type":"post","link":"https:\/\/domosistemas.com\/?p=23899","title":{"rendered":"\u2018Amanece con ALBA\u2019, el espacio sostenible e inteligente de Niessen en Casa Decor"},"content":{"rendered":"<div>\n<p>El nuevo espacio de <a href=\"https:\/\/new.abb.com\/low-voltage\/es\/productos\/niessen\" target=\"_blank\" rel=\"noopener sponsored\">Niessen<\/a>, \u2018Amanece con ALBA\u2019, est\u00e1 presente en la feria de interiorismo Casa Decor, que se celebra desde el 11 de abril hasta el 26 de mayo, ubicada en el Palacio de la Trinidad, en la calle Francisco Silvela 82 (Madrid). El espacio \u2018Amanece con ALBA\u2019 representa una vivienda modular, habitada por Alba, dise\u00f1adora de moda que, por su trabajo, requer\u00eda tener una casa c\u00f3moda, port\u00e1til y sostenible. El dise\u00f1o de este hogar refleja un proyecto modular, flexible, tecnol\u00f3gico y respetuoso con el medio ambiente, y que se adapta a las necesidades de vivir en diferentes ubicaciones.<\/p>\n<figure id=\"attachment_135433\" aria-describedby=\"caption-attachment-135433\" style=\"width: 800px\" class=\"wp-caption aligncenter\"><img loading=\"lazy\" decoding=\"async\" class=\"size-full wp-image-135433\" src=\"https:\/\/static.casadomo.com\/media\/2024\/04\/niessen-espacio-casa-decor-alba.png\" alt=\"Espacio 'Amanecer con ALBA' de Niessen.\" width=\"800\" height=\"501\" srcset=\"https:\/\/static.casadomo.com\/media\/2024\/04\/niessen-espacio-casa-decor-alba.png 800w, https:\/\/static.casadomo.com\/media\/2024\/04\/niessen-espacio-casa-decor-alba-300x188.png 300w, https:\/\/static.casadomo.com\/media\/2024\/04\/niessen-espacio-casa-decor-alba-768x481.png 768w, https:\/\/static.casadomo.com\/media\/2024\/04\/niessen-espacio-casa-decor-alba-180x113.png 180w\" sizes=\"auto, (max-width: 800px) 100vw, 800px\"><figcaption id=\"caption-attachment-135433\" class=\"wp-caption-text\">El espacio de Niessen integra los mecanismos ALBA y la tecnolog\u00eda de automatizaci\u00f3n ABB-free@home y ABB i-bus KNX.<\/figcaption><\/figure>\n<p>En esta nueva edici\u00f3n de Casa Decor se ensalzan los valores de Niessen; el dise\u00f1o, la sostenibilidad y la innovaci\u00f3n, que tambi\u00e9n se reflejan en <a href=\"https:\/\/www.casadomo.com\/2024\/03\/05\/interruptores-alba-niessen-cumplen-necesidades-cada-espacio-hogar\">ALBA<\/a>, la nueva colecci\u00f3n de la marca. Estos interruptores est\u00e1n fabricados con un 90% de materiales reciclados y reciclables, y contribuyen al objetivo de la marca, lograr cero emisiones para finales de 2024, gracias a la utilizaci\u00f3n de energ\u00eda completamente procedente de placas solares.<\/p>\n<p>Los interruptores ALBA a\u00fanan la innovaci\u00f3n con una est\u00e9tica fina y elegante. Esta l\u00ednea ha sido premiada recientemente en los <a href=\"https:\/\/www.casadomo.com\/2024\/04\/11\/serie-mecanismos-alba-niessen-obtiene-nuevos-galardones-diseno-sostenibilidad\">premios m\u00e1s reconocidos<\/a> de dise\u00f1o a nivel internacional, en la categor\u00eda Oro de los iF Design Award, y como \u2018best of the best\u2019 de los Red Dot Award 2024.<\/p>\n<h2>Sistemas para automatizar \u2018Amanece con ALBA\u2019<\/h2>\n<p>La colecci\u00f3n de interruptores tambi\u00e9n cuenta con funcionalidades inteligentes gracias a su integraci\u00f3n con ABB-free@home y ABB i-bus KNX, permitiendo controlar diversas caracter\u00edsticas del hogar, desde la iluminaci\u00f3n hasta la climatizaci\u00f3n o control de persianas.<\/p>\n<p>En el espacio tambi\u00e9n est\u00e1 presente el nuevo dispositivo con dise\u00f1o fino, intuitivo y elegante, <a href=\"https:\/\/www.casadomo.com\/2024\/01\/08\/pantalla-tactil-abb-room-touch-4-facilita-gestion-inteligente-viviendas-edificios-terciarios\">ABB RoomTouch KNX<\/a>, que ofrece hasta 12 funciones de control, que se activan con solo acercar la mano, combinando as\u00ed sostenibilidad y las \u00faltimas tecnolog\u00edas de dom\u00f3tica para el hogar.<\/p>\n<p>Otra soluci\u00f3n de automatizaci\u00f3n que se puede ver en el espacio es la nueva pantalla t\u00e1ctil de control <a href=\"https:\/\/www.casadomo.com\/2022\/11\/04\/panel-tactil-abb-smarttouch-10-obtiene-cuatro-galardones-internacionales-diseno\">Smart Touch 10\u201d<\/a> que combina la dom\u00f3tica y la comunicaci\u00f3n con el videoportero Welcome de Niessen, que, en este caso, se muestra con la nueva placa de calle de color antracita que incluye c\u00e1mara de v\u00eddeo con gran \u00e1ngulo de detecci\u00f3n y ajuste mec\u00e1nico manual.<\/p>\n<h2>Un espacio sostenible<\/h2>\n<p>La dise\u00f1adora y creadora del espacio de esta edici\u00f3n ha sido la arquitecta Andreina Ravent\u00f3s. El enfoque de Ravent\u00f3s para este espacio se centra en un estilo n\u00f3mada y portable, con m\u00f3dulos vers\u00e1tiles, prolongando as\u00ed la vida \u00fatil de todo el hogar.<\/p>\n<p>En esta ocasi\u00f3n, se ha priorizado el uso de materiales sostenibles para minimizar el impacto ambiental y mejorar la eficiencia y el bienestar de los habitantes, como, por ejemplo, con sus paredes modulares impresas en 3D con tecnolog\u00eda rob\u00f3tica de <a href=\"https:\/\/www.casadomo.com\/empresas\/abb\">ABB<\/a> y con pl\u00e1sticos reciclados, utilizando granos de caf\u00e9 como material principal.<\/p>\n<p>La entrada <a href=\"https:\/\/www.casadomo.com\/2024\/04\/16\/amanece-alba-espacio-sostenible-inteligente-niessen-casa-decor\">\u2018Amanece con ALBA\u2019, el espacio sostenible e inteligente de Niessen en Casa Decor<\/a> aparece primero en <a href=\"https:\/\/www.casadomo.com\/\">CASADOMO<\/a>.<\/p>\n<\/div>\n","protected":false},"excerpt":{"rendered":"<p>El nuevo espacio de Niessen, \u2018Amanece con ALBA\u2019, est\u00e1 presente en la feria de interiorismo Casa Decor, que se celebra desde el 11 de abril hasta el 26 de mayo, ubicada en el Palacio de la Trinidad, en la calle Francisco Silvela 82 (Madrid). El espacio \u2018Amanece con ALBA\u2019 representa una vivienda modular, habitada por &hellip; <a href=\"https:\/\/domosistemas.com\/?p=23899\" class=\"more-link\">Sigue leyendo <span class=\"screen-reader-text\">\u2018Amanece con ALBA\u2019, el espacio sostenible e inteligente de Niessen en Casa Decor<\/span><\/a><\/p>\n","protected":false},"author":1,"featured_media":0,"comment_status":"closed","ping_status":"closed","sticky":false,"template":"","format":"standard","meta":{"footnotes":""},"categories":[3],"tags":[],"class_list":["post-23899","post","type-post","status-publish","format-standard","hentry","category-casadomo-com"],"_links":{"self":[{"href":"https:\/\/domosistemas.com\/index.php?rest_route=\/wp\/v2\/posts\/23899","targetHints":{"allow":["GET"]}}],"collection":[{"href":"https:\/\/domosistemas.com\/index.php?rest_route=\/wp\/v2\/posts"}],"about":[{"href":"https:\/\/domosistemas.com\/index.php?rest_route=\/wp\/v2\/types\/post"}],"author":[{"embeddable":true,"href":"https:\/\/domosistemas.com\/index.php?rest_route=\/wp\/v2\/users\/1"}],"replies":[{"embeddable":true,"href":"https:\/\/domosistemas.com\/index.php?rest_route=%2Fwp%2Fv2%2Fcomments&post=23899"}],"version-history":[{"count":0,"href":"https:\/\/domosistemas.com\/index.php?rest_route=\/wp\/v2\/posts\/23899\/revisions"}],"wp:attachment":[{"href":"https:\/\/domosistemas.com\/index.php?rest_route=%2Fwp%2Fv2%2Fmedia&parent=23899"}],"wp:term":[{"taxonomy":"category","embeddable":true,"href":"https:\/\/domosistemas.com\/index.php?rest_route=%2Fwp%2Fv2%2Fcategories&post=23899"},{"taxonomy":"post_tag","embeddable":true,"href":"https:\/\/domosistemas.com\/index.php?rest_route=%2Fwp%2Fv2%2Ftags&post=23899"}],"curies":[{"name":"wp","href":"https:\/\/api.w.org\/{rel}","templated":true}]}}