{"id":23929,"date":"2024-04-17T13:03:18","date_gmt":"2024-04-17T13:03:18","guid":{"rendered":"https:\/\/domosistemas.com\/?p=23929"},"modified":"2024-04-17T13:03:18","modified_gmt":"2024-04-17T13:03:18","slug":"tarifa-pvpc-o-de-mercado-libre-que-es-mejor-para-la-factura-de-la-luz-esta-primavera","status":"publish","type":"post","link":"https:\/\/domosistemas.com\/?p=23929","title":{"rendered":"Tarifa PVPC o de mercado libre: qu\u00e9 es mejor para la factura de la luz esta primavera"},"content":{"rendered":"<div>\n<p>\n      <img decoding=\"async\" src=\"https:\/\/i.blogs.es\/72b929\/anais-murith-t_pedvsmmtc-unsplash\/1024_2000.jpeg\" alt=\"Tarifa PVPC o de mercado libre: qu\u00e9 es mejor para la factura de la luz esta primavera \">\n    <\/p>\n<p>La <a href=\"https:\/\/www.xataka.com\/energia\/precio-electricidad-caro-historia-manana-tarde-se-pagara-a-700-eur-mwh\">incesante subida en la factura de la luz<\/a> en 2022 fue una de las principales preocupaciones de muchas familias espa\u00f1olas que vimos c\u00f3mo <strong>se multiplic\u00f3 el importe<\/strong> a pagar a pesar de las diferentes <a href=\"https:\/\/www.xatakahome.com\/iluminacion-y-energia\/siete-sencillas-medidas-que-estamos-tomando-casa-para-ahorrar-nueva-factura-luz\">medidas y trucos de ahorro<\/a> que era posible aplicar para tratar de rebajar el coste a final de mes.<\/p>\n<p><!-- BREAK 1 --><\/p>\n<p>Sin embargo, otra de las armas a nuestro alcance ha sido<strong> comparar los precios y ofertas<\/strong> entre las distintas compa\u00f1\u00edas de luz para por ejemplo ver si nos conven\u00eda cambiarnos al mercado libre en el caso de que tuvi\u00e9semos una tarifa en el <strong>regulado o PVPC <\/strong>(Precio Voluntario al Peque\u00f1o Consumidor).<\/p>\n<p><!-- BREAK 2 --><\/p>\n<div class=\"toc-container article-asset-normal\">\n<details>\n<summary class=\"toc-header is-open\">\n   <span class=\"toc-heading\"><br \/>\n    <span>\u00cdndice de Contenidos (5)<\/span><br \/>\n   <\/span><br \/>\n   <span class=\"icon-folded\"><\/span><br \/>\n  <\/summary>\n<\/details>\n<div class=\"toc-list-wrap is-open\">\n<div class=\"toc-list-item\">\n<ul class=\"toc-list\">\n<li class=\"toc-item\">\n       <a href=\"https:\/\/www.xatakahome.com\/#precios-primavera-para-tarifa-luz-1\" class=\"toc-item-link\">Precios de primavera para la tarifa de la luz<\/a>\n      <\/li>\n<li class=\"toc-item\">\n       <a href=\"https:\/\/www.xatakahome.com\/#como-saber-me-conviene-tener-tarifa-pvpc-esta-primavera-2\" class=\"toc-item-link\">C\u00f3mo saber si me conviene tener la tarifa PVPC esta primavera<\/a>\n      <\/li>\n<li class=\"toc-sub-item\">\n       <a href=\"https:\/\/www.xatakahome.com\/#queremos-acogernos-al-bono-social-electrico-3\" class=\"toc-item-link\">Queremos acogernos al bono social el\u00e9ctrico<\/a>\n      <\/li>\n<li class=\"toc-sub-item\">\n       <a href=\"https:\/\/www.xatakahome.com\/#hago-uso-intensivo-luz-fines-semana-festivos-4\" class=\"toc-item-link\">Hago un uso intensivo de la luz en fines de semana y festivos<\/a>\n      <\/li>\n<li class=\"toc-sub-item\">\n       <a href=\"https:\/\/www.xatakahome.com\/#puedo-redirigir-uso-aparatos-que-consumen-casa-a-dos-franjas-horarias-5\" class=\"toc-item-link\">Puedo redirigir el uso de los aparatos que m\u00e1s consumen en casa a dos franjas horarias<\/a>\n      <\/li>\n<\/ul><\/div>\n<\/p><\/div>\n<\/div>\n<div class=\"article-asset article-asset-normal article-asset-center\">\n<div class=\"desvio-container\">\n<div class=\"desvio\">\n<div class=\"desvio-figure js-desvio-figure\">\n    <a href=\"https:\/\/www.xatakahome.com\/a-fondo\/tener-tarifa-luz-mercado-libre-regulado-que-diferencias-ventajas-e-inconvenientes-hay-cada-caso\"><br \/>\n     <img loading=\"lazy\" decoding=\"async\" alt=\"Tener la tarifa de la luz en el mercado libre o en el regulado: qu\u00e9 diferencias, ventajas e inconvenientes hay en cada caso\" width=\"375\" height=\"142\" src=\"https:\/\/i.blogs.es\/69abbc\/anthony-indraus-bb9jwutmpuk-unsplash\/375_142.webp\" onerror='this.src=\"https:\/\/i.blogs.es\/69abbc\/anthony-indraus-bb9jwutmpuk-unsplash\/375_142.jpg\"'><br \/>\n    <\/a>\n   <\/div>\n<div class=\"desvio-summary\">\n<div class=\"desvio-taxonomy js-desvio-taxonomy\">\n     <a href=\"https:\/\/www.xatakahome.com\/a-fondo\/tener-tarifa-luz-mercado-libre-regulado-que-diferencias-ventajas-e-inconvenientes-hay-cada-caso\" class=\"desvio-taxonomy-anchor\">En Xataka Smart Home<\/a>\n    <\/div>\n<p>    <a href=\"https:\/\/www.xatakahome.com\/a-fondo\/tener-tarifa-luz-mercado-libre-regulado-que-diferencias-ventajas-e-inconvenientes-hay-cada-caso\" class=\"desvio-title js-desvio-title\">Tener la tarifa de la luz en el mercado libre o en el regulado: qu\u00e9 diferencias, ventajas e inconvenientes hay en cada caso<\/a>\n   <\/div>\n<\/p><\/div>\n<\/p><\/div>\n<\/div>\n<p>Hasta finales de 2022 eran las ofertas en el mercado libre las <strong>alternativas m\u00e1s econ\u00f3micas fuera de la tarifa regulada<\/strong> por el Gobierno. Sin embargo, a comienzos de 2023 <a href=\"https:\/\/www.xatakahome.com\/iluminacion-y-energia\/tarifa-luz-pvpc-vuelve-a-ser-barata-momento-asi-han-cambiado-tornas-finales-2022\">la situaci\u00f3n cambi\u00f3<\/a> y desde finales de enero de 2023 la PVPC ya fue <strong>la tarifa m\u00e1s asequible<\/strong> en muchas zonas del pa\u00eds debido a la bajada progresiva de los precios y a la compensaci\u00f3n del tope al gas.<\/p>\n<p><!-- BREAK 3 --><\/p>\n<p>Posteriormente tras el verano de 2023 los precios en el mercado regulado fueron subiendo poco a poco a medida que aumentaba la demanda energ\u00e9tica, aunque con un descenso notable en oto\u00f1o debido a la sucesi\u00f3n de temporales de agua y viento gracias a la generaci\u00f3n mediante <strong>fuentes renovables como la e\u00f3lica.<\/strong><\/p>\n<p><!-- BREAK 4 --><\/p>\n<p>A comienzos de enero de 2024 hemos asistido a varios cambios importantes en el sector energ\u00e9tico. Para empezar la <a href=\"https:\/\/www.xatakahome.com\/iluminacion-y-energia\/usar-tus-electrodomesticos-horas-baratas-no-merecera-pena-esta-letra-pequena-nueva-tarifa-pvpc\">nueva forma de calcular el precio de la luz<\/a> para tarifa regulada que <strong>limita las diferencias entre horas caras y baratas<\/strong>. Pero tambi\u00e9n la <a href=\"https:\/\/www.xatakahome.com\/iluminacion-y-energia\/suben-impuestos-luz-gas-pellets-este-iva-que-tendremos-que-pagar-2024\">subida de impuestos como el IVA y el IEE<\/a> tambi\u00e9n activas con la llegada del nuevo a\u00f1o.<\/p>\n<p><!-- BREAK 5 --><\/p>\n<p>\u00bfC\u00f3mo est\u00e1 la situaci\u00f3n ahora mismo con la tarifa PVPC y las del mercado libre de cara a estas primeras semanas de primavera?<\/p>\n<p><!-- BREAK 6 --><\/p>\n<h2 id=\"precios-primavera-para-tarifa-luz-1\" class=\"toc-enabled\"><span class=\"toc-shortcut-icon\" title=\"Ver \u00cdndice de contenido\"><\/span>Precios de primavera para la tarifa de la luz<\/h2>\n<div class=\"article-asset-image article-asset-normal article-asset-center\">\n<div class=\"asset-content\">\n<p>   <img decoding=\"async\" alt=\"Comparadorcontadores\" class=\"centro_sinmarco\" src=\"https:\/\/i.blogs.es\/6be992\/comparadorcontadores\/450_1000.webp\"><\/p><\/div>\n<\/div>\n<p>En la modalidad de tarifa regulada o PVPC el precio de la energ\u00eda es variable, cambia cada hora y est\u00e1 sometido a la <strong>volatilidad del mercado el\u00e9ctrico<\/strong>, \u00a0seg\u00fan la oferta y la demanda entre las compa\u00f1\u00edas generadoras de energ\u00eda y las comercializadoras que venden esa energ\u00eda al consumidor cada d\u00eda.<\/p>\n<p><!-- BREAK 7 --><\/p>\n<p>La electricidad suele ser m\u00e1s cara en invierno y en verano, cuando la demanda energ\u00e9tica sube por el uso de la calefacci\u00f3n y los aires acondicionados, pero <strong>los precios \u00a0bajaban en primavera<\/strong> y oto\u00f1o, cuando dicha demanda desciende.<\/p>\n<p><!-- BREAK 8 --><\/p>\n<p>Ahora entramos de pleno en la primavera y <strong>es de esperar que los precios sigan descendiendo<\/strong> (si no sucede nada extra\u00f1o en el mercado), por lo que las previsiones apuntan a que <strong>la tarifa PVPC con discriminaci\u00f3n horaria seguir\u00e1 siendo competitiva<\/strong>.<\/p>\n<p><!-- BREAK 9 --><\/p>\n<p>No obstante, para comprobar c\u00f3mo est\u00e1n las cosas ahora mismo hemos hecho una b\u00fasqueda en el <strong>comparador de la CNMC<\/strong> para nuestra zona de residencia. Para ello solo hay que <a rel=\"noopener, noreferrer\" href=\"https:\/\/comparador.cnmc.gob.es\/\">entrar en su web<\/a>, seleccionar que queremos analizar la tarifa de electricidad (tambi\u00e9n \u00a0podemos ver las de gas o ambas combinadas) y tras darle a iniciar en la \u00a0siguiente pantalla nos har\u00e1 unas preguntas sencillas, como cu\u00e1l es \u00a0nuestro <strong>c\u00f3digo postal<\/strong>, el consumo estimado anual de \u00a0electricidad (dato que podemos buscar en nuestras facturas pasadas), la <strong>potencia contratada<\/strong> y si queremos contratar alg\u00fan servicio extra.<\/p>\n<p><!-- BREAK 10 --><\/p>\n<div class=\"article-asset-image article-asset-normal article-asset-center\">\n<div class=\"asset-content\">\n<p>   <img decoding=\"async\" alt=\"comparador\" class=\"centro_sinmarco\" src=\"https:\/\/i.blogs.es\/da9185\/1366_2000\/450_1000.webp\"><\/p><\/div>\n<\/div>\n<p>Tras rellenar estos campos aceptamos y la p\u00e1gina nos mostrar\u00e1 una comparativa con el precio de la \u00a0tarifa regulada o PVPC en la parte superior y una tabla con las ofertas \u00a0de las distintas compa\u00f1\u00edas. En mi caso, para mi zona concreta con una potencia contratada de <strong>5 kW<\/strong> y un consumo de <strong>400 kWh<\/strong> me indica que la PVPC me costar\u00eda <strong>64,46 euros al mes<\/strong>.<\/p>\n<p><!-- BREAK 11 --><\/p>\n<div class=\"article-asset-image article-asset-normal article-asset-center\">\n<div class=\"asset-content\">\n<p>   <img decoding=\"async\" alt=\"Comparativa Tarifas\" class=\"centro_sinmarco\" src=\"https:\/\/i.blogs.es\/e7d7ac\/comparativa-tarifas\/450_1000.webp\"><\/p><\/div>\n<\/div>\n<p>Por su parte, las tarifas en el mercado libre m\u00e1s econ\u00f3micas en las primeras posiciones tienen importes que <strong>parten de los 73,01 euros<\/strong>, como podemos comprobar ligeramente superiores a la regulada o PVPC.<\/p>\n<p><!-- BREAK 12 --><\/p>\n<div class=\"article-asset-video article-asset-normal\">\n<div class=\"asset-content\">\n<div class=\"base-asset-video\">\n<div class=\"js-dailymotion\">\n    <script type=\"application\/json\">\n           {\"videoId\":\"x81h7p2\",\"autoplay\":true,\"title\":\"NUEVA FACTURA DE LA LUZ: TODO LO QUE DEBES SABER para AHORRAR AL M\u00c1XIMO\", \"tag\":\"\"}\n         <\/script>\n   <\/div>\n<\/p><\/div>\n<\/p><\/div>\n<\/div>\n<p>Como vemos, a diferencia de lo que suced\u00eda en 2022 y en parte de 2023 los precios de las tarifas m\u00e1s econ\u00f3micas en el mercado libre una vez agotados los descuentos iniciales por hacernos clientes que suelen dar en las primeras facturas <strong>son ahora mismo algo superiores a los del mercado regulado o PVPC.<\/strong><\/p>\n<p><!-- BREAK 13 --><\/p>\n<h2 id=\"como-saber-me-conviene-tener-tarifa-pvpc-esta-primavera-2\" class=\"toc-enabled\"><span class=\"toc-shortcut-icon\" title=\"Ver \u00cdndice de contenido\"><\/span><strong>C\u00f3mo saber si me conviene tener la tarifa PVPC esta primavera<\/strong><\/h2>\n<p>Entonces, \u00bfes mejor ahora mismo de cara a esta primavera estar con la tarifa en el mercado PVPC o en libre? En general, por precios medios las cifras apuntan a que la PVPC ser\u00e1 la m\u00e1s econ\u00f3mica. No obstante, conviene <strong>valorar las siguientes razones<\/strong> para ver si nos merece la pena apostar por dicha tarifa regulada:<\/p>\n<p><!-- BREAK 14 --><\/p>\n<h3 id=\"queremos-acogernos-al-bono-social-electrico-3\" class=\"toc-enabled\"><span class=\"toc-shortcut-icon\" title=\"Ver \u00cdndice de contenido\"><\/span>Queremos acogernos al bono social el\u00e9ctrico<\/h3>\n<p>El primer argumento para apostar por la <strong>tarifa PVPC<\/strong> \u00a0(Precio Voluntario para el Peque\u00f1o \u00a0Consumidor) actualmente es si somos o pretendemos ser esta pr\u00f3xima temporada consumidores que se acojan al <a href=\"https:\/\/www.xatakahome.com\/iluminacion-y-energia\/bono-social-factura-luz-que-que-descuento-ofrece-requisitos-para-solicitarlo\">bono social el\u00e9ctrico<\/a>.<\/p>\n<p><!-- BREAK 15 --><\/p>\n<p>Se trata b\u00e1sicamente un <strong>descuento en la factura el\u00e9ctrica<\/strong> que se aplica solo y exclusivamente sobre tarifas PVPC, con un l\u00edmite \u00a0m\u00e1ximo de energ\u00eda anual bonificada en funci\u00f3n de cu\u00e1ntos miembros tenga \u00a0la unidad familiar. Adem\u00e1s hay que cumplir otros <a href=\"https:\/\/www.xatakahome.com\/a-fondo\/bono-social-termico-electrico-2023-como-solicitar-estas-ayudas-para-electricidad-calefaccion\">requisitos importantes<\/a>, destacando los siguientes:<\/p>\n<p><!-- BREAK 16 --><\/p>\n<ul>\n<li><strong>El PVPC debe estar contratado en la vivienda habitual<\/strong> con una potencia contratada <strong>igual o inferior a 10kW<\/strong> y el solicitante debe ser el titular del contrato.<\/li>\n<li>Adem\u00e1s, este PVPC debe estar contratado solo con las <a rel=\"noopener, noreferrer\" href=\"https:\/\/www.bonosocial.gob.es\/#como\" data-id=\"noopener, noreferrer\">comercializadoras de referencia que establece el Gobierno<\/a> <strong>rellenando y solicitando el correspondiente formulario.<\/strong><\/li>\n<\/ul>\n<p>Por tanto, si queremos acceder al bono social el\u00e9ctrico deberemos <strong>tener obligatoriamente una tarifa PVPC<\/strong> y adem\u00e1s esta tendr\u00e1 que estar contratada con una de las comercializadoras de referencia antes se\u00f1aladas.<\/p>\n<p><!-- BREAK 17 --><\/p>\n<h3 id=\"hago-uso-intensivo-luz-fines-semana-festivos-4\" class=\"toc-enabled\"><span class=\"toc-shortcut-icon\" title=\"Ver \u00cdndice de contenido\"><\/span>Hago un uso intensivo de la luz en fines de semana y festivos<\/h3>\n<div class=\"article-asset-image article-asset-normal article-asset-center\">\n<div class=\"asset-content\">\n<div class=\"caption-img \">\n<p>   <img decoding=\"async\" alt=\"Comparativa Tarifas Fin De Semana\" class=\"centro_sinmarco\" src=\"https:\/\/i.blogs.es\/aa1027\/comparativa-tarifas-fin-de-semana\/450_1000.webp\"><\/p>\n<p>        <span>Precio luz fin de semana. Imagen: Red El\u00e9ctrica Espa\u00f1ola<\/span>\n   <\/div>\n<\/p><\/div>\n<\/div>\n<p>Otro caso de uso donde nos va a convenir contratar la tarifa regulada o PVPC es cuando por nuestra circunstancia personal y familiar vamos a hacer <strong>un uso intensivo de la electricidad en casa los fines de semana y festivos<\/strong>.<\/p>\n<p><!-- BREAK 18 --><\/p>\n<p>Es por ejemplo el caso de familias numerosas que entre semana apenas est\u00e1n en casa porque los padres trabajan y los hijos pasan la mayor parte del d\u00eda fuera en colegios, institutos, actividades extraescolares, etc. Pero luego los fines de semana y festivos se juntan todos en casa encendiendo m\u00faltiples electrodom\u00e9sticos, poniendo lavadoras, usando equipos, calefacci\u00f3n el\u00e9ctrica, etc.<\/p>\n<p><!-- BREAK 19 --><\/p>\n<p>Tambi\u00e9n en caso de contar con una <strong>segunda residencia donde solo vamos los fines de semana<\/strong>, puentes y similares, contando con calefacci\u00f3n y\/o aire acondicionado el\u00e9ctrico. En estas situaciones, <strong>la tarifa PVPC nos permitir\u00e1 un importante ahorro,<\/strong> ya que actualmente tiene un precio mucho m\u00e1s econ\u00f3mico en d\u00edas festivos que cualquier otra tarifa no indexada del mercado, incluso las que \u00a0ofrecen varios precios en funci\u00f3n de las horas.<\/p>\n<p><!-- BREAK 20 --><\/p>\n<h3 id=\"puedo-redirigir-uso-aparatos-que-consumen-casa-a-dos-franjas-horarias-5\" class=\"toc-enabled\"><span class=\"toc-shortcut-icon\" title=\"Ver \u00cdndice de contenido\"><\/span>Puedo redirigir el uso de los aparatos que m\u00e1s consumen en casa a dos franjas horarias<\/h3>\n<div class=\"article-asset-image article-asset-normal article-asset-center\">\n<div class=\"asset-content\">\n<div class=\"caption-img \">\n<p>   <img decoding=\"async\" alt=\"Comparativa Tarifasdiario\" class=\"centro_sinmarco\" src=\"https:\/\/i.blogs.es\/9f40fd\/comparativa-tarifasdiario\/450_1000.webp\"><\/p>\n<p>        <span>Precio luz entre semana. Imagen: Red El\u00e9ctrica Espa\u00f1ola<\/span>\n   <\/div>\n<\/p><\/div>\n<\/div>\n<p>Muy bien, los fines de semana est\u00e1 mucho m\u00e1s econ\u00f3mica la tarifa \u00a0PVPC, pero \u00bfqu\u00e9 pasa entre semana?, \u00bfmerece la pena si mi uso principal se encuentra en <strong>d\u00edas laborables<\/strong>?<\/p>\n<p><!-- BREAK 21 --><\/p>\n<p>Pues depende de la hora a la que se produzca este uso principal, ya que ahora mismo en media la tarifa PVPC tiene estos d\u00edas un coste superior a algunas del mercado libre, aunque <strong>depende del horario en el que vayamos a consumir la energ\u00eda<\/strong>.<\/p>\n<p><!-- BREAK 22 --><\/p>\n<p>En general, la tarifa PVPC sigue siendo competitiva si queremos aprovechar la <strong>franja de madrugada<\/strong> (de 00:00 a 08:00 horas) y la franja comprendida <strong>entre las 14:00-18:00 horas<\/strong>, con precios que suelen ser algo m\u00e1s econ\u00f3micos que las tarifas de varios precios en el mercado libre.<\/p>\n<p><!-- BREAK 23 --><\/p>\n<p>Sin embargo, si nuestro uso principal del d\u00eda va a <strong>centrarse en horario de tarde<\/strong> y sobre todo a partir de las 18:00 horas, entonces el precio a pagar es \u00a0mucho m\u00e1s elevado y nos convendr\u00e1 contratar una tarifa en el mercado libre.<\/p>\n<p><!-- BREAK 24 --><\/p>\n<p>Imagen portada | <a rel=\"noopener, noreferrer\" href=\"https:\/\/unsplash.com\/es\/@nanarose\" data-id=\"noopener noreferrer\">Ana\u00efs MURITH<\/a><\/p>\n<p><!-- BREAK 25 --><\/p>\n<p>En Xataka Smart Home | <a href=\"https:\/\/www.xatakahome.com\/a-fondo\/como-saber-que-precio-tendra-luz-manana-tienes-tarifa-mercado-libre-como-regulado\" data-id=\"noopener noreferrer\">C\u00f3mo saber qu\u00e9 precio tendr\u00e1 la luz ma\u00f1ana tanto si tienes una tarifa en el mercado libre como en el regulado<\/a><\/p>\n<p><!-- BREAK 26 --><script>\n (function() {\n  window._JS_MODULES = window._JS_MODULES || {};\n  var headElement = document.getElementsByTagName('head')[0];\n  if (_JS_MODULES.instagram) {\n   var instagramScript = document.createElement('script');\n   instagramScript.src = 'https:\/\/platform.instagram.com\/en_US\/embeds.js';\n   instagramScript.async = true;\n   instagramScript.defer = true;\n   headElement.appendChild(instagramScript);\n  }\n })();\n<\/script><\/p>\n<p> &#8211; <br \/> La noticia<br \/>\n      <a href=\"https:\/\/www.xatakahome.com\/iluminacion-y-energia\/tarifa-pvpc-mercado-libre-que-mejor-para-factura-luz-esta-primavera?utm_source=feedburner&amp;utm_medium=feed&amp;utm_campaign=17_Apr_2024\"><br \/>\n       <em> Tarifa PVPC o de mercado libre: qu\u00e9 es mejor para la factura de la luz esta primavera  <\/em><br \/>\n      <\/a><br \/>\n      fue publicada originalmente en<br \/>\n      <a href=\"https:\/\/www.xatakahome.com\/?utm_source=feedburner&amp;utm_medium=feed&amp;utm_campaign=17_Apr_2024\"><br \/>\n       <strong> Xataka Smart Home <\/strong><br \/>\n      <\/a><br \/>\n            por <a href=\"https:\/\/www.xatakahome.com\/autor\/paco-rodriguez?utm_source=feedburner&amp;utm_medium=feed&amp;utm_campaign=17_Apr_2024\"><br \/>\n       Paco Rodriguez<br \/>\n      <\/a><br \/>\n      . <\/p>\n<\/div>\n","protected":false},"excerpt":{"rendered":"<p>La incesante subida en la factura de la luz en 2022 fue una de las principales preocupaciones de muchas familias espa\u00f1olas que vimos c\u00f3mo se multiplic\u00f3 el importe a pagar a pesar de las diferentes medidas y trucos de ahorro que era posible aplicar para tratar de rebajar el coste a final de mes. Sin &hellip; <a href=\"https:\/\/domosistemas.com\/?p=23929\" class=\"more-link\">Sigue leyendo <span class=\"screen-reader-text\">Tarifa PVPC o de mercado libre: qu\u00e9 es mejor para la factura de la luz esta primavera<\/span><\/a><\/p>\n","protected":false},"author":1,"featured_media":0,"comment_status":"closed","ping_status":"closed","sticky":false,"template":"","format":"standard","meta":{"footnotes":""},"categories":[8],"tags":[],"class_list":["post-23929","post","type-post","status-publish","format-standard","hentry","category-xataka"],"_links":{"self":[{"href":"https:\/\/domosistemas.com\/index.php?rest_route=\/wp\/v2\/posts\/23929","targetHints":{"allow":["GET"]}}],"collection":[{"href":"https:\/\/domosistemas.com\/index.php?rest_route=\/wp\/v2\/posts"}],"about":[{"href":"https:\/\/domosistemas.com\/index.php?rest_route=\/wp\/v2\/types\/post"}],"author":[{"embeddable":true,"href":"https:\/\/domosistemas.com\/index.php?rest_route=\/wp\/v2\/users\/1"}],"replies":[{"embeddable":true,"href":"https:\/\/domosistemas.com\/index.php?rest_route=%2Fwp%2Fv2%2Fcomments&post=23929"}],"version-history":[{"count":0,"href":"https:\/\/domosistemas.com\/index.php?rest_route=\/wp\/v2\/posts\/23929\/revisions"}],"wp:attachment":[{"href":"https:\/\/domosistemas.com\/index.php?rest_route=%2Fwp%2Fv2%2Fmedia&parent=23929"}],"wp:term":[{"taxonomy":"category","embeddable":true,"href":"https:\/\/domosistemas.com\/index.php?rest_route=%2Fwp%2Fv2%2Fcategories&post=23929"},{"taxonomy":"post_tag","embeddable":true,"href":"https:\/\/domosistemas.com\/index.php?rest_route=%2Fwp%2Fv2%2Ftags&post=23929"}],"curies":[{"name":"wp","href":"https:\/\/api.w.org\/{rel}","templated":true}]}}