{"id":23934,"date":"2024-04-17T18:55:07","date_gmt":"2024-04-17T18:55:07","guid":{"rendered":"https:\/\/domosistemas.com\/?p=23934"},"modified":"2024-04-17T18:55:07","modified_gmt":"2024-04-17T18:55:07","slug":"las-aspas-de-este-ventilador-se-ocultan-cuando-no-lo-usas-y-muestran-una-moderna-lampara-led","status":"publish","type":"post","link":"https:\/\/domosistemas.com\/?p=23934","title":{"rendered":"Las aspas de este ventilador se ocultan cuando no lo usas y muestran una moderna l\u00e1mpara LED"},"content":{"rendered":"<div>\n<p>\n      <img decoding=\"async\" src=\"https:\/\/i.blogs.es\/dff07a\/ofertas_cpa_v3-copia---2024-04-17t144129.577\/1024_2000.jpeg\" alt=\"Las aspas de este ventilador se ocultan cuando no lo usas y muestran una moderna l\u00e1mpara LED\">\n    <\/p>\n<p>Las temperaturas ya han empezado a subir, lo que indica que m\u00e1s pronto de lo que creemos empezaremos a experimentar las conocidas \u00abolas de calor\u00bb. Si quieres equipar tu casa de cara al verano, este <strong>ventilador de techo con luz LED de Akunadecor<\/strong> es una buena opci\u00f3n a tener en cuenta.<\/p>\n<p><!-- BREAK 1 --><\/p>\n<p>Ahora, se queda en oferta por 77,28 euros durante la Evening Drop de Miravia. Incluso puede ser m\u00e1s barato para ti, si es la <strong>primera compra<\/strong> que realizas en la app, ya que podr\u00e1s conseguirlo con un descuento de 10 euros, qued\u00e1ndose en <a rel=\"noopener, noreferrer\" class=\"js-ecommerce\" href=\"https:\/\/www.xatakahome.com\/redirect?url=https%3A%2F%2Fwww.miravia.es%2Fp%2Fi1355985554154602-s2074504268215402.html&amp;category=seleccion&amp;ecomPostExpiration=everlasting&amp;postId=112043\" data-vars-affiliate-url=\"https:\/\/www.xatakahome.com\/redirect?url=https%3A%2F%2Fwww.miravia.es%2Fp%2Fi1355985554154602-s2074504268215402.html&amp;category=seleccion&amp;ecomPostExpiration=everlasting&amp;postId=112043\">67,28 euros<\/a>.<\/p>\n<p><!-- BREAK 2 --><!-- PIVOT START --><\/p>\n<div class=\"pivot-ecommerce-container m-pivot-ecommerce-redesign article-asset-normal article-asset-center\">\n<div class=\"pivot-ecommerce\">\n<div class=\"pivot-ecommerce-figure\">\n  <a rel=\"nofollow, noopener, noreferrer noopener\" target=\"_blank\" href=\"https:\/\/www.xatakahome.com\/redirect?url=https%3A%2F%2Fwww.miravia.es%2Fp%2Fi1355985554154602-s2074504268215402.html&amp;category=seleccion&amp;pivot=1&amp;ecomPostExpiration=everlasting&amp;postId=112043\"><br \/>\n   <img loading=\"lazy\" decoding=\"async\" alt=\"Ventilador de techo con l\u00e1mpara LED Akunadecor\" width=\"600\" height=\"600\" src=\"https:\/\/i.blogs.es\/ad8260\/blob\/original.webp\" onerror='this.src=\"https:\/\/i.blogs.es\/ad8260\/blob\/original.jpeg\"'><br \/>\n  <\/a>\n  <\/div>\n<div class=\"pivot-ecommerce-summary\">\n<p class=\"pivot-ecommerce-desc\">Ventilador de techo con l\u00e1mpara LED Akunadecor<\/p>\n<div class=\"pivot-actions \">\n<div class=\"pivot-actions-row\">\n <a rel=\"nofollow, noopener, noreferrer noopener\" target=\"_blank\" data-asin=\"\" data-store=\"\" href=\"https:\/\/www.xatakahome.com\/redirect?url=https%3A%2F%2Fwww.miravia.es%2Fp%2Fi1355985554154602-s2074504268215402.html&amp;category=seleccion&amp;pivot=1&amp;ecomPostExpiration=everlasting&amp;postId=112043\" title=\"Precio de venta al p\u00fablico a fecha de publicaci\u00f3n\" class=\"pivot-action-btn pivot-action-primary\">PVP en Miravia (PVP con cup\u00f3n primera compra) \u2014 <strong>67,28<\/strong> \u20ac<\/a>\n <\/div>\n<\/p><\/div>\n<\/p><\/div>\n<\/p><\/div>\n<div class=\"pivot-link-msg\">* Alg\u00fan precio puede haber cambiado desde la \u00faltima revisi\u00f3n<\/div>\n<\/p><\/div>\n<p><!-- PIVOT END --><\/p>\n<h2>Comprar ventilador de techo con l\u00e1mpara LED Akunadecor al mejor precio<\/h2>\n<div class=\"article-asset-image article-asset-normal article-asset-center\">\n<div class=\"asset-content\">\n                    <a rel=\"noopener, noreferrer\" class=\"js-ecommerce\" href=\"https:\/\/www.xatakahome.com\/redirect?url=https%3A%2F%2Fwww.miravia.es%2Fp%2Fi1355985554154602-s2074504268215402.html&amp;category=seleccion&amp;ecomPostExpiration=everlasting&amp;postId=112043\" data-vars-affiliate-url=\"https:\/\/www.xatakahome.com\/redirect?url=https%3A%2F%2Fwww.miravia.es%2Fp%2Fi1355985554154602-s2074504268215402.html&amp;category=seleccion&amp;ecomPostExpiration=everlasting&amp;postId=112043\"><\/p>\n<p>    <img decoding=\"async\" alt=\"Ventilador de techo con l\u00e1mpara LED Akunadecor\" class=\"centro_sinmarco\" src=\"https:\/\/i.blogs.es\/5a559a\/proyecto-nuevo---2024-04-17t144203.645\/450_1000.webp\"><br \/>\n     <\/a><\/p><\/div>\n<\/div>\n<p>Desde hace unos minutos y hasta la medianoche, Miravia est\u00e1 celebrando su Evening Drop con importantes descuentos en muchos art\u00edculos. Uno de ellos es este ventilador de techo, cuyo precio oficial es de 146,93 euros pero que, ahora, est\u00e1 <strong>a la mitad de precio<\/strong>, al poderse conseguir por 77,28 euros. Adem\u00e1s, si es la primera compra que realizas desde la app podr\u00e1s llev\u00e1rtelo 10 euros m\u00e1s barato, por <a rel=\"noopener, noreferrer\" class=\"js-ecommerce\" href=\"https:\/\/www.xatakahome.com\/redirect?url=https%3A%2F%2Fwww.miravia.es%2Fp%2Fi1355985554154602-s2074504268215402.html&amp;category=seleccion&amp;ecomPostExpiration=everlasting&amp;postId=112043\" data-vars-affiliate-url=\"https:\/\/www.xatakahome.com\/redirect?url=https%3A%2F%2Fwww.miravia.es%2Fp%2Fi1355985554154602-s2074504268215402.html&amp;category=seleccion&amp;ecomPostExpiration=everlasting&amp;postId=112043\">67,28 euros<\/a>.<\/p>\n<p><!-- BREAK 3 --><\/p>\n<p>Este ventilador de techo est\u00e1 <strong>disponible en tres colores diferentes<\/strong>: plata, negro y blanco. Es uno de los m\u00e1s vendidos en 2024 y cuenta con tres aspas retr\u00e1ctiles de metacrilato muy resistentes y en acabado transparente.<\/p>\n<p><!-- BREAK 4 --><\/p>\n<div class=\"article-asset-video article-asset-normal\">\n<div class=\"asset-content\">\n<div class=\"base-asset-video\">\n<div class=\"js-dailymotion\">\n    <script type=\"application\/json\">\n           {\"videoId\":\"x8006fc\",\"autoplay\":true,\"title\":\"C\u00f3mo dormir cuando hace mucho calor y no tienes aire acondicionado\", \"tag\":\"\"}\n         <\/script>\n   <\/div>\n<\/p><\/div>\n<\/p><\/div>\n<\/div>\n<p>Est\u00e1 provisto de un <strong>motor DC con seis velocidades<\/strong>, por lo que ofrece un consumo muy optimizado y silencioso. El ventilador tiene un tama\u00f1o de 49 cm con las aspas plegadas y de 106 cm cuando est\u00e1n abiertas.<\/p>\n<p><!-- BREAK 5 --><\/p>\n<p>Adem\u00e1s, incorpora una luz LED de 7.900 l\u00famenes (suficiente para iluminar estancias de hasta 28 metros cuadrados) y que se puede <strong>regular tanto en intensidad como en temperatura<\/strong>. Adem\u00e1s, incluye mando a distancia con funciones como memoria de color y temporizador de 1 y 4 horas.<\/p>\n<p><!-- BREAK 6 --><\/p>\n<div class=\"article-asset article-asset-normal article-asset-center\">\n<div class=\"desvio-container\">\n<div class=\"desvio\">\n<div class=\"desvio-figure js-desvio-figure\">\n    <a href=\"https:\/\/www.xatakahome.com\/iluminacion-y-energia\/tarifa-pvpc-mercado-libre-que-mejor-para-factura-luz-esta-primavera\"><br \/>\n     <img loading=\"lazy\" decoding=\"async\" alt=\"Tarifa PVPC o de mercado libre: qu\u00e9 es mejor para la factura de la luz esta primavera \" width=\"375\" height=\"142\" src=\"https:\/\/i.blogs.es\/72b929\/anais-murith-t_pedvsmmtc-unsplash\/375_142.webp\" onerror='this.src=\"https:\/\/i.blogs.es\/72b929\/anais-murith-t_pedvsmmtc-unsplash\/375_142.jpeg\"'><br \/>\n    <\/a>\n   <\/div>\n<div class=\"desvio-summary\">\n<div class=\"desvio-taxonomy js-desvio-taxonomy\">\n     <a href=\"https:\/\/www.xatakahome.com\/iluminacion-y-energia\/tarifa-pvpc-mercado-libre-que-mejor-para-factura-luz-esta-primavera\" class=\"desvio-taxonomy-anchor\">En Xataka Smart Home<\/a>\n    <\/div>\n<p>    <a href=\"https:\/\/www.xatakahome.com\/iluminacion-y-energia\/tarifa-pvpc-mercado-libre-que-mejor-para-factura-luz-esta-primavera\" class=\"desvio-title js-desvio-title\">Tarifa PVPC o de mercado libre: qu\u00e9 es mejor para la factura de la luz esta primavera <\/a>\n   <\/div>\n<\/p><\/div>\n<\/p><\/div>\n<\/div>\n<h2>Tambi\u00e9n te puede interesar<\/h2>\n<p><!-- PIVOT START --><\/p>\n<div class=\"pivot-ecommerce-container m-pivot-ecommerce-redesign article-asset-normal article-asset-center\">\n<div class=\"pivot-ecommerce\">\n<div class=\"pivot-ecommerce-figure\">\n  <a rel=\"nofollow, noopener, noreferrer noopener\" target=\"_blank\" href=\"https:\/\/www.xatakahome.com\/redirect?url=https%3A%2F%2Fwww.amazon.es%2Fdp%2FB09B37FKVB%3Ftag%3Dxatakahome-21%26linkCode%3Dogi%26th%3D1%26psc%3D1&amp;category=seleccion&amp;pivot=1&amp;ecomPostExpiration=everlasting&amp;postId=112043\"><br \/>\n   <img loading=\"lazy\" decoding=\"async\" alt=\"ARTINABS Despertador Luz, Wake Up Light LED \" width=\"500\" height=\"500\" src=\"https:\/\/i.blogs.es\/6cb992\/41zfsde84-l._sl500_\/original.webp\" onerror='this.src=\"https:\/\/i.blogs.es\/6cb992\/41zfsde84-l._sl500_\/original.jpeg\"'><br \/>\n  <\/a>\n  <\/div>\n<div class=\"pivot-ecommerce-summary\">\n<p class=\"pivot-ecommerce-desc\">ARTINABS Despertador Luz, Wake Up Light LED <\/p>\n<div class=\"pivot-actions \">\n<div class=\"pivot-actions-row\">\n <a rel=\"nofollow, noopener, noreferrer noopener\" target=\"_blank\" data-asin=\"B09B37FKVB\" data-store=\"Amazon\" href=\"https:\/\/www.xatakahome.com\/redirect?url=https%3A%2F%2Fwww.amazon.es%2Fdp%2FB09B37FKVB%3Ftag%3Dxatakahome-21%26linkCode%3Dogi%26th%3D1%26psc%3D1&amp;category=seleccion&amp;pivot=1&amp;ecomPostExpiration=everlasting&amp;postId=112043\" title=\"Precio actualizado hoy\" class=\"pivot-action-btn pivot-action-primary\">Hoy en Amazon \u2014 <strong>39,99<\/strong> \u20ac<\/a>\n <\/div>\n<\/p><\/div>\n<\/p><\/div>\n<\/p><\/div>\n<div class=\"pivot-link-msg\">* Alg\u00fan precio puede haber cambiado desde la \u00faltima revisi\u00f3n<\/div>\n<\/p><\/div>\n<p><!-- PIVOT END --><br \/>\n<!-- PIVOT START --><\/p>\n<div class=\"pivot-ecommerce-container m-pivot-ecommerce-redesign article-asset-normal article-asset-center\">\n<div class=\"pivot-ecommerce\">\n<div class=\"pivot-ecommerce-figure\">\n  <a rel=\"nofollow, noopener, noreferrer noopener\" target=\"_blank\" href=\"https:\/\/www.xatakahome.com\/redirect?url=https%3A%2F%2Fwww.amazon.es%2Fdp%2FB08TC8YGL8%3Ftag%3Dxatakahome-21%26linkCode%3Dogi%26th%3D1%26psc%3D1&amp;category=seleccion&amp;pivot=1&amp;ecomPostExpiration=everlasting&amp;postId=112043\"><br \/>\n   <img loading=\"lazy\" decoding=\"async\" alt=\"SAIJI Soporte Tablet, Soporte M\u00f3vil Mesa Universal\" width=\"400\" height=\"500\" src=\"https:\/\/i.blogs.es\/f13727\/31l6ota63vl._sl500_\/original.webp\" onerror='this.src=\"https:\/\/i.blogs.es\/f13727\/31l6ota63vl._sl500_\/original.jpeg\"'><br \/>\n  <\/a>\n  <\/div>\n<div class=\"pivot-ecommerce-summary\">\n<p class=\"pivot-ecommerce-desc\">SAIJI Soporte Tablet, Soporte M\u00f3vil Mesa Universal<\/p>\n<div class=\"pivot-actions \">\n<div class=\"pivot-actions-row\">\n <a rel=\"nofollow, noopener, noreferrer noopener\" target=\"_blank\" data-asin=\"B08TC8YGL8\" data-store=\"Amazon\" href=\"https:\/\/www.xatakahome.com\/redirect?url=https%3A%2F%2Fwww.amazon.es%2Fdp%2FB08TC8YGL8%3Ftag%3Dxatakahome-21%26linkCode%3Dogi%26th%3D1%26psc%3D1&amp;category=seleccion&amp;pivot=1&amp;ecomPostExpiration=everlasting&amp;postId=112043\" title=\"Precio actualizado hoy\" class=\"pivot-action-btn pivot-action-primary\">Hoy en Amazon \u2014 <strong>29,98<\/strong> \u20ac<\/a>\n <\/div>\n<\/p><\/div>\n<\/p><\/div>\n<\/p><\/div>\n<div class=\"pivot-link-msg\">* Alg\u00fan precio puede haber cambiado desde la \u00faltima revisi\u00f3n<\/div>\n<\/p><\/div>\n<p><!-- PIVOT END --><\/p>\n<p><em>Nota: algunos de los enlaces aqu\u00ed publicados son de afiliados y pueden reportar un beneficio.<\/em><\/p>\n<p><!-- BREAK 7 --><\/p>\n<p>Im\u00e1genes | Pixabay y Akunadecor<\/p>\n<p>En Xataka Smart Home | <a href=\"https:\/\/www.xatakahome.com\/seleccion\/ventiladores-pie-cual-comprar-consejos-recomendaciones\">Ventiladores de pie: \u00bfCu\u00e1l comprar? Consejos y recomendaciones<\/a><\/p>\n<p><!-- BREAK 8 --><\/p>\n<p>En Xataka Smart Home | <a href=\"https:\/\/www.xatakahome.com\/guia-de-compra\/cinco-ventiladores-bateria-para-no-depender-enchufes-a-hora-refrescar-casa\">Olv\u00eddate de los enchufes para refrescar la casa con estos cinco ventiladores con bater\u00eda incorporada<\/a><\/p>\n<p><!-- BREAK 9 --><script>\n (function() {\n  window._JS_MODULES = window._JS_MODULES || {};\n  var headElement = document.getElementsByTagName('head')[0];\n  if (_JS_MODULES.instagram) {\n   var instagramScript = document.createElement('script');\n   instagramScript.src = 'https:\/\/platform.instagram.com\/en_US\/embeds.js';\n   instagramScript.async = true;\n   instagramScript.defer = true;\n   headElement.appendChild(instagramScript);\n  }\n })();\n<\/script><\/p>\n<p> &#8211; <br \/> La noticia<br \/>\n      <a href=\"https:\/\/www.xatakahome.com\/seleccion\/aspas-este-ventilador-se-ocultan-cuando-no-usas-muestran-moderna-lampara-led?utm_source=feedburner&amp;utm_medium=feed&amp;utm_campaign=17_Apr_2024\"><br \/>\n       <em> Las aspas de este ventilador se ocultan cuando no lo usas y muestran una moderna l\u00e1mpara LED <\/em><br \/>\n      <\/a><br \/>\n      fue publicada originalmente en<br \/>\n      <a href=\"https:\/\/www.xatakahome.com\/?utm_source=feedburner&amp;utm_medium=feed&amp;utm_campaign=17_Apr_2024\"><br \/>\n       <strong> Xataka Smart Home <\/strong><br \/>\n      <\/a><br \/>\n            por <a href=\"https:\/\/www.xatakahome.com\/autor\/fran-leon?utm_source=feedburner&amp;utm_medium=feed&amp;utm_campaign=17_Apr_2024\"><br \/>\n       Fran Le\u00f3n<br \/>\n      <\/a><br \/>\n      . <\/p>\n<\/div>\n","protected":false},"excerpt":{"rendered":"<p>Las temperaturas ya han empezado a subir, lo que indica que m\u00e1s pronto de lo que creemos empezaremos a experimentar las conocidas \u00abolas de calor\u00bb. Si quieres equipar tu casa de cara al verano, este ventilador de techo con luz LED de Akunadecor es una buena opci\u00f3n a tener en cuenta. Ahora, se queda en &hellip; <a href=\"https:\/\/domosistemas.com\/?p=23934\" class=\"more-link\">Sigue leyendo <span class=\"screen-reader-text\">Las aspas de este ventilador se ocultan cuando no lo usas y muestran una moderna l\u00e1mpara LED<\/span><\/a><\/p>\n","protected":false},"author":1,"featured_media":0,"comment_status":"closed","ping_status":"closed","sticky":false,"template":"","format":"standard","meta":{"footnotes":""},"categories":[8],"tags":[],"class_list":["post-23934","post","type-post","status-publish","format-standard","hentry","category-xataka"],"_links":{"self":[{"href":"https:\/\/domosistemas.com\/index.php?rest_route=\/wp\/v2\/posts\/23934","targetHints":{"allow":["GET"]}}],"collection":[{"href":"https:\/\/domosistemas.com\/index.php?rest_route=\/wp\/v2\/posts"}],"about":[{"href":"https:\/\/domosistemas.com\/index.php?rest_route=\/wp\/v2\/types\/post"}],"author":[{"embeddable":true,"href":"https:\/\/domosistemas.com\/index.php?rest_route=\/wp\/v2\/users\/1"}],"replies":[{"embeddable":true,"href":"https:\/\/domosistemas.com\/index.php?rest_route=%2Fwp%2Fv2%2Fcomments&post=23934"}],"version-history":[{"count":0,"href":"https:\/\/domosistemas.com\/index.php?rest_route=\/wp\/v2\/posts\/23934\/revisions"}],"wp:attachment":[{"href":"https:\/\/domosistemas.com\/index.php?rest_route=%2Fwp%2Fv2%2Fmedia&parent=23934"}],"wp:term":[{"taxonomy":"category","embeddable":true,"href":"https:\/\/domosistemas.com\/index.php?rest_route=%2Fwp%2Fv2%2Fcategories&post=23934"},{"taxonomy":"post_tag","embeddable":true,"href":"https:\/\/domosistemas.com\/index.php?rest_route=%2Fwp%2Fv2%2Ftags&post=23934"}],"curies":[{"name":"wp","href":"https:\/\/api.w.org\/{rel}","templated":true}]}}