{"id":23951,"date":"2024-04-19T02:00:17","date_gmt":"2024-04-19T02:00:17","guid":{"rendered":"https:\/\/domosistemas.com\/?p=23951"},"modified":"2024-04-19T02:00:17","modified_gmt":"2024-04-19T02:00:17","slug":"nuevas-subvenciones-para-fomentar-la-transicion-ecologica-mediante-proyectos-de-capacitacion","status":"publish","type":"post","link":"https:\/\/domosistemas.com\/?p=23951","title":{"rendered":"Nuevas subvenciones para fomentar la transici\u00f3n ecol\u00f3gica mediante proyectos de capacitaci\u00f3n"},"content":{"rendered":"<div>\n<p>La nueva convocatoria de subvenciones 2024 para la adquisici\u00f3n o mejora de competencias para impulsar la capacitaci\u00f3n y formaci\u00f3n para apoyar la transici\u00f3n ecol\u00f3gica estar\u00e1 cofinanciada por el Fondo Social Europeo con una dotaci\u00f3n de hasta 30 millones de euros. Los proyectos presentados a esta convocatoria, lanzada por la Fundaci\u00f3n Biodiversidad del Ministerio para la Transici\u00f3n Ecol\u00f3gica y el Reto Demogr\u00e1fico (<a href=\"https:\/\/www.miteco.gob.es\/es.html\" target=\"_blank\" rel=\"noopener\">Miteco<\/a>), deber\u00e1n abordar la rehabilitaci\u00f3n energ\u00e9tica de edificios, eficiencia energ\u00e9tica, construcci\u00f3n de viviendas de bajo consumo o medios de transporte electrificados (veh\u00edculo el\u00e9ctrico), entre otras tem\u00e1ticas. El plazo para presentar <a href=\"https:\/\/fundacion-biodiversidad.es\/convocatorias_emplea\/cofinanciado-por-el-fse\/\" target=\"_blank\" rel=\"noopener\">solicitudes<\/a> finalizar\u00e1 el 2 de junio de 2024.<\/p>\n<figure id=\"attachment_135709\" aria-describedby=\"caption-attachment-135709\" style=\"width: 500px\" class=\"wp-caption aligncenter\"><img loading=\"lazy\" decoding=\"async\" class=\"size-full wp-image-135709\" src=\"https:\/\/static.casadomo.com\/media\/2024\/04\/miteco-convocatoria-adqusicion-cmejoras-competencia-transicion-ecologica.png\" alt=\"Convocatoria Miteco.\" width=\"500\" height=\"500\" srcset=\"https:\/\/static.casadomo.com\/media\/2024\/04\/miteco-convocatoria-adqusicion-cmejoras-competencia-transicion-ecologica.png 500w, https:\/\/static.casadomo.com\/media\/2024\/04\/miteco-convocatoria-adqusicion-cmejoras-competencia-transicion-ecologica-300x300.png 300w, https:\/\/static.casadomo.com\/media\/2024\/04\/miteco-convocatoria-adqusicion-cmejoras-competencia-transicion-ecologica-150x150.png 150w, https:\/\/static.casadomo.com\/media\/2024\/04\/miteco-convocatoria-adqusicion-cmejoras-competencia-transicion-ecologica-100x100.png 100w, https:\/\/static.casadomo.com\/media\/2024\/04\/miteco-convocatoria-adqusicion-cmejoras-competencia-transicion-ecologica-75x75.png 75w, https:\/\/static.casadomo.com\/media\/2024\/04\/miteco-convocatoria-adqusicion-cmejoras-competencia-transicion-ecologica-80x80.png 80w, https:\/\/static.casadomo.com\/media\/2024\/04\/miteco-convocatoria-adqusicion-cmejoras-competencia-transicion-ecologica-180x180.png 180w\" sizes=\"auto, (max-width: 500px) 100vw, 500px\"><figcaption id=\"caption-attachment-135709\" class=\"wp-caption-text\">El plazo de presentaci\u00f3n de solicitudes estar\u00e1 abierto hasta el 2 de junio.<\/figcaption><\/figure>\n<p>La convocatoria apoyar\u00e1 proyectos de capacitaci\u00f3n orientados a facilitar el acceso al mercado laboral a personas desempleadas, trabajadoras y emprendedoras. Asimismo, favorecer\u00e1 acciones que impulsen la igualdad de g\u00e9nero entre mujeres y hombres. El \u00e1mbito de intervenci\u00f3n se extender\u00e1 a todo el territorio nacional y los proyectos que se presenten podr\u00e1n desarrollarse en una o varias comunidades o ciudades aut\u00f3nomas.<\/p>\n<p>Los proyectos deber\u00e1n enmarcarse en dos l\u00edneas de actuaci\u00f3n con una duraci\u00f3n m\u00e1xima de 24 meses. La primera l\u00ednea se refiere a la Capacitaci\u00f3n para la adquisici\u00f3n o mejora de competencias para el empleo verde, dirigida a proyectos destinados a personas desempleadas o trabajadoras con la intenci\u00f3n de que adquieran o mejoren las competencias y cualificaciones que facilitan el acceso o la mejora en la adaptaci\u00f3n al mercado laboral, el fomento del reciclaje profesional y el emprendimiento verde.<\/p>\n<p>La segunda l\u00ednea tiene que ver con Capacitaci\u00f3n pr\u00e1ctica para personas desempleadas \u2018aprender trabajando\u2019, dirigida a proyectos destinados a mejorar la empleabilidad de personas desempleadas a trav\u00e9s de contratos de trabajo, cuya formaci\u00f3n estar\u00e1 directamente relacionada con dicho trabajo y favorecer\u00e1 la inserci\u00f3n laboral.<\/p>\n<h2>Tem\u00e1ticas subvencionables<\/h2>\n<p>Las tem\u00e1ticas de los proyectos deber\u00e1n adecuarse a las 14 identificadas como sectores prioritarios con un elevado potencial transformador de reconversi\u00f3n y de generaci\u00f3n de empleo detectadas en un estudio de la Fundaci\u00f3n Biodiversidad y la Oficina Espa\u00f1ola de Cambio Clim\u00e1tico del Miteco.<\/p>\n<p>Seg\u00fan el estudio son: rehabilitaci\u00f3n energ\u00e9tica de edificios y eficiencia energ\u00e9tica; construcci\u00f3n de viviendas de bajo consumo; producci\u00f3n de energ\u00eda renovable; renaturalizaci\u00f3n urbana; gesti\u00f3n del patrimonio natural y las \u00e1reas protegidas; restauraci\u00f3n ecol\u00f3gica; turismo de naturaleza sostenible; explotaciones agropecuarias sostenibles (agricultura, ganader\u00eda y apicultura); pesca y acuicultura sostenibles; gesti\u00f3n forestal sostenible; econom\u00eda circular (prevenci\u00f3n, gesti\u00f3n y transformaci\u00f3n de residuos); urbanismo y movilidad sostenible; protecci\u00f3n y respuesta frente a eventos extremos, y medios de transporte electrificados (veh\u00edculo el\u00e9ctrico).<\/p>\n<p>En cuanto al presupuesto, el importe m\u00ednimo solicitado por proyecto ser\u00e1 de 150.000 euros y el m\u00e1ximo de 2 millones. Para proyectos presentados por una agrupaci\u00f3n, el importe m\u00ednimo solicitado por cada una de las entidades deber\u00e1 ser de 75.000 euros.<\/p>\n<p>La entrada <a href=\"https:\/\/www.casadomo.com\/2024\/04\/19\/nuevas-subvenciones-fomentar-transicion-ecologica-mediante-proyectos-capacitacion\">Nuevas subvenciones para fomentar la transici\u00f3n ecol\u00f3gica mediante proyectos de capacitaci\u00f3n<\/a> aparece primero en <a href=\"https:\/\/www.casadomo.com\/\">CASADOMO<\/a>.<\/p>\n<\/div>\n","protected":false},"excerpt":{"rendered":"<p>La nueva convocatoria de subvenciones 2024 para la adquisici\u00f3n o mejora de competencias para impulsar la capacitaci\u00f3n y formaci\u00f3n para apoyar la transici\u00f3n ecol\u00f3gica estar\u00e1 cofinanciada por el Fondo Social Europeo con una dotaci\u00f3n de hasta 30 millones de euros. Los proyectos presentados a esta convocatoria, lanzada por la Fundaci\u00f3n Biodiversidad del Ministerio para la &hellip; <a href=\"https:\/\/domosistemas.com\/?p=23951\" class=\"more-link\">Sigue leyendo <span class=\"screen-reader-text\">Nuevas subvenciones para fomentar la transici\u00f3n ecol\u00f3gica mediante proyectos de capacitaci\u00f3n<\/span><\/a><\/p>\n","protected":false},"author":1,"featured_media":0,"comment_status":"closed","ping_status":"closed","sticky":false,"template":"","format":"standard","meta":{"footnotes":""},"categories":[3],"tags":[],"class_list":["post-23951","post","type-post","status-publish","format-standard","hentry","category-casadomo-com"],"_links":{"self":[{"href":"https:\/\/domosistemas.com\/index.php?rest_route=\/wp\/v2\/posts\/23951","targetHints":{"allow":["GET"]}}],"collection":[{"href":"https:\/\/domosistemas.com\/index.php?rest_route=\/wp\/v2\/posts"}],"about":[{"href":"https:\/\/domosistemas.com\/index.php?rest_route=\/wp\/v2\/types\/post"}],"author":[{"embeddable":true,"href":"https:\/\/domosistemas.com\/index.php?rest_route=\/wp\/v2\/users\/1"}],"replies":[{"embeddable":true,"href":"https:\/\/domosistemas.com\/index.php?rest_route=%2Fwp%2Fv2%2Fcomments&post=23951"}],"version-history":[{"count":0,"href":"https:\/\/domosistemas.com\/index.php?rest_route=\/wp\/v2\/posts\/23951\/revisions"}],"wp:attachment":[{"href":"https:\/\/domosistemas.com\/index.php?rest_route=%2Fwp%2Fv2%2Fmedia&parent=23951"}],"wp:term":[{"taxonomy":"category","embeddable":true,"href":"https:\/\/domosistemas.com\/index.php?rest_route=%2Fwp%2Fv2%2Fcategories&post=23951"},{"taxonomy":"post_tag","embeddable":true,"href":"https:\/\/domosistemas.com\/index.php?rest_route=%2Fwp%2Fv2%2Ftags&post=23951"}],"curies":[{"name":"wp","href":"https:\/\/api.w.org\/{rel}","templated":true}]}}