{"id":23957,"date":"2024-04-19T06:30:54","date_gmt":"2024-04-19T06:30:54","guid":{"rendered":"https:\/\/domosistemas.com\/?p=23957"},"modified":"2024-04-19T06:30:54","modified_gmt":"2024-04-19T06:30:54","slug":"ikea-quiere-que-aisles-tu-casa-del-calor-con-este-estor-que-puedes-subir-y-bajar-desde-el-movil","status":"publish","type":"post","link":"https:\/\/domosistemas.com\/?p=23957","title":{"rendered":"IKEA quiere que a\u00edsles tu casa del calor con este estor que puedes subir y bajar desde el m\u00f3vil"},"content":{"rendered":"<div>\n<p>\n      <img decoding=\"async\" src=\"https:\/\/i.blogs.es\/6a9d96\/ofertas_cpa_v3-copia---2024-04-19t073051.103\/1024_2000.jpeg\" alt=\"IKEA quiere que a\u00edsles tu casa del calor con este estor que puedes subir y bajar desde el m\u00f3vil\">\n    <\/p>\n<p>Ya est\u00e1 empezando a notarse el aumento de temperaturas y es un buen momento para equipar nuestra casa de cara al verano. IKEA tiene un <strong>estor opaco inteligente <\/strong>(el modelo TREDANSEN) que a\u00edsla nuestra casa del sol y que est\u00e1 disponible en su web por <a rel=\"noopener, noreferrer\" class=\"js-ecommerce\" href=\"https:\/\/www.xatakahome.com\/redirect?url=https%3A%2F%2Fwww.ikea.com%2Fes%2Fes%2Fp%2Ftredansen-estor-celular-opaco-inteligente-inalambrico-a-pilas-blanco-60512446%2F&amp;category=seleccion&amp;ecomPostExpiration=perish&amp;postId=112075\" data-vars-affiliate-url=\"https:\/\/www.xatakahome.com\/redirect?url=https%3A%2F%2Fwww.ikea.com%2Fes%2Fes%2Fp%2Ftredansen-estor-celular-opaco-inteligente-inalambrico-a-pilas-blanco-60512446%2F&amp;category=seleccion&amp;ecomPostExpiration=perish&amp;postId=112075\">99,99 euros<\/a>.<\/p>\n<p><!-- BREAK 1 --><!-- PIVOT START --><\/p>\n<div class=\"pivot-ecommerce-container m-pivot-ecommerce-redesign article-asset-normal article-asset-center\">\n<div class=\"pivot-ecommerce\">\n<div class=\"pivot-ecommerce-figure\">\n  <a rel=\"nofollow, noopener, noreferrer noopener\" target=\"_blank\" href=\"https:\/\/www.xatakahome.com\/redirect?url=https%3A%2F%2Fwww.ikea.com%2Fes%2Fes%2Fp%2Ftredansen-estor-celular-opaco-inteligente-inalambrico-a-pilas-blanco-60512446%2F&amp;category=seleccion&amp;pivot=1&amp;ecomPostExpiration=perish&amp;postId=112075\"><br \/>\n   <img loading=\"lazy\" decoding=\"async\" alt=\"TREDANSEN Estor celular opaco\" width=\"600\" height=\"600\" src=\"https:\/\/i.blogs.es\/759668\/blob\/original.webp\" onerror='this.src=\"https:\/\/i.blogs.es\/759668\/blob\/original.jpeg\"'><br \/>\n  <\/a>\n  <\/div>\n<div class=\"pivot-ecommerce-summary\">\n<p class=\"pivot-ecommerce-desc\">TREDANSEN Estor celular opaco<\/p>\n<div class=\"pivot-actions \">\n<div class=\"pivot-actions-row\">\n <a rel=\"nofollow, noopener, noreferrer noopener\" target=\"_blank\" data-asin=\"\" data-store=\"\" href=\"https:\/\/www.xatakahome.com\/redirect?url=https%3A%2F%2Fwww.ikea.com%2Fes%2Fes%2Fp%2Ftredansen-estor-celular-opaco-inteligente-inalambrico-a-pilas-blanco-60512446%2F&amp;category=seleccion&amp;pivot=1&amp;ecomPostExpiration=perish&amp;postId=112075\" title=\"Precio de venta al p\u00fablico a fecha de publicaci\u00f3n\" class=\"pivot-action-btn pivot-action-primary\">PVP en IKEA \u2014 <strong>99,99<\/strong> \u20ac<\/a>\n <\/div>\n<\/p><\/div>\n<\/p><\/div>\n<\/p><\/div>\n<div class=\"pivot-link-msg\">* Alg\u00fan precio puede haber cambiado desde la \u00faltima revisi\u00f3n<\/div>\n<\/p><\/div>\n<p><!-- PIVOT END --><\/p>\n<h2>Comprar estor celular opaco TREDANSEN al mejor precio<\/h2>\n<div class=\"article-asset-image article-asset-normal article-asset-center\">\n<div class=\"asset-content\">\n                    <a rel=\"noopener, noreferrer\" class=\"js-ecommerce\" href=\"https:\/\/www.xatakahome.com\/redirect?url=https%3A%2F%2Fwww.ikea.com%2Fes%2Fes%2Fp%2Ftredansen-estor-celular-opaco-inteligente-inalambrico-a-pilas-blanco-60512446%2F&amp;category=seleccion&amp;ecomPostExpiration=perish&amp;postId=112075\" data-vars-affiliate-url=\"https:\/\/www.xatakahome.com\/redirect?url=https%3A%2F%2Fwww.ikea.com%2Fes%2Fes%2Fp%2Ftredansen-estor-celular-opaco-inteligente-inalambrico-a-pilas-blanco-60512446%2F&amp;category=seleccion&amp;ecomPostExpiration=perish&amp;postId=112075\"><\/p>\n<p>    <img decoding=\"async\" alt=\"estor celular opaco TREDANSEN\" class=\"centro_sinmarco\" src=\"https:\/\/i.blogs.es\/ae91ee\/proyecto-nuevo---2024-04-19t073309.365\/450_1000.webp\"><br \/>\n     <\/a><\/p><\/div>\n<\/div>\n<p>Por <a rel=\"noopener, noreferrer\" class=\"js-ecommerce\" href=\"https:\/\/www.xatakahome.com\/redirect?url=https%3A%2F%2Fwww.ikea.com%2Fes%2Fes%2Fp%2Ftredansen-estor-celular-opaco-inteligente-inalambrico-a-pilas-blanco-60512446%2F&amp;category=seleccion&amp;ecomPostExpiration=perish&amp;postId=112075\" data-vars-affiliate-url=\"https:\/\/www.xatakahome.com\/redirect?url=https%3A%2F%2Fwww.ikea.com%2Fes%2Fes%2Fp%2Ftredansen-estor-celular-opaco-inteligente-inalambrico-a-pilas-blanco-60512446%2F&amp;category=seleccion&amp;ecomPostExpiration=perish&amp;postId=112075\" data-id=\"noopener noreferrer\">99,99 euros<\/a>, esta soluci\u00f3n de IKEA es perfecta para tener nuestra <strong>casa aislada del calor<\/strong> en las horas en las que el sol \u00abpega\u00bb m\u00e1s fuerte. Gracias a este estor podr\u00e1s conseguir bajar la temperatura de tu hogar y sin tener que gastar de m\u00e1s en la factura de la luz.<\/p>\n<p><!-- BREAK 2 --><\/p>\n<p>Est\u00e1 <strong>disponible en diferentes tama\u00f1os<\/strong> aunque el que cuesta este precio del que hablamos es el de 60 x 195 cm. El largo siempre es el mismo (los 195 cm) pero el ancho puede variar y lo puedes encontrar en las siguientes medidas: 80, 100, 120 y 140 cm.<\/p>\n<p><!-- BREAK 3 --><\/p>\n<div class=\"article-asset-video article-asset-normal\">\n<div class=\"asset-content\">\n<div class=\"base-asset-video\">\n<div class=\"js-dailymotion\">\n    <script type=\"application\/json\">\n           {\"videoId\":\"x8km8oa\",\"autoplay\":true,\"title\":\"IKEA IA\", \"tag\":\"\"}\n         <\/script>\n   <\/div>\n<\/p><\/div>\n<\/p><\/div>\n<\/div>\n<p>Puedes conectar este estor al hub DIRIGERA de IKEA (que se vende aparte por <a rel=\"noopener, noreferrer\" class=\"js-ecommerce\" href=\"https:\/\/www.xatakahome.com\/redirect?url=https%3A%2F%2Fwww.ikea.com%2Fes%2Fes%2Fp%2Fdirigera-base-productos-inteligentes-blanco-inteligente-10503406%2F&amp;category=seleccion&amp;ecomPostExpiration=perish&amp;postId=112075\" data-vars-affiliate-url=\"https:\/\/www.xatakahome.com\/redirect?url=https%3A%2F%2Fwww.ikea.com%2Fes%2Fes%2Fp%2Fdirigera-base-productos-inteligentes-blanco-inteligente-10503406%2F&amp;category=seleccion&amp;ecomPostExpiration=perish&amp;postId=112075\">59,99 euros<\/a>) o bien a la <strong>app IKEA Home Smart<\/strong>, para as\u00ed controlarlo f\u00e1cilmente y no tener que levantarte de la cama o el sof\u00e1 para subirlo o bajarlo. Adem\u00e1s, podr\u00e1s configurar un grupo de estores para que se suban y bajen a horas concretas.<\/p>\n<p><!-- BREAK 4 --><\/p>\n<p>La seguridad es una de las principales bazas de este <a href=\"https:\/\/www.xatakahome.com\/a-fondo\/secreto-para-no-pasar-frio-calor-casa-esta-aislamiento-cortinas-estores-clave-para-ahorrar-energia-1\">estor<\/a>, por eso no lleva cuerdas, para evitar accidentes con los m\u00e1s peque\u00f1os de la casa o mascotas. Est\u00e1 dise\u00f1ado por David Wahl y funciona con bater\u00eda. Adem\u00e1s, <strong>viene con mando a distancia<\/strong>. Por \u00faltimo, se puede destacar de este producto de IKEA que filtra la luz y reduce los reflejos en el televisor y la pantalla del ordenador.<\/p>\n<p><!-- BREAK 5 --><\/p>\n<div class=\"article-asset article-asset-normal article-asset-center\">\n<div class=\"desvio-container\">\n<div class=\"desvio\">\n<div class=\"desvio-figure js-desvio-figure\">\n    <a href=\"https:\/\/www.xatakahome.com\/iluminacion-y-energia\/he-dejado-usar-regletas-casa-este-aparato-que-ha-llegado-para-jubilarlas\"><br \/>\n     <img loading=\"lazy\" decoding=\"async\" alt=\"He dejado de usar regletas en casa. Este es el aparato que ha llegado para jubilarlas\" width=\"375\" height=\"142\" src=\"https:\/\/i.blogs.es\/2ef30d\/img_4248\/375_142.webp\" onerror='this.src=\"https:\/\/i.blogs.es\/2ef30d\/img_4248\/375_142.jpeg\"'><br \/>\n    <\/a>\n   <\/div>\n<div class=\"desvio-summary\">\n<div class=\"desvio-taxonomy js-desvio-taxonomy\">\n     <a href=\"https:\/\/www.xatakahome.com\/iluminacion-y-energia\/he-dejado-usar-regletas-casa-este-aparato-que-ha-llegado-para-jubilarlas\" class=\"desvio-taxonomy-anchor\">En Xataka Smart Home<\/a>\n    <\/div>\n<p>    <a href=\"https:\/\/www.xatakahome.com\/iluminacion-y-energia\/he-dejado-usar-regletas-casa-este-aparato-que-ha-llegado-para-jubilarlas\" class=\"desvio-title js-desvio-title\">He dejado de usar regletas en casa. Este es el aparato que ha llegado para jubilarlas<\/a>\n   <\/div>\n<\/p><\/div>\n<\/p><\/div>\n<\/div>\n<h2>Tambi\u00e9n te puede interesar<\/h2>\n<p><!-- PIVOT START --><\/p>\n<div class=\"pivot-ecommerce-container m-pivot-ecommerce-redesign article-asset-normal article-asset-center\">\n<div class=\"pivot-ecommerce\">\n<div class=\"pivot-ecommerce-figure\">\n  <a rel=\"nofollow, noopener, noreferrer noopener\" target=\"_blank\" href=\"https:\/\/www.xatakahome.com\/redirect?url=https%3A%2F%2Fwww.amazon.es%2Fdp%2FB0CQK826K9%3Ftag%3Dxatakahome-21%26linkCode%3Dogi%26th%3D1%26psc%3D1&amp;category=seleccion&amp;pivot=1&amp;ecomPostExpiration=perish&amp;postId=112075\"><br \/>\n   <img loading=\"lazy\" decoding=\"async\" alt=\"YuPlug\u00ae [6 unidades] Enchufa f\u00e1cil a la primera - Adaptador enchufes Shucko + adhesivo\" width=\"500\" height=\"470\" src=\"https:\/\/i.blogs.es\/0f65c7\/41jkjbf1lrl._sl500_\/original.webp\" onerror='this.src=\"https:\/\/i.blogs.es\/0f65c7\/41jkjbf1lrl._sl500_\/original.jpeg\"'><br \/>\n  <\/a>\n  <\/div>\n<div class=\"pivot-ecommerce-summary\">\n<p class=\"pivot-ecommerce-desc\">YuPlug\u00ae [6 unidades] Enchufa f\u00e1cil a la primera &#8211; Adaptador enchufes Shucko + adhesivo<\/p>\n<div class=\"pivot-actions \">\n<div class=\"pivot-actions-row\">\n <a rel=\"nofollow, noopener, noreferrer noopener\" target=\"_blank\" data-asin=\"B0CQK826K9\" data-store=\"Amazon\" href=\"https:\/\/www.xatakahome.com\/redirect?url=https%3A%2F%2Fwww.amazon.es%2Fdp%2FB0CQK826K9%3Ftag%3Dxatakahome-21%26linkCode%3Dogi%26th%3D1%26psc%3D1&amp;category=seleccion&amp;pivot=1&amp;ecomPostExpiration=perish&amp;postId=112075\" title=\"Precio actualizado hoy\" class=\"pivot-action-btn pivot-action-primary\">Hoy en Amazon \u2014 <strong>9,95<\/strong> \u20ac<\/a>\n <\/div>\n<\/p><\/div>\n<\/p><\/div>\n<\/p><\/div>\n<div class=\"pivot-link-msg\">* Alg\u00fan precio puede haber cambiado desde la \u00faltima revisi\u00f3n<\/div>\n<\/p><\/div>\n<p><!-- PIVOT END --><br \/>\n<!-- PIVOT START --><\/p>\n<div class=\"pivot-ecommerce-container m-pivot-ecommerce-redesign article-asset-normal article-asset-center\">\n<div class=\"pivot-ecommerce\">\n<div class=\"pivot-ecommerce-figure\">\n  <a rel=\"nofollow, noopener, noreferrer noopener\" target=\"_blank\" href=\"https:\/\/www.xatakahome.com\/redirect?url=https%3A%2F%2Fwww.amazon.es%2Fdp%2FB07SYZH56J%3Ftag%3Dxatakahome-21%26linkCode%3Dogi%26th%3D1%26psc%3D1&amp;category=seleccion&amp;pivot=1&amp;ecomPostExpiration=perish&amp;postId=112075\"><br \/>\n   <img loading=\"lazy\" decoding=\"async\" alt=\"Arthome 44,5cm x 254cm Vinilos para Ventanas Privacidad \" width=\"397\" height=\"500\" src=\"https:\/\/i.blogs.es\/ed548c\/51pvo3bddml._sl500_\/original.webp\" onerror='this.src=\"https:\/\/i.blogs.es\/ed548c\/51pvo3bddml._sl500_\/original.jpeg\"'><br \/>\n  <\/a>\n  <\/div>\n<div class=\"pivot-ecommerce-summary\">\n<p class=\"pivot-ecommerce-desc\">Arthome 44,5cm x 254cm Vinilos para Ventanas Privacidad <\/p>\n<div class=\"pivot-actions \">\n<div class=\"pivot-actions-row\">\n <a rel=\"nofollow, noopener, noreferrer noopener\" target=\"_blank\" data-asin=\"B07SYZH56J\" data-store=\"Amazon\" href=\"https:\/\/www.xatakahome.com\/redirect?url=https%3A%2F%2Fwww.amazon.es%2Fdp%2FB07SYZH56J%3Ftag%3Dxatakahome-21%26linkCode%3Dogi%26th%3D1%26psc%3D1&amp;category=seleccion&amp;pivot=1&amp;ecomPostExpiration=perish&amp;postId=112075\" title=\"Precio actualizado hoy\" class=\"pivot-action-btn pivot-action-primary\">Hoy en Amazon \u2014 <strong>14,98<\/strong> \u20ac<\/a>\n <\/div>\n<\/p><\/div>\n<\/p><\/div>\n<\/p><\/div>\n<div class=\"pivot-link-msg\">* Alg\u00fan precio puede haber cambiado desde la \u00faltima revisi\u00f3n<\/div>\n<\/p><\/div>\n<p><!-- PIVOT END --><\/p>\n<p><em>Nota: algunos de los enlaces aqu\u00ed publicados son de afiliados y pueden reportar un beneficio.<\/em><\/p>\n<p><!-- BREAK 6 --><\/p>\n<p>Im\u00e1genes | IKEA<\/p>\n<p>En Xataka Smart Home | <a href=\"https:\/\/www.xatakahome.com\/a-fondo\/mejor-forma-frenar-calor-aire-acondicionado-mantener-casa-fresca-como-utilizar-persianas-estores-toldos-1\">La mejor forma de frenar el calor sin aire acondicionado y mantener la casa fresca: c\u00f3mo utilizar persianas, estores y toldos<\/a><\/p>\n<p><!-- BREAK 7 --><\/p>\n<p>En Xataka Smart Home | <a href=\"https:\/\/www.xatakahome.com\/tutoriales\/asi-he-automatizado-cualquier-aparato-casa-interruptor-ahora-puedo-encenderlo-sofa-1\" data-id=\"noopener noreferrer\">As\u00ed he automatizado cualquier aparato de casa con interruptor. Ahora puedo encenderlo desde el sof\u00e1<\/a><\/p>\n<p><!-- BREAK 8 --><script>\n (function() {\n  window._JS_MODULES = window._JS_MODULES || {};\n  var headElement = document.getElementsByTagName('head')[0];\n  if (_JS_MODULES.instagram) {\n   var instagramScript = document.createElement('script');\n   instagramScript.src = 'https:\/\/platform.instagram.com\/en_US\/embeds.js';\n   instagramScript.async = true;\n   instagramScript.defer = true;\n   headElement.appendChild(instagramScript);\n  }\n })();\n<\/script><\/p>\n<p> &#8211; <br \/> La noticia<br \/>\n      <a href=\"https:\/\/www.xatakahome.com\/seleccion\/ikea-quiere-que-aisles-tu-casa-calor-este-estor-que-puedes-subir-bajar-movil?utm_source=feedburner&amp;utm_medium=feed&amp;utm_campaign=19_Apr_2024\"><br \/>\n       <em> IKEA quiere que a\u00edsles tu casa del calor con este estor que puedes subir y bajar desde el m\u00f3vil <\/em><br \/>\n      <\/a><br \/>\n      fue publicada originalmente en<br \/>\n      <a href=\"https:\/\/www.xatakahome.com\/?utm_source=feedburner&amp;utm_medium=feed&amp;utm_campaign=19_Apr_2024\"><br \/>\n       <strong> Xataka Smart Home <\/strong><br \/>\n      <\/a><br \/>\n            por <a href=\"https:\/\/www.xatakahome.com\/autor\/fran-leon?utm_source=feedburner&amp;utm_medium=feed&amp;utm_campaign=19_Apr_2024\"><br \/>\n       Fran Le\u00f3n<br \/>\n      <\/a><br \/>\n      . <\/p>\n<\/div>\n","protected":false},"excerpt":{"rendered":"<p>Ya est\u00e1 empezando a notarse el aumento de temperaturas y es un buen momento para equipar nuestra casa de cara al verano. IKEA tiene un estor opaco inteligente (el modelo TREDANSEN) que a\u00edsla nuestra casa del sol y que est\u00e1 disponible en su web por 99,99 euros. TREDANSEN Estor celular opaco PVP en IKEA \u2014 &hellip; <a href=\"https:\/\/domosistemas.com\/?p=23957\" class=\"more-link\">Sigue leyendo <span class=\"screen-reader-text\">IKEA quiere que a\u00edsles tu casa del calor con este estor que puedes subir y bajar desde el m\u00f3vil<\/span><\/a><\/p>\n","protected":false},"author":1,"featured_media":0,"comment_status":"closed","ping_status":"closed","sticky":false,"template":"","format":"standard","meta":{"footnotes":""},"categories":[8],"tags":[],"class_list":["post-23957","post","type-post","status-publish","format-standard","hentry","category-xataka"],"_links":{"self":[{"href":"https:\/\/domosistemas.com\/index.php?rest_route=\/wp\/v2\/posts\/23957","targetHints":{"allow":["GET"]}}],"collection":[{"href":"https:\/\/domosistemas.com\/index.php?rest_route=\/wp\/v2\/posts"}],"about":[{"href":"https:\/\/domosistemas.com\/index.php?rest_route=\/wp\/v2\/types\/post"}],"author":[{"embeddable":true,"href":"https:\/\/domosistemas.com\/index.php?rest_route=\/wp\/v2\/users\/1"}],"replies":[{"embeddable":true,"href":"https:\/\/domosistemas.com\/index.php?rest_route=%2Fwp%2Fv2%2Fcomments&post=23957"}],"version-history":[{"count":0,"href":"https:\/\/domosistemas.com\/index.php?rest_route=\/wp\/v2\/posts\/23957\/revisions"}],"wp:attachment":[{"href":"https:\/\/domosistemas.com\/index.php?rest_route=%2Fwp%2Fv2%2Fmedia&parent=23957"}],"wp:term":[{"taxonomy":"category","embeddable":true,"href":"https:\/\/domosistemas.com\/index.php?rest_route=%2Fwp%2Fv2%2Fcategories&post=23957"},{"taxonomy":"post_tag","embeddable":true,"href":"https:\/\/domosistemas.com\/index.php?rest_route=%2Fwp%2Fv2%2Ftags&post=23957"}],"curies":[{"name":"wp","href":"https:\/\/api.w.org\/{rel}","templated":true}]}}