{"id":23967,"date":"2024-04-19T16:09:07","date_gmt":"2024-04-19T16:09:07","guid":{"rendered":"https:\/\/domosistemas.com\/?p=23967"},"modified":"2024-04-19T16:09:07","modified_gmt":"2024-04-19T16:09:07","slug":"los-mejores-inventos-de-ikea-para-reducir-el-calor-de-tu-casa-terraza-patio-balcon-y-jardin-este-verano","status":"publish","type":"post","link":"https:\/\/domosistemas.com\/?p=23967","title":{"rendered":"Los mejores inventos de IKEA para reducir el calor de tu casa, terraza, patio, balc\u00f3n y jard\u00edn este verano"},"content":{"rendered":"<div>\n<p>\n      <img decoding=\"async\" src=\"https:\/\/i.blogs.es\/047c86\/nueva-imagen-de-mapa-de-bitspantallabiombo\/1024_2000.jpeg\" alt=\"Los mejores inventos de IKEA para reducir el calor de tu casa, terraza, patio, balc\u00f3n y jard\u00edn este verano  \">\n    <\/p>\n<p>El tiempo primaveral ya est\u00e1 aqu\u00ed, el sol vuelve a predominar en el horizonte y con \u00e9l <strong>llega el calor<\/strong> y la necesidad de <strong>buscar espacios de sombra<\/strong> en nuestros espacios exteriores. O si no los tenemos de forma natural crearlos nosotros mediante elementos que adem\u00e1s resulten decorativos.<\/p>\n<p><!-- BREAK 1 --><\/p>\n<p>En <a href=\"https:\/\/www.xatakahome.com\/hogar\/estas-opciones-lidl-leroy-merlin-para-tener-sombra-terrazas-balcones-patios-jardines\">un anterior art\u00edculo<\/a> vimos algunas de las opciones m\u00e1s interesantes que tienen disponibles <strong>Lidl y Leroy Merlin<\/strong> para estos menesteres, y hoy le toca el turno a otra de las grandes cadenas de decoraci\u00f3n disponibles en nuestro pa\u00eds: <strong>IKEA<\/strong>, que cuenta con un surtido cat\u00e1logo de productos para reducir el calor en casa de forma pasiva.<\/p>\n<p><!-- BREAK 2 --><\/p>\n<p>Se trata de elementos para colocar en la <strong>terraza, balc\u00f3n, patio, jard\u00edn<\/strong> o zonas exteriores de las viviendas creando refugios t\u00e9rmicos en las horas m\u00e1s calurosas del d\u00eda, permitiendo bajar unos cuantos grados la temperatura y haciendo adem\u00e1s que gastemos menos en aire acondicionado.<\/p>\n<p><!-- BREAK 3 --><\/p>\n<div class=\"article-asset article-asset-normal article-asset-center\">\n<div class=\"desvio-container\">\n<div class=\"desvio\">\n<div class=\"desvio-figure js-desvio-figure\">\n    <a href=\"https:\/\/www.xatakahome.com\/hogar\/estas-opciones-lidl-leroy-merlin-para-tener-sombra-terrazas-balcones-patios-jardines\"><br \/>\n     <img loading=\"lazy\" decoding=\"async\" alt=\"Estas son las opciones de Lidl y Leroy Merlin para estar fresquitos en terrazas, balcones, patios y jardines\" width=\"375\" height=\"142\" src=\"https:\/\/i.blogs.es\/6a5898\/francesca-tosolini-d7a8yw1mxqm-unsplash\/375_142.webp\" onerror='this.src=\"https:\/\/i.blogs.es\/6a5898\/francesca-tosolini-d7a8yw1mxqm-unsplash\/375_142.jpeg\"'><br \/>\n    <\/a>\n   <\/div>\n<div class=\"desvio-summary\">\n<div class=\"desvio-taxonomy js-desvio-taxonomy\">\n     <a href=\"https:\/\/www.xatakahome.com\/hogar\/estas-opciones-lidl-leroy-merlin-para-tener-sombra-terrazas-balcones-patios-jardines\" class=\"desvio-taxonomy-anchor\">En Xataka Smart Home<\/a>\n    <\/div>\n<p>    <a href=\"https:\/\/www.xatakahome.com\/hogar\/estas-opciones-lidl-leroy-merlin-para-tener-sombra-terrazas-balcones-patios-jardines\" class=\"desvio-title js-desvio-title\">Estas son las opciones de Lidl y Leroy Merlin para estar fresquitos en terrazas, balcones, patios y jardines<\/a>\n   <\/div>\n<\/p><\/div>\n<\/p><\/div>\n<\/div>\n<h3>Lona toldo DYNING<\/h3>\n<div class=\"article-asset-image article-asset-small article-asset-center\">\n<div class=\"asset-content\">\n<p>   <img decoding=\"async\" alt=\"Dying\" class=\"centro_sinmarco\" src=\"https:\/\/i.blogs.es\/7a89e1\/dying\/450_1000.webp\"><\/p><\/div>\n<\/div>\n<p>Si buscamos un elemento <strong>sencillo y econ\u00f3mico<\/strong>, este toldo triangular te da sombra en la terraza de tu casa, en un camping o donde la necesites. F\u00e1cil de instalar en puntos de fijaci\u00f3n resistentes, como un muro u otros edificios, \u00e1rboles y postes. El tejido ofrece protecci\u00f3n contra los rayos UV con un factor 25+, lo que significa que bloquea el 96% de la radiaci\u00f3n ultravioleta.<\/p>\n<p><!-- BREAK 4 --><\/p>\n<p>Se incluyen 3 ganchos de presi\u00f3n, 3 muelles y 10 m de cuerda. Adem\u00e1s, <strong>el tejido se puede lavar en la lavadora<\/strong>, para que lo tengamos siempre en buen estado. En cuanto a su precio, lo podemos encontrar por <a rel=\"noopener, noreferrer\" class=\"js-ecommerce\" href=\"https:\/\/www.xatakahome.com\/redirect?url=https%3A%2F%2Fwww.ikea.com%2Fes%2Fes%2Fp%2Fdyning-toldo-triangular-blanco-40125786%2F&amp;category=hogar&amp;ecomPostExpiration=everlasting&amp;postId=112059\" data-vars-affiliate-url=\"https:\/\/www.xatakahome.com\/redirect?url=https%3A%2F%2Fwww.ikea.com%2Fes%2Fes%2Fp%2Fdyning-toldo-triangular-blanco-40125786%2F&amp;category=hogar&amp;ecomPostExpiration=everlasting&amp;postId=112059\">34,99 euros<\/a>.<\/p>\n<p><!-- BREAK 5 --><!-- PIVOT START --><\/p>\n<div class=\"pivot-ecommerce-container m-pivot-ecommerce-redesign article-asset-normal article-asset-center\">\n<div class=\"pivot-ecommerce\">\n<div class=\"pivot-ecommerce-figure\">\n  <a rel=\"nofollow, noopener, noreferrer noopener\" target=\"_blank\" href=\"https:\/\/www.xatakahome.com\/redirect?url=https%3A%2F%2Fwww.ikea.com%2Fes%2Fes%2Fp%2Fdyning-toldo-triangular-blanco-40125786%2F&amp;category=hogar&amp;pivot=1&amp;ecomPostExpiration=everlasting&amp;postId=112059\"><br \/>\n   <img loading=\"lazy\" decoding=\"async\" alt=\"DYNING Toldo, triangular\/blanco, 360 cm\" width=\"482\" height=\"483\" src=\"https:\/\/i.blogs.es\/61104c\/blob\/original.webp\" onerror='this.src=\"https:\/\/i.blogs.es\/61104c\/blob\/original.jpeg\"'><br \/>\n  <\/a>\n  <\/div>\n<div class=\"pivot-ecommerce-summary\">\n<p class=\"pivot-ecommerce-desc\">DYNING Toldo, triangular\/blanco, 360 cm<\/p>\n<div class=\"pivot-actions \">\n<div class=\"pivot-actions-row\">\n <a rel=\"nofollow, noopener, noreferrer noopener\" target=\"_blank\" data-asin=\"\" data-store=\"\" href=\"https:\/\/www.xatakahome.com\/redirect?url=https%3A%2F%2Fwww.ikea.com%2Fes%2Fes%2Fp%2Fdyning-toldo-triangular-blanco-40125786%2F&amp;category=hogar&amp;pivot=1&amp;ecomPostExpiration=everlasting&amp;postId=112059\" title=\"Precio de venta al p\u00fablico a fecha de publicaci\u00f3n\" class=\"pivot-action-btn pivot-action-primary\">PVP en IKEA \u2014 <strong>34,99<\/strong> \u20ac<\/a>\n <\/div>\n<\/p><\/div>\n<\/p><\/div>\n<\/p><\/div>\n<div class=\"pivot-link-msg\">* Alg\u00fan precio puede haber cambiado desde la \u00faltima revisi\u00f3n<\/div>\n<\/p><\/div>\n<p><!-- PIVOT END --><\/p>\n<h3>Sombrilla SEGLAR\u00d6<\/h3>\n<div class=\"article-asset-image article-asset-small article-asset-center\">\n<div class=\"asset-content\">\n<p>   <img decoding=\"async\" alt=\"Sombrills44\" class=\"centro_sinmarco\" src=\"https:\/\/i.blogs.es\/6a62f7\/sombrills44\/450_1000.webp\"><\/p><\/div>\n<\/div>\n<p>En el caso de querer una <strong>sombrilla de grandes dimensiones<\/strong> tenemos este modelo de tipo colgante e inclinable de 330&#215;240 cm. El tejido ofrece una excelente protecci\u00f3n contra los rayos UV, ya que tiene un factor de protecci\u00f3n 50+ contra los rayos ultravioleta (UPF, Ultraviolet \u00a0Protection Factor), lo que significa que bloquea el 98% de esta radiaci\u00f3n.<\/p>\n<p><!-- BREAK 6 --><\/p>\n<p>Se puede orientar f\u00e1cilmente y crear sombra en distintas zonas, ya que gira 360\u00ba. El poste de la sombrilla es de aluminio, pero <strong>la base se vende aparte<\/strong>. Se debe completar con la base para sombrilla <a rel=\"noopener, noreferrer\" class=\"js-ecommerce\" href=\"https:\/\/www.xatakahome.com\/redirect?url=https%3A%2F%2Fwww.ikea.com%2Fes%2Fes%2Fp%2Fhjalton-base-sombrilla-gris-s99440948%2F&amp;category=hogar&amp;ecomPostExpiration=everlasting&amp;postId=112059\" data-vars-affiliate-url=\"https:\/\/www.xatakahome.com\/redirect?url=https%3A%2F%2Fwww.ikea.com%2Fes%2Fes%2Fp%2Fhjalton-base-sombrilla-gris-s99440948%2F&amp;category=hogar&amp;ecomPostExpiration=everlasting&amp;postId=112059\">HJ\u00c4LT\u00d6N<\/a> o <a rel=\"noopener, noreferrer\" href=\"https:\/\/www.islas.ikea.es\/grancanaria\/es\/pd\/svarto-base-para-sombrilla-gris-oscuro-art-10285328\">SVART\u00d6<\/a>, o con 4 placas de cemento de 50 \u00d7 50 cm como m\u00ednimo y un peso total de 90 kg. En cuanto al precio, cuesta <a rel=\"noopener, noreferrer\" class=\"js-ecommerce\" href=\"https:\/\/www.xatakahome.com\/redirect?url=https%3A%2F%2Fwww.ikea.com%2Fes%2Fes%2Fp%2Fseglaro-sombrilla-colgante-antracita-inclinable-20532007%2F&amp;category=hogar&amp;ecomPostExpiration=everlasting&amp;postId=112059\" data-vars-affiliate-url=\"https:\/\/www.xatakahome.com\/redirect?url=https%3A%2F%2Fwww.ikea.com%2Fes%2Fes%2Fp%2Fseglaro-sombrilla-colgante-antracita-inclinable-20532007%2F&amp;category=hogar&amp;ecomPostExpiration=everlasting&amp;postId=112059\">299 euros.<\/a><\/p>\n<p><!-- BREAK 7 --><!-- PIVOT START --><\/p>\n<div class=\"pivot-ecommerce-container m-pivot-ecommerce-redesign article-asset-normal article-asset-center\">\n<div class=\"pivot-ecommerce\">\n<div class=\"pivot-ecommerce-figure\">\n  <a rel=\"nofollow, noopener, noreferrer noopener\" target=\"_blank\" href=\"https:\/\/www.xatakahome.com\/redirect?url=https%3A%2F%2Fwww.ikea.com%2Fes%2Fes%2Fp%2Fseglaro-sombrilla-colgante-antracita-inclinable-20532007%2F&amp;category=hogar&amp;pivot=1&amp;ecomPostExpiration=everlasting&amp;postId=112059\"><br \/>\n   <img loading=\"lazy\" decoding=\"async\" alt=\"SEGLAR\u00d6 Sombrilla colgante, antracita\/inclinable,\" width=\"809\" height=\"809\" src=\"https:\/\/i.blogs.es\/8a45d6\/blob\/original.webp\" onerror='this.src=\"https:\/\/i.blogs.es\/8a45d6\/blob\/original.jpeg\"'><br \/>\n  <\/a>\n  <\/div>\n<div class=\"pivot-ecommerce-summary\">\n<p class=\"pivot-ecommerce-desc\">SEGLAR\u00d6 Sombrilla colgante, antracita\/inclinable,<\/p>\n<div class=\"pivot-actions \">\n<div class=\"pivot-actions-row\">\n <a rel=\"nofollow, noopener, noreferrer noopener\" target=\"_blank\" data-asin=\"\" data-store=\"\" href=\"https:\/\/www.xatakahome.com\/redirect?url=https%3A%2F%2Fwww.ikea.com%2Fes%2Fes%2Fp%2Fseglaro-sombrilla-colgante-antracita-inclinable-20532007%2F&amp;category=hogar&amp;pivot=1&amp;ecomPostExpiration=everlasting&amp;postId=112059\" title=\"Precio de venta al p\u00fablico a fecha de publicaci\u00f3n\" class=\"pivot-action-btn pivot-action-primary\">PVP en IKEA \u2014 <strong>299,00<\/strong> \u20ac<\/a>\n <\/div>\n<\/p><\/div>\n<\/p><\/div>\n<\/p><\/div>\n<div class=\"pivot-link-msg\">* Alg\u00fan precio puede haber cambiado desde la \u00faltima revisi\u00f3n<\/div>\n<\/p><\/div>\n<p><!-- PIVOT END --><\/p>\n<h3>Sombrilla H\u00d6G\u00d6N<\/h3>\n<div class=\"article-asset-image article-asset-small article-asset-center\">\n<div class=\"asset-content\">\n<p>   <img decoding=\"async\" alt=\"Sombrilla444\" class=\"centro_sinmarco\" src=\"https:\/\/i.blogs.es\/247185\/sombrilla444\/450_1000.webp\"><\/p><\/div>\n<\/div>\n<p>Si queremos una <strong>sombrilla pero de dimensiones m\u00e1s peque\u00f1as<\/strong> y m\u00e1s sencilla de transportar, IKEA tiene este<strong> modelo H\u00d6G\u00d6N<\/strong> de 270 cm con soporte incluido en el kit.<\/p>\n<p><!-- BREAK 8 --><\/p>\n<p>El tejido ofrece una protecci\u00f3n contra los rayos UV 25+, lo que significa que bloquea el 96% de la radiaci\u00f3n ultravioleta. Tiene una v\u00e1lvula que reduce la presi\u00f3n del viento y permite que el aire caliente circule. En cuanto al precio, cuesta <a rel=\"noopener, noreferrer\" class=\"js-ecommerce\" href=\"https:\/\/www.xatakahome.com\/redirect?url=https%3A%2F%2Fwww.ikea.com%2Fes%2Fes%2Fp%2Fhogon-sombrilla-con-soporte-blanco-huvon-gris-oscuro-s39324616%2F&amp;category=hogar&amp;ecomPostExpiration=everlasting&amp;postId=112059\" data-vars-affiliate-url=\"https:\/\/www.xatakahome.com\/redirect?url=https%3A%2F%2Fwww.ikea.com%2Fes%2Fes%2Fp%2Fhogon-sombrilla-con-soporte-blanco-huvon-gris-oscuro-s39324616%2F&amp;category=hogar&amp;ecomPostExpiration=everlasting&amp;postId=112059\">104 euros<\/a>.<\/p>\n<p><!-- BREAK 9 --><!-- PIVOT START --><\/p>\n<div class=\"pivot-ecommerce-container m-pivot-ecommerce-redesign article-asset-normal article-asset-center\">\n<div class=\"pivot-ecommerce\">\n<div class=\"pivot-ecommerce-figure\">\n  <a rel=\"nofollow, noopener, noreferrer noopener\" target=\"_blank\" href=\"https:\/\/www.xatakahome.com\/redirect?url=https%3A%2F%2Fwww.ikea.com%2Fes%2Fes%2Fp%2Fhogon-sombrilla-con-soporte-blanco-huvon-gris-oscuro-s39324616%2F&amp;category=hogar&amp;pivot=1&amp;ecomPostExpiration=everlasting&amp;postId=112059\"><br \/>\n   <img loading=\"lazy\" decoding=\"async\" alt=\"H\u00d6G\u00d6N Sombrilla con soporte, blanco\/Huv\u00f6n gris oscuro\" width=\"888\" height=\"889\" src=\"https:\/\/i.blogs.es\/b86d1a\/blob\/original.webp\" onerror='this.src=\"https:\/\/i.blogs.es\/b86d1a\/blob\/original.jpeg\"'><br \/>\n  <\/a>\n  <\/div>\n<div class=\"pivot-ecommerce-summary\">\n<p class=\"pivot-ecommerce-desc\">H\u00d6G\u00d6N Sombrilla con soporte, blanco\/Huv\u00f6n gris oscuro<\/p>\n<div class=\"pivot-actions \">\n<div class=\"pivot-actions-row\">\n <a rel=\"nofollow, noopener, noreferrer noopener\" target=\"_blank\" data-asin=\"\" data-store=\"\" href=\"https:\/\/www.xatakahome.com\/redirect?url=https%3A%2F%2Fwww.ikea.com%2Fes%2Fes%2Fp%2Fhogon-sombrilla-con-soporte-blanco-huvon-gris-oscuro-s39324616%2F&amp;category=hogar&amp;pivot=1&amp;ecomPostExpiration=everlasting&amp;postId=112059\" title=\"Precio de venta al p\u00fablico a fecha de publicaci\u00f3n\" class=\"pivot-action-btn pivot-action-primary\">PVP en IKEA \u2014 <strong>104,00<\/strong> \u20ac<\/a>\n <\/div>\n<\/p><\/div>\n<\/p><\/div>\n<\/p><\/div>\n<div class=\"pivot-link-msg\">* Alg\u00fan precio puede haber cambiado desde la \u00faltima revisi\u00f3n<\/div>\n<\/p><\/div>\n<p><!-- PIVOT END --><\/p>\n<h3>P\u00e9rgola HAMMAR\u00d6N<\/h3>\n<div class=\"article-asset-image article-asset-small article-asset-center\">\n<div class=\"asset-content\">\n<p>   <img decoding=\"async\" alt=\"Pergola448\" class=\"centro_sinmarco\" src=\"https:\/\/i.blogs.es\/3d3641\/pergola448\/450_1000.webp\"><\/p><\/div>\n<\/div>\n<p>Si queremos una zona de sombra m\u00e1s grande podemos optar por esta <strong>p\u00e9rgola HAMMAR\u00d6N<\/strong> con unas dimensiones de 300&#215;300 cm, estructura de acero y revestimiento de polvo para que la pintura dure m\u00e1s.<\/p>\n<p><!-- BREAK 10 --><\/p>\n<p>El tejido ofrece una protecci\u00f3n contra los rayos UV con factor de protecci\u00f3n 25+, lo que significa que bloquea el 96% de la radiaci\u00f3n ultravioleta, <strong>el dosel se abre y se cierra<\/strong> r\u00e1pidamente con la ayuda de un pr\u00e1ctico tirador y tiene un precio de <a rel=\"noopener, noreferrer\" class=\"js-ecommerce\" href=\"https:\/\/www.xatakahome.com\/redirect?url=https%3A%2F%2Fwww.ikea.com%2Fes%2Fes%2Fp%2Fhammaron-pergola-beige-grisaceo-gris-beige-20549239%2F&amp;category=hogar&amp;ecomPostExpiration=everlasting&amp;postId=112059\" data-vars-affiliate-url=\"https:\/\/www.xatakahome.com\/redirect?url=https%3A%2F%2Fwww.ikea.com%2Fes%2Fes%2Fp%2Fhammaron-pergola-beige-grisaceo-gris-beige-20549239%2F&amp;category=hogar&amp;ecomPostExpiration=everlasting&amp;postId=112059\">399 euros<\/a>.<\/p>\n<p><!-- BREAK 11 --><!-- PIVOT START --><\/p>\n<div class=\"pivot-ecommerce-container m-pivot-ecommerce-redesign article-asset-normal article-asset-center\">\n<div class=\"pivot-ecommerce\">\n<div class=\"pivot-ecommerce-figure\">\n  <a rel=\"nofollow, noopener, noreferrer noopener\" target=\"_blank\" href=\"https:\/\/www.xatakahome.com\/redirect?url=https%3A%2F%2Fwww.ikea.com%2Fes%2Fes%2Fp%2Fhammaron-pergola-beige-grisaceo-gris-beige-20549239%2F&amp;category=hogar&amp;pivot=1&amp;ecomPostExpiration=everlasting&amp;postId=112059\"><br \/>\n   <img loading=\"lazy\" decoding=\"async\" alt=\"HAMMAR\u00d6N P\u00e9rgola, beige gris\u00e1ceo\/gris beige,\" width=\"721\" height=\"721\" src=\"https:\/\/i.blogs.es\/d67398\/blob\/original.webp\" onerror='this.src=\"https:\/\/i.blogs.es\/d67398\/blob\/original.jpeg\"'><br \/>\n  <\/a>\n  <\/div>\n<div class=\"pivot-ecommerce-summary\">\n<p class=\"pivot-ecommerce-desc\">HAMMAR\u00d6N P\u00e9rgola, beige gris\u00e1ceo\/gris beige,<\/p>\n<div class=\"pivot-actions \">\n<div class=\"pivot-actions-row\">\n <a rel=\"nofollow, noopener, noreferrer noopener\" target=\"_blank\" data-asin=\"\" data-store=\"\" href=\"https:\/\/www.xatakahome.com\/redirect?url=https%3A%2F%2Fwww.ikea.com%2Fes%2Fes%2Fp%2Fhammaron-pergola-beige-grisaceo-gris-beige-20549239%2F&amp;category=hogar&amp;pivot=1&amp;ecomPostExpiration=everlasting&amp;postId=112059\" title=\"Precio de venta al p\u00fablico a fecha de publicaci\u00f3n\" class=\"pivot-action-btn pivot-action-primary\">PVP en IKEA \u2014 <strong>399,00<\/strong> \u20ac<\/a>\n <\/div>\n<\/p><\/div>\n<\/p><\/div>\n<\/p><\/div>\n<div class=\"pivot-link-msg\">* Alg\u00fan precio puede haber cambiado desde la \u00faltima revisi\u00f3n<\/div>\n<\/p><\/div>\n<p><!-- PIVOT END --><\/p>\n<h3>Pantalla privacidad DYNING<\/h3>\n<div class=\"article-asset-image article-asset-small article-asset-center\">\n<div class=\"asset-content\">\n<p>   <img decoding=\"async\" alt=\"Pantlla Privacidad 4489\" class=\"centro_sinmarco\" src=\"https:\/\/i.blogs.es\/1b8dcf\/pantlla-privacidad-4489\/450_1000.webp\"><\/p><\/div>\n<\/div>\n<p>Un producto interesante y curioso es esta <strong>pantalla de privacidad para balc\u00f3n<\/strong> en color negro de 250&#215;80 cm. Se trata de un accesorio que protege el balc\u00f3n aportando m\u00e1s intimidad y que podemos quitar y poner a voluntad.<\/p>\n<p><!-- BREAK 12 --><\/p>\n<p>Incluye dos cuerdas que se ensartan por los orificios y te permiten fijarla a la barandilla del balc\u00f3n. <strong>Protege del viento, del sol y de las miradas curiosas<\/strong> en la terraza. Su precio es muy econ\u00f3mico, ya que cuesta <a rel=\"noopener, noreferrer\" class=\"js-ecommerce\" href=\"https:\/\/www.xatakahome.com\/redirect?url=https%3A%2F%2Fwww.ikea.com%2Fes%2Fes%2Fp%2Fdyning-pantalla-privacidad-balcon-negro-80338012%2F&amp;category=hogar&amp;ecomPostExpiration=everlasting&amp;postId=112059\" data-vars-affiliate-url=\"https:\/\/www.xatakahome.com\/redirect?url=https%3A%2F%2Fwww.ikea.com%2Fes%2Fes%2Fp%2Fdyning-pantalla-privacidad-balcon-negro-80338012%2F&amp;category=hogar&amp;ecomPostExpiration=everlasting&amp;postId=112059\">14,99 euros<\/a>.<\/p>\n<p><!-- BREAK 13 --><!-- PIVOT START --><\/p>\n<div class=\"pivot-ecommerce-container m-pivot-ecommerce-redesign article-asset-normal article-asset-center\">\n<div class=\"pivot-ecommerce\">\n<div class=\"pivot-ecommerce-figure\">\n  <a rel=\"nofollow, noopener, noreferrer noopener\" target=\"_blank\" href=\"https:\/\/www.xatakahome.com\/redirect?url=https%3A%2F%2Fwww.ikea.com%2Fes%2Fes%2Fp%2Fdyning-pantalla-privacidad-balcon-negro-80338012%2F&amp;category=hogar&amp;pivot=1&amp;ecomPostExpiration=everlasting&amp;postId=112059\"><br \/>\n   <img loading=\"lazy\" decoding=\"async\" alt=\"DYNING Pantalla privacidad para balc\u00f3n, negro\" width=\"855\" height=\"855\" src=\"https:\/\/i.blogs.es\/43d0dd\/blob\/original.webp\" onerror='this.src=\"https:\/\/i.blogs.es\/43d0dd\/blob\/original.jpeg\"'><br \/>\n  <\/a>\n  <\/div>\n<div class=\"pivot-ecommerce-summary\">\n<p class=\"pivot-ecommerce-desc\">DYNING Pantalla privacidad para balc\u00f3n, negro<\/p>\n<div class=\"pivot-actions \">\n<div class=\"pivot-actions-row\">\n <a rel=\"nofollow, noopener, noreferrer noopener\" target=\"_blank\" data-asin=\"\" data-store=\"\" href=\"https:\/\/www.xatakahome.com\/redirect?url=https%3A%2F%2Fwww.ikea.com%2Fes%2Fes%2Fp%2Fdyning-pantalla-privacidad-balcon-negro-80338012%2F&amp;category=hogar&amp;pivot=1&amp;ecomPostExpiration=everlasting&amp;postId=112059\" title=\"Precio de venta al p\u00fablico a fecha de publicaci\u00f3n\" class=\"pivot-action-btn pivot-action-primary\">PVP en IKEA \u2014 <strong>14,99<\/strong> \u20ac<\/a>\n <\/div>\n<\/p><\/div>\n<\/p><\/div>\n<\/p><\/div>\n<div class=\"pivot-link-msg\">* Alg\u00fan precio puede haber cambiado desde la \u00faltima revisi\u00f3n<\/div>\n<\/p><\/div>\n<p><!-- PIVOT END --><\/p>\n<div class=\"article-asset-video article-asset-normal\">\n<div class=\"asset-content\">\n<div class=\"base-asset-video\">\n<div class=\"js-dailymotion\">\n    <script type=\"application\/json\">\n           {\"videoId\":\"x8006fc\",\"autoplay\":true,\"title\":\"C\u00f3mo dormir cuando hace mucho calor y no tienes aire acondicionado\", \"tag\":\"\"}\n         <\/script>\n   <\/div>\n<\/p><\/div>\n<\/p><\/div>\n<\/div>\n<h3>Pantalla LUNG\u00d6N<\/h3>\n<div class=\"article-asset-image article-asset-small article-asset-center\">\n<div class=\"asset-content\">\n<p>   <img decoding=\"async\" alt=\"Pantalla Biombo448\" class=\"centro_sinmarco\" src=\"https:\/\/i.blogs.es\/282d59\/pantalla-biombo448\/450_1000.webp\"><\/p><\/div>\n<\/div>\n<p>Otra opci\u00f3n similar a la anterior pero con un toque m\u00e1s profesional es esta <strong>pantalla para privacidad de uso exterior e interior LUNG\u00d6N<\/strong>. Es una especie de biombo port\u00e1til que podemos colocar junto a la tumbona o al lado de la mesa de comedor en el jard\u00edn o la terraza.<\/p>\n<p><!-- BREAK 14 --><\/p>\n<p>Es independiente y se puede usar como soporte para plantas trepadoras o como <strong>separador de ambientes<\/strong> tanto dentro como fuera de casa. Puedes utilizar una o m\u00e1s pantallas seg\u00fan el espacio disponible. Su precio por unidad es de <a rel=\"noopener, noreferrer\" class=\"js-ecommerce\" href=\"https:\/\/www.xatakahome.com\/redirect?url=https%3A%2F%2Fwww.ikea.com%2Fes%2Fes%2Fp%2Flungon-pantalla-privacidad-hueso-interior-exterior-80515509%2F&amp;category=hogar&amp;ecomPostExpiration=everlasting&amp;postId=112059\" data-vars-affiliate-url=\"https:\/\/www.xatakahome.com\/redirect?url=https%3A%2F%2Fwww.ikea.com%2Fes%2Fes%2Fp%2Flungon-pantalla-privacidad-hueso-interior-exterior-80515509%2F&amp;category=hogar&amp;ecomPostExpiration=everlasting&amp;postId=112059\">79,99 euros<\/a>.<\/p>\n<p><!-- BREAK 15 --><!-- PIVOT START --><\/p>\n<div class=\"pivot-ecommerce-container m-pivot-ecommerce-redesign article-asset-normal article-asset-center\">\n<div class=\"pivot-ecommerce\">\n<div class=\"pivot-ecommerce-figure\">\n  <a rel=\"nofollow, noopener, noreferrer noopener\" target=\"_blank\" href=\"https:\/\/www.xatakahome.com\/redirect?url=https%3A%2F%2Fwww.ikea.com%2Fes%2Fes%2Fp%2Flungon-pantalla-privacidad-hueso-interior-exterior-80515509%2F&amp;category=hogar&amp;pivot=1&amp;ecomPostExpiration=everlasting&amp;postId=112059\"><br \/>\n   <img loading=\"lazy\" decoding=\"async\" alt=\"LUNG\u00d6N Pantalla para privacidad, hueso interior\/exterior,\" width=\"883\" height=\"883\" src=\"https:\/\/i.blogs.es\/dc6983\/blob\/original.webp\" onerror='this.src=\"https:\/\/i.blogs.es\/dc6983\/blob\/original.jpeg\"'><br \/>\n  <\/a>\n  <\/div>\n<div class=\"pivot-ecommerce-summary\">\n<p class=\"pivot-ecommerce-desc\">LUNG\u00d6N Pantalla para privacidad, hueso interior\/exterior,<\/p>\n<div class=\"pivot-actions \">\n<div class=\"pivot-actions-row\">\n <a rel=\"nofollow, noopener, noreferrer noopener\" target=\"_blank\" data-asin=\"\" data-store=\"\" href=\"https:\/\/www.xatakahome.com\/redirect?url=https%3A%2F%2Fwww.ikea.com%2Fes%2Fes%2Fp%2Flungon-pantalla-privacidad-hueso-interior-exterior-80515509%2F&amp;category=hogar&amp;pivot=1&amp;ecomPostExpiration=everlasting&amp;postId=112059\" title=\"Precio de venta al p\u00fablico a fecha de publicaci\u00f3n\" class=\"pivot-action-btn pivot-action-primary\">PVP en IKEA \u2014 <strong>79,99<\/strong> \u20ac<\/a>\n <\/div>\n<\/p><\/div>\n<\/p><\/div>\n<\/p><\/div>\n<div class=\"pivot-link-msg\">* Alg\u00fan precio puede haber cambiado desde la \u00faltima revisi\u00f3n<\/div>\n<\/p><\/div>\n<p><!-- PIVOT END --><\/p>\n<h3>FYRTUR estor opaco<\/h3>\n<div class=\"article-asset-image article-asset-small article-asset-center\">\n<div class=\"asset-content\">\n<p>   <img decoding=\"async\" alt=\"Estor Opcaco4489\" class=\"centro_sinmarco\" src=\"https:\/\/i.blogs.es\/9b1940\/estor-opcaco4489\/450_1000.webp\"><\/p><\/div>\n<\/div>\n<p>Si lo que queremos es un sistema que nos permita <strong>evitar que el sol entre en casa<\/strong> para rebajar la temperatura y gastar menos aire acondicionado, podemos optar por un complemento como este <strong>estor opaco FYRTUR<\/strong>, un modelo inteligente inal\u00e1mbrico que funciona con pilas y tiene un tama\u00f1o de 100&#215;195 cm.<\/p>\n<p><!-- BREAK 16 --><\/p>\n<p>Los estores inal\u00e1mbricos oscurecen el dormitorio con solo pulsar un bot\u00f3n del mando a distancia, por lo que la luz de la luna no te impedir\u00e1 dormir ni el sol te \u00a0despertar\u00e1 cuando te quieras levantar tarde. Este modelo concreto se conecta tambi\u00e9n al <a href=\"https:\/\/www.xatakahome.com\/domotica\/dirigera-sera-cerebro-ikea-para-domotica-manana-compatible-matter-conocemos-precio-caracteristicas\">hub DIRIGERA<\/a>, para controlarlo junto con otros productos inteligentes desde la aplicaci\u00f3n IKEA Home smart. Su precio es de <a rel=\"noopener, noreferrer\" class=\"js-ecommerce\" href=\"https:\/\/www.xatakahome.com\/redirect?url=https%3A%2F%2Fwww.ikea.com%2Fes%2Fes%2Fp%2Ffyrtur-estor-opaco-inteligente-inalambrico-a-pilas-gris-90408170%2F&amp;category=hogar&amp;ecomPostExpiration=everlasting&amp;postId=112059\" data-vars-affiliate-url=\"https:\/\/www.xatakahome.com\/redirect?url=https%3A%2F%2Fwww.ikea.com%2Fes%2Fes%2Fp%2Ffyrtur-estor-opaco-inteligente-inalambrico-a-pilas-gris-90408170%2F&amp;category=hogar&amp;ecomPostExpiration=everlasting&amp;postId=112059\">149 euros<\/a>.<\/p>\n<p><!-- BREAK 17 --><!-- PIVOT START --><\/p>\n<div class=\"pivot-ecommerce-container m-pivot-ecommerce-redesign article-asset-normal article-asset-center\">\n<div class=\"pivot-ecommerce\">\n<div class=\"pivot-ecommerce-figure\">\n  <a rel=\"nofollow, noopener, noreferrer noopener\" target=\"_blank\" href=\"https:\/\/www.xatakahome.com\/redirect?url=https%3A%2F%2Fwww.ikea.com%2Fes%2Fes%2Fp%2Ffyrtur-estor-opaco-inteligente-inalambrico-a-pilas-gris-90408170%2F&amp;category=hogar&amp;pivot=1&amp;ecomPostExpiration=everlasting&amp;postId=112059\"><br \/>\n   <img loading=\"lazy\" decoding=\"async\" alt=\"FYRTUR Estor opaco, inteligente inal\u00e1mbrico\/a pilas gris\" width=\"716\" height=\"717\" src=\"https:\/\/i.blogs.es\/697623\/blob\/original.webp\" onerror='this.src=\"https:\/\/i.blogs.es\/697623\/blob\/original.jpeg\"'><br \/>\n  <\/a>\n  <\/div>\n<div class=\"pivot-ecommerce-summary\">\n<p class=\"pivot-ecommerce-desc\">FYRTUR Estor opaco, inteligente inal\u00e1mbrico\/a pilas gris<\/p>\n<div class=\"pivot-actions \">\n<div class=\"pivot-actions-row\">\n <a rel=\"nofollow, noopener, noreferrer noopener\" target=\"_blank\" data-asin=\"\" data-store=\"\" href=\"https:\/\/www.xatakahome.com\/redirect?url=https%3A%2F%2Fwww.ikea.com%2Fes%2Fes%2Fp%2Ffyrtur-estor-opaco-inteligente-inalambrico-a-pilas-gris-90408170%2F&amp;category=hogar&amp;pivot=1&amp;ecomPostExpiration=everlasting&amp;postId=112059\" title=\"Precio de venta al p\u00fablico a fecha de publicaci\u00f3n\" class=\"pivot-action-btn pivot-action-primary\">PVP en IKEA \u2014 <strong>149,00<\/strong> \u20ac<\/a>\n <\/div>\n<\/p><\/div>\n<\/p><\/div>\n<\/p><\/div>\n<div class=\"pivot-link-msg\">* Alg\u00fan precio puede haber cambiado desde la \u00faltima revisi\u00f3n<\/div>\n<\/p><\/div>\n<p><!-- PIVOT END --><\/p>\n<p>Im\u00e1genes | IKEA<\/p>\n<p>En Xataka Smart Home | <a href=\"https:\/\/www.xatakahome.com\/hogar\/estas-opciones-lidl-leroy-merlin-para-tener-sombra-terrazas-balcones-patios-jardines\">Estas son las opciones de Lidl y Leroy Merlin para estar fresquitos en terrazas, balcones, patios y jardines<\/a><\/p>\n<p><!-- BREAK 18 --><\/p>\n<p><em>Nota: Algunos de los enlaces de este art\u00edculo son afiliados y pueden reportar un beneficio a Xataka Home<\/em><\/p>\n<p><!-- BREAK 19 --><script>\n (function() {\n  window._JS_MODULES = window._JS_MODULES || {};\n  var headElement = document.getElementsByTagName('head')[0];\n  if (_JS_MODULES.instagram) {\n   var instagramScript = document.createElement('script');\n   instagramScript.src = 'https:\/\/platform.instagram.com\/en_US\/embeds.js';\n   instagramScript.async = true;\n   instagramScript.defer = true;\n   headElement.appendChild(instagramScript);\n  }\n })();\n<\/script><\/p>\n<p> &#8211; <br \/> La noticia<br \/>\n      <a href=\"https:\/\/www.xatakahome.com\/hogar\/mejores-inventos-ikea-para-reducir-calor-tu-casa-terraza-patio-balcon-jardin-este-verano?utm_source=feedburner&amp;utm_medium=feed&amp;utm_campaign=19_Apr_2024\"><br \/>\n       <em> Los mejores inventos de IKEA para reducir el calor de tu casa, terraza, patio, balc\u00f3n y jard\u00edn este verano   <\/em><br \/>\n      <\/a><br \/>\n      fue publicada originalmente en<br \/>\n      <a href=\"https:\/\/www.xatakahome.com\/?utm_source=feedburner&amp;utm_medium=feed&amp;utm_campaign=19_Apr_2024\"><br \/>\n       <strong> Xataka Smart Home <\/strong><br \/>\n      <\/a><br \/>\n            por <a href=\"https:\/\/www.xatakahome.com\/autor\/paco-rodriguez?utm_source=feedburner&amp;utm_medium=feed&amp;utm_campaign=19_Apr_2024\"><br \/>\n       Paco Rodriguez<br \/>\n      <\/a><br \/>\n      . <\/p>\n<\/div>\n","protected":false},"excerpt":{"rendered":"<p>El tiempo primaveral ya est\u00e1 aqu\u00ed, el sol vuelve a predominar en el horizonte y con \u00e9l llega el calor y la necesidad de buscar espacios de sombra en nuestros espacios exteriores. O si no los tenemos de forma natural crearlos nosotros mediante elementos que adem\u00e1s resulten decorativos. En un anterior art\u00edculo vimos algunas de &hellip; <a href=\"https:\/\/domosistemas.com\/?p=23967\" class=\"more-link\">Sigue leyendo <span class=\"screen-reader-text\">Los mejores inventos de IKEA para reducir el calor de tu casa, terraza, patio, balc\u00f3n y jard\u00edn este verano<\/span><\/a><\/p>\n","protected":false},"author":1,"featured_media":0,"comment_status":"closed","ping_status":"closed","sticky":false,"template":"","format":"standard","meta":{"footnotes":""},"categories":[8],"tags":[],"class_list":["post-23967","post","type-post","status-publish","format-standard","hentry","category-xataka"],"_links":{"self":[{"href":"https:\/\/domosistemas.com\/index.php?rest_route=\/wp\/v2\/posts\/23967","targetHints":{"allow":["GET"]}}],"collection":[{"href":"https:\/\/domosistemas.com\/index.php?rest_route=\/wp\/v2\/posts"}],"about":[{"href":"https:\/\/domosistemas.com\/index.php?rest_route=\/wp\/v2\/types\/post"}],"author":[{"embeddable":true,"href":"https:\/\/domosistemas.com\/index.php?rest_route=\/wp\/v2\/users\/1"}],"replies":[{"embeddable":true,"href":"https:\/\/domosistemas.com\/index.php?rest_route=%2Fwp%2Fv2%2Fcomments&post=23967"}],"version-history":[{"count":0,"href":"https:\/\/domosistemas.com\/index.php?rest_route=\/wp\/v2\/posts\/23967\/revisions"}],"wp:attachment":[{"href":"https:\/\/domosistemas.com\/index.php?rest_route=%2Fwp%2Fv2%2Fmedia&parent=23967"}],"wp:term":[{"taxonomy":"category","embeddable":true,"href":"https:\/\/domosistemas.com\/index.php?rest_route=%2Fwp%2Fv2%2Fcategories&post=23967"},{"taxonomy":"post_tag","embeddable":true,"href":"https:\/\/domosistemas.com\/index.php?rest_route=%2Fwp%2Fv2%2Ftags&post=23967"}],"curies":[{"name":"wp","href":"https:\/\/api.w.org\/{rel}","templated":true}]}}