{"id":24048,"date":"2024-04-26T14:35:50","date_gmt":"2024-04-26T14:35:50","guid":{"rendered":"https:\/\/domosistemas.com\/?p=24048"},"modified":"2024-04-26T14:35:50","modified_gmt":"2024-04-26T14:35:50","slug":"esto-es-lo-que-hay-que-hacer-con-los-ascensores-a-partir-del-1-de-julio-para-que-no-se-queden-fuera-de-servicio","status":"publish","type":"post","link":"https:\/\/domosistemas.com\/?p=24048","title":{"rendered":"Esto es lo que hay que hacer con los ascensores a partir del 1 de julio para que no se queden fuera de servicio"},"content":{"rendered":"<div>\n<p>\n      <img decoding=\"async\" src=\"https:\/\/i.blogs.es\/bbcf05\/ascensor\/1024_2000.jpeg\" alt=\"Esto es lo que hay que hacer con los ascensores a partir del 1 de julio para que no se queden fuera de servicio \">\n    <\/p>\n<p>Si en tu edificio dispones de un ascensor, debes saber que pr\u00f3ximamente entrar\u00e1 en vigor <a href=\"https:\/\/www.xatakahome.com\/diseno-y-arquitectura\/tu-casa-hay-ascensor-llega-nueva-normativa-a-partir-verano-estas-novedades\">una nueva normativa que afectar\u00e1 a todo el parque de ascensores<\/a> en Espa\u00f1a. El pasado 2 de abril, el Consejo de Ministros aprob\u00f3 una nueva ley que <a rel=\"noopener, noreferrer\" href=\"https:\/\/www.boe.es\/diario_boe\/txt.php?id=BOE-A-2024-7258\">se public\u00f3 en el Bolet\u00edn Oficial del Estado<\/a> (BOE) el 13 de abril. La nueva normativa <strong>entrar\u00e1 en vigor el pr\u00f3ximo 1 de julio<\/strong> y en este art\u00edculo te contamos todo lo que debes saber sobre \u00e9sta para que no te pille por sorpresa.<\/p>\n<p><!-- BREAK 1 --><\/p>\n<p>Con m\u00e1s de un mill\u00f3n de ascensores en Espa\u00f1a, <strong>unos 400.000 de ellos llevan funcionando durante m\u00e1s de 30 a\u00f1os<\/strong>. Por motivos de seguridad y mantenimiento, se aprob\u00f3 una nueva normativa, la \u2018Instrucci\u00f3n T\u00e9cnica Complementaria ITC AEM 1 de Ascensores\u2019. Esta normativa regula la puesta en marcha del servicio, modificaci\u00f3n, mantenimiento e inspecci\u00f3n de los ascensores, con el objetivo de ofrecer mayor seguridad al parque actual de ascensores en el pa\u00eds.<\/p>\n<p><!-- BREAK 2 --><\/p>\n<h2>Revisi\u00f3n obligatoria y responsabilidad del presidente de la comunidad<\/h2>\n<p>El Gobierno ha reservado unos 708 millones de euros para ejecutar esta nueva normativa, la cual entra en vigor el pr\u00f3ximo 1 de julio y s<strong>e abordar\u00e1 durante los pr\u00f3ximos siete a\u00f1os<\/strong>. La normativa obligar\u00e1 actualizar muchos de los ascensores existentes en Espa\u00f1a, as\u00ed como la realizaci\u00f3n de revisiones frecuentes. Si uno de estos ascensores no cuenta con las revisiones en regla, deber\u00e1 ser paralizado, quedando fuera de servicio hasta que se solucione el problema.<\/p>\n<p><!-- BREAK 3 --><\/p>\n<div class=\"article-asset-image article-asset-normal article-asset-center\">\n<div class=\"asset-content\">\n<div class=\"caption-img \">\n<p>   <img decoding=\"async\" alt=\"ascensor\" class=\"centro_sinmarco\" src=\"https:\/\/i.blogs.es\/b8cf12\/arisa-chattasa-boq3fmpqgzi-unsplash\/450_1000.webp\"><\/p>\n<p>        <span>Imagen: Arisa Chattasa (Unsplash)<\/span>\n   <\/div>\n<\/p><\/div>\n<\/div>\n<p>Para que el ascensor cumpla con todas las normativas establecidas, los propietarios de ascensores que se instalan por primera vez en un edificio <strong>deben de presentar una serie de documentos a la administraci\u00f3n de su Comunidad Aut\u00f3noma<\/strong>. Entre los documentos se encuentra la ficha t\u00e9cnica de la instalaci\u00f3n, la declaraci\u00f3n de conformidad con la normativa de la Uni\u00f3n Europea, el manual de funcionamiento, el contrato de mantenimiento actualizado o el certificado inicial de inspecci\u00f3n.<\/p>\n<p><!-- BREAK 4 --><\/p>\n<p>Si el ascensor ya se encuentra en funcionamiento, tendr\u00e1 que pasar por una revisi\u00f3n para garantizar su correcto funcionamiento y as\u00ed demostrar que mantiene las medidas de seguridad pertinentes. <strong>Muchos de estos ascensores tienen m\u00e1s de 30 a\u00f1os en Espa\u00f1a<\/strong>, por lo que conviene que pasen a revisi\u00f3n para minimizar riesgos.<\/p>\n<p><!-- BREAK 5 --><\/p>\n<div class=\"article-asset article-asset-normal article-asset-center\">\n<div class=\"desvio-container\">\n<div class=\"desvio\">\n<div class=\"desvio-figure js-desvio-figure\">\n    <a href=\"https:\/\/www.xatakahome.com\/hogar\/hacer-obras-para-convertir-local-vivienda-no-sencillo-esta-comunidad-vecinos-se-niega-supremo-le-da-razon\"><br \/>\n     <img loading=\"lazy\" decoding=\"async\" alt=\"Hacer obras para convertir un local en vivienda no es tan sencillo: esta comunidad de vecinos se niega y el Supremo le da la raz\u00f3n \" width=\"375\" height=\"142\" src=\"https:\/\/i.blogs.es\/2525b0\/alina-perekatenkova-fdyuqigke7g-unsplash\/375_142.webp\" onerror='this.src=\"https:\/\/i.blogs.es\/2525b0\/alina-perekatenkova-fdyuqigke7g-unsplash\/375_142.jpeg\"'><br \/>\n    <\/a>\n   <\/div>\n<div class=\"desvio-summary\">\n<div class=\"desvio-taxonomy js-desvio-taxonomy\">\n     <a href=\"https:\/\/www.xatakahome.com\/hogar\/hacer-obras-para-convertir-local-vivienda-no-sencillo-esta-comunidad-vecinos-se-niega-supremo-le-da-razon\" class=\"desvio-taxonomy-anchor\">En Xataka Smart Home<\/a>\n    <\/div>\n<p>    <a href=\"https:\/\/www.xatakahome.com\/hogar\/hacer-obras-para-convertir-local-vivienda-no-sencillo-esta-comunidad-vecinos-se-niega-supremo-le-da-razon\" class=\"desvio-title js-desvio-title\">Hacer obras para convertir un local en vivienda no es tan sencillo: esta comunidad de vecinos se niega y el Supremo le da la raz\u00f3n <\/a>\n   <\/div>\n<\/p><\/div>\n<\/p><\/div>\n<\/div>\n<p>Seg\u00fan se puede leer en la normativa publicada en el BOE, a partir de ahora<strong> ser\u00e1 el presidente de la comunidad de propietarios de un edificio el responsable<\/strong> de que los ascensores se sometan a las revisiones peri\u00f3dicas. Para ello deber\u00e1 de contratar a una empresa dichas revisiones para que se lleven a cabo dentro del plazo estipulado. Hasta ahora, lo m\u00e1s com\u00fan era que en un paquete se incluyera tanto mantenimiento como revisiones, sin embargo, a partir del 1 de julio, si el ascensor no tiene la revisi\u00f3n en regla, la empresa encargada de su mantenimiento deber\u00e1 paralizar su servicio.<\/p>\n<p><!-- BREAK 6 --><\/p>\n<p>Para realizar las inspecciones habr\u00e1 un plazo de dos a\u00f1os para edificios industriales o p\u00fablica concurrencia, y <strong>cada cuatro a\u00f1os para edificios residenciales de m\u00e1s de 20 viviendas o m\u00e1s de cuatro plantas<\/strong>. Para el resto de casos, las revisiones ser\u00e1n cada seis a\u00f1os y en ellas se detallar\u00e1 el estado de los defectos (leve, grave o muy grave) y las consecuencias de los mismos.<\/p>\n<p><!-- BREAK 7 --><\/p>\n<div class=\"article-asset-video article-asset-normal\">\n<div class=\"asset-content\">\n<div class=\"base-asset-video\">\n<div class=\"js-dailymotion\">\n    <script type=\"application\/json\">\n           {\"videoId\":\"x7znesx\",\"autoplay\":true,\"title\":\"Edificio de autoconsumo ASI\u0301 FUNCIONAN - Paneles solares en bloques de pisos\", \"tag\":\"solar\"}\n         <\/script>\n   <\/div>\n<\/p><\/div>\n<\/p><\/div>\n<\/div>\n<p>La normativa incluye adem\u00e1s <strong>una serie de mejoras a implementar en todo el parque de ascensores<\/strong>, como la mejora de la nivelaci\u00f3n, la detecci\u00f3n de puertas con cortinillas para evitar atrapamientos por las puertas de la cabina, o la protecci\u00f3n de personas contra movimientos incontrolados de la cabina mientras se realiza la ascensi\u00f3n o en reposo con las puertas abiertas.<\/p>\n<p><!-- BREAK 8 --><\/p>\n<p>Los ascensores tambi\u00e9n <strong>deber\u00e1n tener comunicaci\u00f3n bidireccional integrada<\/strong> (un tel\u00e9fono para poder contactar con los centros de rescate en caso de emergencia), e implementar la sustituci\u00f3n de gu\u00edas de madera o cil\u00edndricas, la implementaci\u00f3n de dispositivos de control de carga o la modernizaci\u00f3n del contrapeso, para que los pesos no salgan de la gu\u00eda, siempre y cuando no sean ascensores hist\u00f3ricos.<\/p>\n<p><!-- BREAK 9 --><\/p>\n<p>Tambi\u00e9n se a\u00f1adir\u00e1n medidas de seguridad para facilitar la movilidad y la accesibilidad universal; reduciendo los pelda\u00f1os que a veces se producen en las paradas del ascensor en planta. Adem\u00e1s, el ascensor debe de contar con protecciones para evitar el cierre de puertas mientras los usuarios entran o salen.<\/p>\n<p><!-- BREAK 10 --><\/p>\n<p>Imagen de portada | <a rel=\"noopener, noreferrer\" href=\"https:\/\/unsplash.com\/es\/@3dottawa\">Point3D Commercial Imaging Ltd.<\/a><\/p>\n<p><!-- BREAK 11 --><\/p>\n<p>En Xataka Smart Home | <a href=\"https:\/\/www.xatakahome.com\/seguridad-en-el-hogar\/instalar-camara-para-vigilar-casa-tiene-truco-estos-peores-sitios-para-colocar-sistema-vigilancia\">Instalar una c\u00e1mara para vigilar la casa tiene truco. Estos son los peores sitios para colocar un sistema de vigilancia<\/a><\/p>\n<p><!-- BREAK 12 --><script>\n (function() {\n  window._JS_MODULES = window._JS_MODULES || {};\n  var headElement = document.getElementsByTagName('head')[0];\n  if (_JS_MODULES.instagram) {\n   var instagramScript = document.createElement('script');\n   instagramScript.src = 'https:\/\/platform.instagram.com\/en_US\/embeds.js';\n   instagramScript.async = true;\n   instagramScript.defer = true;\n   headElement.appendChild(instagramScript);\n  }\n })();\n<\/script><\/p>\n<p> &#8211; <br \/> La noticia<br \/>\n      <a href=\"https:\/\/www.xatakahome.com\/hogar\/esto-que-hay-que-hacer-ascensores-a-partir-1-julio-no-se-queden-fuera-servicio?utm_source=feedburner&amp;utm_medium=feed&amp;utm_campaign=26_Apr_2024\"><br \/>\n       <em> Esto es lo que hay que hacer con los ascensores a partir del 1 de julio para que no se queden fuera de servicio  <\/em><br \/>\n      <\/a><br \/>\n      fue publicada originalmente en<br \/>\n      <a href=\"https:\/\/www.xatakahome.com\/?utm_source=feedburner&amp;utm_medium=feed&amp;utm_campaign=26_Apr_2024\"><br \/>\n       <strong> Xataka Smart Home <\/strong><br \/>\n      <\/a><br \/>\n            por <a href=\"https:\/\/www.xatakahome.com\/autor\/antonio-vallejo?utm_source=feedburner&amp;utm_medium=feed&amp;utm_campaign=26_Apr_2024\"><br \/>\n       Antonio Vallejo<br \/>\n      <\/a><br \/>\n      . <\/p>\n<\/div>\n","protected":false},"excerpt":{"rendered":"<p>Si en tu edificio dispones de un ascensor, debes saber que pr\u00f3ximamente entrar\u00e1 en vigor una nueva normativa que afectar\u00e1 a todo el parque de ascensores en Espa\u00f1a. El pasado 2 de abril, el Consejo de Ministros aprob\u00f3 una nueva ley que se public\u00f3 en el Bolet\u00edn Oficial del Estado (BOE) el 13 de abril. &hellip; <a href=\"https:\/\/domosistemas.com\/?p=24048\" class=\"more-link\">Sigue leyendo <span class=\"screen-reader-text\">Esto es lo que hay que hacer con los ascensores a partir del 1 de julio para que no se queden fuera de servicio<\/span><\/a><\/p>\n","protected":false},"author":1,"featured_media":0,"comment_status":"closed","ping_status":"closed","sticky":false,"template":"","format":"standard","meta":{"footnotes":""},"categories":[8],"tags":[],"class_list":["post-24048","post","type-post","status-publish","format-standard","hentry","category-xataka"],"_links":{"self":[{"href":"https:\/\/domosistemas.com\/index.php?rest_route=\/wp\/v2\/posts\/24048","targetHints":{"allow":["GET"]}}],"collection":[{"href":"https:\/\/domosistemas.com\/index.php?rest_route=\/wp\/v2\/posts"}],"about":[{"href":"https:\/\/domosistemas.com\/index.php?rest_route=\/wp\/v2\/types\/post"}],"author":[{"embeddable":true,"href":"https:\/\/domosistemas.com\/index.php?rest_route=\/wp\/v2\/users\/1"}],"replies":[{"embeddable":true,"href":"https:\/\/domosistemas.com\/index.php?rest_route=%2Fwp%2Fv2%2Fcomments&post=24048"}],"version-history":[{"count":0,"href":"https:\/\/domosistemas.com\/index.php?rest_route=\/wp\/v2\/posts\/24048\/revisions"}],"wp:attachment":[{"href":"https:\/\/domosistemas.com\/index.php?rest_route=%2Fwp%2Fv2%2Fmedia&parent=24048"}],"wp:term":[{"taxonomy":"category","embeddable":true,"href":"https:\/\/domosistemas.com\/index.php?rest_route=%2Fwp%2Fv2%2Fcategories&post=24048"},{"taxonomy":"post_tag","embeddable":true,"href":"https:\/\/domosistemas.com\/index.php?rest_route=%2Fwp%2Fv2%2Ftags&post=24048"}],"curies":[{"name":"wp","href":"https:\/\/api.w.org\/{rel}","templated":true}]}}