{"id":24052,"date":"2024-04-27T15:01:32","date_gmt":"2024-04-27T15:01:32","guid":{"rendered":"https:\/\/domosistemas.com\/?p=24052"},"modified":"2024-04-27T15:01:32","modified_gmt":"2024-04-27T15:01:32","slug":"nueve-muebles-de-ikea-lidl-y-leroy-merlin-que-mejoran-el-orden-y-la-estetica-de-tu-bano-por-poco-dinero","status":"publish","type":"post","link":"https:\/\/domosistemas.com\/?p=24052","title":{"rendered":"Nueve muebles de IKEA, Lidl y Leroy Merlin que mejoran el orden y la est\u00e9tica de tu ba\u00f1o por poco dinero"},"content":{"rendered":"<div>\n<p>\n      <img decoding=\"async\" src=\"https:\/\/i.blogs.es\/fcadd0\/lotus-design-n-print-g51f6-wyzyu-unsplash\/1024_2000.jpeg\" alt=\"Nueve muebles de IKEA, Lidl y Leroy Merlin que mejoran el orden y la est\u00e9tica de tu ba\u00f1o por poco dinero \">\n    <\/p>\n<p>El bid\u00e9 o los bordes de la ba\u00f1era suelen servir en muchos hogares para dejar cremas, geles y otros utensilios que usamos en el ba\u00f1o, primero como apa\u00f1o provisional pero normalmente como sitio definitivo, ocupando el espacio disponible y dejando una sensaci\u00f3n de desorden y abarrotamiento.<\/p>\n<p><!-- BREAK 1 --><\/p>\n<p>Adem\u00e1s, es que normalmente en los ba\u00f1os siempre hay esquinas y huecos desaprovechados a los que no les sacamos partido. No hay problema: con <strong>un presupuesto m\u00ednimo podemos encontrar muebles y otros elementos para organizar el ba\u00f1o<\/strong> y aprovechar los huecos libres, de modo que caben muchas m\u00e1s cosas en el mismo espacio y todo queda m\u00e1s recogido.<\/p>\n<p><!-- BREAK 2 --><\/p>\n<div class=\"article-asset-image article-asset-normal article-asset-center\">\n<div class=\"asset-content\">\n<div class=\"caption-img \">\n                    <a rel=\"noopener, noreferrer\" class=\"js-ecommerce\" href=\"https:\/\/www.xatakahome.com\/redirect?url=https%3A%2F%2Fwww.ikea.com%2Fes%2Fes%2Fp%2Ftisken-cesto-con-ventosa-blanco-40381253%2F&amp;category=hogar&amp;ecomPostExpiration=perish&amp;postId=112192\" data-vars-affiliate-url=\"https:\/\/www.xatakahome.com\/redirect?url=https%3A%2F%2Fwww.ikea.com%2Fes%2Fes%2Fp%2Ftisken-cesto-con-ventosa-blanco-40381253%2F&amp;category=hogar&amp;ecomPostExpiration=perish&amp;postId=112192\"><\/p>\n<p>    <img decoding=\"async\" alt=\"Captura De Pantalla 2024 04 26 A Las 11 09 34\" class=\"centro_sinmarco\" src=\"https:\/\/i.blogs.es\/96c2ff\/captura-de-pantalla-2024-04-26-a-las-11.09.34\/450_1000.webp\"><br \/>\n     <\/a><\/p>\n<p>        <span>TISKEN IKEA<\/span>\n   <\/div>\n<\/p><\/div>\n<\/div>\n<p>Lo m\u00ednimo para dejar libres los alrededores y las esquinas de la ba\u00f1era o el plato de ducha es colocar <strong>un peque\u00f1o cesto<\/strong> como este TIKSEN de Ikea, que no necesita ninguna herramienta o agujeros, ya que se adhiere con ventosas. Por <a rel=\"noopener, noreferrer\" class=\"js-ecommerce\" href=\"https:\/\/www.xatakahome.com\/redirect?url=https%3A%2F%2Fwww.ikea.com%2Fes%2Fes%2Fp%2Ftisken-cesto-con-ventosa-blanco-40381253%2F&amp;category=hogar&amp;ecomPostExpiration=perish&amp;postId=112192\" data-vars-affiliate-url=\"https:\/\/www.xatakahome.com\/redirect?url=https%3A%2F%2Fwww.ikea.com%2Fes%2Fes%2Fp%2Ftisken-cesto-con-ventosa-blanco-40381253%2F&amp;category=hogar&amp;ecomPostExpiration=perish&amp;postId=112192\">5,99 euros<\/a> tienes espacio suficiente como para colocar geles, cuchillas, esponjas y otros \u00fatiles de ba\u00f1o.<\/p>\n<p><!-- BREAK 3 --><!-- PIVOT START --><\/p>\n<div class=\"pivot-ecommerce-container m-pivot-ecommerce-redesign article-asset-normal article-asset-center\">\n<div class=\"pivot-ecommerce\">\n<div class=\"pivot-ecommerce-figure\">\n  <a rel=\"nofollow, noopener, noreferrer noopener\" target=\"_blank\" href=\"https:\/\/www.xatakahome.com\/redirect?url=https%3A%2F%2Fwww.ikea.com%2Fes%2Fes%2Fp%2Ftisken-cesto-con-ventosa-blanco-40381253%2F&amp;category=hogar&amp;pivot=1&amp;ecomPostExpiration=perish&amp;postId=112192\"><br \/>\n   <img loading=\"lazy\" decoding=\"async\" alt=\"TISKEN\nCesto con ventosa, blanco\" width=\"661\" height=\"661\" src=\"https:\/\/i.blogs.es\/d0055e\/blob\/original.webp\" onerror='this.src=\"https:\/\/i.blogs.es\/d0055e\/blob\/original.jpeg\"'><br \/>\n  <\/a>\n  <\/div>\n<div class=\"pivot-ecommerce-summary\">\n<p class=\"pivot-ecommerce-desc\">TISKEN<br \/>\nCesto con ventosa, blanco<\/p>\n<div class=\"pivot-actions \">\n<div class=\"pivot-actions-row\">\n <a rel=\"nofollow, noopener, noreferrer noopener\" target=\"_blank\" data-asin=\"\" data-store=\"\" href=\"https:\/\/www.xatakahome.com\/redirect?url=https%3A%2F%2Fwww.ikea.com%2Fes%2Fes%2Fp%2Ftisken-cesto-con-ventosa-blanco-40381253%2F&amp;category=hogar&amp;pivot=1&amp;ecomPostExpiration=perish&amp;postId=112192\" title=\"Precio de venta al p\u00fablico a fecha de publicaci\u00f3n\" class=\"pivot-action-btn pivot-action-primary\">PVP en PVP en IKEA \u2014 <strong>5,99<\/strong> \u20ac<\/a>\n <\/div>\n<\/p><\/div>\n<\/p><\/div>\n<\/p><\/div>\n<div class=\"pivot-link-msg\">* Alg\u00fan precio puede haber cambiado desde la \u00faltima revisi\u00f3n<\/div>\n<\/p><\/div>\n<p><!-- PIVOT END --><\/p>\n<div class=\"article-asset-image article-asset-normal article-asset-center\">\n<div class=\"asset-content\">\n<div class=\"caption-img \">\n                    <a rel=\"noopener, noreferrer\" class=\"js-ecommerce\" href=\"https:\/\/www.xatakahome.com\/redirect?url=https%3A%2F%2Fwww.amazon.es%2Fdp%2FB09FY92RZP%2Fref%3Dsbl_dpx_es-bath-shower-caddies_B07W8R622F_0&amp;category=hogar&amp;ecomPostExpiration=perish&amp;postId=112192\" data-vars-affiliate-url=\"https:\/\/www.xatakahome.com\/redirect?url=https%3A%2F%2Fwww.amazon.es%2Fdp%2FB09FY92RZP%2Fref%3Dsbl_dpx_es-bath-shower-caddies_B07W8R622F_0&amp;category=hogar&amp;ecomPostExpiration=perish&amp;postId=112192\"><\/p>\n<p>    <img decoding=\"async\" alt=\"Captura De Pantalla 2024 04 26 A Las 11 14 00\" class=\"centro_sinmarco\" src=\"https:\/\/i.blogs.es\/df6202\/captura-de-pantalla-2024-04-26-a-las-11.14.00\/450_1000.webp\"><br \/>\n     <\/a><\/p>\n<p>        <span>MSV | Amazon<\/span>\n   <\/div>\n<\/p><\/div>\n<\/div>\n<p>Aprovecha la mampara para <strong>colgar esta estanter\u00eda cromada<\/strong> sin tener que hacer agujeros de ning\u00fan tipo ni correr el riesgo de que la ventosa se despegue. Lo bueno es que cuenta con dos compartimentos, por lo que tiene bastante espacio para dejar los enseres de ducha. Por <a rel=\"noopener, noreferrer\" class=\"js-ecommerce\" href=\"https:\/\/www.xatakahome.com\/redirect?url=https%3A%2F%2Fwww.amazon.es%2Fdp%2FB09FY92RZP%2Fref%3Dsbl_dpx_es-bath-shower-caddies_B07W8R622F_0&amp;category=hogar&amp;ecomPostExpiration=perish&amp;postId=112192\" data-vars-affiliate-url=\"https:\/\/www.xatakahome.com\/redirect?url=https%3A%2F%2Fwww.amazon.es%2Fdp%2FB09FY92RZP%2Fref%3Dsbl_dpx_es-bath-shower-caddies_B07W8R622F_0&amp;category=hogar&amp;ecomPostExpiration=perish&amp;postId=112192\">22,95 euros<\/a><\/p>\n<p><!-- BREAK 4 --><!-- PIVOT START --><\/p>\n<div class=\"pivot-ecommerce-container m-pivot-ecommerce-redesign article-asset-normal article-asset-center\">\n<div class=\"pivot-ecommerce\">\n<div class=\"pivot-ecommerce-figure\">\n  <a rel=\"nofollow, noopener, noreferrer noopener\" target=\"_blank\" href=\"https:\/\/www.xatakahome.com\/redirect?url=https%3A%2F%2Fwww.amazon.es%2Fdp%2FB09FY92RZP%3Ftag%3Dxatakahome-21%26linkCode%3Dogi%26th%3D1%26psc%3D1&amp;category=hogar&amp;pivot=1&amp;ecomPostExpiration=perish&amp;postId=112192\"><br \/>\n   <img loading=\"lazy\" decoding=\"async\" alt=\"MSV Estanter\u00eda de ducha para colgar, cromada, dimensiones: 60 x 19 x 23 cm, estante de ducha para colgar en cabinas de ducha, f\u00e1cil fijaci\u00f3n sin taladrar en la pared de cristal.\" width=\"500\" height=\"500\" src=\"https:\/\/i.blogs.es\/7b6bdf\/314o8gir5rl._sl500_\/original.webp\" onerror='this.src=\"https:\/\/i.blogs.es\/7b6bdf\/314o8gir5rl._sl500_\/original.jpeg\"'><br \/>\n  <\/a>\n  <\/div>\n<div class=\"pivot-ecommerce-summary\">\n<p class=\"pivot-ecommerce-desc\">MSV Estanter\u00eda de ducha para colgar, cromada, dimensiones: 60 x 19 x 23 cm, estante de ducha para colgar en cabinas de ducha, f\u00e1cil fijaci\u00f3n sin taladrar en la pared de cristal.<\/p>\n<div class=\"pivot-actions \">\n<div class=\"pivot-actions-row\">\n <a rel=\"nofollow, noopener, noreferrer noopener\" target=\"_blank\" data-asin=\"B09FY92RZP\" data-store=\"Amazon\" href=\"https:\/\/www.xatakahome.com\/redirect?url=https%3A%2F%2Fwww.amazon.es%2Fdp%2FB09FY92RZP%3Ftag%3Dxatakahome-21%26linkCode%3Dogi%26th%3D1%26psc%3D1&amp;category=hogar&amp;pivot=1&amp;ecomPostExpiration=perish&amp;postId=112192\" title=\"Precio actualizado hoy\" class=\"pivot-action-btn pivot-action-primary\">Hoy en Amazon \u2014 <strong>22,95<\/strong> \u20ac<\/a>\n <\/div>\n<\/p><\/div>\n<\/p><\/div>\n<\/p><\/div>\n<div class=\"pivot-link-msg\">* Alg\u00fan precio puede haber cambiado desde la \u00faltima revisi\u00f3n<\/div>\n<\/p><\/div>\n<p><!-- PIVOT END --><\/p>\n<div class=\"article-asset-image article-asset-normal article-asset-center\">\n<div class=\"asset-content\">\n<div class=\"caption-img \">\n                    <a rel=\"noopener, noreferrer\" class=\"js-ecommerce\" href=\"https:\/\/www.xatakahome.com\/redirect?url=https%3A%2F%2Fwww.lidl.es%2Fes%2Festanteria-de-bano-telescopica%2Fp57216&amp;category=hogar&amp;ecomPostExpiration=perish&amp;postId=112192\" data-vars-affiliate-url=\"https:\/\/www.xatakahome.com\/redirect?url=https%3A%2F%2Fwww.lidl.es%2Fes%2Festanteria-de-bano-telescopica%2Fp57216&amp;category=hogar&amp;ecomPostExpiration=perish&amp;postId=112192\"><\/p>\n<p>    <img decoding=\"async\" alt=\"Captura De Pantalla 2024 04 26 A Las 11 16 54\" class=\"centro_sinmarco\" src=\"https:\/\/i.blogs.es\/592fc5\/captura-de-pantalla-2024-04-26-a-las-11.16.54\/450_1000.webp\"><br \/>\n     <\/a><\/p>\n<p>        <span>Estanter\u00eda de ba\u00f1o telesc\u00f3pica |\u00a0Lidl<\/span>\n   <\/div>\n<\/p><\/div>\n<\/div>\n<p>En Lidl encontramos esta <strong>estanter\u00eda de ba\u00f1o telesc\u00f3pica<\/strong> ideal para aprovechar una de las esquinas de la ducha o ba\u00f1era con un sistema de instalaci\u00f3n f\u00e1cil, altura regulable y protecci\u00f3n especial contra la corrosi\u00f3n gracias al cromado, por lo que no se estropear\u00e1 con la humedad. Por <a rel=\"noopener, noreferrer\" class=\"js-ecommerce\" href=\"https:\/\/www.xatakahome.com\/redirect?url=https%3A%2F%2Fwww.lidl.es%2Fes%2Festanteria-de-bano-telescopica%2Fp57216&amp;category=hogar&amp;ecomPostExpiration=perish&amp;postId=112192\" data-vars-affiliate-url=\"https:\/\/www.xatakahome.com\/redirect?url=https%3A%2F%2Fwww.lidl.es%2Fes%2Festanteria-de-bano-telescopica%2Fp57216&amp;category=hogar&amp;ecomPostExpiration=perish&amp;postId=112192\">24,99 euros<\/a><\/p>\n<p><!-- BREAK 5 --><!-- PIVOT START --><\/p>\n<div class=\"pivot-ecommerce-container m-pivot-ecommerce-redesign article-asset-normal article-asset-center\">\n<div class=\"pivot-ecommerce\">\n<div class=\"pivot-ecommerce-figure\">\n  <a rel=\"nofollow, noopener, noreferrer noopener\" target=\"_blank\" href=\"https:\/\/www.xatakahome.com\/redirect?url=https%3A%2F%2Fwww.lidl.es%2Fes%2Festanteria-de-bano-telescopica%2Fp57216&amp;category=hogar&amp;pivot=1&amp;ecomPostExpiration=perish&amp;postId=112192\"><br \/>\n   <img loading=\"lazy\" decoding=\"async\" alt=\"Estanter\u00eda de ba\u00f1o telesc\u00f3pica\n\" width=\"342\" height=\"342\" src=\"https:\/\/i.blogs.es\/86169e\/blob\/original.webp\" onerror='this.src=\"https:\/\/i.blogs.es\/86169e\/blob\/original.jpeg\"'><br \/>\n  <\/a>\n  <\/div>\n<div class=\"pivot-ecommerce-summary\">\n<p class=\"pivot-ecommerce-desc\">Estanter\u00eda de ba\u00f1o telesc\u00f3pica\n<\/p>\n<div class=\"pivot-actions \">\n<div class=\"pivot-actions-row\">\n <a rel=\"nofollow, noopener, noreferrer noopener\" target=\"_blank\" data-asin=\"\" data-store=\"\" href=\"https:\/\/www.xatakahome.com\/redirect?url=https%3A%2F%2Fwww.lidl.es%2Fes%2Festanteria-de-bano-telescopica%2Fp57216&amp;category=hogar&amp;pivot=1&amp;ecomPostExpiration=perish&amp;postId=112192\" title=\"Precio de venta al p\u00fablico a fecha de publicaci\u00f3n\" class=\"pivot-action-btn pivot-action-primary\">PVP en PVP en Lidl \u2014 <strong>24,99<\/strong> \u20ac<\/a>\n <\/div>\n<\/p><\/div>\n<\/p><\/div>\n<\/p><\/div>\n<div class=\"pivot-link-msg\">* Alg\u00fan precio puede haber cambiado desde la \u00faltima revisi\u00f3n<\/div>\n<\/p><\/div>\n<p><!-- PIVOT END --><\/p>\n<div class=\"article-asset-image article-asset-small article-asset-center\">\n<div class=\"asset-content\">\n                    <a rel=\"noopener, noreferrer\" class=\"js-ecommerce\" href=\"https:\/\/www.xatakahome.com\/redirect?url=https%3A%2F%2Fwww.ikea.com%2Fes%2Fes%2Fp%2Fvesken-estanteria-blanco-40307866%2F&amp;category=hogar&amp;ecomPostExpiration=perish&amp;postId=112192\" data-vars-affiliate-url=\"https:\/\/www.xatakahome.com\/redirect?url=https%3A%2F%2Fwww.ikea.com%2Fes%2Fes%2Fp%2Fvesken-estanteria-blanco-40307866%2F&amp;category=hogar&amp;ecomPostExpiration=perish&amp;postId=112192\"><\/p>\n<p>    <img decoding=\"async\" alt=\"Captura De Pantalla 2024 04 26 A Las 11 19 53\" class=\"centro_sinmarco\" src=\"https:\/\/i.blogs.es\/0dcdf3\/captura-de-pantalla-2024-04-26-a-las-11.19.53\/450_1000.webp\"><br \/>\n     <\/a><\/p><\/div>\n<\/div>\n<p>Si buscas una <strong>estanter\u00eda peque\u00f1a, con mucho espacio y tu presupuesto es ajustado<\/strong>, Ikea tiene la soluci\u00f3n con esta barat\u00edsima VESKEN. Por <a rel=\"noopener, noreferrer\" class=\"js-ecommerce\" href=\"https:\/\/www.xatakahome.com\/redirect?url=https%3A%2F%2Fwww.ikea.com%2Fes%2Fes%2Fp%2Fvesken-estanteria-blanco-40307866%2F&amp;category=hogar&amp;ecomPostExpiration=perish&amp;postId=112192\" data-vars-affiliate-url=\"https:\/\/www.xatakahome.com\/redirect?url=https%3A%2F%2Fwww.ikea.com%2Fes%2Fes%2Fp%2Fvesken-estanteria-blanco-40307866%2F&amp;category=hogar&amp;ecomPostExpiration=perish&amp;postId=112192\">8,99 euros<\/a> est\u00e1 disponible en blanco y negro, est\u00e1 hecha de pl\u00e1stico y tiene hasta agujeros por si la pones cerca del agua, para que no esta no se acumule. Dimensiones: 23,3 x 36,7 x 100,6 cm.<\/p>\n<p><!-- BREAK 6 --><!-- PIVOT START --><\/p>\n<div class=\"pivot-ecommerce-container m-pivot-ecommerce-redesign article-asset-normal article-asset-center\">\n<div class=\"pivot-ecommerce\">\n<div class=\"pivot-ecommerce-figure\">\n  <a rel=\"nofollow, noopener, noreferrer noopener\" target=\"_blank\" href=\"https:\/\/www.xatakahome.com\/redirect?url=https%3A%2F%2Fwww.ikea.com%2Fes%2Fes%2Fp%2Fvesken-estanteria-blanco-40307866%2F&amp;category=hogar&amp;pivot=1&amp;ecomPostExpiration=perish&amp;postId=112192\"><br \/>\n   <img loading=\"lazy\" decoding=\"async\" alt=\"VESKEN Estanter\u00eda\" width=\"578\" height=\"577\" src=\"https:\/\/i.blogs.es\/49e848\/blob\/original.webp\" onerror='this.src=\"https:\/\/i.blogs.es\/49e848\/blob\/original.jpeg\"'><br \/>\n  <\/a>\n  <\/div>\n<div class=\"pivot-ecommerce-summary\">\n<p class=\"pivot-ecommerce-desc\">VESKEN Estanter\u00eda<\/p>\n<div class=\"pivot-actions \">\n<div class=\"pivot-actions-row\">\n <a rel=\"nofollow, noopener, noreferrer noopener\" target=\"_blank\" data-asin=\"\" data-store=\"\" href=\"https:\/\/www.xatakahome.com\/redirect?url=https%3A%2F%2Fwww.ikea.com%2Fes%2Fes%2Fp%2Fvesken-estanteria-blanco-40307866%2F&amp;category=hogar&amp;pivot=1&amp;ecomPostExpiration=perish&amp;postId=112192\" title=\"Precio de venta al p\u00fablico a fecha de publicaci\u00f3n\" class=\"pivot-action-btn pivot-action-primary\">PVP en PVP en IKEA \u2014 <strong>8,99<\/strong> \u20ac<\/a>\n <\/div>\n<\/p><\/div>\n<\/p><\/div>\n<\/p><\/div>\n<div class=\"pivot-link-msg\">* Alg\u00fan precio puede haber cambiado desde la \u00faltima revisi\u00f3n<\/div>\n<\/p><\/div>\n<p><!-- PIVOT END --><\/p>\n<div class=\"article-asset-image article-asset-small article-asset-center\">\n<div class=\"asset-content\">\n                    <a rel=\"noopener, noreferrer\" class=\"js-ecommerce\" href=\"https:\/\/www.xatakahome.com\/redirect?url=https%3A%2F%2Fwww.ikea.com%2Fes%2Fes%2Fp%2Fvesken-estanteria-esquina-pared-blanco-70471092%2F&amp;category=hogar&amp;ecomPostExpiration=perish&amp;postId=112192\" data-vars-affiliate-url=\"https:\/\/www.xatakahome.com\/redirect?url=https%3A%2F%2Fwww.ikea.com%2Fes%2Fes%2Fp%2Fvesken-estanteria-esquina-pared-blanco-70471092%2F&amp;category=hogar&amp;ecomPostExpiration=perish&amp;postId=112192\"><\/p>\n<p>    <img decoding=\"async\" alt=\"Captura De Pantalla 2024 04 26 A Las 11 30 06\" class=\"centro_sinmarco\" src=\"https:\/\/i.blogs.es\/ba8025\/captura-de-pantalla-2024-04-26-a-las-11.30.06\/450_1000.webp\"><br \/>\n     <\/a><\/p><\/div>\n<\/div>\n<p><strong>Si no necesitas tanto espacio o incluso quieres gastar menos dinero<\/strong>, en Ikea hay una versi\u00f3n esquinera de la VERSKEN, tambi\u00e9n de pl\u00e1stico y con agujeros. En este caso con tres baldas. Por <a rel=\"noopener, noreferrer\" class=\"js-ecommerce\" href=\"https:\/\/www.xatakahome.com\/redirect?url=https%3A%2F%2Fwww.ikea.com%2Fes%2Fes%2Fp%2Fvesken-estanteria-esquina-pared-blanco-70471092%2F&amp;category=hogar&amp;ecomPostExpiration=perish&amp;postId=112192\" data-vars-affiliate-url=\"https:\/\/www.xatakahome.com\/redirect?url=https%3A%2F%2Fwww.ikea.com%2Fes%2Fes%2Fp%2Fvesken-estanteria-esquina-pared-blanco-70471092%2F&amp;category=hogar&amp;ecomPostExpiration=perish&amp;postId=112192\">4,99 euros<\/a><\/p>\n<p><!-- BREAK 7 --><!-- PIVOT START --><\/p>\n<div class=\"pivot-ecommerce-container m-pivot-ecommerce-redesign article-asset-normal article-asset-center\">\n<div class=\"pivot-ecommerce\">\n<div class=\"pivot-ecommerce-figure\">\n  <a rel=\"nofollow, noopener, noreferrer noopener\" target=\"_blank\" href=\"https:\/\/www.xatakahome.com\/redirect?url=https%3A%2F%2Fwww.ikea.com%2Fes%2Fes%2Fp%2Fvesken-estanteria-esquina-pared-blanco-70471092%2F&amp;category=hogar&amp;pivot=1&amp;ecomPostExpiration=perish&amp;postId=112192\"><br \/>\n   <img loading=\"lazy\" decoding=\"async\" alt=\"VESKEN\nEstanter\u00eda de esquina, pared, blanco, 33x33x71 cm\" width=\"751\" height=\"750\" src=\"https:\/\/i.blogs.es\/6ab462\/blob\/original.webp\" onerror='this.src=\"https:\/\/i.blogs.es\/6ab462\/blob\/original.jpeg\"'><br \/>\n  <\/a>\n  <\/div>\n<div class=\"pivot-ecommerce-summary\">\n<p class=\"pivot-ecommerce-desc\">VESKEN<br \/>\nEstanter\u00eda de esquina, pared, blanco, 33x33x71 cm<\/p>\n<div class=\"pivot-actions \">\n<div class=\"pivot-actions-row\">\n <a rel=\"nofollow, noopener, noreferrer noopener\" target=\"_blank\" data-asin=\"\" data-store=\"\" href=\"https:\/\/www.xatakahome.com\/redirect?url=https%3A%2F%2Fwww.ikea.com%2Fes%2Fes%2Fp%2Fvesken-estanteria-esquina-pared-blanco-70471092%2F&amp;category=hogar&amp;pivot=1&amp;ecomPostExpiration=perish&amp;postId=112192\" title=\"Precio de venta al p\u00fablico a fecha de publicaci\u00f3n\" class=\"pivot-action-btn pivot-action-primary\">PVP en PVP en IKEA \u2014 <strong>4,99<\/strong> \u20ac<\/a>\n <\/div>\n<\/p><\/div>\n<\/p><\/div>\n<\/p><\/div>\n<div class=\"pivot-link-msg\">* Alg\u00fan precio puede haber cambiado desde la \u00faltima revisi\u00f3n<\/div>\n<\/p><\/div>\n<p><!-- PIVOT END --><\/p>\n<div class=\"article-asset-image article-asset-normal article-asset-center\">\n<div class=\"asset-content\">\n<div class=\"caption-img \">\n                    <a rel=\"noopener, noreferrer\" class=\"js-ecommerce\" href=\"https:\/\/www.xatakahome.com\/redirect?url=https%3A%2F%2Fwww.leroymerlin.es%2Fproductos%2Fbanos%2Faccesorios-y-complementos-para-el-bano%2Faccesorios-para-muebles-de-bano%2Fcarritos-y-cajoneras-de-bano%2Fcarrito-de-bano-con-ruedas-blanco-12x72x55-cm-84496688.html&amp;category=hogar&amp;ecomPostExpiration=perish&amp;postId=112192\" data-vars-affiliate-url=\"https:\/\/www.xatakahome.com\/redirect?url=https%3A%2F%2Fwww.leroymerlin.es%2Fproductos%2Fbanos%2Faccesorios-y-complementos-para-el-bano%2Faccesorios-para-muebles-de-bano%2Fcarritos-y-cajoneras-de-bano%2Fcarrito-de-bano-con-ruedas-blanco-12x72x55-cm-84496688.html&amp;category=hogar&amp;ecomPostExpiration=perish&amp;postId=112192\"><\/p>\n<p>    <img decoding=\"async\" alt=\"Captura De Pantalla 2024 04 26 A Las 11 43 00\" class=\"centro_sinmarco\" src=\"https:\/\/i.blogs.es\/059988\/captura-de-pantalla-2024-04-26-a-las-11.43.00\/450_1000.webp\"><br \/>\n     <\/a><\/p>\n<p>        <span>Leroy Merlin<\/span>\n   <\/div>\n<\/p><\/div>\n<\/div>\n<p>Otra opci\u00f3n si tienes poco espacio, vas a guardar cosas peque\u00f1as y adem\u00e1s quieres mover el mueble de un lado para otro es este <strong>carrito de ba\u00f1o con ruedas<\/strong> de Leroy Merlin. Hecho de pl\u00e1stico, con tres baldas y unas reducidas dimensiones de 12 x 72 x 55 cm. Por <a rel=\"noopener, noreferrer\" class=\"js-ecommerce\" href=\"https:\/\/www.xatakahome.com\/redirect?url=https%3A%2F%2Fwww.leroymerlin.es%2Fproductos%2Fbanos%2Faccesorios-y-complementos-para-el-bano%2Faccesorios-para-muebles-de-bano%2Fcarritos-y-cajoneras-de-bano%2Fcarrito-de-bano-con-ruedas-blanco-12x72x55-cm-84496688.html&amp;category=hogar&amp;ecomPostExpiration=perish&amp;postId=112192\" data-vars-affiliate-url=\"https:\/\/www.xatakahome.com\/redirect?url=https%3A%2F%2Fwww.leroymerlin.es%2Fproductos%2Fbanos%2Faccesorios-y-complementos-para-el-bano%2Faccesorios-para-muebles-de-bano%2Fcarritos-y-cajoneras-de-bano%2Fcarrito-de-bano-con-ruedas-blanco-12x72x55-cm-84496688.html&amp;category=hogar&amp;ecomPostExpiration=perish&amp;postId=112192\">13,99 euros<\/a><\/p>\n<p><!-- BREAK 8 --><!-- PIVOT START --><\/p>\n<div class=\"pivot-ecommerce-container m-pivot-ecommerce-redesign article-asset-normal article-asset-center\">\n<div class=\"pivot-ecommerce\">\n<div class=\"pivot-ecommerce-figure\">\n  <a rel=\"nofollow, noopener, noreferrer noopener\" target=\"_blank\" href=\"https:\/\/www.xatakahome.com\/redirect?url=https%3A%2F%2Fwww.leroymerlin.es%2Fproductos%2Fbanos%2Faccesorios-y-complementos-para-el-bano%2Faccesorios-para-muebles-de-bano%2Fcarritos-y-cajoneras-de-bano%2Fcarrito-de-bano-con-ruedas-blanco-12x72x55-cm-84496688.html&amp;category=hogar&amp;pivot=1&amp;ecomPostExpiration=perish&amp;postId=112192\"><br \/>\n   <img loading=\"lazy\" decoding=\"async\" alt=\"Carrito de ba\u00f1o con ruedas blanco 12x72x55 cm\" width=\"599\" height=\"599\" src=\"https:\/\/i.blogs.es\/86f00e\/blob\/original.webp\" onerror='this.src=\"https:\/\/i.blogs.es\/86f00e\/blob\/original.jpeg\"'><br \/>\n  <\/a>\n  <\/div>\n<div class=\"pivot-ecommerce-summary\">\n<p class=\"pivot-ecommerce-desc\">Carrito de ba\u00f1o con ruedas blanco 12x72x55 cm<\/p>\n<div class=\"pivot-actions \">\n<div class=\"pivot-actions-row\">\n <a rel=\"nofollow, noopener, noreferrer noopener\" target=\"_blank\" data-asin=\"\" data-store=\"\" href=\"https:\/\/www.xatakahome.com\/redirect?url=https%3A%2F%2Fwww.leroymerlin.es%2Fproductos%2Fbanos%2Faccesorios-y-complementos-para-el-bano%2Faccesorios-para-muebles-de-bano%2Fcarritos-y-cajoneras-de-bano%2Fcarrito-de-bano-con-ruedas-blanco-12x72x55-cm-84496688.html&amp;category=hogar&amp;pivot=1&amp;ecomPostExpiration=perish&amp;postId=112192\" title=\"Precio de venta al p\u00fablico a fecha de publicaci\u00f3n\" class=\"pivot-action-btn pivot-action-primary\">PVP en Leroy Merlin \u2014 <strong>13,99<\/strong> \u20ac<\/a>\n <\/div>\n<\/p><\/div>\n<\/p><\/div>\n<\/p><\/div>\n<div class=\"pivot-link-msg\">* Alg\u00fan precio puede haber cambiado desde la \u00faltima revisi\u00f3n<\/div>\n<\/p><\/div>\n<p><!-- PIVOT END --><\/p>\n<div class=\"article-asset-image article-asset-normal article-asset-center\">\n<div class=\"asset-content\">\n<div class=\"caption-img \">\n                    <a rel=\"noopener, noreferrer\" class=\"js-ecommerce\" href=\"https:\/\/www.xatakahome.com\/redirect?url=https%3A%2F%2Fwww.leroymerlin.es%2Fproductos%2Fbanos%2Faccesorios-y-complementos-para-el-bano%2Faccesorios-para-muebles-de-bano%2Fcarritos-y-cajoneras-de-bano%2Fcarrito-de-bano-urban-slim-gris-plata-16-5x84x40-8-cm-81976609.html&amp;category=hogar&amp;ecomPostExpiration=perish&amp;postId=112192\" data-vars-affiliate-url=\"https:\/\/www.xatakahome.com\/redirect?url=https%3A%2F%2Fwww.leroymerlin.es%2Fproductos%2Fbanos%2Faccesorios-y-complementos-para-el-bano%2Faccesorios-para-muebles-de-bano%2Fcarritos-y-cajoneras-de-bano%2Fcarrito-de-bano-urban-slim-gris-plata-16-5x84x40-8-cm-81976609.html&amp;category=hogar&amp;ecomPostExpiration=perish&amp;postId=112192\"><\/p>\n<p>    <img decoding=\"async\" alt=\"Captura De Pantalla 2024 04 26 A Las 12 14 17\" class=\"centro_sinmarco\" src=\"https:\/\/i.blogs.es\/6c3857\/captura-de-pantalla-2024-04-26-a-las-12.14.17\/450_1000.webp\"><br \/>\n     <\/a><\/p>\n<p>        <span>Carrito de ba\u00f1o Urban Slim |\u00a0Leroy Merlin<\/span>\n   <\/div>\n<\/p><\/div>\n<\/div>\n<p>Si te gusta el concepto <strong>carrito y quieres algo visualmente m\u00e1s premium<\/strong>, en Leroy Merlin est\u00e1 disponible este modelo de acabado cromado por <a rel=\"noopener, noreferrer\" class=\"js-ecommerce\" href=\"https:\/\/www.xatakahome.com\/redirect?url=https%3A%2F%2Fwww.leroymerlin.es%2Fproductos%2Fbanos%2Faccesorios-y-complementos-para-el-bano%2Faccesorios-para-muebles-de-bano%2Fcarritos-y-cajoneras-de-bano%2Fcarrito-de-bano-urban-slim-gris-plata-16-5x84x40-8-cm-81976609.html&amp;category=hogar&amp;ecomPostExpiration=perish&amp;postId=112192\" data-vars-affiliate-url=\"https:\/\/www.xatakahome.com\/redirect?url=https%3A%2F%2Fwww.leroymerlin.es%2Fproductos%2Fbanos%2Faccesorios-y-complementos-para-el-bano%2Faccesorios-para-muebles-de-bano%2Fcarritos-y-cajoneras-de-bano%2Fcarrito-de-bano-urban-slim-gris-plata-16-5x84x40-8-cm-81976609.html&amp;category=hogar&amp;ecomPostExpiration=perish&amp;postId=112192\">31,99 euros<\/a>. Como antes, es manejable y estrecho, ya que sus dimensiones son 16,5x84x40,8 cm<\/p>\n<p><!-- BREAK 9 --><!-- PIVOT START --><\/p>\n<div class=\"pivot-ecommerce-container m-pivot-ecommerce-redesign article-asset-normal article-asset-center\">\n<div class=\"pivot-ecommerce\">\n<div class=\"pivot-ecommerce-figure\">\n  <a rel=\"nofollow, noopener, noreferrer noopener\" target=\"_blank\" href=\"https:\/\/www.xatakahome.com\/redirect?url=https%3A%2F%2Fwww.leroymerlin.es%2Fproductos%2Fbanos%2Faccesorios-y-complementos-para-el-bano%2Faccesorios-para-muebles-de-bano%2Fcarritos-y-cajoneras-de-bano%2Fcarrito-de-bano-urban-slim-gris-plata-16-5x84x40-8-cm-81976609.html&amp;category=hogar&amp;pivot=1&amp;ecomPostExpiration=perish&amp;postId=112192\"><br \/>\n   <img loading=\"lazy\" decoding=\"async\" alt=\"Carrito de ba\u00f1o Urban Slim gris \/ plata 16.5x84x40.8 cm\" width=\"677\" height=\"677\" src=\"https:\/\/i.blogs.es\/828ea7\/blob\/original.webp\" onerror='this.src=\"https:\/\/i.blogs.es\/828ea7\/blob\/original.jpeg\"'><br \/>\n  <\/a>\n  <\/div>\n<div class=\"pivot-ecommerce-summary\">\n<p class=\"pivot-ecommerce-desc\">Carrito de ba\u00f1o Urban Slim gris \/ plata 16.5x84x40.8 cm<\/p>\n<div class=\"pivot-actions \">\n<div class=\"pivot-actions-row\">\n <a rel=\"nofollow, noopener, noreferrer noopener\" target=\"_blank\" data-asin=\"\" data-store=\"\" href=\"https:\/\/www.xatakahome.com\/redirect?url=https%3A%2F%2Fwww.leroymerlin.es%2Fproductos%2Fbanos%2Faccesorios-y-complementos-para-el-bano%2Faccesorios-para-muebles-de-bano%2Fcarritos-y-cajoneras-de-bano%2Fcarrito-de-bano-urban-slim-gris-plata-16-5x84x40-8-cm-81976609.html&amp;category=hogar&amp;pivot=1&amp;ecomPostExpiration=perish&amp;postId=112192\" title=\"Precio de venta al p\u00fablico a fecha de publicaci\u00f3n\" class=\"pivot-action-btn pivot-action-primary\">PVP en Leroy Merlin \u2014 <strong>31,99<\/strong> \u20ac<\/a>\n <\/div>\n<\/p><\/div>\n<\/p><\/div>\n<\/p><\/div>\n<div class=\"pivot-link-msg\">* Alg\u00fan precio puede haber cambiado desde la \u00faltima revisi\u00f3n<\/div>\n<\/p><\/div>\n<p><!-- PIVOT END --><\/p>\n<div class=\"article-asset-image article-asset-normal article-asset-center\">\n<div class=\"asset-content\">\n<div class=\"caption-img \">\n                    <a rel=\"noopener, noreferrer\" class=\"js-ecommerce\" href=\"https:\/\/www.xatakahome.com\/redirect?url=https%3A%2F%2Fwww.lidl.es%2Fes%2Fwenko-bandeja-de-bano-de-bambu%2Fp52502&amp;category=hogar&amp;ecomPostExpiration=perish&amp;postId=112192\" data-vars-affiliate-url=\"https:\/\/www.xatakahome.com\/redirect?url=https%3A%2F%2Fwww.lidl.es%2Fes%2Fwenko-bandeja-de-bano-de-bambu%2Fp52502&amp;category=hogar&amp;ecomPostExpiration=perish&amp;postId=112192\"><\/p>\n<p>    <img decoding=\"async\" alt=\"Captura De Pantalla 2024 04 26 A Las 11 26 16\" class=\"centro_sinmarco\" src=\"https:\/\/i.blogs.es\/0c25f0\/captura-de-pantalla-2024-04-26-a-las-11.26.16\/450_1000.webp\"><br \/>\n     <\/a><\/p>\n<p>        <span>Wenko Bandeja de ba\u00f1o de bamb\u00fa |\u00a0Lidl<\/span>\n   <\/div>\n<\/p><\/div>\n<\/div>\n<p>Si te apa\u00f1as con <strong>una balda y quieres una est\u00e9tica m\u00e1s chic<\/strong> que el pr\u00e1ctico pl\u00e1stico, en Lidl tienen una bandeja de ba\u00f1o de bamb\u00fa que adem\u00e1s de ser extensible, tiene soporte para libros y tabletas, espacio para copas de vino y toallero. Por <a rel=\"noopener, noreferrer\" class=\"js-ecommerce\" href=\"https:\/\/www.xatakahome.com\/redirect?url=https%3A%2F%2Fwww.lidl.es%2Fes%2Fwenko-bandeja-de-bano-de-bambu%2Fp52502&amp;category=hogar&amp;ecomPostExpiration=perish&amp;postId=112192\" data-vars-affiliate-url=\"https:\/\/www.xatakahome.com\/redirect?url=https%3A%2F%2Fwww.lidl.es%2Fes%2Fwenko-bandeja-de-bano-de-bambu%2Fp52502&amp;category=hogar&amp;ecomPostExpiration=perish&amp;postId=112192\">19,99 euros<\/a> en Lidl.<\/p>\n<p><!-- BREAK 10 --><!-- PIVOT START --><\/p>\n<div class=\"pivot-ecommerce-container m-pivot-ecommerce-redesign article-asset-normal article-asset-center\">\n<div class=\"pivot-ecommerce\">\n<div class=\"pivot-ecommerce-figure\">\n  <a rel=\"nofollow, noopener, noreferrer noopener\" target=\"_blank\" href=\"https:\/\/www.xatakahome.com\/redirect?url=https%3A%2F%2Fwww.lidl.es%2Fes%2Fwenko-bandeja-de-bano-de-bambu%2Fp52502&amp;category=hogar&amp;pivot=1&amp;ecomPostExpiration=perish&amp;postId=112192\"><br \/>\n   <img loading=\"lazy\" decoding=\"async\" alt=\"Wenko Bandeja de ba\u00f1o de bamb\u00fa\" width=\"341\" height=\"341\" src=\"https:\/\/i.blogs.es\/c1c949\/blob\/original.webp\" onerror='this.src=\"https:\/\/i.blogs.es\/c1c949\/blob\/original.jpeg\"'><br \/>\n  <\/a>\n  <\/div>\n<div class=\"pivot-ecommerce-summary\">\n<p class=\"pivot-ecommerce-desc\">Wenko Bandeja de ba\u00f1o de bamb\u00fa<\/p>\n<div class=\"pivot-actions \">\n<div class=\"pivot-actions-row\">\n <a rel=\"nofollow, noopener, noreferrer noopener\" target=\"_blank\" data-asin=\"\" data-store=\"\" href=\"https:\/\/www.xatakahome.com\/redirect?url=https%3A%2F%2Fwww.lidl.es%2Fes%2Fwenko-bandeja-de-bano-de-bambu%2Fp52502&amp;category=hogar&amp;pivot=1&amp;ecomPostExpiration=perish&amp;postId=112192\" title=\"Precio de venta al p\u00fablico a fecha de publicaci\u00f3n\" class=\"pivot-action-btn pivot-action-primary\">PVP en PVP en Lidl \u2014 <strong>19,99<\/strong> \u20ac<\/a>\n <\/div>\n<\/p><\/div>\n<\/p><\/div>\n<\/p><\/div>\n<div class=\"pivot-link-msg\">* Alg\u00fan precio puede haber cambiado desde la \u00faltima revisi\u00f3n<\/div>\n<\/p><\/div>\n<p><!-- PIVOT END --><\/p>\n<div class=\"article-asset-image article-asset-normal article-asset-center\">\n<div class=\"asset-content\">\n<div class=\"caption-img \">\n                    <a rel=\"noopener, noreferrer\" class=\"js-ecommerce\" href=\"https:\/\/www.xatakahome.com\/redirect?url=https%3A%2F%2Fwww.ikea.com%2Fes%2Fes%2Fp%2Flilltjarn-armario-bajo-lavabo-2-prtas-blanco-80500367%2F&amp;category=hogar&amp;ecomPostExpiration=perish&amp;postId=112192\" data-vars-affiliate-url=\"https:\/\/www.xatakahome.com\/redirect?url=https%3A%2F%2Fwww.ikea.com%2Fes%2Fes%2Fp%2Flilltjarn-armario-bajo-lavabo-2-prtas-blanco-80500367%2F&amp;category=hogar&amp;ecomPostExpiration=perish&amp;postId=112192\"><\/p>\n<p>    <img decoding=\"async\" alt=\"Captura De Pantalla 2024 04 26 A Las 11 35 28\" class=\"centro_sinmarco\" src=\"https:\/\/i.blogs.es\/76eb3e\/captura-de-pantalla-2024-04-26-a-las-11.35.28\/450_1000.webp\"><br \/>\n     <\/a><\/p>\n<p>        <span>LILLTJ\u00c4RN |\u00a0IKEA<\/span>\n   <\/div>\n<\/p><\/div>\n<\/div>\n<p>Aunque en muchos ba\u00f1os el lavabo est\u00e1 encastrado en un mueble, en otros queda a la vista dejando un espacio que nos puede venir genial para colocar un <strong>mueble auxiliar como este LILLTJ\u00c4RN <\/strong>de Ikea, con dos puertas correderas y solo 44 cm de ancho para que quepa incluso en lugares de reducidas dimensiones. Est\u00e1 hecho de un pl\u00e1stico robusto y funcional y cuesta <a rel=\"noopener, noreferrer\" class=\"js-ecommerce\" href=\"https:\/\/www.xatakahome.com\/redirect?url=https%3A%2F%2Fwww.ikea.com%2Fes%2Fes%2Fp%2Flilltjarn-armario-bajo-lavabo-2-prtas-blanco-80500367%2F&amp;category=hogar&amp;ecomPostExpiration=perish&amp;postId=112192\" data-vars-affiliate-url=\"https:\/\/www.xatakahome.com\/redirect?url=https%3A%2F%2Fwww.ikea.com%2Fes%2Fes%2Fp%2Flilltjarn-armario-bajo-lavabo-2-prtas-blanco-80500367%2F&amp;category=hogar&amp;ecomPostExpiration=perish&amp;postId=112192\">19 euros<\/a>.<\/p>\n<p><!-- BREAK 11 --><!-- PIVOT START --><\/p>\n<div class=\"pivot-ecommerce-container m-pivot-ecommerce-redesign article-asset-normal article-asset-center\">\n<div class=\"pivot-ecommerce\">\n<div class=\"pivot-ecommerce-figure\">\n  <a rel=\"nofollow, noopener, noreferrer noopener\" target=\"_blank\" href=\"https:\/\/www.xatakahome.com\/redirect?url=https%3A%2F%2Fwww.ikea.com%2Fes%2Fes%2Fp%2Flilltjarn-armario-bajo-lavabo-2-prtas-blanco-80500367%2F&amp;category=hogar&amp;pivot=1&amp;ecomPostExpiration=perish&amp;postId=112192\"><br \/>\n   <img loading=\"lazy\" decoding=\"async\" alt=\"LILLTJ\u00c4RN\nArmario bajo lavabo+2 prtas, blanco, 44x50x25 cm\" width=\"790\" height=\"791\" src=\"https:\/\/i.blogs.es\/278c23\/blob\/original.webp\" onerror='this.src=\"https:\/\/i.blogs.es\/278c23\/blob\/original.jpeg\"'><br \/>\n  <\/a>\n  <\/div>\n<div class=\"pivot-ecommerce-summary\">\n<p class=\"pivot-ecommerce-desc\">LILLTJ\u00c4RN<br \/>\nArmario bajo lavabo+2 prtas, blanco, 44x50x25 cm<\/p>\n<div class=\"pivot-actions \">\n<div class=\"pivot-actions-row\">\n <a rel=\"nofollow, noopener, noreferrer noopener\" target=\"_blank\" data-asin=\"\" data-store=\"\" href=\"https:\/\/www.xatakahome.com\/redirect?url=https%3A%2F%2Fwww.ikea.com%2Fes%2Fes%2Fp%2Flilltjarn-armario-bajo-lavabo-2-prtas-blanco-80500367%2F&amp;category=hogar&amp;pivot=1&amp;ecomPostExpiration=perish&amp;postId=112192\" title=\"Precio de venta al p\u00fablico a fecha de publicaci\u00f3n\" class=\"pivot-action-btn pivot-action-primary\">PVP en PVP en IKEA \u2014 <strong>19,00<\/strong> \u20ac<\/a>\n <\/div>\n<\/p><\/div>\n<\/p><\/div>\n<\/p><\/div>\n<div class=\"pivot-link-msg\">* Alg\u00fan precio puede haber cambiado desde la \u00faltima revisi\u00f3n<\/div>\n<\/p><\/div>\n<p><!-- PIVOT END --><\/p>\n<p><\/p>\n<p>Portada | Foto de <a rel=\"noopener, noreferrer\" href=\"https:\/\/unsplash.com\/es\/@lotusdnp?utm_content=creditCopyText&amp;utm_medium=referral&amp;utm_source=unsplash\">Lotus Design N Print<\/a> en <a rel=\"noopener, noreferrer\" href=\"https:\/\/unsplash.com\/es\/fotos\/fregadero-de-ceramica-blanca-cerca-de-fregadero-de-ceramica-blanca-g51F6-WYzyU?utm_content=creditCopyText&amp;utm_medium=referral&amp;utm_source=unsplash\">Unsplash<\/a><\/p>\n<p><!-- BREAK 12 --><\/p>\n<p>En Xataka Home | <a href=\"https:\/\/www.xatakahome.com\/hogar\/nueve-productos-que-ikea-ha-lanzado-2024-que-van-a-ser-imprescindibles-muchas-casas-a-mi-me-han-enamorado\">Nueve productos que IKEA ha lanzado en 2024 y que van a ser imprescindibles en muchas casas. A m\u00ed ya me han enamorado<\/a><\/p>\n<p><!-- BREAK 13 --><\/p>\n<p><\/p>\n<p><script>\n (function() {\n  window._JS_MODULES = window._JS_MODULES || {};\n  var headElement = document.getElementsByTagName('head')[0];\n  if (_JS_MODULES.instagram) {\n   var instagramScript = document.createElement('script');\n   instagramScript.src = 'https:\/\/platform.instagram.com\/en_US\/embeds.js';\n   instagramScript.async = true;\n   instagramScript.defer = true;\n   headElement.appendChild(instagramScript);\n  }\n })();\n<\/script><\/p>\n<p> &#8211; <br \/> La noticia<br \/>\n      <a href=\"https:\/\/www.xatakahome.com\/hogar\/nueve-muebles-ikea-lidl-leroy-merlin-que-mejoran-orden-estetica-tu-bano-poco-dinero?utm_source=feedburner&amp;utm_medium=feed&amp;utm_campaign=27_Apr_2024\"><br \/>\n       <em> Nueve muebles de IKEA, Lidl y Leroy Merlin que mejoran el orden y la est\u00e9tica de tu ba\u00f1o por poco dinero  <\/em><br \/>\n      <\/a><br \/>\n      fue publicada originalmente en<br \/>\n      <a href=\"https:\/\/www.xatakahome.com\/?utm_source=feedburner&amp;utm_medium=feed&amp;utm_campaign=27_Apr_2024\"><br \/>\n       <strong> Xataka Smart Home <\/strong><br \/>\n      <\/a><br \/>\n            por <a href=\"https:\/\/www.xatakahome.com\/autor\/eva-rodriguez?utm_source=feedburner&amp;utm_medium=feed&amp;utm_campaign=27_Apr_2024\"><br \/>\n       Eva Rodriguez de Luis<br \/>\n      <\/a><br \/>\n      . <\/p>\n<\/div>\n","protected":false},"excerpt":{"rendered":"<p>El bid\u00e9 o los bordes de la ba\u00f1era suelen servir en muchos hogares para dejar cremas, geles y otros utensilios que usamos en el ba\u00f1o, primero como apa\u00f1o provisional pero normalmente como sitio definitivo, ocupando el espacio disponible y dejando una sensaci\u00f3n de desorden y abarrotamiento. Adem\u00e1s, es que normalmente en los ba\u00f1os siempre hay &hellip; <a href=\"https:\/\/domosistemas.com\/?p=24052\" class=\"more-link\">Sigue leyendo <span class=\"screen-reader-text\">Nueve muebles de IKEA, Lidl y Leroy Merlin que mejoran el orden y la est\u00e9tica de tu ba\u00f1o por poco dinero<\/span><\/a><\/p>\n","protected":false},"author":1,"featured_media":0,"comment_status":"closed","ping_status":"closed","sticky":false,"template":"","format":"standard","meta":{"footnotes":""},"categories":[8],"tags":[],"class_list":["post-24052","post","type-post","status-publish","format-standard","hentry","category-xataka"],"_links":{"self":[{"href":"https:\/\/domosistemas.com\/index.php?rest_route=\/wp\/v2\/posts\/24052","targetHints":{"allow":["GET"]}}],"collection":[{"href":"https:\/\/domosistemas.com\/index.php?rest_route=\/wp\/v2\/posts"}],"about":[{"href":"https:\/\/domosistemas.com\/index.php?rest_route=\/wp\/v2\/types\/post"}],"author":[{"embeddable":true,"href":"https:\/\/domosistemas.com\/index.php?rest_route=\/wp\/v2\/users\/1"}],"replies":[{"embeddable":true,"href":"https:\/\/domosistemas.com\/index.php?rest_route=%2Fwp%2Fv2%2Fcomments&post=24052"}],"version-history":[{"count":0,"href":"https:\/\/domosistemas.com\/index.php?rest_route=\/wp\/v2\/posts\/24052\/revisions"}],"wp:attachment":[{"href":"https:\/\/domosistemas.com\/index.php?rest_route=%2Fwp%2Fv2%2Fmedia&parent=24052"}],"wp:term":[{"taxonomy":"category","embeddable":true,"href":"https:\/\/domosistemas.com\/index.php?rest_route=%2Fwp%2Fv2%2Fcategories&post=24052"},{"taxonomy":"post_tag","embeddable":true,"href":"https:\/\/domosistemas.com\/index.php?rest_route=%2Fwp%2Fv2%2Ftags&post=24052"}],"curies":[{"name":"wp","href":"https:\/\/api.w.org\/{rel}","templated":true}]}}